{"id":16878,"date":"2023-05-11T08:39:25","date_gmt":"2023-05-11T12:39:25","guid":{"rendered":"https:\/\/conexion23.com\/?p=16878"},"modified":"2023-05-11T08:39:27","modified_gmt":"2023-05-11T12:39:27","slug":"dice-vargas-maldonado-que-los-perredeistas-deben-practicar-principios-heredados-de-pena-gomez","status":"publish","type":"post","link":"https:\/\/conexion23.com\/?p=16878","title":{"rendered":"Dice Vargas Maldonado que los perrede\u00edstas deben practicar principios heredados de Pe\u00f1a G\u00f3mez"},"content":{"rendered":"\n<p class=\"wp-block-paragraph\">Al conmemorarse este mi\u00e9rcoles el 25 aniversario de la muerte del doctor Jos\u00e9 Francisco Pe\u00f1a G\u00f3mez, el presidente del Partido Revolucionario Dominicano (PRD), Miguel Varga Maldonado, llam\u00f3 a los dirigentes y simpatizantes de esa organizaci\u00f3n a valorar el legado heredado por el l\u00edder de esa organizaci\u00f3n, fundamentado en los principios, los valores y la dignidad.<\/p>\n\n\n\n<p class=\"wp-block-paragraph\">\u201cDebemos sentirnos contentos porque, ciertamente, nos dej\u00f3 un legado. Quiero reiterar que el mejor homenaje que podemos hacer a nuestro querido l\u00edder, Jos\u00e9 Francisco Pe\u00f1a G\u00f3mez, es trabajar por lo que \u00e9l m\u00e1s quiso, que fue su Partido Revolucionario Dominicano y sobre todo, practicar lo que \u00e9l nos ense\u00f1\u00f3: principios, valores y dignidad\u201d, puntualiz\u00f3.<\/p>\n\n\n\n<p class=\"wp-block-paragraph\">Al pronunciar unas palabras en la misa celebrada en la Iglesia Las Mercedes, de la Zona Colonial, Vargas record\u00f3 a Pe\u00f1a en sus diferentes manifestaciones y su legado de principios y valores.<\/p>\n\n\n\n<p class=\"wp-block-paragraph\">Se\u00f1al\u00f3 que para hablar del extinto l\u00edder es necesario hacerlo desde distintas perspectivas. Record\u00f3 sus or\u00edgenes y vasta trayectoria en la pol\u00edtica, quien \u201cvino para quedarse\u201d en el coraz\u00f3n del pueblo dominicano, gracias a una vida de luchas por la libertad y la democracia del pa\u00eds.<\/p>\n\n\n\n<p class=\"wp-block-paragraph\">En ese orden, resalt\u00f3 que Pe\u00f1a G\u00f3mez ha sido el l\u00edder de masas m\u00e1s grande de la Rep\u00fablica Dominicana, cuyo accionar trascendi\u00f3 fronteras, as\u00ed como \u201cun extraordinario ser humano, humilde, solidario, amigo y sobre todo, con una profunda vocaci\u00f3n de servicio que refleja en la gente, especialmente, la m\u00e1s necesitada y despose\u00edda\u201d.<\/p>\n\n\n\n<p class=\"wp-block-paragraph\">Record\u00f3 que su liderazgo transcendi\u00f3 fronteras y que, desde la plataforma de la Internacional Socialista, contribuy\u00f3 a la libertad y la democracia de muchos pueblos de Am\u00e9rica.<\/p>\n\n\n\n<p class=\"wp-block-paragraph\">Vargas enfatiz\u00f3 que ese recinto religioso fue un refugio espiritual para Pe\u00f1a G\u00f3mez en muchas ocasiones, \u201cen la cual en algunas de ellas, nosotros le acompa\u00f1amos\u201d y que a\u00fan lo es para los perrede\u00edstas. Indic\u00f3 sus deseos de que esa iglesia siga siendo un espacio de meditaci\u00f3n y reflexi\u00f3n para ellos.<\/p>\n\n\n\n<p class=\"wp-block-paragraph\">Con diferentes actos el Partido Revolucionario Dominicano (PRD) y su presidente, Miguel Vargas Maldonado, recordaron este mi\u00e9rcoles la partida f\u00edsica, hace 25 a\u00f1os, del doctor Jos\u00e9 Francisco Pe\u00f1a G\u00f3mez, de quien resaltaron sus virtudes y el alto compromiso con la naci\u00f3n.<\/p>\n\n\n\n<p class=\"wp-block-paragraph\">Sacerdote tambi\u00e9n resalta valores de Pe\u00f1a G\u00f3mez<\/p>\n\n\n\n<p class=\"wp-block-paragraph\">De su lado, Fray Frankeli Rodr\u00edguez G\u00f3mez, p\u00e1rroco de la Iglesia Las Mercedes, catalog\u00f3 a Pe\u00f1a G\u00f3mez como \u201cel hombre de la transici\u00f3n democr\u00e1tica del pa\u00eds\u201d.<\/p>\n\n\n\n<p class=\"wp-block-paragraph\">Destac\u00f3 que este l\u00edder hist\u00f3rico \u201cam\u00f3 profundamente\u201d a la Rep\u00fablica Dominicana, naci\u00f3n por la que dio su vida y \u201cpuso en alto la bandera tricolor\u201d a nivel internacional.<\/p>\n\n\n\n<p class=\"wp-block-paragraph\">Tambi\u00e9n resalt\u00f3 que \u201cpor su formaci\u00f3n familiar y cristiana, por ser un hombre con una visi\u00f3n tan alta\u201d, Pe\u00f1a perdon\u00f3 a sus adversarios.<\/p>\n\n\n\n<p class=\"wp-block-paragraph\">El religioso se refiri\u00f3 al extinto l\u00edder perrede\u00edsta como \u201cel hombre admirado por muchos y rechazado por otros. Sin embargo, fue el hombre pol\u00e9mico, humilde, l\u00edder, injuriado, pero el hombre honesto\u201d.<\/p>\n\n\n\n<p class=\"wp-block-paragraph\">\u201cNadie ha podido decir hasta ahora que Pe\u00f1a G\u00f3mez se rob\u00f3 un centavo del partido. Fue un hombre equitativo, honesto y amante a la verdad\u201d, prosigui\u00f3.<\/p>\n\n\n\n<p class=\"wp-block-paragraph\">Record\u00f3 la respuesta dada por Pe\u00f1a en cierta ocasi\u00f3n, cuando fue cuestionado sobre su ni\u00f1ez, al decir que \u201cse sent\u00eda tranquilo y en paz, porque los grandes redentores de la humanidad nacieron peor que \u00e9l: \u2018Mois\u00e9s y Jes\u00fas son la esperanza m\u00eda, nacieron peor que yo\u2019\u201d.<\/p>\n\n\n\n<p class=\"wp-block-paragraph\">M\u00e1s detalles sobre la jornada<\/p>\n\n\n\n<p class=\"wp-block-paragraph\">Los actos conmemorativos iniciaron con una ofrenda floral en el mausoleo Cristo Redentor, a cargo de una comisi\u00f3n de la Direcci\u00f3n Nacional del PRD, encabezada por do\u00f1a Peggy Cabral viuda Pe\u00f1a.<\/p>\n\n\n\n<p class=\"wp-block-paragraph\">Estos contaron con la presencia de las principales autoridades perrede\u00edstas, as\u00ed como de Abril Pe\u00f1a, hija del doctor Pe\u00f1a G\u00f3mez.<\/p>\n\n\n\n<p class=\"wp-block-paragraph\">M\u00e1s adelante, tambi\u00e9n fue realizada una ceremonia in mem\u00f3riam, en la Casa Nacional del partido, encabezada por el pastor Elvis Medina.<\/p>\n","protected":false},"excerpt":{"rendered":"<p>Al conmemorarse este mi\u00e9rcoles el 25 aniversario de la muerte del doctor Jos\u00e9 Francisco Pe\u00f1a G\u00f3mez, el presidente del Partido Revolucionario Dominicano (PRD), Miguel Varga Maldonado, llam\u00f3 a los dirigentes y simpatizantes de esa organizaci\u00f3n a valorar el legado heredado por el l\u00edder de esa organizaci\u00f3n, fundamentado en los principios, los valores y la dignidad. [&hellip;]<\/p>\n","protected":false},"author":15,"featured_media":0,"comment_status":"open","ping_status":"open","sticky":false,"template":"","format":"standard","meta":{"footnotes":""},"categories":[1],"tags":[],"class_list":["post-16878","post","type-post","status-publish","format-standard","category-uncategorized"],"yoast_head":"<!-- This site is optimized with the Yoast SEO plugin v27.6 - https:\/\/yoast.com\/product\/yoast-seo-wordpress\/ -->\n<title>Dice Vargas Maldonado que los perrede\u00edstas deben practicar principios heredados de Pe\u00f1a G\u00f3mez - Conexi\u00f3n 23<\/title>\n<meta name=\"robots\" content=\"index, follow, max-snippet:-1, max-image-preview:large, max-video-preview:-1\" \/>\n<link rel=\"canonical\" href=\"https:\/\/conexion23.com\/?p=16878\" \/>\n<meta property=\"og:locale\" content=\"es_ES\" \/>\n<meta property=\"og:type\" content=\"article\" \/>\n<meta property=\"og:title\" content=\"Dice Vargas Maldonado que los perrede\u00edstas deben practicar principios heredados de Pe\u00f1a G\u00f3mez - Conexi\u00f3n 23\" \/>\n<meta property=\"og:description\" content=\"Al conmemorarse este mi\u00e9rcoles el 25 aniversario de la muerte del doctor Jos\u00e9 Francisco Pe\u00f1a G\u00f3mez, el presidente del Partido Revolucionario Dominicano (PRD), Miguel Varga Maldonado, llam\u00f3 a los dirigentes y simpatizantes de esa organizaci\u00f3n a valorar el legado heredado por el l\u00edder de esa organizaci\u00f3n, fundamentado en los principios, los valores y la dignidad. [&hellip;]\" \/>\n<meta property=\"og:url\" content=\"https:\/\/conexion23.com\/?p=16878\" \/>\n<meta property=\"og:site_name\" content=\"Conexi\u00f3n 23\" \/>\n<meta property=\"article:publisher\" content=\"https:\/\/www.facebook.com\/conexion23com\" \/>\n<meta property=\"article:published_time\" content=\"2023-05-11T12:39:25+00:00\" \/>\n<meta property=\"article:modified_time\" content=\"2023-05-11T12:39:27+00:00\" \/>\n<meta name=\"author\" content=\"Raffy Ben\u00edtez\" \/>\n<meta name=\"twitter:card\" content=\"summary_large_image\" \/>\n<meta name=\"twitter:label1\" content=\"Escrito por\" \/>\n\t<meta name=\"twitter:data1\" content=\"Raffy Ben\u00edtez\" \/>\n\t<meta name=\"twitter:label2\" content=\"Tiempo de lectura\" \/>\n\t<meta name=\"twitter:data2\" content=\"3 minutos\" \/>\n<script type=\"application\/ld+json\" class=\"yoast-schema-graph\">{\"@context\":\"https:\\\/\\\/schema.org\",\"@graph\":[{\"@type\":\"Article\",\"@id\":\"https:\\\/\\\/conexion23.com\\\/?p=16878#article\",\"isPartOf\":{\"@id\":\"https:\\\/\\\/conexion23.com\\\/?p=16878\"},\"author\":{\"name\":\"Raffy Ben\u00edtez\",\"@id\":\"https:\\\/\\\/conexion23.com\\\/#\\\/schema\\\/person\\\/03e36043331117e97a373299bbcd30a6\"},\"headline\":\"Dice Vargas Maldonado que los perrede\u00edstas deben practicar principios heredados de Pe\u00f1a G\u00f3mez\",\"datePublished\":\"2023-05-11T12:39:25+00:00\",\"dateModified\":\"2023-05-11T12:39:27+00:00\",\"mainEntityOfPage\":{\"@id\":\"https:\\\/\\\/conexion23.com\\\/?p=16878\"},\"wordCount\":719,\"commentCount\":0,\"publisher\":{\"@id\":\"https:\\\/\\\/conexion23.com\\\/#organization\"},\"articleSection\":[\"Uncategorized\"],\"inLanguage\":\"es\",\"potentialAction\":[{\"@type\":\"CommentAction\",\"name\":\"Comment\",\"target\":[\"https:\\\/\\\/conexion23.com\\\/?p=16878#respond\"]}]},{\"@type\":\"WebPage\",\"@id\":\"https:\\\/\\\/conexion23.com\\\/?p=16878\",\"url\":\"https:\\\/\\\/conexion23.com\\\/?p=16878\",\"name\":\"Dice Vargas Maldonado que los perrede\u00edstas deben practicar principios heredados de Pe\u00f1a G\u00f3mez - Conexi\u00f3n 23\",\"isPartOf\":{\"@id\":\"https:\\\/\\\/conexion23.com\\\/#website\"},\"datePublished\":\"2023-05-11T12:39:25+00:00\",\"dateModified\":\"2023-05-11T12:39:27+00:00\",\"breadcrumb\":{\"@id\":\"https:\\\/\\\/conexion23.com\\\/?p=16878#breadcrumb\"},\"inLanguage\":\"es\",\"potentialAction\":[{\"@type\":\"ReadAction\",\"target\":[\"https:\\\/\\\/conexion23.com\\\/?p=16878\"]}]},{\"@type\":\"BreadcrumbList\",\"@id\":\"https:\\\/\\\/conexion23.com\\\/?p=16878#breadcrumb\",\"itemListElement\":[{\"@type\":\"ListItem\",\"position\":1,\"name\":\"Portada\",\"item\":\"https:\\\/\\\/conexion23.com\\\/\"},{\"@type\":\"ListItem\",\"position\":2,\"name\":\"Dice Vargas Maldonado que los perrede\u00edstas deben practicar principios heredados de Pe\u00f1a G\u00f3mez\"}]},{\"@type\":\"WebSite\",\"@id\":\"https:\\\/\\\/conexion23.com\\\/#website\",\"url\":\"https:\\\/\\\/conexion23.com\\\/\",\"name\":\"Conexi\u00f3n 23\",\"description\":\"Peri\u00f3dico 100% Petromacorisano\",\"publisher\":{\"@id\":\"https:\\\/\\\/conexion23.com\\\/#organization\"},\"potentialAction\":[{\"@type\":\"SearchAction\",\"target\":{\"@type\":\"EntryPoint\",\"urlTemplate\":\"https:\\\/\\\/conexion23.com\\\/?s={search_term_string}\"},\"query-input\":{\"@type\":\"PropertyValueSpecification\",\"valueRequired\":true,\"valueName\":\"search_term_string\"}}],\"inLanguage\":\"es\"},{\"@type\":\"Organization\",\"@id\":\"https:\\\/\\\/conexion23.com\\\/#organization\",\"name\":\"Conexion 23\",\"url\":\"https:\\\/\\\/conexion23.com\\\/\",\"logo\":{\"@type\":\"ImageObject\",\"inLanguage\":\"es\",\"@id\":\"https:\\\/\\\/conexion23.com\\\/#\\\/schema\\\/logo\\\/image\\\/\",\"url\":\"https:\\\/\\\/conexion23.com\\\/wp-content\\\/uploads\\\/2021\\\/11\\\/Diseno-sin-titulo-2.png\",\"contentUrl\":\"https:\\\/\\\/conexion23.com\\\/wp-content\\\/uploads\\\/2021\\\/11\\\/Diseno-sin-titulo-2.png\",\"width\":541,\"height\":90,\"caption\":\"Conexion 23\"},\"image\":{\"@id\":\"https:\\\/\\\/conexion23.com\\\/#\\\/schema\\\/logo\\\/image\\\/\"},\"sameAs\":[\"https:\\\/\\\/www.facebook.com\\\/conexion23com\",\"https:\\\/\\\/www.instagram.com\\\/conexion23com\\\/\",\"https:\\\/\\\/www.youtube.com\\\/channel\\\/UCYc7vxxFZMYLIHNsHHxPZ3Q\"]},{\"@type\":\"Person\",\"@id\":\"https:\\\/\\\/conexion23.com\\\/#\\\/schema\\\/person\\\/03e36043331117e97a373299bbcd30a6\",\"name\":\"Raffy Ben\u00edtez\",\"image\":{\"@type\":\"ImageObject\",\"inLanguage\":\"es\",\"@id\":\"https:\\\/\\\/secure.gravatar.com\\\/avatar\\\/3190a6a6c5e1b0327500f7d6c56b6242472ee6cb974cf09b401ee6b3b0798f23?s=96&d=mm&r=g\",\"url\":\"https:\\\/\\\/secure.gravatar.com\\\/avatar\\\/3190a6a6c5e1b0327500f7d6c56b6242472ee6cb974cf09b401ee6b3b0798f23?s=96&d=mm&r=g\",\"contentUrl\":\"https:\\\/\\\/secure.gravatar.com\\\/avatar\\\/3190a6a6c5e1b0327500f7d6c56b6242472ee6cb974cf09b401ee6b3b0798f23?s=96&d=mm&r=g\",\"caption\":\"Raffy Ben\u00edtez\"},\"url\":\"https:\\\/\\\/conexion23.com\\\/?author=15\"}]}<\/script>\n<!-- \/ Yoast SEO plugin. -->","yoast_head_json":{"title":"Dice Vargas Maldonado que los perrede\u00edstas deben practicar principios heredados de Pe\u00f1a G\u00f3mez - Conexi\u00f3n 23","robots":{"index":"index","follow":"follow","max-snippet":"max-snippet:-1","max-image-preview":"max-image-preview:large","max-video-preview":"max-video-preview:-1"},"canonical":"https:\/\/conexion23.com\/?p=16878","og_locale":"es_ES","og_type":"article","og_title":"Dice Vargas Maldonado que los perrede\u00edstas deben practicar principios heredados de Pe\u00f1a G\u00f3mez - Conexi\u00f3n 23","og_description":"Al conmemorarse este mi\u00e9rcoles el 25 aniversario de la muerte del doctor Jos\u00e9 Francisco Pe\u00f1a G\u00f3mez, el presidente del Partido Revolucionario Dominicano (PRD), Miguel Varga Maldonado, llam\u00f3 a los dirigentes y simpatizantes de esa organizaci\u00f3n a valorar el legado heredado por el l\u00edder de esa organizaci\u00f3n, fundamentado en los principios, los valores y la dignidad. [&hellip;]","og_url":"https:\/\/conexion23.com\/?p=16878","og_site_name":"Conexi\u00f3n 23","article_publisher":"https:\/\/www.facebook.com\/conexion23com","article_published_time":"2023-05-11T12:39:25+00:00","article_modified_time":"2023-05-11T12:39:27+00:00","author":"Raffy Ben\u00edtez","twitter_card":"summary_large_image","twitter_misc":{"Escrito por":"Raffy Ben\u00edtez","Tiempo de lectura":"3 minutos"},"schema":{"@context":"https:\/\/schema.org","@graph":[{"@type":"Article","@id":"https:\/\/conexion23.com\/?p=16878#article","isPartOf":{"@id":"https:\/\/conexion23.com\/?p=16878"},"author":{"name":"Raffy Ben\u00edtez","@id":"https:\/\/conexion23.com\/#\/schema\/person\/03e36043331117e97a373299bbcd30a6"},"headline":"Dice Vargas Maldonado que los perrede\u00edstas deben practicar principios heredados de Pe\u00f1a G\u00f3mez","datePublished":"2023-05-11T12:39:25+00:00","dateModified":"2023-05-11T12:39:27+00:00","mainEntityOfPage":{"@id":"https:\/\/conexion23.com\/?p=16878"},"wordCount":719,"commentCount":0,"publisher":{"@id":"https:\/\/conexion23.com\/#organization"},"articleSection":["Uncategorized"],"inLanguage":"es","potentialAction":[{"@type":"CommentAction","name":"Comment","target":["https:\/\/conexion23.com\/?p=16878#respond"]}]},{"@type":"WebPage","@id":"https:\/\/conexion23.com\/?p=16878","url":"https:\/\/conexion23.com\/?p=16878","name":"Dice Vargas Maldonado que los perrede\u00edstas deben practicar principios heredados de Pe\u00f1a G\u00f3mez - Conexi\u00f3n 23","isPartOf":{"@id":"https:\/\/conexion23.com\/#website"},"datePublished":"2023-05-11T12:39:25+00:00","dateModified":"2023-05-11T12:39:27+00:00","breadcrumb":{"@id":"https:\/\/conexion23.com\/?p=16878#breadcrumb"},"inLanguage":"es","potentialAction":[{"@type":"ReadAction","target":["https:\/\/conexion23.com\/?p=16878"]}]},{"@type":"BreadcrumbList","@id":"https:\/\/conexion23.com\/?p=16878#breadcrumb","itemListElement":[{"@type":"ListItem","position":1,"name":"Portada","item":"https:\/\/conexion23.com\/"},{"@type":"ListItem","position":2,"name":"Dice Vargas Maldonado que los perrede\u00edstas deben practicar principios heredados de Pe\u00f1a G\u00f3mez"}]},{"@type":"WebSite","@id":"https:\/\/conexion23.com\/#website","url":"https:\/\/conexion23.com\/","name":"Conexi\u00f3n 23","description":"Peri\u00f3dico 100% Petromacorisano","publisher":{"@id":"https:\/\/conexion23.com\/#organization"},"potentialAction":[{"@type":"SearchAction","target":{"@type":"EntryPoint","urlTemplate":"https:\/\/conexion23.com\/?s={search_term_string}"},"query-input":{"@type":"PropertyValueSpecification","valueRequired":true,"valueName":"search_term_string"}}],"inLanguage":"es"},{"@type":"Organization","@id":"https:\/\/conexion23.com\/#organization","name":"Conexion 23","url":"https:\/\/conexion23.com\/","logo":{"@type":"ImageObject","inLanguage":"es","@id":"https:\/\/conexion23.com\/#\/schema\/logo\/image\/","url":"https:\/\/conexion23.com\/wp-content\/uploads\/2021\/11\/Diseno-sin-titulo-2.png","contentUrl":"https:\/\/conexion23.com\/wp-content\/uploads\/2021\/11\/Diseno-sin-titulo-2.png","width":541,"height":90,"caption":"Conexion 23"},"image":{"@id":"https:\/\/conexion23.com\/#\/schema\/logo\/image\/"},"sameAs":["https:\/\/www.facebook.com\/conexion23com","https:\/\/www.instagram.com\/conexion23com\/","https:\/\/www.youtube.com\/channel\/UCYc7vxxFZMYLIHNsHHxPZ3Q"]},{"@type":"Person","@id":"https:\/\/conexion23.com\/#\/schema\/person\/03e36043331117e97a373299bbcd30a6","name":"Raffy Ben\u00edtez","image":{"@type":"ImageObject","inLanguage":"es","@id":"https:\/\/secure.gravatar.com\/avatar\/3190a6a6c5e1b0327500f7d6c56b6242472ee6cb974cf09b401ee6b3b0798f23?s=96&d=mm&r=g","url":"https:\/\/secure.gravatar.com\/avatar\/3190a6a6c5e1b0327500f7d6c56b6242472ee6cb974cf09b401ee6b3b0798f23?s=96&d=mm&r=g","contentUrl":"https:\/\/secure.gravatar.com\/avatar\/3190a6a6c5e1b0327500f7d6c56b6242472ee6cb974cf09b401ee6b3b0798f23?s=96&d=mm&r=g","caption":"Raffy Ben\u00edtez"},"url":"https:\/\/conexion23.com\/?author=15"}]}},"_links":{"self":[{"href":"https:\/\/conexion23.com\/index.php?rest_route=\/wp\/v2\/posts\/16878","targetHints":{"allow":["GET"]}}],"collection":[{"href":"https:\/\/conexion23.com\/index.php?rest_route=\/wp\/v2\/posts"}],"about":[{"href":"https:\/\/conexion23.com\/index.php?rest_route=\/wp\/v2\/types\/post"}],"author":[{"embeddable":true,"href":"https:\/\/conexion23.com\/index.php?rest_route=\/wp\/v2\/users\/15"}],"replies":[{"embeddable":true,"href":"https:\/\/conexion23.com\/index.php?rest_route=%2Fwp%2Fv2%2Fcomments&post=16878"}],"version-history":[{"count":1,"href":"https:\/\/conexion23.com\/index.php?rest_route=\/wp\/v2\/posts\/16878\/revisions"}],"predecessor-version":[{"id":16880,"href":"https:\/\/conexion23.com\/index.php?rest_route=\/wp\/v2\/posts\/16878\/revisions\/16880"}],"wp:attachment":[{"href":"https:\/\/conexion23.com\/index.php?rest_route=%2Fwp%2Fv2%2Fmedia&parent=16878"}],"wp:term":[{"taxonomy":"category","embeddable":true,"href":"https:\/\/conexion23.com\/index.php?rest_route=%2Fwp%2Fv2%2Fcategories&post=16878"},{"taxonomy":"post_tag","embeddable":true,"href":"https:\/\/conexion23.com\/index.php?rest_route=%2Fwp%2Fv2%2Ftags&post=16878"}],"curies":[{"name":"wp","href":"https:\/\/api.w.org\/{rel}","templated":true}]}}