{"id":16881,"date":"2023-05-11T09:14:34","date_gmt":"2023-05-11T13:14:34","guid":{"rendered":"https:\/\/conexion23.com\/?p=16881"},"modified":"2023-05-11T09:14:37","modified_gmt":"2023-05-11T13:14:37","slug":"cmd-iniciara-paro-en-hospital-antonio-musa-en-spm-en-busca-de-mejoras","status":"publish","type":"post","link":"https:\/\/conexion23.com\/?p=16881","title":{"rendered":"CMD iniciar\u00e1 paro en hospital Antonio Musa en SPM en busca de mejoras"},"content":{"rendered":"\n<p class=\"wp-block-paragraph\">SANTO DOMINGO.- La filial del Colegio M\u00e9dico Dominicano en la ciudad de San Pedro de Macor\u00eds, anunci\u00f3 un paro de labores en el hospital regional Dr. Antonio Musa de esta ciudad debido a las precarias condiciones que presenta ese centro de salud.<\/p>\n\n\n\n<p class=\"wp-block-paragraph\">La doctora Elsa Herrera, presidenta de la filial del gremio m\u00e9dico en la ciudad del Este del pa\u00eds, inform\u00f3 que tras una asamblea donde particip\u00f3 una amplia representaci\u00f3n de m\u00e9dicos se tom\u00f3 la decisi\u00f3n de paralizar los servicios a partir de este jueves 11 y que la misma tendr\u00e1 una duraci\u00f3n de 5 d\u00edas por las las malas condiciones que presenta el centro de salud.<\/p>\n\n\n\n<p class=\"wp-block-paragraph\">Herrera, sostuvo que las condiciones de insalubridad, mala calidad de la camida para los m\u00e9dicos residentes, falta se ascensor desde hace varios meses, inseguridad en los parqueos y otros problemas, afectan el desenvolvimiento del personal.<\/p>\n\n\n\n<p class=\"wp-block-paragraph\">Sostuvo adem\u00e1s, que el gremio est\u00e1 abierto al di\u00e1logo, ya que el inter\u00e9s es que los males sean solucionados.<\/p>\n","protected":false},"excerpt":{"rendered":"<p>SANTO DOMINGO.- La filial del Colegio M\u00e9dico Dominicano en la ciudad de San Pedro de Macor\u00eds, anunci\u00f3 un paro de labores en el hospital regional Dr. Antonio Musa de esta ciudad debido a las precarias condiciones que presenta ese centro de salud. La doctora Elsa Herrera, presidenta de la filial del gremio m\u00e9dico en la [&hellip;]<\/p>\n","protected":false},"author":15,"featured_media":0,"comment_status":"open","ping_status":"open","sticky":false,"template":"","format":"standard","meta":{"footnotes":""},"categories":[35],"tags":[],"class_list":["post-16881","post","type-post","status-publish","format-standard","category-spm"],"yoast_head":"<!-- This site is optimized with the Yoast SEO plugin v27.6 - https:\/\/yoast.com\/product\/yoast-seo-wordpress\/ -->\n<title>CMD iniciar\u00e1 paro en hospital Antonio Musa en SPM en busca de mejoras - Conexi\u00f3n 23<\/title>\n<meta name=\"robots\" content=\"index, follow, max-snippet:-1, max-image-preview:large, max-video-preview:-1\" \/>\n<link rel=\"canonical\" href=\"https:\/\/conexion23.com\/?p=16881\" \/>\n<meta property=\"og:locale\" content=\"es_ES\" \/>\n<meta property=\"og:type\" content=\"article\" \/>\n<meta property=\"og:title\" content=\"CMD iniciar\u00e1 paro en hospital Antonio Musa en SPM en busca de mejoras - Conexi\u00f3n 23\" \/>\n<meta property=\"og:description\" content=\"SANTO DOMINGO.- La filial del Colegio M\u00e9dico Dominicano en la ciudad de San Pedro de Macor\u00eds, anunci\u00f3 un paro de labores en el hospital regional Dr. Antonio Musa de esta ciudad debido a las precarias condiciones que presenta ese centro de salud. La doctora Elsa Herrera, presidenta de la filial del gremio m\u00e9dico en la [&hellip;]\" \/>\n<meta property=\"og:url\" content=\"https:\/\/conexion23.com\/?p=16881\" \/>\n<meta property=\"og:site_name\" content=\"Conexi\u00f3n 23\" \/>\n<meta property=\"article:publisher\" content=\"https:\/\/www.facebook.com\/conexion23com\" \/>\n<meta property=\"article:published_time\" content=\"2023-05-11T13:14:34+00:00\" \/>\n<meta property=\"article:modified_time\" content=\"2023-05-11T13:14:37+00:00\" \/>\n<meta name=\"author\" content=\"Raffy Ben\u00edtez\" \/>\n<meta name=\"twitter:card\" content=\"summary_large_image\" \/>\n<meta name=\"twitter:label1\" content=\"Escrito por\" \/>\n\t<meta name=\"twitter:data1\" content=\"Raffy Ben\u00edtez\" \/>\n\t<meta name=\"twitter:label2\" content=\"Tiempo de lectura\" \/>\n\t<meta name=\"twitter:data2\" content=\"1 minuto\" \/>\n<script type=\"application\/ld+json\" class=\"yoast-schema-graph\">{\"@context\":\"https:\\\/\\\/schema.org\",\"@graph\":[{\"@type\":\"Article\",\"@id\":\"https:\\\/\\\/conexion23.com\\\/?p=16881#article\",\"isPartOf\":{\"@id\":\"https:\\\/\\\/conexion23.com\\\/?p=16881\"},\"author\":{\"name\":\"Raffy Ben\u00edtez\",\"@id\":\"https:\\\/\\\/conexion23.com\\\/#\\\/schema\\\/person\\\/03e36043331117e97a373299bbcd30a6\"},\"headline\":\"CMD iniciar\u00e1 paro en hospital Antonio Musa en SPM en busca de mejoras\",\"datePublished\":\"2023-05-11T13:14:34+00:00\",\"dateModified\":\"2023-05-11T13:14:37+00:00\",\"mainEntityOfPage\":{\"@id\":\"https:\\\/\\\/conexion23.com\\\/?p=16881\"},\"wordCount\":186,\"commentCount\":0,\"publisher\":{\"@id\":\"https:\\\/\\\/conexion23.com\\\/#organization\"},\"articleSection\":[\"SPM\"],\"inLanguage\":\"es\",\"potentialAction\":[{\"@type\":\"CommentAction\",\"name\":\"Comment\",\"target\":[\"https:\\\/\\\/conexion23.com\\\/?p=16881#respond\"]}]},{\"@type\":\"WebPage\",\"@id\":\"https:\\\/\\\/conexion23.com\\\/?p=16881\",\"url\":\"https:\\\/\\\/conexion23.com\\\/?p=16881\",\"name\":\"CMD iniciar\u00e1 paro en hospital Antonio Musa en SPM en busca de mejoras - Conexi\u00f3n 23\",\"isPartOf\":{\"@id\":\"https:\\\/\\\/conexion23.com\\\/#website\"},\"datePublished\":\"2023-05-11T13:14:34+00:00\",\"dateModified\":\"2023-05-11T13:14:37+00:00\",\"breadcrumb\":{\"@id\":\"https:\\\/\\\/conexion23.com\\\/?p=16881#breadcrumb\"},\"inLanguage\":\"es\",\"potentialAction\":[{\"@type\":\"ReadAction\",\"target\":[\"https:\\\/\\\/conexion23.com\\\/?p=16881\"]}]},{\"@type\":\"BreadcrumbList\",\"@id\":\"https:\\\/\\\/conexion23.com\\\/?p=16881#breadcrumb\",\"itemListElement\":[{\"@type\":\"ListItem\",\"position\":1,\"name\":\"Portada\",\"item\":\"https:\\\/\\\/conexion23.com\\\/\"},{\"@type\":\"ListItem\",\"position\":2,\"name\":\"CMD iniciar\u00e1 paro en hospital Antonio Musa en SPM en busca de mejoras\"}]},{\"@type\":\"WebSite\",\"@id\":\"https:\\\/\\\/conexion23.com\\\/#website\",\"url\":\"https:\\\/\\\/conexion23.com\\\/\",\"name\":\"Conexi\u00f3n 23\",\"description\":\"Peri\u00f3dico 100% Petromacorisano\",\"publisher\":{\"@id\":\"https:\\\/\\\/conexion23.com\\\/#organization\"},\"potentialAction\":[{\"@type\":\"SearchAction\",\"target\":{\"@type\":\"EntryPoint\",\"urlTemplate\":\"https:\\\/\\\/conexion23.com\\\/?s={search_term_string}\"},\"query-input\":{\"@type\":\"PropertyValueSpecification\",\"valueRequired\":true,\"valueName\":\"search_term_string\"}}],\"inLanguage\":\"es\"},{\"@type\":\"Organization\",\"@id\":\"https:\\\/\\\/conexion23.com\\\/#organization\",\"name\":\"Conexion 23\",\"url\":\"https:\\\/\\\/conexion23.com\\\/\",\"logo\":{\"@type\":\"ImageObject\",\"inLanguage\":\"es\",\"@id\":\"https:\\\/\\\/conexion23.com\\\/#\\\/schema\\\/logo\\\/image\\\/\",\"url\":\"https:\\\/\\\/conexion23.com\\\/wp-content\\\/uploads\\\/2021\\\/11\\\/Diseno-sin-titulo-2.png\",\"contentUrl\":\"https:\\\/\\\/conexion23.com\\\/wp-content\\\/uploads\\\/2021\\\/11\\\/Diseno-sin-titulo-2.png\",\"width\":541,\"height\":90,\"caption\":\"Conexion 23\"},\"image\":{\"@id\":\"https:\\\/\\\/conexion23.com\\\/#\\\/schema\\\/logo\\\/image\\\/\"},\"sameAs\":[\"https:\\\/\\\/www.facebook.com\\\/conexion23com\",\"https:\\\/\\\/www.instagram.com\\\/conexion23com\\\/\",\"https:\\\/\\\/www.youtube.com\\\/channel\\\/UCYc7vxxFZMYLIHNsHHxPZ3Q\"]},{\"@type\":\"Person\",\"@id\":\"https:\\\/\\\/conexion23.com\\\/#\\\/schema\\\/person\\\/03e36043331117e97a373299bbcd30a6\",\"name\":\"Raffy Ben\u00edtez\",\"image\":{\"@type\":\"ImageObject\",\"inLanguage\":\"es\",\"@id\":\"https:\\\/\\\/secure.gravatar.com\\\/avatar\\\/3190a6a6c5e1b0327500f7d6c56b6242472ee6cb974cf09b401ee6b3b0798f23?s=96&d=mm&r=g\",\"url\":\"https:\\\/\\\/secure.gravatar.com\\\/avatar\\\/3190a6a6c5e1b0327500f7d6c56b6242472ee6cb974cf09b401ee6b3b0798f23?s=96&d=mm&r=g\",\"contentUrl\":\"https:\\\/\\\/secure.gravatar.com\\\/avatar\\\/3190a6a6c5e1b0327500f7d6c56b6242472ee6cb974cf09b401ee6b3b0798f23?s=96&d=mm&r=g\",\"caption\":\"Raffy Ben\u00edtez\"},\"url\":\"https:\\\/\\\/conexion23.com\\\/?author=15\"}]}<\/script>\n<!-- \/ Yoast SEO plugin. -->","yoast_head_json":{"title":"CMD iniciar\u00e1 paro en hospital Antonio Musa en SPM en busca de mejoras - Conexi\u00f3n 23","robots":{"index":"index","follow":"follow","max-snippet":"max-snippet:-1","max-image-preview":"max-image-preview:large","max-video-preview":"max-video-preview:-1"},"canonical":"https:\/\/conexion23.com\/?p=16881","og_locale":"es_ES","og_type":"article","og_title":"CMD iniciar\u00e1 paro en hospital Antonio Musa en SPM en busca de mejoras - Conexi\u00f3n 23","og_description":"SANTO DOMINGO.- La filial del Colegio M\u00e9dico Dominicano en la ciudad de San Pedro de Macor\u00eds, anunci\u00f3 un paro de labores en el hospital regional Dr. Antonio Musa de esta ciudad debido a las precarias condiciones que presenta ese centro de salud. La doctora Elsa Herrera, presidenta de la filial del gremio m\u00e9dico en la [&hellip;]","og_url":"https:\/\/conexion23.com\/?p=16881","og_site_name":"Conexi\u00f3n 23","article_publisher":"https:\/\/www.facebook.com\/conexion23com","article_published_time":"2023-05-11T13:14:34+00:00","article_modified_time":"2023-05-11T13:14:37+00:00","author":"Raffy Ben\u00edtez","twitter_card":"summary_large_image","twitter_misc":{"Escrito por":"Raffy Ben\u00edtez","Tiempo de lectura":"1 minuto"},"schema":{"@context":"https:\/\/schema.org","@graph":[{"@type":"Article","@id":"https:\/\/conexion23.com\/?p=16881#article","isPartOf":{"@id":"https:\/\/conexion23.com\/?p=16881"},"author":{"name":"Raffy Ben\u00edtez","@id":"https:\/\/conexion23.com\/#\/schema\/person\/03e36043331117e97a373299bbcd30a6"},"headline":"CMD iniciar\u00e1 paro en hospital Antonio Musa en SPM en busca de mejoras","datePublished":"2023-05-11T13:14:34+00:00","dateModified":"2023-05-11T13:14:37+00:00","mainEntityOfPage":{"@id":"https:\/\/conexion23.com\/?p=16881"},"wordCount":186,"commentCount":0,"publisher":{"@id":"https:\/\/conexion23.com\/#organization"},"articleSection":["SPM"],"inLanguage":"es","potentialAction":[{"@type":"CommentAction","name":"Comment","target":["https:\/\/conexion23.com\/?p=16881#respond"]}]},{"@type":"WebPage","@id":"https:\/\/conexion23.com\/?p=16881","url":"https:\/\/conexion23.com\/?p=16881","name":"CMD iniciar\u00e1 paro en hospital Antonio Musa en SPM en busca de mejoras - Conexi\u00f3n 23","isPartOf":{"@id":"https:\/\/conexion23.com\/#website"},"datePublished":"2023-05-11T13:14:34+00:00","dateModified":"2023-05-11T13:14:37+00:00","breadcrumb":{"@id":"https:\/\/conexion23.com\/?p=16881#breadcrumb"},"inLanguage":"es","potentialAction":[{"@type":"ReadAction","target":["https:\/\/conexion23.com\/?p=16881"]}]},{"@type":"BreadcrumbList","@id":"https:\/\/conexion23.com\/?p=16881#breadcrumb","itemListElement":[{"@type":"ListItem","position":1,"name":"Portada","item":"https:\/\/conexion23.com\/"},{"@type":"ListItem","position":2,"name":"CMD iniciar\u00e1 paro en hospital Antonio Musa en SPM en busca de mejoras"}]},{"@type":"WebSite","@id":"https:\/\/conexion23.com\/#website","url":"https:\/\/conexion23.com\/","name":"Conexi\u00f3n 23","description":"Peri\u00f3dico 100% Petromacorisano","publisher":{"@id":"https:\/\/conexion23.com\/#organization"},"potentialAction":[{"@type":"SearchAction","target":{"@type":"EntryPoint","urlTemplate":"https:\/\/conexion23.com\/?s={search_term_string}"},"query-input":{"@type":"PropertyValueSpecification","valueRequired":true,"valueName":"search_term_string"}}],"inLanguage":"es"},{"@type":"Organization","@id":"https:\/\/conexion23.com\/#organization","name":"Conexion 23","url":"https:\/\/conexion23.com\/","logo":{"@type":"ImageObject","inLanguage":"es","@id":"https:\/\/conexion23.com\/#\/schema\/logo\/image\/","url":"https:\/\/conexion23.com\/wp-content\/uploads\/2021\/11\/Diseno-sin-titulo-2.png","contentUrl":"https:\/\/conexion23.com\/wp-content\/uploads\/2021\/11\/Diseno-sin-titulo-2.png","width":541,"height":90,"caption":"Conexion 23"},"image":{"@id":"https:\/\/conexion23.com\/#\/schema\/logo\/image\/"},"sameAs":["https:\/\/www.facebook.com\/conexion23com","https:\/\/www.instagram.com\/conexion23com\/","https:\/\/www.youtube.com\/channel\/UCYc7vxxFZMYLIHNsHHxPZ3Q"]},{"@type":"Person","@id":"https:\/\/conexion23.com\/#\/schema\/person\/03e36043331117e97a373299bbcd30a6","name":"Raffy Ben\u00edtez","image":{"@type":"ImageObject","inLanguage":"es","@id":"https:\/\/secure.gravatar.com\/avatar\/3190a6a6c5e1b0327500f7d6c56b6242472ee6cb974cf09b401ee6b3b0798f23?s=96&d=mm&r=g","url":"https:\/\/secure.gravatar.com\/avatar\/3190a6a6c5e1b0327500f7d6c56b6242472ee6cb974cf09b401ee6b3b0798f23?s=96&d=mm&r=g","contentUrl":"https:\/\/secure.gravatar.com\/avatar\/3190a6a6c5e1b0327500f7d6c56b6242472ee6cb974cf09b401ee6b3b0798f23?s=96&d=mm&r=g","caption":"Raffy Ben\u00edtez"},"url":"https:\/\/conexion23.com\/?author=15"}]}},"_links":{"self":[{"href":"https:\/\/conexion23.com\/index.php?rest_route=\/wp\/v2\/posts\/16881","targetHints":{"allow":["GET"]}}],"collection":[{"href":"https:\/\/conexion23.com\/index.php?rest_route=\/wp\/v2\/posts"}],"about":[{"href":"https:\/\/conexion23.com\/index.php?rest_route=\/wp\/v2\/types\/post"}],"author":[{"embeddable":true,"href":"https:\/\/conexion23.com\/index.php?rest_route=\/wp\/v2\/users\/15"}],"replies":[{"embeddable":true,"href":"https:\/\/conexion23.com\/index.php?rest_route=%2Fwp%2Fv2%2Fcomments&post=16881"}],"version-history":[{"count":1,"href":"https:\/\/conexion23.com\/index.php?rest_route=\/wp\/v2\/posts\/16881\/revisions"}],"predecessor-version":[{"id":16883,"href":"https:\/\/conexion23.com\/index.php?rest_route=\/wp\/v2\/posts\/16881\/revisions\/16883"}],"wp:attachment":[{"href":"https:\/\/conexion23.com\/index.php?rest_route=%2Fwp%2Fv2%2Fmedia&parent=16881"}],"wp:term":[{"taxonomy":"category","embeddable":true,"href":"https:\/\/conexion23.com\/index.php?rest_route=%2Fwp%2Fv2%2Fcategories&post=16881"},{"taxonomy":"post_tag","embeddable":true,"href":"https:\/\/conexion23.com\/index.php?rest_route=%2Fwp%2Fv2%2Ftags&post=16881"}],"curies":[{"name":"wp","href":"https:\/\/api.w.org\/{rel}","templated":true}]}}