{"id":16884,"date":"2023-05-11T09:31:41","date_gmt":"2023-05-11T13:31:41","guid":{"rendered":"https:\/\/conexion23.com\/?p=16884"},"modified":"2023-05-11T09:31:44","modified_gmt":"2023-05-11T13:31:44","slug":"karen-ricardo-danilo-medina-sera-el-primero-en-apoyar-cualquier-decision-en-torno-a-las-alianzas","status":"publish","type":"post","link":"https:\/\/conexion23.com\/?p=16884","title":{"rendered":"Karen Ricardo: Danilo Medina ser\u00e1 el primero en apoyar cualquier decisi\u00f3n en torno a las alianzas"},"content":{"rendered":"\n<p class=\"wp-block-paragraph\">La miembro del Comit\u00e9 Pol\u00edtico y Coordinadora del Frente de Mujeres en la campa\u00f1a &nbsp;del Partido de la Liberaci\u00f3n Dominicana, Karen Ricardo, asegur\u00f3 que el expresidente Danilo Medina ser\u00e1 el primero en apoyar cualquier decisi\u00f3n tomada por la mayor\u00eda de la dirigencia y las bases de su partido en torno a las alianzas.<\/p>\n\n\n\n<p class=\"wp-block-paragraph\">Manifest\u00f3 &nbsp;que el PLD siempre ha cre\u00eddo en las alianzas, por lo que ha creado frentes que&nbsp; han contribuido en escenarios espec\u00edficos a su llegada al Poder, por lo que el Comit\u00e9 Pol\u00edtico cre\u00f3 una comisi\u00f3n para escuchar y evaluar las propuestas en torno a las posibles alianzas, partiendo de las reservas de candidaturas.<\/p>\n\n\n\n<p class=\"wp-block-paragraph\">\u201cNo tenemos todav\u00eda nada definitivo al respecto, pero de que s\u00ed hay posibilidades, de que s\u00ed hay un reclamo de la sociedad y de las bases del partido para que se definan las alianzas\u201d, precis\u00f3 la dirigente pelede\u00edsta en declaraciones rese\u00f1adas por la Secretar\u00eda de Comunicaciones del PLD.<\/p>\n\n\n\n<p class=\"wp-block-paragraph\">Record\u00f3 que en el PLD siempre se ha respetado la decisi\u00f3n de la mayor\u00eda, por lo que al tomar una decisi\u00f3n en torno al tema de las alianzas todos seguir\u00e1n la propuesta que sea m\u00e1s votada; y que lo mismo suceder\u00e1 en el Comit\u00e9 Central cuando se sometan las propuestas en torno al tema.<\/p>\n\n\n\n<p class=\"wp-block-paragraph\">Expres\u00f3 que el primer ejemplo lo dar\u00e1 al presidente del Partido; Danilo Medina, porque es un hombre inteligente, que desea lo mejor para el PLD y para el pueblo dominicano.<\/p>\n\n\n\n<p class=\"wp-block-paragraph\">Afirm\u00f3 que Danilo Medina no se opone a nada que pueda beneficiar al partido o al pueblo dominicano; porque est\u00e1 viendo como sufre la gente con el mal gobierno del PRM; adem\u00e1s los miembros y dirigentes del PLD nunca antepondr\u00e1n sus intereses particulares por encima de los generales.<\/p>\n\n\n\n<p class=\"wp-block-paragraph\">Aclar\u00f3 que es l\u00f3gico que con el tema de las alianzas haya sentimientos encontrados, que son leg\u00edtimos, dentro de las organizaciones pol\u00edticas.<\/p>\n\n\n\n<p class=\"wp-block-paragraph\">Consider\u00f3 que algunos partidos, como la Fuerza del Pueblo, que apoyaron al PRM, se han dado cuenta que lo peor que le ha podido pasar a la Rep\u00fablica Dominicana es este gobierno, por lo que han flexibilizado su lenguaje, porque saben que al pa\u00eds no le conviene que Luis Abinader siga en el poder.<\/p>\n\n\n\n<p class=\"wp-block-paragraph\">En torno a la resoluci\u00f3n 13-2023 emitida por la Junta Central Electoral, la dirigente pelede\u00edsta aclar\u00f3 que como organizaci\u00f3n organizada el PLD ya se ha manifestado su rechazo a la misma y ha delegado en su vocero y Secretario General Charles Mariotti, Secretario General; y del Secretario de Asuntos Jur\u00eddicos, Jos\u00e9 Dant\u00e9s; para coordinar los pasos siguientes, junto a los 26 partidos que se oponen a dicha resoluci\u00f3n.<\/p>\n\n\n\n<p class=\"wp-block-paragraph\">La coordinadora del Frente de Mujeres con Abel consider\u00f3 que la Junta Central Electoral debe ser muy prudente, porque la sociedad dominicana necesita paz, no arrebatos.<\/p>\n\n\n\n<p class=\"wp-block-paragraph\">\u201cLa Junta Central Electoral tiene que ser muy prudente en estos tiempos, en esta \u00e9poca, a dos meses de una definici\u00f3n ya de candidaturas; o sea, no hay por qu\u00e9 ir tan deprisa y al mismo tiempo lastimar un poco la sensibilidad de los partidos que est\u00e1n en la oposici\u00f3n\u201d, puntualiz\u00f3.<\/p>\n\n\n\n<p class=\"wp-block-paragraph\">Record\u00f3 que el PLD es el principal partido de oposici\u00f3n de Rep\u00fablica Dominicana y se mantendr\u00e1 en pie de lucha frente a acciones como esa, que lo que hacen es crear malestar en la c\u00fapula y la base de los partidos que garantizan la democracia dominicana.<\/p>\n","protected":false},"excerpt":{"rendered":"<p>La miembro del Comit\u00e9 Pol\u00edtico y Coordinadora del Frente de Mujeres en la campa\u00f1a &nbsp;del Partido de la Liberaci\u00f3n Dominicana, Karen Ricardo, asegur\u00f3 que el expresidente Danilo Medina ser\u00e1 el primero en apoyar cualquier decisi\u00f3n tomada por la mayor\u00eda de la dirigencia y las bases de su partido en torno a las alianzas. Manifest\u00f3 &nbsp;que [&hellip;]<\/p>\n","protected":false},"author":15,"featured_media":0,"comment_status":"open","ping_status":"open","sticky":false,"template":"","format":"standard","meta":{"footnotes":""},"categories":[1],"tags":[],"class_list":["post-16884","post","type-post","status-publish","format-standard","category-uncategorized"],"yoast_head":"<!-- This site is optimized with the Yoast SEO plugin v27.6 - https:\/\/yoast.com\/product\/yoast-seo-wordpress\/ -->\n<title>Karen Ricardo: Danilo Medina ser\u00e1 el primero en apoyar cualquier decisi\u00f3n en torno a las alianzas - Conexi\u00f3n 23<\/title>\n<meta name=\"robots\" content=\"index, follow, max-snippet:-1, max-image-preview:large, max-video-preview:-1\" \/>\n<link rel=\"canonical\" href=\"https:\/\/conexion23.com\/?p=16884\" \/>\n<meta property=\"og:locale\" content=\"es_ES\" \/>\n<meta property=\"og:type\" content=\"article\" \/>\n<meta property=\"og:title\" content=\"Karen Ricardo: Danilo Medina ser\u00e1 el primero en apoyar cualquier decisi\u00f3n en torno a las alianzas - Conexi\u00f3n 23\" \/>\n<meta property=\"og:description\" content=\"La miembro del Comit\u00e9 Pol\u00edtico y Coordinadora del Frente de Mujeres en la campa\u00f1a &nbsp;del Partido de la Liberaci\u00f3n Dominicana, Karen Ricardo, asegur\u00f3 que el expresidente Danilo Medina ser\u00e1 el primero en apoyar cualquier decisi\u00f3n tomada por la mayor\u00eda de la dirigencia y las bases de su partido en torno a las alianzas. Manifest\u00f3 &nbsp;que [&hellip;]\" \/>\n<meta property=\"og:url\" content=\"https:\/\/conexion23.com\/?p=16884\" \/>\n<meta property=\"og:site_name\" content=\"Conexi\u00f3n 23\" \/>\n<meta property=\"article:publisher\" content=\"https:\/\/www.facebook.com\/conexion23com\" \/>\n<meta property=\"article:published_time\" content=\"2023-05-11T13:31:41+00:00\" \/>\n<meta property=\"article:modified_time\" content=\"2023-05-11T13:31:44+00:00\" \/>\n<meta name=\"author\" content=\"Raffy Ben\u00edtez\" \/>\n<meta name=\"twitter:card\" content=\"summary_large_image\" \/>\n<meta name=\"twitter:label1\" content=\"Escrito por\" \/>\n\t<meta name=\"twitter:data1\" content=\"Raffy Ben\u00edtez\" \/>\n\t<meta name=\"twitter:label2\" content=\"Tiempo de lectura\" \/>\n\t<meta name=\"twitter:data2\" content=\"3 minutos\" \/>\n<script type=\"application\/ld+json\" class=\"yoast-schema-graph\">{\"@context\":\"https:\\\/\\\/schema.org\",\"@graph\":[{\"@type\":\"Article\",\"@id\":\"https:\\\/\\\/conexion23.com\\\/?p=16884#article\",\"isPartOf\":{\"@id\":\"https:\\\/\\\/conexion23.com\\\/?p=16884\"},\"author\":{\"name\":\"Raffy Ben\u00edtez\",\"@id\":\"https:\\\/\\\/conexion23.com\\\/#\\\/schema\\\/person\\\/03e36043331117e97a373299bbcd30a6\"},\"headline\":\"Karen Ricardo: Danilo Medina ser\u00e1 el primero en apoyar cualquier decisi\u00f3n en torno a las alianzas\",\"datePublished\":\"2023-05-11T13:31:41+00:00\",\"dateModified\":\"2023-05-11T13:31:44+00:00\",\"mainEntityOfPage\":{\"@id\":\"https:\\\/\\\/conexion23.com\\\/?p=16884\"},\"wordCount\":610,\"commentCount\":0,\"publisher\":{\"@id\":\"https:\\\/\\\/conexion23.com\\\/#organization\"},\"articleSection\":[\"Uncategorized\"],\"inLanguage\":\"es\",\"potentialAction\":[{\"@type\":\"CommentAction\",\"name\":\"Comment\",\"target\":[\"https:\\\/\\\/conexion23.com\\\/?p=16884#respond\"]}]},{\"@type\":\"WebPage\",\"@id\":\"https:\\\/\\\/conexion23.com\\\/?p=16884\",\"url\":\"https:\\\/\\\/conexion23.com\\\/?p=16884\",\"name\":\"Karen Ricardo: Danilo Medina ser\u00e1 el primero en apoyar cualquier decisi\u00f3n en torno a las alianzas - Conexi\u00f3n 23\",\"isPartOf\":{\"@id\":\"https:\\\/\\\/conexion23.com\\\/#website\"},\"datePublished\":\"2023-05-11T13:31:41+00:00\",\"dateModified\":\"2023-05-11T13:31:44+00:00\",\"breadcrumb\":{\"@id\":\"https:\\\/\\\/conexion23.com\\\/?p=16884#breadcrumb\"},\"inLanguage\":\"es\",\"potentialAction\":[{\"@type\":\"ReadAction\",\"target\":[\"https:\\\/\\\/conexion23.com\\\/?p=16884\"]}]},{\"@type\":\"BreadcrumbList\",\"@id\":\"https:\\\/\\\/conexion23.com\\\/?p=16884#breadcrumb\",\"itemListElement\":[{\"@type\":\"ListItem\",\"position\":1,\"name\":\"Portada\",\"item\":\"https:\\\/\\\/conexion23.com\\\/\"},{\"@type\":\"ListItem\",\"position\":2,\"name\":\"Karen Ricardo: Danilo Medina ser\u00e1 el primero en apoyar cualquier decisi\u00f3n en torno a las alianzas\"}]},{\"@type\":\"WebSite\",\"@id\":\"https:\\\/\\\/conexion23.com\\\/#website\",\"url\":\"https:\\\/\\\/conexion23.com\\\/\",\"name\":\"Conexi\u00f3n 23\",\"description\":\"Peri\u00f3dico 100% Petromacorisano\",\"publisher\":{\"@id\":\"https:\\\/\\\/conexion23.com\\\/#organization\"},\"potentialAction\":[{\"@type\":\"SearchAction\",\"target\":{\"@type\":\"EntryPoint\",\"urlTemplate\":\"https:\\\/\\\/conexion23.com\\\/?s={search_term_string}\"},\"query-input\":{\"@type\":\"PropertyValueSpecification\",\"valueRequired\":true,\"valueName\":\"search_term_string\"}}],\"inLanguage\":\"es\"},{\"@type\":\"Organization\",\"@id\":\"https:\\\/\\\/conexion23.com\\\/#organization\",\"name\":\"Conexion 23\",\"url\":\"https:\\\/\\\/conexion23.com\\\/\",\"logo\":{\"@type\":\"ImageObject\",\"inLanguage\":\"es\",\"@id\":\"https:\\\/\\\/conexion23.com\\\/#\\\/schema\\\/logo\\\/image\\\/\",\"url\":\"https:\\\/\\\/conexion23.com\\\/wp-content\\\/uploads\\\/2021\\\/11\\\/Diseno-sin-titulo-2.png\",\"contentUrl\":\"https:\\\/\\\/conexion23.com\\\/wp-content\\\/uploads\\\/2021\\\/11\\\/Diseno-sin-titulo-2.png\",\"width\":541,\"height\":90,\"caption\":\"Conexion 23\"},\"image\":{\"@id\":\"https:\\\/\\\/conexion23.com\\\/#\\\/schema\\\/logo\\\/image\\\/\"},\"sameAs\":[\"https:\\\/\\\/www.facebook.com\\\/conexion23com\",\"https:\\\/\\\/www.instagram.com\\\/conexion23com\\\/\",\"https:\\\/\\\/www.youtube.com\\\/channel\\\/UCYc7vxxFZMYLIHNsHHxPZ3Q\"]},{\"@type\":\"Person\",\"@id\":\"https:\\\/\\\/conexion23.com\\\/#\\\/schema\\\/person\\\/03e36043331117e97a373299bbcd30a6\",\"name\":\"Raffy Ben\u00edtez\",\"image\":{\"@type\":\"ImageObject\",\"inLanguage\":\"es\",\"@id\":\"https:\\\/\\\/secure.gravatar.com\\\/avatar\\\/3190a6a6c5e1b0327500f7d6c56b6242472ee6cb974cf09b401ee6b3b0798f23?s=96&d=mm&r=g\",\"url\":\"https:\\\/\\\/secure.gravatar.com\\\/avatar\\\/3190a6a6c5e1b0327500f7d6c56b6242472ee6cb974cf09b401ee6b3b0798f23?s=96&d=mm&r=g\",\"contentUrl\":\"https:\\\/\\\/secure.gravatar.com\\\/avatar\\\/3190a6a6c5e1b0327500f7d6c56b6242472ee6cb974cf09b401ee6b3b0798f23?s=96&d=mm&r=g\",\"caption\":\"Raffy Ben\u00edtez\"},\"url\":\"https:\\\/\\\/conexion23.com\\\/?author=15\"}]}<\/script>\n<!-- \/ Yoast SEO plugin. -->","yoast_head_json":{"title":"Karen Ricardo: Danilo Medina ser\u00e1 el primero en apoyar cualquier decisi\u00f3n en torno a las alianzas - Conexi\u00f3n 23","robots":{"index":"index","follow":"follow","max-snippet":"max-snippet:-1","max-image-preview":"max-image-preview:large","max-video-preview":"max-video-preview:-1"},"canonical":"https:\/\/conexion23.com\/?p=16884","og_locale":"es_ES","og_type":"article","og_title":"Karen Ricardo: Danilo Medina ser\u00e1 el primero en apoyar cualquier decisi\u00f3n en torno a las alianzas - Conexi\u00f3n 23","og_description":"La miembro del Comit\u00e9 Pol\u00edtico y Coordinadora del Frente de Mujeres en la campa\u00f1a &nbsp;del Partido de la Liberaci\u00f3n Dominicana, Karen Ricardo, asegur\u00f3 que el expresidente Danilo Medina ser\u00e1 el primero en apoyar cualquier decisi\u00f3n tomada por la mayor\u00eda de la dirigencia y las bases de su partido en torno a las alianzas. Manifest\u00f3 &nbsp;que [&hellip;]","og_url":"https:\/\/conexion23.com\/?p=16884","og_site_name":"Conexi\u00f3n 23","article_publisher":"https:\/\/www.facebook.com\/conexion23com","article_published_time":"2023-05-11T13:31:41+00:00","article_modified_time":"2023-05-11T13:31:44+00:00","author":"Raffy Ben\u00edtez","twitter_card":"summary_large_image","twitter_misc":{"Escrito por":"Raffy Ben\u00edtez","Tiempo de lectura":"3 minutos"},"schema":{"@context":"https:\/\/schema.org","@graph":[{"@type":"Article","@id":"https:\/\/conexion23.com\/?p=16884#article","isPartOf":{"@id":"https:\/\/conexion23.com\/?p=16884"},"author":{"name":"Raffy Ben\u00edtez","@id":"https:\/\/conexion23.com\/#\/schema\/person\/03e36043331117e97a373299bbcd30a6"},"headline":"Karen Ricardo: Danilo Medina ser\u00e1 el primero en apoyar cualquier decisi\u00f3n en torno a las alianzas","datePublished":"2023-05-11T13:31:41+00:00","dateModified":"2023-05-11T13:31:44+00:00","mainEntityOfPage":{"@id":"https:\/\/conexion23.com\/?p=16884"},"wordCount":610,"commentCount":0,"publisher":{"@id":"https:\/\/conexion23.com\/#organization"},"articleSection":["Uncategorized"],"inLanguage":"es","potentialAction":[{"@type":"CommentAction","name":"Comment","target":["https:\/\/conexion23.com\/?p=16884#respond"]}]},{"@type":"WebPage","@id":"https:\/\/conexion23.com\/?p=16884","url":"https:\/\/conexion23.com\/?p=16884","name":"Karen Ricardo: Danilo Medina ser\u00e1 el primero en apoyar cualquier decisi\u00f3n en torno a las alianzas - Conexi\u00f3n 23","isPartOf":{"@id":"https:\/\/conexion23.com\/#website"},"datePublished":"2023-05-11T13:31:41+00:00","dateModified":"2023-05-11T13:31:44+00:00","breadcrumb":{"@id":"https:\/\/conexion23.com\/?p=16884#breadcrumb"},"inLanguage":"es","potentialAction":[{"@type":"ReadAction","target":["https:\/\/conexion23.com\/?p=16884"]}]},{"@type":"BreadcrumbList","@id":"https:\/\/conexion23.com\/?p=16884#breadcrumb","itemListElement":[{"@type":"ListItem","position":1,"name":"Portada","item":"https:\/\/conexion23.com\/"},{"@type":"ListItem","position":2,"name":"Karen Ricardo: Danilo Medina ser\u00e1 el primero en apoyar cualquier decisi\u00f3n en torno a las alianzas"}]},{"@type":"WebSite","@id":"https:\/\/conexion23.com\/#website","url":"https:\/\/conexion23.com\/","name":"Conexi\u00f3n 23","description":"Peri\u00f3dico 100% Petromacorisano","publisher":{"@id":"https:\/\/conexion23.com\/#organization"},"potentialAction":[{"@type":"SearchAction","target":{"@type":"EntryPoint","urlTemplate":"https:\/\/conexion23.com\/?s={search_term_string}"},"query-input":{"@type":"PropertyValueSpecification","valueRequired":true,"valueName":"search_term_string"}}],"inLanguage":"es"},{"@type":"Organization","@id":"https:\/\/conexion23.com\/#organization","name":"Conexion 23","url":"https:\/\/conexion23.com\/","logo":{"@type":"ImageObject","inLanguage":"es","@id":"https:\/\/conexion23.com\/#\/schema\/logo\/image\/","url":"https:\/\/conexion23.com\/wp-content\/uploads\/2021\/11\/Diseno-sin-titulo-2.png","contentUrl":"https:\/\/conexion23.com\/wp-content\/uploads\/2021\/11\/Diseno-sin-titulo-2.png","width":541,"height":90,"caption":"Conexion 23"},"image":{"@id":"https:\/\/conexion23.com\/#\/schema\/logo\/image\/"},"sameAs":["https:\/\/www.facebook.com\/conexion23com","https:\/\/www.instagram.com\/conexion23com\/","https:\/\/www.youtube.com\/channel\/UCYc7vxxFZMYLIHNsHHxPZ3Q"]},{"@type":"Person","@id":"https:\/\/conexion23.com\/#\/schema\/person\/03e36043331117e97a373299bbcd30a6","name":"Raffy Ben\u00edtez","image":{"@type":"ImageObject","inLanguage":"es","@id":"https:\/\/secure.gravatar.com\/avatar\/3190a6a6c5e1b0327500f7d6c56b6242472ee6cb974cf09b401ee6b3b0798f23?s=96&d=mm&r=g","url":"https:\/\/secure.gravatar.com\/avatar\/3190a6a6c5e1b0327500f7d6c56b6242472ee6cb974cf09b401ee6b3b0798f23?s=96&d=mm&r=g","contentUrl":"https:\/\/secure.gravatar.com\/avatar\/3190a6a6c5e1b0327500f7d6c56b6242472ee6cb974cf09b401ee6b3b0798f23?s=96&d=mm&r=g","caption":"Raffy Ben\u00edtez"},"url":"https:\/\/conexion23.com\/?author=15"}]}},"_links":{"self":[{"href":"https:\/\/conexion23.com\/index.php?rest_route=\/wp\/v2\/posts\/16884","targetHints":{"allow":["GET"]}}],"collection":[{"href":"https:\/\/conexion23.com\/index.php?rest_route=\/wp\/v2\/posts"}],"about":[{"href":"https:\/\/conexion23.com\/index.php?rest_route=\/wp\/v2\/types\/post"}],"author":[{"embeddable":true,"href":"https:\/\/conexion23.com\/index.php?rest_route=\/wp\/v2\/users\/15"}],"replies":[{"embeddable":true,"href":"https:\/\/conexion23.com\/index.php?rest_route=%2Fwp%2Fv2%2Fcomments&post=16884"}],"version-history":[{"count":1,"href":"https:\/\/conexion23.com\/index.php?rest_route=\/wp\/v2\/posts\/16884\/revisions"}],"predecessor-version":[{"id":16886,"href":"https:\/\/conexion23.com\/index.php?rest_route=\/wp\/v2\/posts\/16884\/revisions\/16886"}],"wp:attachment":[{"href":"https:\/\/conexion23.com\/index.php?rest_route=%2Fwp%2Fv2%2Fmedia&parent=16884"}],"wp:term":[{"taxonomy":"category","embeddable":true,"href":"https:\/\/conexion23.com\/index.php?rest_route=%2Fwp%2Fv2%2Fcategories&post=16884"},{"taxonomy":"post_tag","embeddable":true,"href":"https:\/\/conexion23.com\/index.php?rest_route=%2Fwp%2Fv2%2Ftags&post=16884"}],"curies":[{"name":"wp","href":"https:\/\/api.w.org\/{rel}","templated":true}]}}