{"id":16890,"date":"2023-05-11T09:37:56","date_gmt":"2023-05-11T13:37:56","guid":{"rendered":"https:\/\/conexion23.com\/?p=16890"},"modified":"2023-05-11T09:38:00","modified_gmt":"2023-05-11T13:38:00","slug":"xi-jinping-envia-carta-a-abinader-y-valora-lazos-entre-china-y-rd-en-5to-aniversario-de-relaciones","status":"publish","type":"post","link":"https:\/\/conexion23.com\/?p=16890","title":{"rendered":"Xi Jinping env\u00eda carta a Abinader y valora lazos entre China y RD en 5to aniversario de relaciones"},"content":{"rendered":"\n<p class=\"wp-block-paragraph\">El presidente de la Rep\u00fablica Popular&nbsp;China, Xi Jinping, valor\u00f3 a su hom\u00f3logo Luis Abinader por su considerar las relaciones con su pa\u00eds \u201ccomo una de las prioridades de las pol\u00edticas exteriores de la Rep\u00fablica Dominicana\u201d, en una carta en la que celebra el quinto aniversario del establecimiento de los lazos diplom\u00e1ticos y comerciales entre ambos pa\u00edses.<\/p>\n\n\n\n<p class=\"wp-block-paragraph\">\u201cValoro mucho al se\u00f1or Presidente porque, desde que asumi\u00f3 la presidencia del gobierno dominicano, haya considerado las relaciones con&nbsp;China&nbsp;como las prioridades de las pol\u00edticas exteriores de la Rep\u00fablica Dominicana, y por su firme respaldo a la parte&nbsp;china&nbsp;en cuestiones que se ata\u00f1en a nuestros intereses fundamentales\u201d, expresa el mandatario chino en la misiva fechada este primero de mayo de 2023.<\/p>\n\n\n\n<figure class=\"wp-block-image size-full\"><img decoding=\"async\" src=\"https:\/\/conexion23.com\/wp-content\/uploads\/2023\/05\/Fvy86pHXsAg_4-A-1024x1024-1.jpg\" alt=\"\" class=\"wp-image-16891\"\/><\/figure>\n\n\n\n<figure class=\"wp-block-image size-full\"><img decoding=\"async\" src=\"https:\/\/conexion23.com\/wp-content\/uploads\/2023\/05\/Fvy86pNXsAA1QUH-1024x1024-1.jpg\" alt=\"\" class=\"wp-image-16892\"\/><\/figure>\n\n\n\n<figure class=\"wp-block-image size-full\"><img decoding=\"async\" src=\"https:\/\/conexion23.com\/wp-content\/uploads\/2023\/05\/Fvy86pHXsAg_4-A-1024x1024-2.jpg\" alt=\"\" class=\"wp-image-16893\"\/><\/figure>\n","protected":false},"excerpt":{"rendered":"<p>El presidente de la Rep\u00fablica Popular&nbsp;China, Xi Jinping, valor\u00f3 a su hom\u00f3logo Luis Abinader por su considerar las relaciones con su pa\u00eds \u201ccomo una de las prioridades de las pol\u00edticas exteriores de la Rep\u00fablica Dominicana\u201d, en una carta en la que celebra el quinto aniversario del establecimiento de los lazos diplom\u00e1ticos y comerciales entre ambos [&hellip;]<\/p>\n","protected":false},"author":15,"featured_media":0,"comment_status":"open","ping_status":"open","sticky":false,"template":"","format":"standard","meta":{"footnotes":""},"categories":[1],"tags":[],"class_list":["post-16890","post","type-post","status-publish","format-standard","category-uncategorized"],"yoast_head":"<!-- This site is optimized with the Yoast SEO plugin v27.6 - https:\/\/yoast.com\/product\/yoast-seo-wordpress\/ -->\n<title>Xi Jinping env\u00eda carta a Abinader y valora lazos entre China y RD en 5to aniversario de relaciones - Conexi\u00f3n 23<\/title>\n<meta name=\"robots\" content=\"index, follow, max-snippet:-1, max-image-preview:large, max-video-preview:-1\" \/>\n<link rel=\"canonical\" href=\"https:\/\/conexion23.com\/?p=16890\" \/>\n<meta property=\"og:locale\" content=\"es_ES\" \/>\n<meta property=\"og:type\" content=\"article\" \/>\n<meta property=\"og:title\" content=\"Xi Jinping env\u00eda carta a Abinader y valora lazos entre China y RD en 5to aniversario de relaciones - Conexi\u00f3n 23\" \/>\n<meta property=\"og:description\" content=\"El presidente de la Rep\u00fablica Popular&nbsp;China, Xi Jinping, valor\u00f3 a su hom\u00f3logo Luis Abinader por su considerar las relaciones con su pa\u00eds \u201ccomo una de las prioridades de las pol\u00edticas exteriores de la Rep\u00fablica Dominicana\u201d, en una carta en la que celebra el quinto aniversario del establecimiento de los lazos diplom\u00e1ticos y comerciales entre ambos [&hellip;]\" \/>\n<meta property=\"og:url\" content=\"https:\/\/conexion23.com\/?p=16890\" \/>\n<meta property=\"og:site_name\" content=\"Conexi\u00f3n 23\" \/>\n<meta property=\"article:publisher\" content=\"https:\/\/www.facebook.com\/conexion23com\" \/>\n<meta property=\"article:published_time\" content=\"2023-05-11T13:37:56+00:00\" \/>\n<meta property=\"article:modified_time\" content=\"2023-05-11T13:38:00+00:00\" \/>\n<meta property=\"og:image\" content=\"https:\/\/conexion23.com\/wp-content\/uploads\/2023\/05\/Fvy86pHXsAg_4-A-1024x1024-1.jpg\" \/>\n<meta name=\"author\" content=\"Raffy Ben\u00edtez\" \/>\n<meta name=\"twitter:card\" content=\"summary_large_image\" \/>\n<meta name=\"twitter:label1\" content=\"Escrito por\" \/>\n\t<meta name=\"twitter:data1\" content=\"Raffy Ben\u00edtez\" \/>\n\t<meta name=\"twitter:label2\" content=\"Tiempo de lectura\" \/>\n\t<meta name=\"twitter:data2\" content=\"2 minutos\" \/>\n<script type=\"application\/ld+json\" class=\"yoast-schema-graph\">{\"@context\":\"https:\\\/\\\/schema.org\",\"@graph\":[{\"@type\":\"Article\",\"@id\":\"https:\\\/\\\/conexion23.com\\\/?p=16890#article\",\"isPartOf\":{\"@id\":\"https:\\\/\\\/conexion23.com\\\/?p=16890\"},\"author\":{\"name\":\"Raffy Ben\u00edtez\",\"@id\":\"https:\\\/\\\/conexion23.com\\\/#\\\/schema\\\/person\\\/03e36043331117e97a373299bbcd30a6\"},\"headline\":\"Xi Jinping env\u00eda carta a Abinader y valora lazos entre China y RD en 5to aniversario de relaciones\",\"datePublished\":\"2023-05-11T13:37:56+00:00\",\"dateModified\":\"2023-05-11T13:38:00+00:00\",\"mainEntityOfPage\":{\"@id\":\"https:\\\/\\\/conexion23.com\\\/?p=16890\"},\"wordCount\":154,\"commentCount\":0,\"publisher\":{\"@id\":\"https:\\\/\\\/conexion23.com\\\/#organization\"},\"image\":{\"@id\":\"https:\\\/\\\/conexion23.com\\\/?p=16890#primaryimage\"},\"thumbnailUrl\":\"https:\\\/\\\/conexion23.com\\\/wp-content\\\/uploads\\\/2023\\\/05\\\/Fvy86pHXsAg_4-A-1024x1024-1.jpg\",\"articleSection\":[\"Uncategorized\"],\"inLanguage\":\"es\",\"potentialAction\":[{\"@type\":\"CommentAction\",\"name\":\"Comment\",\"target\":[\"https:\\\/\\\/conexion23.com\\\/?p=16890#respond\"]}]},{\"@type\":\"WebPage\",\"@id\":\"https:\\\/\\\/conexion23.com\\\/?p=16890\",\"url\":\"https:\\\/\\\/conexion23.com\\\/?p=16890\",\"name\":\"Xi Jinping env\u00eda carta a Abinader y valora lazos entre China y RD en 5to aniversario de relaciones - Conexi\u00f3n 23\",\"isPartOf\":{\"@id\":\"https:\\\/\\\/conexion23.com\\\/#website\"},\"primaryImageOfPage\":{\"@id\":\"https:\\\/\\\/conexion23.com\\\/?p=16890#primaryimage\"},\"image\":{\"@id\":\"https:\\\/\\\/conexion23.com\\\/?p=16890#primaryimage\"},\"thumbnailUrl\":\"https:\\\/\\\/conexion23.com\\\/wp-content\\\/uploads\\\/2023\\\/05\\\/Fvy86pHXsAg_4-A-1024x1024-1.jpg\",\"datePublished\":\"2023-05-11T13:37:56+00:00\",\"dateModified\":\"2023-05-11T13:38:00+00:00\",\"breadcrumb\":{\"@id\":\"https:\\\/\\\/conexion23.com\\\/?p=16890#breadcrumb\"},\"inLanguage\":\"es\",\"potentialAction\":[{\"@type\":\"ReadAction\",\"target\":[\"https:\\\/\\\/conexion23.com\\\/?p=16890\"]}]},{\"@type\":\"ImageObject\",\"inLanguage\":\"es\",\"@id\":\"https:\\\/\\\/conexion23.com\\\/?p=16890#primaryimage\",\"url\":\"\",\"contentUrl\":\"\"},{\"@type\":\"BreadcrumbList\",\"@id\":\"https:\\\/\\\/conexion23.com\\\/?p=16890#breadcrumb\",\"itemListElement\":[{\"@type\":\"ListItem\",\"position\":1,\"name\":\"Portada\",\"item\":\"https:\\\/\\\/conexion23.com\\\/\"},{\"@type\":\"ListItem\",\"position\":2,\"name\":\"Xi Jinping env\u00eda carta a Abinader y valora lazos entre China y RD en 5to aniversario de relaciones\"}]},{\"@type\":\"WebSite\",\"@id\":\"https:\\\/\\\/conexion23.com\\\/#website\",\"url\":\"https:\\\/\\\/conexion23.com\\\/\",\"name\":\"Conexi\u00f3n 23\",\"description\":\"Peri\u00f3dico 100% Petromacorisano\",\"publisher\":{\"@id\":\"https:\\\/\\\/conexion23.com\\\/#organization\"},\"potentialAction\":[{\"@type\":\"SearchAction\",\"target\":{\"@type\":\"EntryPoint\",\"urlTemplate\":\"https:\\\/\\\/conexion23.com\\\/?s={search_term_string}\"},\"query-input\":{\"@type\":\"PropertyValueSpecification\",\"valueRequired\":true,\"valueName\":\"search_term_string\"}}],\"inLanguage\":\"es\"},{\"@type\":\"Organization\",\"@id\":\"https:\\\/\\\/conexion23.com\\\/#organization\",\"name\":\"Conexion 23\",\"url\":\"https:\\\/\\\/conexion23.com\\\/\",\"logo\":{\"@type\":\"ImageObject\",\"inLanguage\":\"es\",\"@id\":\"https:\\\/\\\/conexion23.com\\\/#\\\/schema\\\/logo\\\/image\\\/\",\"url\":\"https:\\\/\\\/conexion23.com\\\/wp-content\\\/uploads\\\/2021\\\/11\\\/Diseno-sin-titulo-2.png\",\"contentUrl\":\"https:\\\/\\\/conexion23.com\\\/wp-content\\\/uploads\\\/2021\\\/11\\\/Diseno-sin-titulo-2.png\",\"width\":541,\"height\":90,\"caption\":\"Conexion 23\"},\"image\":{\"@id\":\"https:\\\/\\\/conexion23.com\\\/#\\\/schema\\\/logo\\\/image\\\/\"},\"sameAs\":[\"https:\\\/\\\/www.facebook.com\\\/conexion23com\",\"https:\\\/\\\/www.instagram.com\\\/conexion23com\\\/\",\"https:\\\/\\\/www.youtube.com\\\/channel\\\/UCYc7vxxFZMYLIHNsHHxPZ3Q\"]},{\"@type\":\"Person\",\"@id\":\"https:\\\/\\\/conexion23.com\\\/#\\\/schema\\\/person\\\/03e36043331117e97a373299bbcd30a6\",\"name\":\"Raffy Ben\u00edtez\",\"image\":{\"@type\":\"ImageObject\",\"inLanguage\":\"es\",\"@id\":\"https:\\\/\\\/secure.gravatar.com\\\/avatar\\\/3190a6a6c5e1b0327500f7d6c56b6242472ee6cb974cf09b401ee6b3b0798f23?s=96&d=mm&r=g\",\"url\":\"https:\\\/\\\/secure.gravatar.com\\\/avatar\\\/3190a6a6c5e1b0327500f7d6c56b6242472ee6cb974cf09b401ee6b3b0798f23?s=96&d=mm&r=g\",\"contentUrl\":\"https:\\\/\\\/secure.gravatar.com\\\/avatar\\\/3190a6a6c5e1b0327500f7d6c56b6242472ee6cb974cf09b401ee6b3b0798f23?s=96&d=mm&r=g\",\"caption\":\"Raffy Ben\u00edtez\"},\"url\":\"https:\\\/\\\/conexion23.com\\\/?author=15\"}]}<\/script>\n<!-- \/ Yoast SEO plugin. -->","yoast_head_json":{"title":"Xi Jinping env\u00eda carta a Abinader y valora lazos entre China y RD en 5to aniversario de relaciones - Conexi\u00f3n 23","robots":{"index":"index","follow":"follow","max-snippet":"max-snippet:-1","max-image-preview":"max-image-preview:large","max-video-preview":"max-video-preview:-1"},"canonical":"https:\/\/conexion23.com\/?p=16890","og_locale":"es_ES","og_type":"article","og_title":"Xi Jinping env\u00eda carta a Abinader y valora lazos entre China y RD en 5to aniversario de relaciones - Conexi\u00f3n 23","og_description":"El presidente de la Rep\u00fablica Popular&nbsp;China, Xi Jinping, valor\u00f3 a su hom\u00f3logo Luis Abinader por su considerar las relaciones con su pa\u00eds \u201ccomo una de las prioridades de las pol\u00edticas exteriores de la Rep\u00fablica Dominicana\u201d, en una carta en la que celebra el quinto aniversario del establecimiento de los lazos diplom\u00e1ticos y comerciales entre ambos [&hellip;]","og_url":"https:\/\/conexion23.com\/?p=16890","og_site_name":"Conexi\u00f3n 23","article_publisher":"https:\/\/www.facebook.com\/conexion23com","article_published_time":"2023-05-11T13:37:56+00:00","article_modified_time":"2023-05-11T13:38:00+00:00","og_image":[{"url":"https:\/\/conexion23.com\/wp-content\/uploads\/2023\/05\/Fvy86pHXsAg_4-A-1024x1024-1.jpg","type":"","width":"","height":""}],"author":"Raffy Ben\u00edtez","twitter_card":"summary_large_image","twitter_misc":{"Escrito por":"Raffy Ben\u00edtez","Tiempo de lectura":"2 minutos"},"schema":{"@context":"https:\/\/schema.org","@graph":[{"@type":"Article","@id":"https:\/\/conexion23.com\/?p=16890#article","isPartOf":{"@id":"https:\/\/conexion23.com\/?p=16890"},"author":{"name":"Raffy Ben\u00edtez","@id":"https:\/\/conexion23.com\/#\/schema\/person\/03e36043331117e97a373299bbcd30a6"},"headline":"Xi Jinping env\u00eda carta a Abinader y valora lazos entre China y RD en 5to aniversario de relaciones","datePublished":"2023-05-11T13:37:56+00:00","dateModified":"2023-05-11T13:38:00+00:00","mainEntityOfPage":{"@id":"https:\/\/conexion23.com\/?p=16890"},"wordCount":154,"commentCount":0,"publisher":{"@id":"https:\/\/conexion23.com\/#organization"},"image":{"@id":"https:\/\/conexion23.com\/?p=16890#primaryimage"},"thumbnailUrl":"https:\/\/conexion23.com\/wp-content\/uploads\/2023\/05\/Fvy86pHXsAg_4-A-1024x1024-1.jpg","articleSection":["Uncategorized"],"inLanguage":"es","potentialAction":[{"@type":"CommentAction","name":"Comment","target":["https:\/\/conexion23.com\/?p=16890#respond"]}]},{"@type":"WebPage","@id":"https:\/\/conexion23.com\/?p=16890","url":"https:\/\/conexion23.com\/?p=16890","name":"Xi Jinping env\u00eda carta a Abinader y valora lazos entre China y RD en 5to aniversario de relaciones - Conexi\u00f3n 23","isPartOf":{"@id":"https:\/\/conexion23.com\/#website"},"primaryImageOfPage":{"@id":"https:\/\/conexion23.com\/?p=16890#primaryimage"},"image":{"@id":"https:\/\/conexion23.com\/?p=16890#primaryimage"},"thumbnailUrl":"https:\/\/conexion23.com\/wp-content\/uploads\/2023\/05\/Fvy86pHXsAg_4-A-1024x1024-1.jpg","datePublished":"2023-05-11T13:37:56+00:00","dateModified":"2023-05-11T13:38:00+00:00","breadcrumb":{"@id":"https:\/\/conexion23.com\/?p=16890#breadcrumb"},"inLanguage":"es","potentialAction":[{"@type":"ReadAction","target":["https:\/\/conexion23.com\/?p=16890"]}]},{"@type":"ImageObject","inLanguage":"es","@id":"https:\/\/conexion23.com\/?p=16890#primaryimage","url":"","contentUrl":""},{"@type":"BreadcrumbList","@id":"https:\/\/conexion23.com\/?p=16890#breadcrumb","itemListElement":[{"@type":"ListItem","position":1,"name":"Portada","item":"https:\/\/conexion23.com\/"},{"@type":"ListItem","position":2,"name":"Xi Jinping env\u00eda carta a Abinader y valora lazos entre China y RD en 5to aniversario de relaciones"}]},{"@type":"WebSite","@id":"https:\/\/conexion23.com\/#website","url":"https:\/\/conexion23.com\/","name":"Conexi\u00f3n 23","description":"Peri\u00f3dico 100% Petromacorisano","publisher":{"@id":"https:\/\/conexion23.com\/#organization"},"potentialAction":[{"@type":"SearchAction","target":{"@type":"EntryPoint","urlTemplate":"https:\/\/conexion23.com\/?s={search_term_string}"},"query-input":{"@type":"PropertyValueSpecification","valueRequired":true,"valueName":"search_term_string"}}],"inLanguage":"es"},{"@type":"Organization","@id":"https:\/\/conexion23.com\/#organization","name":"Conexion 23","url":"https:\/\/conexion23.com\/","logo":{"@type":"ImageObject","inLanguage":"es","@id":"https:\/\/conexion23.com\/#\/schema\/logo\/image\/","url":"https:\/\/conexion23.com\/wp-content\/uploads\/2021\/11\/Diseno-sin-titulo-2.png","contentUrl":"https:\/\/conexion23.com\/wp-content\/uploads\/2021\/11\/Diseno-sin-titulo-2.png","width":541,"height":90,"caption":"Conexion 23"},"image":{"@id":"https:\/\/conexion23.com\/#\/schema\/logo\/image\/"},"sameAs":["https:\/\/www.facebook.com\/conexion23com","https:\/\/www.instagram.com\/conexion23com\/","https:\/\/www.youtube.com\/channel\/UCYc7vxxFZMYLIHNsHHxPZ3Q"]},{"@type":"Person","@id":"https:\/\/conexion23.com\/#\/schema\/person\/03e36043331117e97a373299bbcd30a6","name":"Raffy Ben\u00edtez","image":{"@type":"ImageObject","inLanguage":"es","@id":"https:\/\/secure.gravatar.com\/avatar\/3190a6a6c5e1b0327500f7d6c56b6242472ee6cb974cf09b401ee6b3b0798f23?s=96&d=mm&r=g","url":"https:\/\/secure.gravatar.com\/avatar\/3190a6a6c5e1b0327500f7d6c56b6242472ee6cb974cf09b401ee6b3b0798f23?s=96&d=mm&r=g","contentUrl":"https:\/\/secure.gravatar.com\/avatar\/3190a6a6c5e1b0327500f7d6c56b6242472ee6cb974cf09b401ee6b3b0798f23?s=96&d=mm&r=g","caption":"Raffy Ben\u00edtez"},"url":"https:\/\/conexion23.com\/?author=15"}]}},"_links":{"self":[{"href":"https:\/\/conexion23.com\/index.php?rest_route=\/wp\/v2\/posts\/16890","targetHints":{"allow":["GET"]}}],"collection":[{"href":"https:\/\/conexion23.com\/index.php?rest_route=\/wp\/v2\/posts"}],"about":[{"href":"https:\/\/conexion23.com\/index.php?rest_route=\/wp\/v2\/types\/post"}],"author":[{"embeddable":true,"href":"https:\/\/conexion23.com\/index.php?rest_route=\/wp\/v2\/users\/15"}],"replies":[{"embeddable":true,"href":"https:\/\/conexion23.com\/index.php?rest_route=%2Fwp%2Fv2%2Fcomments&post=16890"}],"version-history":[{"count":1,"href":"https:\/\/conexion23.com\/index.php?rest_route=\/wp\/v2\/posts\/16890\/revisions"}],"predecessor-version":[{"id":16895,"href":"https:\/\/conexion23.com\/index.php?rest_route=\/wp\/v2\/posts\/16890\/revisions\/16895"}],"wp:attachment":[{"href":"https:\/\/conexion23.com\/index.php?rest_route=%2Fwp%2Fv2%2Fmedia&parent=16890"}],"wp:term":[{"taxonomy":"category","embeddable":true,"href":"https:\/\/conexion23.com\/index.php?rest_route=%2Fwp%2Fv2%2Fcategories&post=16890"},{"taxonomy":"post_tag","embeddable":true,"href":"https:\/\/conexion23.com\/index.php?rest_route=%2Fwp%2Fv2%2Ftags&post=16890"}],"curies":[{"name":"wp","href":"https:\/\/api.w.org\/{rel}","templated":true}]}}