{"id":16897,"date":"2023-05-12T08:46:22","date_gmt":"2023-05-12T12:46:22","guid":{"rendered":"https:\/\/conexion23.com\/?p=16897"},"modified":"2023-05-12T08:46:26","modified_gmt":"2023-05-12T12:46:26","slug":"en-sosua-muere-bebe-de-5-meses-mientras-dormia","status":"publish","type":"post","link":"https:\/\/conexion23.com\/?p=16897","title":{"rendered":"En Sos\u00faa Muere bebe de 5 meses mientras dorm\u00eda."},"content":{"rendered":"\n<p class=\"wp-block-paragraph\">Fue identificado como L\u00edan Magdonal de 5 meses de edad,el bebe que falleci\u00f3 mientras dorm\u00eda.<\/p>\n\n\n\n<p class=\"wp-block-paragraph\">La madre quien responde al nombre de Erika Valdez (CHOCOLE) indic\u00f3 que acudi\u00f3 a ver a su ni\u00f1o y darle su leche como acostumbraba y se dio cuenta de que estaba morado.&nbsp;<\/p>\n\n\n\n<p class=\"wp-block-paragraph\">Fue entonces cuando avis\u00f3 r\u00e1pidamente, al padre Vincen Magdonal, a los abuelos del ni\u00f1o, los vecinos y a los Servicios de Emergencia.<\/p>\n\n\n\n<p class=\"wp-block-paragraph\">La propia madre fue quien inici\u00f3 las maniobras para ver si su bebe volv\u00eda a la vida, hasta la llegada del 911. Mientras que los miembros del 911 acompa\u00f1ados de agentes de la polic\u00eda nacional indicaron que no pod\u00edan salvar la vida del peque\u00f1o y que tristemente hab\u00eda fallecido.<\/p>\n\n\n\n<p class=\"wp-block-paragraph\">El suceso ha tenido lugar en la residencia de los padres del infante, situada en la comunidad los altos de maranta municipio de Sos\u00faa.&nbsp;<\/p>\n\n\n\n<p class=\"wp-block-paragraph\">Aunque por ahora no se conoce con exactitud la causa de la muerte, parece que un fallo cardiaco podr\u00eda haber terminado con la vida del beb\u00e9.<\/p>\n","protected":false},"excerpt":{"rendered":"<p>Fue identificado como L\u00edan Magdonal de 5 meses de edad,el bebe que falleci\u00f3 mientras dorm\u00eda. La madre quien responde al nombre de Erika Valdez (CHOCOLE) indic\u00f3 que acudi\u00f3 a ver a su ni\u00f1o y darle su leche como acostumbraba y se dio cuenta de que estaba morado.&nbsp; Fue entonces cuando avis\u00f3 r\u00e1pidamente, al padre Vincen [&hellip;]<\/p>\n","protected":false},"author":15,"featured_media":0,"comment_status":"open","ping_status":"open","sticky":false,"template":"","format":"standard","meta":{"footnotes":""},"categories":[1],"tags":[],"class_list":["post-16897","post","type-post","status-publish","format-standard","category-uncategorized"],"yoast_head":"<!-- This site is optimized with the Yoast SEO plugin v27.6 - https:\/\/yoast.com\/product\/yoast-seo-wordpress\/ -->\n<title>En Sos\u00faa Muere bebe de 5 meses mientras dorm\u00eda. - Conexi\u00f3n 23<\/title>\n<meta name=\"robots\" content=\"index, follow, max-snippet:-1, max-image-preview:large, max-video-preview:-1\" \/>\n<link rel=\"canonical\" href=\"https:\/\/conexion23.com\/?p=16897\" \/>\n<meta property=\"og:locale\" content=\"es_ES\" \/>\n<meta property=\"og:type\" content=\"article\" \/>\n<meta property=\"og:title\" content=\"En Sos\u00faa Muere bebe de 5 meses mientras dorm\u00eda. - Conexi\u00f3n 23\" \/>\n<meta property=\"og:description\" content=\"Fue identificado como L\u00edan Magdonal de 5 meses de edad,el bebe que falleci\u00f3 mientras dorm\u00eda. La madre quien responde al nombre de Erika Valdez (CHOCOLE) indic\u00f3 que acudi\u00f3 a ver a su ni\u00f1o y darle su leche como acostumbraba y se dio cuenta de que estaba morado.&nbsp; Fue entonces cuando avis\u00f3 r\u00e1pidamente, al padre Vincen [&hellip;]\" \/>\n<meta property=\"og:url\" content=\"https:\/\/conexion23.com\/?p=16897\" \/>\n<meta property=\"og:site_name\" content=\"Conexi\u00f3n 23\" \/>\n<meta property=\"article:publisher\" content=\"https:\/\/www.facebook.com\/conexion23com\" \/>\n<meta property=\"article:published_time\" content=\"2023-05-12T12:46:22+00:00\" \/>\n<meta property=\"article:modified_time\" content=\"2023-05-12T12:46:26+00:00\" \/>\n<meta name=\"author\" content=\"Raffy Ben\u00edtez\" \/>\n<meta name=\"twitter:card\" content=\"summary_large_image\" \/>\n<meta name=\"twitter:label1\" content=\"Escrito por\" \/>\n\t<meta name=\"twitter:data1\" content=\"Raffy Ben\u00edtez\" \/>\n\t<meta name=\"twitter:label2\" content=\"Tiempo de lectura\" \/>\n\t<meta name=\"twitter:data2\" content=\"1 minuto\" \/>\n<script type=\"application\/ld+json\" class=\"yoast-schema-graph\">{\"@context\":\"https:\\\/\\\/schema.org\",\"@graph\":[{\"@type\":\"Article\",\"@id\":\"https:\\\/\\\/conexion23.com\\\/?p=16897#article\",\"isPartOf\":{\"@id\":\"https:\\\/\\\/conexion23.com\\\/?p=16897\"},\"author\":{\"name\":\"Raffy Ben\u00edtez\",\"@id\":\"https:\\\/\\\/conexion23.com\\\/#\\\/schema\\\/person\\\/03e36043331117e97a373299bbcd30a6\"},\"headline\":\"En Sos\u00faa Muere bebe de 5 meses mientras dorm\u00eda.\",\"datePublished\":\"2023-05-12T12:46:22+00:00\",\"dateModified\":\"2023-05-12T12:46:26+00:00\",\"mainEntityOfPage\":{\"@id\":\"https:\\\/\\\/conexion23.com\\\/?p=16897\"},\"wordCount\":191,\"commentCount\":0,\"publisher\":{\"@id\":\"https:\\\/\\\/conexion23.com\\\/#organization\"},\"articleSection\":[\"Uncategorized\"],\"inLanguage\":\"es\",\"potentialAction\":[{\"@type\":\"CommentAction\",\"name\":\"Comment\",\"target\":[\"https:\\\/\\\/conexion23.com\\\/?p=16897#respond\"]}]},{\"@type\":\"WebPage\",\"@id\":\"https:\\\/\\\/conexion23.com\\\/?p=16897\",\"url\":\"https:\\\/\\\/conexion23.com\\\/?p=16897\",\"name\":\"En Sos\u00faa Muere bebe de 5 meses mientras dorm\u00eda. - Conexi\u00f3n 23\",\"isPartOf\":{\"@id\":\"https:\\\/\\\/conexion23.com\\\/#website\"},\"datePublished\":\"2023-05-12T12:46:22+00:00\",\"dateModified\":\"2023-05-12T12:46:26+00:00\",\"breadcrumb\":{\"@id\":\"https:\\\/\\\/conexion23.com\\\/?p=16897#breadcrumb\"},\"inLanguage\":\"es\",\"potentialAction\":[{\"@type\":\"ReadAction\",\"target\":[\"https:\\\/\\\/conexion23.com\\\/?p=16897\"]}]},{\"@type\":\"BreadcrumbList\",\"@id\":\"https:\\\/\\\/conexion23.com\\\/?p=16897#breadcrumb\",\"itemListElement\":[{\"@type\":\"ListItem\",\"position\":1,\"name\":\"Portada\",\"item\":\"https:\\\/\\\/conexion23.com\\\/\"},{\"@type\":\"ListItem\",\"position\":2,\"name\":\"En Sos\u00faa Muere bebe de 5 meses mientras dorm\u00eda.\"}]},{\"@type\":\"WebSite\",\"@id\":\"https:\\\/\\\/conexion23.com\\\/#website\",\"url\":\"https:\\\/\\\/conexion23.com\\\/\",\"name\":\"Conexi\u00f3n 23\",\"description\":\"Peri\u00f3dico 100% Petromacorisano\",\"publisher\":{\"@id\":\"https:\\\/\\\/conexion23.com\\\/#organization\"},\"potentialAction\":[{\"@type\":\"SearchAction\",\"target\":{\"@type\":\"EntryPoint\",\"urlTemplate\":\"https:\\\/\\\/conexion23.com\\\/?s={search_term_string}\"},\"query-input\":{\"@type\":\"PropertyValueSpecification\",\"valueRequired\":true,\"valueName\":\"search_term_string\"}}],\"inLanguage\":\"es\"},{\"@type\":\"Organization\",\"@id\":\"https:\\\/\\\/conexion23.com\\\/#organization\",\"name\":\"Conexion 23\",\"url\":\"https:\\\/\\\/conexion23.com\\\/\",\"logo\":{\"@type\":\"ImageObject\",\"inLanguage\":\"es\",\"@id\":\"https:\\\/\\\/conexion23.com\\\/#\\\/schema\\\/logo\\\/image\\\/\",\"url\":\"https:\\\/\\\/conexion23.com\\\/wp-content\\\/uploads\\\/2021\\\/11\\\/Diseno-sin-titulo-2.png\",\"contentUrl\":\"https:\\\/\\\/conexion23.com\\\/wp-content\\\/uploads\\\/2021\\\/11\\\/Diseno-sin-titulo-2.png\",\"width\":541,\"height\":90,\"caption\":\"Conexion 23\"},\"image\":{\"@id\":\"https:\\\/\\\/conexion23.com\\\/#\\\/schema\\\/logo\\\/image\\\/\"},\"sameAs\":[\"https:\\\/\\\/www.facebook.com\\\/conexion23com\",\"https:\\\/\\\/www.instagram.com\\\/conexion23com\\\/\",\"https:\\\/\\\/www.youtube.com\\\/channel\\\/UCYc7vxxFZMYLIHNsHHxPZ3Q\"]},{\"@type\":\"Person\",\"@id\":\"https:\\\/\\\/conexion23.com\\\/#\\\/schema\\\/person\\\/03e36043331117e97a373299bbcd30a6\",\"name\":\"Raffy Ben\u00edtez\",\"image\":{\"@type\":\"ImageObject\",\"inLanguage\":\"es\",\"@id\":\"https:\\\/\\\/secure.gravatar.com\\\/avatar\\\/3190a6a6c5e1b0327500f7d6c56b6242472ee6cb974cf09b401ee6b3b0798f23?s=96&d=mm&r=g\",\"url\":\"https:\\\/\\\/secure.gravatar.com\\\/avatar\\\/3190a6a6c5e1b0327500f7d6c56b6242472ee6cb974cf09b401ee6b3b0798f23?s=96&d=mm&r=g\",\"contentUrl\":\"https:\\\/\\\/secure.gravatar.com\\\/avatar\\\/3190a6a6c5e1b0327500f7d6c56b6242472ee6cb974cf09b401ee6b3b0798f23?s=96&d=mm&r=g\",\"caption\":\"Raffy Ben\u00edtez\"},\"url\":\"https:\\\/\\\/conexion23.com\\\/?author=15\"}]}<\/script>\n<!-- \/ Yoast SEO plugin. -->","yoast_head_json":{"title":"En Sos\u00faa Muere bebe de 5 meses mientras dorm\u00eda. - Conexi\u00f3n 23","robots":{"index":"index","follow":"follow","max-snippet":"max-snippet:-1","max-image-preview":"max-image-preview:large","max-video-preview":"max-video-preview:-1"},"canonical":"https:\/\/conexion23.com\/?p=16897","og_locale":"es_ES","og_type":"article","og_title":"En Sos\u00faa Muere bebe de 5 meses mientras dorm\u00eda. - Conexi\u00f3n 23","og_description":"Fue identificado como L\u00edan Magdonal de 5 meses de edad,el bebe que falleci\u00f3 mientras dorm\u00eda. La madre quien responde al nombre de Erika Valdez (CHOCOLE) indic\u00f3 que acudi\u00f3 a ver a su ni\u00f1o y darle su leche como acostumbraba y se dio cuenta de que estaba morado.&nbsp; Fue entonces cuando avis\u00f3 r\u00e1pidamente, al padre Vincen [&hellip;]","og_url":"https:\/\/conexion23.com\/?p=16897","og_site_name":"Conexi\u00f3n 23","article_publisher":"https:\/\/www.facebook.com\/conexion23com","article_published_time":"2023-05-12T12:46:22+00:00","article_modified_time":"2023-05-12T12:46:26+00:00","author":"Raffy Ben\u00edtez","twitter_card":"summary_large_image","twitter_misc":{"Escrito por":"Raffy Ben\u00edtez","Tiempo de lectura":"1 minuto"},"schema":{"@context":"https:\/\/schema.org","@graph":[{"@type":"Article","@id":"https:\/\/conexion23.com\/?p=16897#article","isPartOf":{"@id":"https:\/\/conexion23.com\/?p=16897"},"author":{"name":"Raffy Ben\u00edtez","@id":"https:\/\/conexion23.com\/#\/schema\/person\/03e36043331117e97a373299bbcd30a6"},"headline":"En Sos\u00faa Muere bebe de 5 meses mientras dorm\u00eda.","datePublished":"2023-05-12T12:46:22+00:00","dateModified":"2023-05-12T12:46:26+00:00","mainEntityOfPage":{"@id":"https:\/\/conexion23.com\/?p=16897"},"wordCount":191,"commentCount":0,"publisher":{"@id":"https:\/\/conexion23.com\/#organization"},"articleSection":["Uncategorized"],"inLanguage":"es","potentialAction":[{"@type":"CommentAction","name":"Comment","target":["https:\/\/conexion23.com\/?p=16897#respond"]}]},{"@type":"WebPage","@id":"https:\/\/conexion23.com\/?p=16897","url":"https:\/\/conexion23.com\/?p=16897","name":"En Sos\u00faa Muere bebe de 5 meses mientras dorm\u00eda. - Conexi\u00f3n 23","isPartOf":{"@id":"https:\/\/conexion23.com\/#website"},"datePublished":"2023-05-12T12:46:22+00:00","dateModified":"2023-05-12T12:46:26+00:00","breadcrumb":{"@id":"https:\/\/conexion23.com\/?p=16897#breadcrumb"},"inLanguage":"es","potentialAction":[{"@type":"ReadAction","target":["https:\/\/conexion23.com\/?p=16897"]}]},{"@type":"BreadcrumbList","@id":"https:\/\/conexion23.com\/?p=16897#breadcrumb","itemListElement":[{"@type":"ListItem","position":1,"name":"Portada","item":"https:\/\/conexion23.com\/"},{"@type":"ListItem","position":2,"name":"En Sos\u00faa Muere bebe de 5 meses mientras dorm\u00eda."}]},{"@type":"WebSite","@id":"https:\/\/conexion23.com\/#website","url":"https:\/\/conexion23.com\/","name":"Conexi\u00f3n 23","description":"Peri\u00f3dico 100% Petromacorisano","publisher":{"@id":"https:\/\/conexion23.com\/#organization"},"potentialAction":[{"@type":"SearchAction","target":{"@type":"EntryPoint","urlTemplate":"https:\/\/conexion23.com\/?s={search_term_string}"},"query-input":{"@type":"PropertyValueSpecification","valueRequired":true,"valueName":"search_term_string"}}],"inLanguage":"es"},{"@type":"Organization","@id":"https:\/\/conexion23.com\/#organization","name":"Conexion 23","url":"https:\/\/conexion23.com\/","logo":{"@type":"ImageObject","inLanguage":"es","@id":"https:\/\/conexion23.com\/#\/schema\/logo\/image\/","url":"https:\/\/conexion23.com\/wp-content\/uploads\/2021\/11\/Diseno-sin-titulo-2.png","contentUrl":"https:\/\/conexion23.com\/wp-content\/uploads\/2021\/11\/Diseno-sin-titulo-2.png","width":541,"height":90,"caption":"Conexion 23"},"image":{"@id":"https:\/\/conexion23.com\/#\/schema\/logo\/image\/"},"sameAs":["https:\/\/www.facebook.com\/conexion23com","https:\/\/www.instagram.com\/conexion23com\/","https:\/\/www.youtube.com\/channel\/UCYc7vxxFZMYLIHNsHHxPZ3Q"]},{"@type":"Person","@id":"https:\/\/conexion23.com\/#\/schema\/person\/03e36043331117e97a373299bbcd30a6","name":"Raffy Ben\u00edtez","image":{"@type":"ImageObject","inLanguage":"es","@id":"https:\/\/secure.gravatar.com\/avatar\/3190a6a6c5e1b0327500f7d6c56b6242472ee6cb974cf09b401ee6b3b0798f23?s=96&d=mm&r=g","url":"https:\/\/secure.gravatar.com\/avatar\/3190a6a6c5e1b0327500f7d6c56b6242472ee6cb974cf09b401ee6b3b0798f23?s=96&d=mm&r=g","contentUrl":"https:\/\/secure.gravatar.com\/avatar\/3190a6a6c5e1b0327500f7d6c56b6242472ee6cb974cf09b401ee6b3b0798f23?s=96&d=mm&r=g","caption":"Raffy Ben\u00edtez"},"url":"https:\/\/conexion23.com\/?author=15"}]}},"_links":{"self":[{"href":"https:\/\/conexion23.com\/index.php?rest_route=\/wp\/v2\/posts\/16897","targetHints":{"allow":["GET"]}}],"collection":[{"href":"https:\/\/conexion23.com\/index.php?rest_route=\/wp\/v2\/posts"}],"about":[{"href":"https:\/\/conexion23.com\/index.php?rest_route=\/wp\/v2\/types\/post"}],"author":[{"embeddable":true,"href":"https:\/\/conexion23.com\/index.php?rest_route=\/wp\/v2\/users\/15"}],"replies":[{"embeddable":true,"href":"https:\/\/conexion23.com\/index.php?rest_route=%2Fwp%2Fv2%2Fcomments&post=16897"}],"version-history":[{"count":1,"href":"https:\/\/conexion23.com\/index.php?rest_route=\/wp\/v2\/posts\/16897\/revisions"}],"predecessor-version":[{"id":16899,"href":"https:\/\/conexion23.com\/index.php?rest_route=\/wp\/v2\/posts\/16897\/revisions\/16899"}],"wp:attachment":[{"href":"https:\/\/conexion23.com\/index.php?rest_route=%2Fwp%2Fv2%2Fmedia&parent=16897"}],"wp:term":[{"taxonomy":"category","embeddable":true,"href":"https:\/\/conexion23.com\/index.php?rest_route=%2Fwp%2Fv2%2Fcategories&post=16897"},{"taxonomy":"post_tag","embeddable":true,"href":"https:\/\/conexion23.com\/index.php?rest_route=%2Fwp%2Fv2%2Ftags&post=16897"}],"curies":[{"name":"wp","href":"https:\/\/api.w.org\/{rel}","templated":true}]}}