{"id":16903,"date":"2023-05-12T09:14:45","date_gmt":"2023-05-12T13:14:45","guid":{"rendered":"https:\/\/conexion23.com\/?p=16903"},"modified":"2023-05-12T09:14:49","modified_gmt":"2023-05-12T13:14:49","slug":"eeuu-expulso-a-mas-de-60-000-migrantes-a-guatemala-bajo-el-titulo-42","status":"publish","type":"post","link":"https:\/\/conexion23.com\/?p=16903","title":{"rendered":"EEUU expuls\u00f3 a m\u00e1s de 60.000 migrantes a Guatemala bajo el T\u00edtulo 42"},"content":{"rendered":"\n<p class=\"wp-block-paragraph\"><strong>Ciudad de Guatemala<\/strong>.- Guatemala recibi\u00f3 este jueves los \u00faltimos dos vuelos de migrantes deportados desde Estados Unidos bajo el T\u00edtulo 42, de expulsi\u00f3n inmediata, que perder\u00e1 vigencia esta medianoche y bajo el cual fueron retornados 61.434 personas del pa\u00eds centroamericano durante los \u00faltimos tres a\u00f1os.<\/p>\n\n\n\n<p class=\"wp-block-paragraph\">Los \u00faltimos 257 expulsados bajo el T\u00edtulo 42 aterrizaron en Guatemala este jueves al filo del mediod\u00eda en dos vuelos procedentes de Louisiana (EE.UU.), seg\u00fan inform\u00f3 el Instituto Guatemalteco de Migraci\u00f3n (IGM).<\/p>\n\n\n\n<p class=\"wp-block-paragraph\">La norma sanitaria estuvo vigente desde marzo de 2020, desde que el Gobierno de Donald Trump la impuso debido a la emergencia de la pandemia de la covid-19.<\/p>\n\n\n\n<p class=\"wp-block-paragraph\">Entre los migrantes deportados este jueves se encontraban 73 menores de edad, de acuerdo con datos oficiales.<\/p>\n\n\n\n<p class=\"wp-block-paragraph\">Estados Unidos utiliz\u00f3, desde marzo de 2021 y hasta este jueves, un total de 541 vuelos para retornar a los m\u00e1s de 60.000 guatemaltecos a su pa\u00eds de origen.<\/p>\n\n\n\n<h2 class=\"wp-block-heading\" id=\"h-nuevas-normas-migratorias\">NUEVAS NORMAS MIGRATORIAS<\/h2>\n\n\n\n<p class=\"wp-block-paragraph\">Con la p\u00e9rdida de vigencia del T\u00edtulo 42, la seguridad migratoria de Estados Unidos ser\u00e1 regida por la medida tradicional migratoria que impone castigos m\u00e1s severos como apertura de juicio penal por ingresar de forma irregular al pa\u00eds norteamericano.<\/p>\n\n\n\n<p class=\"wp-block-paragraph\">Adem\u00e1s, Estados Unidos anunci\u00f3 la creaci\u00f3n de centros de procesamiento de migrantes en Guatemala y Colombia para reducir la llegada a su frontera con M\u00e9xico, despu\u00e9s del fin del T\u00edtulo 42.<\/p>\n\n\n\n<p class=\"wp-block-paragraph\">Durante 2022, Estados Unidos expuls\u00f3 a 40.713 guatemaltecos, un aumento del 128 % en comparaci\u00f3n con 2021, cuando fueron deportadas 17.806 personas.<\/p>\n\n\n\n<p class=\"wp-block-paragraph\">Cada a\u00f1o unos 300.000 guatemaltecos intentan emigrar a Estados Unidos en busca de mejores condiciones de vida para huir de la pobreza y violencia que azotan al pa\u00eds centroamericano, seg\u00fan estimaciones de expertos.<\/p>\n","protected":false},"excerpt":{"rendered":"<p>Ciudad de Guatemala.- Guatemala recibi\u00f3 este jueves los \u00faltimos dos vuelos de migrantes deportados desde Estados Unidos bajo el T\u00edtulo 42, de expulsi\u00f3n inmediata, que perder\u00e1 vigencia esta medianoche y bajo el cual fueron retornados 61.434 personas del pa\u00eds centroamericano durante los \u00faltimos tres a\u00f1os. Los \u00faltimos 257 expulsados bajo el T\u00edtulo 42 aterrizaron en [&hellip;]<\/p>\n","protected":false},"author":15,"featured_media":0,"comment_status":"open","ping_status":"open","sticky":false,"template":"","format":"standard","meta":{"footnotes":""},"categories":[1],"tags":[],"class_list":["post-16903","post","type-post","status-publish","format-standard","category-uncategorized"],"yoast_head":"<!-- This site is optimized with the Yoast SEO plugin v27.6 - https:\/\/yoast.com\/product\/yoast-seo-wordpress\/ -->\n<title>EEUU expuls\u00f3 a m\u00e1s de 60.000 migrantes a Guatemala bajo el T\u00edtulo 42 - Conexi\u00f3n 23<\/title>\n<meta name=\"robots\" content=\"index, follow, max-snippet:-1, max-image-preview:large, max-video-preview:-1\" \/>\n<link rel=\"canonical\" href=\"https:\/\/conexion23.com\/?p=16903\" \/>\n<meta property=\"og:locale\" content=\"es_ES\" \/>\n<meta property=\"og:type\" content=\"article\" \/>\n<meta property=\"og:title\" content=\"EEUU expuls\u00f3 a m\u00e1s de 60.000 migrantes a Guatemala bajo el T\u00edtulo 42 - Conexi\u00f3n 23\" \/>\n<meta property=\"og:description\" content=\"Ciudad de Guatemala.- Guatemala recibi\u00f3 este jueves los \u00faltimos dos vuelos de migrantes deportados desde Estados Unidos bajo el T\u00edtulo 42, de expulsi\u00f3n inmediata, que perder\u00e1 vigencia esta medianoche y bajo el cual fueron retornados 61.434 personas del pa\u00eds centroamericano durante los \u00faltimos tres a\u00f1os. Los \u00faltimos 257 expulsados bajo el T\u00edtulo 42 aterrizaron en [&hellip;]\" \/>\n<meta property=\"og:url\" content=\"https:\/\/conexion23.com\/?p=16903\" \/>\n<meta property=\"og:site_name\" content=\"Conexi\u00f3n 23\" \/>\n<meta property=\"article:publisher\" content=\"https:\/\/www.facebook.com\/conexion23com\" \/>\n<meta property=\"article:published_time\" content=\"2023-05-12T13:14:45+00:00\" \/>\n<meta property=\"article:modified_time\" content=\"2023-05-12T13:14:49+00:00\" \/>\n<meta name=\"author\" content=\"Raffy Ben\u00edtez\" \/>\n<meta name=\"twitter:card\" content=\"summary_large_image\" \/>\n<meta name=\"twitter:label1\" content=\"Escrito por\" \/>\n\t<meta name=\"twitter:data1\" content=\"Raffy Ben\u00edtez\" \/>\n\t<meta name=\"twitter:label2\" content=\"Tiempo de lectura\" \/>\n\t<meta name=\"twitter:data2\" content=\"2 minutos\" \/>\n<script type=\"application\/ld+json\" class=\"yoast-schema-graph\">{\"@context\":\"https:\\\/\\\/schema.org\",\"@graph\":[{\"@type\":\"Article\",\"@id\":\"https:\\\/\\\/conexion23.com\\\/?p=16903#article\",\"isPartOf\":{\"@id\":\"https:\\\/\\\/conexion23.com\\\/?p=16903\"},\"author\":{\"name\":\"Raffy Ben\u00edtez\",\"@id\":\"https:\\\/\\\/conexion23.com\\\/#\\\/schema\\\/person\\\/03e36043331117e97a373299bbcd30a6\"},\"headline\":\"EEUU expuls\u00f3 a m\u00e1s de 60.000 migrantes a Guatemala bajo el T\u00edtulo 42\",\"datePublished\":\"2023-05-12T13:14:45+00:00\",\"dateModified\":\"2023-05-12T13:14:49+00:00\",\"mainEntityOfPage\":{\"@id\":\"https:\\\/\\\/conexion23.com\\\/?p=16903\"},\"wordCount\":299,\"commentCount\":0,\"publisher\":{\"@id\":\"https:\\\/\\\/conexion23.com\\\/#organization\"},\"articleSection\":[\"Uncategorized\"],\"inLanguage\":\"es\",\"potentialAction\":[{\"@type\":\"CommentAction\",\"name\":\"Comment\",\"target\":[\"https:\\\/\\\/conexion23.com\\\/?p=16903#respond\"]}]},{\"@type\":\"WebPage\",\"@id\":\"https:\\\/\\\/conexion23.com\\\/?p=16903\",\"url\":\"https:\\\/\\\/conexion23.com\\\/?p=16903\",\"name\":\"EEUU expuls\u00f3 a m\u00e1s de 60.000 migrantes a Guatemala bajo el T\u00edtulo 42 - Conexi\u00f3n 23\",\"isPartOf\":{\"@id\":\"https:\\\/\\\/conexion23.com\\\/#website\"},\"datePublished\":\"2023-05-12T13:14:45+00:00\",\"dateModified\":\"2023-05-12T13:14:49+00:00\",\"breadcrumb\":{\"@id\":\"https:\\\/\\\/conexion23.com\\\/?p=16903#breadcrumb\"},\"inLanguage\":\"es\",\"potentialAction\":[{\"@type\":\"ReadAction\",\"target\":[\"https:\\\/\\\/conexion23.com\\\/?p=16903\"]}]},{\"@type\":\"BreadcrumbList\",\"@id\":\"https:\\\/\\\/conexion23.com\\\/?p=16903#breadcrumb\",\"itemListElement\":[{\"@type\":\"ListItem\",\"position\":1,\"name\":\"Portada\",\"item\":\"https:\\\/\\\/conexion23.com\\\/\"},{\"@type\":\"ListItem\",\"position\":2,\"name\":\"EEUU expuls\u00f3 a m\u00e1s de 60.000 migrantes a Guatemala bajo el T\u00edtulo 42\"}]},{\"@type\":\"WebSite\",\"@id\":\"https:\\\/\\\/conexion23.com\\\/#website\",\"url\":\"https:\\\/\\\/conexion23.com\\\/\",\"name\":\"Conexi\u00f3n 23\",\"description\":\"Peri\u00f3dico 100% Petromacorisano\",\"publisher\":{\"@id\":\"https:\\\/\\\/conexion23.com\\\/#organization\"},\"potentialAction\":[{\"@type\":\"SearchAction\",\"target\":{\"@type\":\"EntryPoint\",\"urlTemplate\":\"https:\\\/\\\/conexion23.com\\\/?s={search_term_string}\"},\"query-input\":{\"@type\":\"PropertyValueSpecification\",\"valueRequired\":true,\"valueName\":\"search_term_string\"}}],\"inLanguage\":\"es\"},{\"@type\":\"Organization\",\"@id\":\"https:\\\/\\\/conexion23.com\\\/#organization\",\"name\":\"Conexion 23\",\"url\":\"https:\\\/\\\/conexion23.com\\\/\",\"logo\":{\"@type\":\"ImageObject\",\"inLanguage\":\"es\",\"@id\":\"https:\\\/\\\/conexion23.com\\\/#\\\/schema\\\/logo\\\/image\\\/\",\"url\":\"https:\\\/\\\/conexion23.com\\\/wp-content\\\/uploads\\\/2021\\\/11\\\/Diseno-sin-titulo-2.png\",\"contentUrl\":\"https:\\\/\\\/conexion23.com\\\/wp-content\\\/uploads\\\/2021\\\/11\\\/Diseno-sin-titulo-2.png\",\"width\":541,\"height\":90,\"caption\":\"Conexion 23\"},\"image\":{\"@id\":\"https:\\\/\\\/conexion23.com\\\/#\\\/schema\\\/logo\\\/image\\\/\"},\"sameAs\":[\"https:\\\/\\\/www.facebook.com\\\/conexion23com\",\"https:\\\/\\\/www.instagram.com\\\/conexion23com\\\/\",\"https:\\\/\\\/www.youtube.com\\\/channel\\\/UCYc7vxxFZMYLIHNsHHxPZ3Q\"]},{\"@type\":\"Person\",\"@id\":\"https:\\\/\\\/conexion23.com\\\/#\\\/schema\\\/person\\\/03e36043331117e97a373299bbcd30a6\",\"name\":\"Raffy Ben\u00edtez\",\"image\":{\"@type\":\"ImageObject\",\"inLanguage\":\"es\",\"@id\":\"https:\\\/\\\/secure.gravatar.com\\\/avatar\\\/3190a6a6c5e1b0327500f7d6c56b6242472ee6cb974cf09b401ee6b3b0798f23?s=96&d=mm&r=g\",\"url\":\"https:\\\/\\\/secure.gravatar.com\\\/avatar\\\/3190a6a6c5e1b0327500f7d6c56b6242472ee6cb974cf09b401ee6b3b0798f23?s=96&d=mm&r=g\",\"contentUrl\":\"https:\\\/\\\/secure.gravatar.com\\\/avatar\\\/3190a6a6c5e1b0327500f7d6c56b6242472ee6cb974cf09b401ee6b3b0798f23?s=96&d=mm&r=g\",\"caption\":\"Raffy Ben\u00edtez\"},\"url\":\"https:\\\/\\\/conexion23.com\\\/?author=15\"}]}<\/script>\n<!-- \/ Yoast SEO plugin. -->","yoast_head_json":{"title":"EEUU expuls\u00f3 a m\u00e1s de 60.000 migrantes a Guatemala bajo el T\u00edtulo 42 - Conexi\u00f3n 23","robots":{"index":"index","follow":"follow","max-snippet":"max-snippet:-1","max-image-preview":"max-image-preview:large","max-video-preview":"max-video-preview:-1"},"canonical":"https:\/\/conexion23.com\/?p=16903","og_locale":"es_ES","og_type":"article","og_title":"EEUU expuls\u00f3 a m\u00e1s de 60.000 migrantes a Guatemala bajo el T\u00edtulo 42 - Conexi\u00f3n 23","og_description":"Ciudad de Guatemala.- Guatemala recibi\u00f3 este jueves los \u00faltimos dos vuelos de migrantes deportados desde Estados Unidos bajo el T\u00edtulo 42, de expulsi\u00f3n inmediata, que perder\u00e1 vigencia esta medianoche y bajo el cual fueron retornados 61.434 personas del pa\u00eds centroamericano durante los \u00faltimos tres a\u00f1os. Los \u00faltimos 257 expulsados bajo el T\u00edtulo 42 aterrizaron en [&hellip;]","og_url":"https:\/\/conexion23.com\/?p=16903","og_site_name":"Conexi\u00f3n 23","article_publisher":"https:\/\/www.facebook.com\/conexion23com","article_published_time":"2023-05-12T13:14:45+00:00","article_modified_time":"2023-05-12T13:14:49+00:00","author":"Raffy Ben\u00edtez","twitter_card":"summary_large_image","twitter_misc":{"Escrito por":"Raffy Ben\u00edtez","Tiempo de lectura":"2 minutos"},"schema":{"@context":"https:\/\/schema.org","@graph":[{"@type":"Article","@id":"https:\/\/conexion23.com\/?p=16903#article","isPartOf":{"@id":"https:\/\/conexion23.com\/?p=16903"},"author":{"name":"Raffy Ben\u00edtez","@id":"https:\/\/conexion23.com\/#\/schema\/person\/03e36043331117e97a373299bbcd30a6"},"headline":"EEUU expuls\u00f3 a m\u00e1s de 60.000 migrantes a Guatemala bajo el T\u00edtulo 42","datePublished":"2023-05-12T13:14:45+00:00","dateModified":"2023-05-12T13:14:49+00:00","mainEntityOfPage":{"@id":"https:\/\/conexion23.com\/?p=16903"},"wordCount":299,"commentCount":0,"publisher":{"@id":"https:\/\/conexion23.com\/#organization"},"articleSection":["Uncategorized"],"inLanguage":"es","potentialAction":[{"@type":"CommentAction","name":"Comment","target":["https:\/\/conexion23.com\/?p=16903#respond"]}]},{"@type":"WebPage","@id":"https:\/\/conexion23.com\/?p=16903","url":"https:\/\/conexion23.com\/?p=16903","name":"EEUU expuls\u00f3 a m\u00e1s de 60.000 migrantes a Guatemala bajo el T\u00edtulo 42 - Conexi\u00f3n 23","isPartOf":{"@id":"https:\/\/conexion23.com\/#website"},"datePublished":"2023-05-12T13:14:45+00:00","dateModified":"2023-05-12T13:14:49+00:00","breadcrumb":{"@id":"https:\/\/conexion23.com\/?p=16903#breadcrumb"},"inLanguage":"es","potentialAction":[{"@type":"ReadAction","target":["https:\/\/conexion23.com\/?p=16903"]}]},{"@type":"BreadcrumbList","@id":"https:\/\/conexion23.com\/?p=16903#breadcrumb","itemListElement":[{"@type":"ListItem","position":1,"name":"Portada","item":"https:\/\/conexion23.com\/"},{"@type":"ListItem","position":2,"name":"EEUU expuls\u00f3 a m\u00e1s de 60.000 migrantes a Guatemala bajo el T\u00edtulo 42"}]},{"@type":"WebSite","@id":"https:\/\/conexion23.com\/#website","url":"https:\/\/conexion23.com\/","name":"Conexi\u00f3n 23","description":"Peri\u00f3dico 100% Petromacorisano","publisher":{"@id":"https:\/\/conexion23.com\/#organization"},"potentialAction":[{"@type":"SearchAction","target":{"@type":"EntryPoint","urlTemplate":"https:\/\/conexion23.com\/?s={search_term_string}"},"query-input":{"@type":"PropertyValueSpecification","valueRequired":true,"valueName":"search_term_string"}}],"inLanguage":"es"},{"@type":"Organization","@id":"https:\/\/conexion23.com\/#organization","name":"Conexion 23","url":"https:\/\/conexion23.com\/","logo":{"@type":"ImageObject","inLanguage":"es","@id":"https:\/\/conexion23.com\/#\/schema\/logo\/image\/","url":"https:\/\/conexion23.com\/wp-content\/uploads\/2021\/11\/Diseno-sin-titulo-2.png","contentUrl":"https:\/\/conexion23.com\/wp-content\/uploads\/2021\/11\/Diseno-sin-titulo-2.png","width":541,"height":90,"caption":"Conexion 23"},"image":{"@id":"https:\/\/conexion23.com\/#\/schema\/logo\/image\/"},"sameAs":["https:\/\/www.facebook.com\/conexion23com","https:\/\/www.instagram.com\/conexion23com\/","https:\/\/www.youtube.com\/channel\/UCYc7vxxFZMYLIHNsHHxPZ3Q"]},{"@type":"Person","@id":"https:\/\/conexion23.com\/#\/schema\/person\/03e36043331117e97a373299bbcd30a6","name":"Raffy Ben\u00edtez","image":{"@type":"ImageObject","inLanguage":"es","@id":"https:\/\/secure.gravatar.com\/avatar\/3190a6a6c5e1b0327500f7d6c56b6242472ee6cb974cf09b401ee6b3b0798f23?s=96&d=mm&r=g","url":"https:\/\/secure.gravatar.com\/avatar\/3190a6a6c5e1b0327500f7d6c56b6242472ee6cb974cf09b401ee6b3b0798f23?s=96&d=mm&r=g","contentUrl":"https:\/\/secure.gravatar.com\/avatar\/3190a6a6c5e1b0327500f7d6c56b6242472ee6cb974cf09b401ee6b3b0798f23?s=96&d=mm&r=g","caption":"Raffy Ben\u00edtez"},"url":"https:\/\/conexion23.com\/?author=15"}]}},"_links":{"self":[{"href":"https:\/\/conexion23.com\/index.php?rest_route=\/wp\/v2\/posts\/16903","targetHints":{"allow":["GET"]}}],"collection":[{"href":"https:\/\/conexion23.com\/index.php?rest_route=\/wp\/v2\/posts"}],"about":[{"href":"https:\/\/conexion23.com\/index.php?rest_route=\/wp\/v2\/types\/post"}],"author":[{"embeddable":true,"href":"https:\/\/conexion23.com\/index.php?rest_route=\/wp\/v2\/users\/15"}],"replies":[{"embeddable":true,"href":"https:\/\/conexion23.com\/index.php?rest_route=%2Fwp%2Fv2%2Fcomments&post=16903"}],"version-history":[{"count":1,"href":"https:\/\/conexion23.com\/index.php?rest_route=\/wp\/v2\/posts\/16903\/revisions"}],"predecessor-version":[{"id":16905,"href":"https:\/\/conexion23.com\/index.php?rest_route=\/wp\/v2\/posts\/16903\/revisions\/16905"}],"wp:attachment":[{"href":"https:\/\/conexion23.com\/index.php?rest_route=%2Fwp%2Fv2%2Fmedia&parent=16903"}],"wp:term":[{"taxonomy":"category","embeddable":true,"href":"https:\/\/conexion23.com\/index.php?rest_route=%2Fwp%2Fv2%2Fcategories&post=16903"},{"taxonomy":"post_tag","embeddable":true,"href":"https:\/\/conexion23.com\/index.php?rest_route=%2Fwp%2Fv2%2Ftags&post=16903"}],"curies":[{"name":"wp","href":"https:\/\/api.w.org\/{rel}","templated":true}]}}