{"id":16931,"date":"2023-05-13T07:41:32","date_gmt":"2023-05-13T11:41:32","guid":{"rendered":"https:\/\/conexion23.com\/?p=16931"},"modified":"2023-05-13T07:41:38","modified_gmt":"2023-05-13T11:41:38","slug":"saquean-carro-de-periodista-nelson-mateo-y-este-dice-en-la-pn-no-recibieron-su-denuncia","status":"publish","type":"post","link":"https:\/\/conexion23.com\/?p=16931","title":{"rendered":"Saquean carro de periodista Nelson Mateo y este dice en la PN no recibieron su denuncia."},"content":{"rendered":"\n<h2 class=\"wp-block-heading\">Delincuentes violentaron el veh\u00edculo del periodista Nelson Mateo y le robaron una serie de documentos personales, una laptops y dinero en efectivo .<\/h2>\n\n\n\n<h2 class=\"wp-block-heading\">El comunicador, previamente hab\u00eda estacionado su veh\u00edculo en la calle primera intersecci\u00f3n avenida Independencia para acudir a una cita m\u00e9dica en la Cl\u00ednica Independencia y al regreso, junto a sus hijos y esposa, encontr\u00f3 el veh\u00edculo con el cristal trasero destrozado y todo el interior saqueado.<\/h2>\n\n\n\n<h2 class=\"wp-block-heading\">Dos patrulleros de la Polic\u00eda Nacional pasaron por el lugar e hicieron una r\u00e1pida revisi\u00f3n en todo el entorno pero no hallaron ning\u00fan sospechoso.<\/h2>\n\n\n\n<h2 class=\"wp-block-heading\">El periodista de inmediato se traslad\u00f3 hasta el Plan Piloto, destacamento m\u00e1s cercano, pero no recibieron la querella porque ,seg\u00fan explic\u00f3 un agente, el oficial Valenzuela del DICRIM ya se hab\u00eda marchado a su residencia, pasada las 8:00 PM del viernes, cuando ocurri\u00f3 el robo al periodista de RNN canal 27 .<\/h2>\n\n\n\n<h2 class=\"wp-block-heading\"><\/h2>\n","protected":false},"excerpt":{"rendered":"<p>Delincuentes violentaron el veh\u00edculo del periodista Nelson Mateo y le robaron una serie de documentos personales, una laptops y dinero en efectivo . El comunicador, previamente hab\u00eda estacionado su veh\u00edculo en la calle primera intersecci\u00f3n avenida Independencia para acudir a una cita m\u00e9dica en la Cl\u00ednica Independencia y al regreso, junto a sus hijos y [&hellip;]<\/p>\n","protected":false},"author":15,"featured_media":0,"comment_status":"open","ping_status":"open","sticky":false,"template":"","format":"standard","meta":{"footnotes":""},"categories":[1],"tags":[],"class_list":["post-16931","post","type-post","status-publish","format-standard","category-uncategorized"],"yoast_head":"<!-- This site is optimized with the Yoast SEO plugin v27.6 - https:\/\/yoast.com\/product\/yoast-seo-wordpress\/ -->\n<title>Saquean carro de periodista Nelson Mateo y este dice en la PN no recibieron su denuncia. - Conexi\u00f3n 23<\/title>\n<meta name=\"robots\" content=\"index, follow, max-snippet:-1, max-image-preview:large, max-video-preview:-1\" \/>\n<link rel=\"canonical\" href=\"https:\/\/conexion23.com\/?p=16931\" \/>\n<meta property=\"og:locale\" content=\"es_ES\" \/>\n<meta property=\"og:type\" content=\"article\" \/>\n<meta property=\"og:title\" content=\"Saquean carro de periodista Nelson Mateo y este dice en la PN no recibieron su denuncia. - Conexi\u00f3n 23\" \/>\n<meta property=\"og:description\" content=\"Delincuentes violentaron el veh\u00edculo del periodista Nelson Mateo y le robaron una serie de documentos personales, una laptops y dinero en efectivo . El comunicador, previamente hab\u00eda estacionado su veh\u00edculo en la calle primera intersecci\u00f3n avenida Independencia para acudir a una cita m\u00e9dica en la Cl\u00ednica Independencia y al regreso, junto a sus hijos y [&hellip;]\" \/>\n<meta property=\"og:url\" content=\"https:\/\/conexion23.com\/?p=16931\" \/>\n<meta property=\"og:site_name\" content=\"Conexi\u00f3n 23\" \/>\n<meta property=\"article:publisher\" content=\"https:\/\/www.facebook.com\/conexion23com\" \/>\n<meta property=\"article:published_time\" content=\"2023-05-13T11:41:32+00:00\" \/>\n<meta property=\"article:modified_time\" content=\"2023-05-13T11:41:38+00:00\" \/>\n<meta name=\"author\" content=\"Raffy Ben\u00edtez\" \/>\n<meta name=\"twitter:card\" content=\"summary_large_image\" \/>\n<meta name=\"twitter:label1\" content=\"Escrito por\" \/>\n\t<meta name=\"twitter:data1\" content=\"Raffy Ben\u00edtez\" \/>\n\t<meta name=\"twitter:label2\" content=\"Tiempo de lectura\" \/>\n\t<meta name=\"twitter:data2\" content=\"1 minuto\" \/>\n<script type=\"application\/ld+json\" class=\"yoast-schema-graph\">{\"@context\":\"https:\\\/\\\/schema.org\",\"@graph\":[{\"@type\":\"Article\",\"@id\":\"https:\\\/\\\/conexion23.com\\\/?p=16931#article\",\"isPartOf\":{\"@id\":\"https:\\\/\\\/conexion23.com\\\/?p=16931\"},\"author\":{\"name\":\"Raffy Ben\u00edtez\",\"@id\":\"https:\\\/\\\/conexion23.com\\\/#\\\/schema\\\/person\\\/03e36043331117e97a373299bbcd30a6\"},\"headline\":\"Saquean carro de periodista Nelson Mateo y este dice en la PN no recibieron su denuncia.\",\"datePublished\":\"2023-05-13T11:41:32+00:00\",\"dateModified\":\"2023-05-13T11:41:38+00:00\",\"mainEntityOfPage\":{\"@id\":\"https:\\\/\\\/conexion23.com\\\/?p=16931\"},\"wordCount\":171,\"commentCount\":0,\"publisher\":{\"@id\":\"https:\\\/\\\/conexion23.com\\\/#organization\"},\"articleSection\":[\"Uncategorized\"],\"inLanguage\":\"es\",\"potentialAction\":[{\"@type\":\"CommentAction\",\"name\":\"Comment\",\"target\":[\"https:\\\/\\\/conexion23.com\\\/?p=16931#respond\"]}]},{\"@type\":\"WebPage\",\"@id\":\"https:\\\/\\\/conexion23.com\\\/?p=16931\",\"url\":\"https:\\\/\\\/conexion23.com\\\/?p=16931\",\"name\":\"Saquean carro de periodista Nelson Mateo y este dice en la PN no recibieron su denuncia. - Conexi\u00f3n 23\",\"isPartOf\":{\"@id\":\"https:\\\/\\\/conexion23.com\\\/#website\"},\"datePublished\":\"2023-05-13T11:41:32+00:00\",\"dateModified\":\"2023-05-13T11:41:38+00:00\",\"breadcrumb\":{\"@id\":\"https:\\\/\\\/conexion23.com\\\/?p=16931#breadcrumb\"},\"inLanguage\":\"es\",\"potentialAction\":[{\"@type\":\"ReadAction\",\"target\":[\"https:\\\/\\\/conexion23.com\\\/?p=16931\"]}]},{\"@type\":\"BreadcrumbList\",\"@id\":\"https:\\\/\\\/conexion23.com\\\/?p=16931#breadcrumb\",\"itemListElement\":[{\"@type\":\"ListItem\",\"position\":1,\"name\":\"Portada\",\"item\":\"https:\\\/\\\/conexion23.com\\\/\"},{\"@type\":\"ListItem\",\"position\":2,\"name\":\"Saquean carro de periodista Nelson Mateo y este dice en la PN no recibieron su denuncia.\"}]},{\"@type\":\"WebSite\",\"@id\":\"https:\\\/\\\/conexion23.com\\\/#website\",\"url\":\"https:\\\/\\\/conexion23.com\\\/\",\"name\":\"Conexi\u00f3n 23\",\"description\":\"Peri\u00f3dico 100% Petromacorisano\",\"publisher\":{\"@id\":\"https:\\\/\\\/conexion23.com\\\/#organization\"},\"potentialAction\":[{\"@type\":\"SearchAction\",\"target\":{\"@type\":\"EntryPoint\",\"urlTemplate\":\"https:\\\/\\\/conexion23.com\\\/?s={search_term_string}\"},\"query-input\":{\"@type\":\"PropertyValueSpecification\",\"valueRequired\":true,\"valueName\":\"search_term_string\"}}],\"inLanguage\":\"es\"},{\"@type\":\"Organization\",\"@id\":\"https:\\\/\\\/conexion23.com\\\/#organization\",\"name\":\"Conexion 23\",\"url\":\"https:\\\/\\\/conexion23.com\\\/\",\"logo\":{\"@type\":\"ImageObject\",\"inLanguage\":\"es\",\"@id\":\"https:\\\/\\\/conexion23.com\\\/#\\\/schema\\\/logo\\\/image\\\/\",\"url\":\"https:\\\/\\\/conexion23.com\\\/wp-content\\\/uploads\\\/2021\\\/11\\\/Diseno-sin-titulo-2.png\",\"contentUrl\":\"https:\\\/\\\/conexion23.com\\\/wp-content\\\/uploads\\\/2021\\\/11\\\/Diseno-sin-titulo-2.png\",\"width\":541,\"height\":90,\"caption\":\"Conexion 23\"},\"image\":{\"@id\":\"https:\\\/\\\/conexion23.com\\\/#\\\/schema\\\/logo\\\/image\\\/\"},\"sameAs\":[\"https:\\\/\\\/www.facebook.com\\\/conexion23com\",\"https:\\\/\\\/www.instagram.com\\\/conexion23com\\\/\",\"https:\\\/\\\/www.youtube.com\\\/channel\\\/UCYc7vxxFZMYLIHNsHHxPZ3Q\"]},{\"@type\":\"Person\",\"@id\":\"https:\\\/\\\/conexion23.com\\\/#\\\/schema\\\/person\\\/03e36043331117e97a373299bbcd30a6\",\"name\":\"Raffy Ben\u00edtez\",\"image\":{\"@type\":\"ImageObject\",\"inLanguage\":\"es\",\"@id\":\"https:\\\/\\\/secure.gravatar.com\\\/avatar\\\/3190a6a6c5e1b0327500f7d6c56b6242472ee6cb974cf09b401ee6b3b0798f23?s=96&d=mm&r=g\",\"url\":\"https:\\\/\\\/secure.gravatar.com\\\/avatar\\\/3190a6a6c5e1b0327500f7d6c56b6242472ee6cb974cf09b401ee6b3b0798f23?s=96&d=mm&r=g\",\"contentUrl\":\"https:\\\/\\\/secure.gravatar.com\\\/avatar\\\/3190a6a6c5e1b0327500f7d6c56b6242472ee6cb974cf09b401ee6b3b0798f23?s=96&d=mm&r=g\",\"caption\":\"Raffy Ben\u00edtez\"},\"url\":\"https:\\\/\\\/conexion23.com\\\/?author=15\"}]}<\/script>\n<!-- \/ Yoast SEO plugin. -->","yoast_head_json":{"title":"Saquean carro de periodista Nelson Mateo y este dice en la PN no recibieron su denuncia. - Conexi\u00f3n 23","robots":{"index":"index","follow":"follow","max-snippet":"max-snippet:-1","max-image-preview":"max-image-preview:large","max-video-preview":"max-video-preview:-1"},"canonical":"https:\/\/conexion23.com\/?p=16931","og_locale":"es_ES","og_type":"article","og_title":"Saquean carro de periodista Nelson Mateo y este dice en la PN no recibieron su denuncia. - Conexi\u00f3n 23","og_description":"Delincuentes violentaron el veh\u00edculo del periodista Nelson Mateo y le robaron una serie de documentos personales, una laptops y dinero en efectivo . El comunicador, previamente hab\u00eda estacionado su veh\u00edculo en la calle primera intersecci\u00f3n avenida Independencia para acudir a una cita m\u00e9dica en la Cl\u00ednica Independencia y al regreso, junto a sus hijos y [&hellip;]","og_url":"https:\/\/conexion23.com\/?p=16931","og_site_name":"Conexi\u00f3n 23","article_publisher":"https:\/\/www.facebook.com\/conexion23com","article_published_time":"2023-05-13T11:41:32+00:00","article_modified_time":"2023-05-13T11:41:38+00:00","author":"Raffy Ben\u00edtez","twitter_card":"summary_large_image","twitter_misc":{"Escrito por":"Raffy Ben\u00edtez","Tiempo de lectura":"1 minuto"},"schema":{"@context":"https:\/\/schema.org","@graph":[{"@type":"Article","@id":"https:\/\/conexion23.com\/?p=16931#article","isPartOf":{"@id":"https:\/\/conexion23.com\/?p=16931"},"author":{"name":"Raffy Ben\u00edtez","@id":"https:\/\/conexion23.com\/#\/schema\/person\/03e36043331117e97a373299bbcd30a6"},"headline":"Saquean carro de periodista Nelson Mateo y este dice en la PN no recibieron su denuncia.","datePublished":"2023-05-13T11:41:32+00:00","dateModified":"2023-05-13T11:41:38+00:00","mainEntityOfPage":{"@id":"https:\/\/conexion23.com\/?p=16931"},"wordCount":171,"commentCount":0,"publisher":{"@id":"https:\/\/conexion23.com\/#organization"},"articleSection":["Uncategorized"],"inLanguage":"es","potentialAction":[{"@type":"CommentAction","name":"Comment","target":["https:\/\/conexion23.com\/?p=16931#respond"]}]},{"@type":"WebPage","@id":"https:\/\/conexion23.com\/?p=16931","url":"https:\/\/conexion23.com\/?p=16931","name":"Saquean carro de periodista Nelson Mateo y este dice en la PN no recibieron su denuncia. - Conexi\u00f3n 23","isPartOf":{"@id":"https:\/\/conexion23.com\/#website"},"datePublished":"2023-05-13T11:41:32+00:00","dateModified":"2023-05-13T11:41:38+00:00","breadcrumb":{"@id":"https:\/\/conexion23.com\/?p=16931#breadcrumb"},"inLanguage":"es","potentialAction":[{"@type":"ReadAction","target":["https:\/\/conexion23.com\/?p=16931"]}]},{"@type":"BreadcrumbList","@id":"https:\/\/conexion23.com\/?p=16931#breadcrumb","itemListElement":[{"@type":"ListItem","position":1,"name":"Portada","item":"https:\/\/conexion23.com\/"},{"@type":"ListItem","position":2,"name":"Saquean carro de periodista Nelson Mateo y este dice en la PN no recibieron su denuncia."}]},{"@type":"WebSite","@id":"https:\/\/conexion23.com\/#website","url":"https:\/\/conexion23.com\/","name":"Conexi\u00f3n 23","description":"Peri\u00f3dico 100% Petromacorisano","publisher":{"@id":"https:\/\/conexion23.com\/#organization"},"potentialAction":[{"@type":"SearchAction","target":{"@type":"EntryPoint","urlTemplate":"https:\/\/conexion23.com\/?s={search_term_string}"},"query-input":{"@type":"PropertyValueSpecification","valueRequired":true,"valueName":"search_term_string"}}],"inLanguage":"es"},{"@type":"Organization","@id":"https:\/\/conexion23.com\/#organization","name":"Conexion 23","url":"https:\/\/conexion23.com\/","logo":{"@type":"ImageObject","inLanguage":"es","@id":"https:\/\/conexion23.com\/#\/schema\/logo\/image\/","url":"https:\/\/conexion23.com\/wp-content\/uploads\/2021\/11\/Diseno-sin-titulo-2.png","contentUrl":"https:\/\/conexion23.com\/wp-content\/uploads\/2021\/11\/Diseno-sin-titulo-2.png","width":541,"height":90,"caption":"Conexion 23"},"image":{"@id":"https:\/\/conexion23.com\/#\/schema\/logo\/image\/"},"sameAs":["https:\/\/www.facebook.com\/conexion23com","https:\/\/www.instagram.com\/conexion23com\/","https:\/\/www.youtube.com\/channel\/UCYc7vxxFZMYLIHNsHHxPZ3Q"]},{"@type":"Person","@id":"https:\/\/conexion23.com\/#\/schema\/person\/03e36043331117e97a373299bbcd30a6","name":"Raffy Ben\u00edtez","image":{"@type":"ImageObject","inLanguage":"es","@id":"https:\/\/secure.gravatar.com\/avatar\/3190a6a6c5e1b0327500f7d6c56b6242472ee6cb974cf09b401ee6b3b0798f23?s=96&d=mm&r=g","url":"https:\/\/secure.gravatar.com\/avatar\/3190a6a6c5e1b0327500f7d6c56b6242472ee6cb974cf09b401ee6b3b0798f23?s=96&d=mm&r=g","contentUrl":"https:\/\/secure.gravatar.com\/avatar\/3190a6a6c5e1b0327500f7d6c56b6242472ee6cb974cf09b401ee6b3b0798f23?s=96&d=mm&r=g","caption":"Raffy Ben\u00edtez"},"url":"https:\/\/conexion23.com\/?author=15"}]}},"_links":{"self":[{"href":"https:\/\/conexion23.com\/index.php?rest_route=\/wp\/v2\/posts\/16931","targetHints":{"allow":["GET"]}}],"collection":[{"href":"https:\/\/conexion23.com\/index.php?rest_route=\/wp\/v2\/posts"}],"about":[{"href":"https:\/\/conexion23.com\/index.php?rest_route=\/wp\/v2\/types\/post"}],"author":[{"embeddable":true,"href":"https:\/\/conexion23.com\/index.php?rest_route=\/wp\/v2\/users\/15"}],"replies":[{"embeddable":true,"href":"https:\/\/conexion23.com\/index.php?rest_route=%2Fwp%2Fv2%2Fcomments&post=16931"}],"version-history":[{"count":1,"href":"https:\/\/conexion23.com\/index.php?rest_route=\/wp\/v2\/posts\/16931\/revisions"}],"predecessor-version":[{"id":16933,"href":"https:\/\/conexion23.com\/index.php?rest_route=\/wp\/v2\/posts\/16931\/revisions\/16933"}],"wp:attachment":[{"href":"https:\/\/conexion23.com\/index.php?rest_route=%2Fwp%2Fv2%2Fmedia&parent=16931"}],"wp:term":[{"taxonomy":"category","embeddable":true,"href":"https:\/\/conexion23.com\/index.php?rest_route=%2Fwp%2Fv2%2Fcategories&post=16931"},{"taxonomy":"post_tag","embeddable":true,"href":"https:\/\/conexion23.com\/index.php?rest_route=%2Fwp%2Fv2%2Ftags&post=16931"}],"curies":[{"name":"wp","href":"https:\/\/api.w.org\/{rel}","templated":true}]}}