{"id":16937,"date":"2023-05-13T07:58:43","date_gmt":"2023-05-13T11:58:43","guid":{"rendered":"https:\/\/conexion23.com\/?p=16937"},"modified":"2023-05-13T07:58:45","modified_gmt":"2023-05-13T11:58:45","slug":"ministro-bonilla-supervisa-avances-en-la-construccion-del-hospital-antonio-musa-en-spm","status":"publish","type":"post","link":"https:\/\/conexion23.com\/?p=16937","title":{"rendered":"Ministro Bonilla supervisa avances en la construcci\u00f3n del Hospital Antonio Musa en SPM"},"content":{"rendered":"\n<h1 class=\"wp-block-heading\">El Ministro del Ministerio de la Vivienda y Edificaciones, Carlos Bonilla, realiz\u00f3 un recorrido para revisar los avances en la construcci\u00f3n del Hospital Regional Dr. Antonio Musa en la provincia de San Pedro de Macor\u00eds.<\/h1>\n\n\n\n<h1 class=\"wp-block-heading\"><\/h1>\n\n\n\n<h1 class=\"wp-block-heading\">El nuevo proceso de construcci\u00f3n del hospital Antonio Musa es parte del grupo de intervenciones que realiza el MIVED para acondicionar las estructuras hospitalarias que cuentan con muchos a\u00f1os en servicio activo, a modo de que las mismas cumplan con los est\u00e1ndares internacionales de edificaciones de salud, adem\u00e1s de los lineamientos actualizados del Ministerio de Salud P\u00fablica.<\/h1>\n\n\n\n<h1 class=\"wp-block-heading\">El presupuesto total de la obra es de RD$2,340 millones de pesos, e incluye obra civil y equipamiento.,<\/h1>\n\n\n\n<h1 class=\"wp-block-heading\"><\/h1>\n\n\n\n<h1 class=\"wp-block-heading\">\u201cNosotros estamos haciendo las cosas planificando, queremos hacerlas una sola vez, para que quede un hospital Musa por mucho tiempo, para beneficio de la poblaci\u00f3n que lo necesita\u201d dijo el ministro Bonilla.<\/h1>\n\n\n\n<h1 class=\"wp-block-heading\">Adem\u00e1s, el ingeniero aclar\u00f3 que considerando que el Hospital Antonio Musa est\u00e1 en funcionamiento, no es igual que hacer un centro de salud de cero; ya que la log\u00edstica de construcci\u00f3n es diferente y se deben habilitar \u00e1reas, mover pacientes y personal m\u00e9dico.<\/h1>\n\n\n\n<h1 class=\"wp-block-heading\"><\/h1>\n\n\n\n<h1 class=\"wp-block-heading\">Las \u00e1reas que se est\u00e1n trabajando actualmente en el primer piso se componen por cisternas e instalaciones hidrosanitarias, casetas de gases, verga frontal, ampliaci\u00f3n \u00e1rea de im\u00e1genes, \u00e1rea provisional y ascensores.<\/h1>\n\n\n\n<h1 class=\"wp-block-heading\">De igual manera, se avanza en el segundo y tercer nivel, adem\u00e1s de sala de parto, pediatr\u00eda, quir\u00f3fanos y UCI.<\/h1>\n\n\n\n<h1 class=\"wp-block-heading\">Los trabajos ejecutados hasta la fecha comprenden un 35% del total de la obra.<\/h1>\n\n\n\n<h1 class=\"wp-block-heading\"><\/h1>\n\n\n\n<h1 class=\"wp-block-heading\">Este centro hospitalario, con m\u00e1s de 30 a\u00f1os de historia y al servicio de la poblaci\u00f3n de la regi\u00f3n este del pa\u00eds, permitir\u00e1 el internamiento de 133 pacientes, adem\u00e1s de modernas \u00e1reas de consulta externa, emergencia, hemodi\u00e1lisis, farmacia, toma de im\u00e1genes, inmunizaci\u00f3n, fisiatr\u00eda, laboratorio, maternidad, unidad quir\u00fargica, cuidados intensivos, entre otros.<\/h1>\n\n\n\n<h1 class=\"wp-block-heading\"><\/h1>\n","protected":false},"excerpt":{"rendered":"<p>El Ministro del Ministerio de la Vivienda y Edificaciones, Carlos Bonilla, realiz\u00f3 un recorrido para revisar los avances en la construcci\u00f3n del Hospital Regional Dr. Antonio Musa en la provincia de San Pedro de Macor\u00eds. El nuevo proceso de construcci\u00f3n del hospital Antonio Musa es parte del grupo de intervenciones que realiza el MIVED para [&hellip;]<\/p>\n","protected":false},"author":15,"featured_media":0,"comment_status":"open","ping_status":"open","sticky":false,"template":"","format":"standard","meta":{"footnotes":""},"categories":[35],"tags":[],"class_list":["post-16937","post","type-post","status-publish","format-standard","category-spm"],"yoast_head":"<!-- This site is optimized with the Yoast SEO plugin v27.6 - https:\/\/yoast.com\/product\/yoast-seo-wordpress\/ -->\n<title>Ministro Bonilla supervisa avances en la construcci\u00f3n del Hospital Antonio Musa en SPM - Conexi\u00f3n 23<\/title>\n<meta name=\"robots\" content=\"index, follow, max-snippet:-1, max-image-preview:large, max-video-preview:-1\" \/>\n<link rel=\"canonical\" href=\"https:\/\/conexion23.com\/?p=16937\" \/>\n<meta property=\"og:locale\" content=\"es_ES\" \/>\n<meta property=\"og:type\" content=\"article\" \/>\n<meta property=\"og:title\" content=\"Ministro Bonilla supervisa avances en la construcci\u00f3n del Hospital Antonio Musa en SPM - Conexi\u00f3n 23\" \/>\n<meta property=\"og:description\" content=\"El Ministro del Ministerio de la Vivienda y Edificaciones, Carlos Bonilla, realiz\u00f3 un recorrido para revisar los avances en la construcci\u00f3n del Hospital Regional Dr. Antonio Musa en la provincia de San Pedro de Macor\u00eds. El nuevo proceso de construcci\u00f3n del hospital Antonio Musa es parte del grupo de intervenciones que realiza el MIVED para [&hellip;]\" \/>\n<meta property=\"og:url\" content=\"https:\/\/conexion23.com\/?p=16937\" \/>\n<meta property=\"og:site_name\" content=\"Conexi\u00f3n 23\" \/>\n<meta property=\"article:publisher\" content=\"https:\/\/www.facebook.com\/conexion23com\" \/>\n<meta property=\"article:published_time\" content=\"2023-05-13T11:58:43+00:00\" \/>\n<meta property=\"article:modified_time\" content=\"2023-05-13T11:58:45+00:00\" \/>\n<meta name=\"author\" content=\"Raffy Ben\u00edtez\" \/>\n<meta name=\"twitter:card\" content=\"summary_large_image\" \/>\n<meta name=\"twitter:label1\" content=\"Escrito por\" \/>\n\t<meta name=\"twitter:data1\" content=\"Raffy Ben\u00edtez\" \/>\n\t<meta name=\"twitter:label2\" content=\"Tiempo de lectura\" \/>\n\t<meta name=\"twitter:data2\" content=\"2 minutos\" \/>\n<script type=\"application\/ld+json\" class=\"yoast-schema-graph\">{\"@context\":\"https:\\\/\\\/schema.org\",\"@graph\":[{\"@type\":\"Article\",\"@id\":\"https:\\\/\\\/conexion23.com\\\/?p=16937#article\",\"isPartOf\":{\"@id\":\"https:\\\/\\\/conexion23.com\\\/?p=16937\"},\"author\":{\"name\":\"Raffy Ben\u00edtez\",\"@id\":\"https:\\\/\\\/conexion23.com\\\/#\\\/schema\\\/person\\\/03e36043331117e97a373299bbcd30a6\"},\"headline\":\"Ministro Bonilla supervisa avances en la construcci\u00f3n del Hospital Antonio Musa en SPM\",\"datePublished\":\"2023-05-13T11:58:43+00:00\",\"dateModified\":\"2023-05-13T11:58:45+00:00\",\"mainEntityOfPage\":{\"@id\":\"https:\\\/\\\/conexion23.com\\\/?p=16937\"},\"wordCount\":341,\"commentCount\":0,\"publisher\":{\"@id\":\"https:\\\/\\\/conexion23.com\\\/#organization\"},\"articleSection\":[\"SPM\"],\"inLanguage\":\"es\",\"potentialAction\":[{\"@type\":\"CommentAction\",\"name\":\"Comment\",\"target\":[\"https:\\\/\\\/conexion23.com\\\/?p=16937#respond\"]}]},{\"@type\":\"WebPage\",\"@id\":\"https:\\\/\\\/conexion23.com\\\/?p=16937\",\"url\":\"https:\\\/\\\/conexion23.com\\\/?p=16937\",\"name\":\"Ministro Bonilla supervisa avances en la construcci\u00f3n del Hospital Antonio Musa en SPM - Conexi\u00f3n 23\",\"isPartOf\":{\"@id\":\"https:\\\/\\\/conexion23.com\\\/#website\"},\"datePublished\":\"2023-05-13T11:58:43+00:00\",\"dateModified\":\"2023-05-13T11:58:45+00:00\",\"breadcrumb\":{\"@id\":\"https:\\\/\\\/conexion23.com\\\/?p=16937#breadcrumb\"},\"inLanguage\":\"es\",\"potentialAction\":[{\"@type\":\"ReadAction\",\"target\":[\"https:\\\/\\\/conexion23.com\\\/?p=16937\"]}]},{\"@type\":\"BreadcrumbList\",\"@id\":\"https:\\\/\\\/conexion23.com\\\/?p=16937#breadcrumb\",\"itemListElement\":[{\"@type\":\"ListItem\",\"position\":1,\"name\":\"Portada\",\"item\":\"https:\\\/\\\/conexion23.com\\\/\"},{\"@type\":\"ListItem\",\"position\":2,\"name\":\"Ministro Bonilla supervisa avances en la construcci\u00f3n del Hospital Antonio Musa en SPM\"}]},{\"@type\":\"WebSite\",\"@id\":\"https:\\\/\\\/conexion23.com\\\/#website\",\"url\":\"https:\\\/\\\/conexion23.com\\\/\",\"name\":\"Conexi\u00f3n 23\",\"description\":\"Peri\u00f3dico 100% Petromacorisano\",\"publisher\":{\"@id\":\"https:\\\/\\\/conexion23.com\\\/#organization\"},\"potentialAction\":[{\"@type\":\"SearchAction\",\"target\":{\"@type\":\"EntryPoint\",\"urlTemplate\":\"https:\\\/\\\/conexion23.com\\\/?s={search_term_string}\"},\"query-input\":{\"@type\":\"PropertyValueSpecification\",\"valueRequired\":true,\"valueName\":\"search_term_string\"}}],\"inLanguage\":\"es\"},{\"@type\":\"Organization\",\"@id\":\"https:\\\/\\\/conexion23.com\\\/#organization\",\"name\":\"Conexion 23\",\"url\":\"https:\\\/\\\/conexion23.com\\\/\",\"logo\":{\"@type\":\"ImageObject\",\"inLanguage\":\"es\",\"@id\":\"https:\\\/\\\/conexion23.com\\\/#\\\/schema\\\/logo\\\/image\\\/\",\"url\":\"https:\\\/\\\/conexion23.com\\\/wp-content\\\/uploads\\\/2021\\\/11\\\/Diseno-sin-titulo-2.png\",\"contentUrl\":\"https:\\\/\\\/conexion23.com\\\/wp-content\\\/uploads\\\/2021\\\/11\\\/Diseno-sin-titulo-2.png\",\"width\":541,\"height\":90,\"caption\":\"Conexion 23\"},\"image\":{\"@id\":\"https:\\\/\\\/conexion23.com\\\/#\\\/schema\\\/logo\\\/image\\\/\"},\"sameAs\":[\"https:\\\/\\\/www.facebook.com\\\/conexion23com\",\"https:\\\/\\\/www.instagram.com\\\/conexion23com\\\/\",\"https:\\\/\\\/www.youtube.com\\\/channel\\\/UCYc7vxxFZMYLIHNsHHxPZ3Q\"]},{\"@type\":\"Person\",\"@id\":\"https:\\\/\\\/conexion23.com\\\/#\\\/schema\\\/person\\\/03e36043331117e97a373299bbcd30a6\",\"name\":\"Raffy Ben\u00edtez\",\"image\":{\"@type\":\"ImageObject\",\"inLanguage\":\"es\",\"@id\":\"https:\\\/\\\/secure.gravatar.com\\\/avatar\\\/3190a6a6c5e1b0327500f7d6c56b6242472ee6cb974cf09b401ee6b3b0798f23?s=96&d=mm&r=g\",\"url\":\"https:\\\/\\\/secure.gravatar.com\\\/avatar\\\/3190a6a6c5e1b0327500f7d6c56b6242472ee6cb974cf09b401ee6b3b0798f23?s=96&d=mm&r=g\",\"contentUrl\":\"https:\\\/\\\/secure.gravatar.com\\\/avatar\\\/3190a6a6c5e1b0327500f7d6c56b6242472ee6cb974cf09b401ee6b3b0798f23?s=96&d=mm&r=g\",\"caption\":\"Raffy Ben\u00edtez\"},\"url\":\"https:\\\/\\\/conexion23.com\\\/?author=15\"}]}<\/script>\n<!-- \/ Yoast SEO plugin. -->","yoast_head_json":{"title":"Ministro Bonilla supervisa avances en la construcci\u00f3n del Hospital Antonio Musa en SPM - Conexi\u00f3n 23","robots":{"index":"index","follow":"follow","max-snippet":"max-snippet:-1","max-image-preview":"max-image-preview:large","max-video-preview":"max-video-preview:-1"},"canonical":"https:\/\/conexion23.com\/?p=16937","og_locale":"es_ES","og_type":"article","og_title":"Ministro Bonilla supervisa avances en la construcci\u00f3n del Hospital Antonio Musa en SPM - Conexi\u00f3n 23","og_description":"El Ministro del Ministerio de la Vivienda y Edificaciones, Carlos Bonilla, realiz\u00f3 un recorrido para revisar los avances en la construcci\u00f3n del Hospital Regional Dr. Antonio Musa en la provincia de San Pedro de Macor\u00eds. El nuevo proceso de construcci\u00f3n del hospital Antonio Musa es parte del grupo de intervenciones que realiza el MIVED para [&hellip;]","og_url":"https:\/\/conexion23.com\/?p=16937","og_site_name":"Conexi\u00f3n 23","article_publisher":"https:\/\/www.facebook.com\/conexion23com","article_published_time":"2023-05-13T11:58:43+00:00","article_modified_time":"2023-05-13T11:58:45+00:00","author":"Raffy Ben\u00edtez","twitter_card":"summary_large_image","twitter_misc":{"Escrito por":"Raffy Ben\u00edtez","Tiempo de lectura":"2 minutos"},"schema":{"@context":"https:\/\/schema.org","@graph":[{"@type":"Article","@id":"https:\/\/conexion23.com\/?p=16937#article","isPartOf":{"@id":"https:\/\/conexion23.com\/?p=16937"},"author":{"name":"Raffy Ben\u00edtez","@id":"https:\/\/conexion23.com\/#\/schema\/person\/03e36043331117e97a373299bbcd30a6"},"headline":"Ministro Bonilla supervisa avances en la construcci\u00f3n del Hospital Antonio Musa en SPM","datePublished":"2023-05-13T11:58:43+00:00","dateModified":"2023-05-13T11:58:45+00:00","mainEntityOfPage":{"@id":"https:\/\/conexion23.com\/?p=16937"},"wordCount":341,"commentCount":0,"publisher":{"@id":"https:\/\/conexion23.com\/#organization"},"articleSection":["SPM"],"inLanguage":"es","potentialAction":[{"@type":"CommentAction","name":"Comment","target":["https:\/\/conexion23.com\/?p=16937#respond"]}]},{"@type":"WebPage","@id":"https:\/\/conexion23.com\/?p=16937","url":"https:\/\/conexion23.com\/?p=16937","name":"Ministro Bonilla supervisa avances en la construcci\u00f3n del Hospital Antonio Musa en SPM - Conexi\u00f3n 23","isPartOf":{"@id":"https:\/\/conexion23.com\/#website"},"datePublished":"2023-05-13T11:58:43+00:00","dateModified":"2023-05-13T11:58:45+00:00","breadcrumb":{"@id":"https:\/\/conexion23.com\/?p=16937#breadcrumb"},"inLanguage":"es","potentialAction":[{"@type":"ReadAction","target":["https:\/\/conexion23.com\/?p=16937"]}]},{"@type":"BreadcrumbList","@id":"https:\/\/conexion23.com\/?p=16937#breadcrumb","itemListElement":[{"@type":"ListItem","position":1,"name":"Portada","item":"https:\/\/conexion23.com\/"},{"@type":"ListItem","position":2,"name":"Ministro Bonilla supervisa avances en la construcci\u00f3n del Hospital Antonio Musa en SPM"}]},{"@type":"WebSite","@id":"https:\/\/conexion23.com\/#website","url":"https:\/\/conexion23.com\/","name":"Conexi\u00f3n 23","description":"Peri\u00f3dico 100% Petromacorisano","publisher":{"@id":"https:\/\/conexion23.com\/#organization"},"potentialAction":[{"@type":"SearchAction","target":{"@type":"EntryPoint","urlTemplate":"https:\/\/conexion23.com\/?s={search_term_string}"},"query-input":{"@type":"PropertyValueSpecification","valueRequired":true,"valueName":"search_term_string"}}],"inLanguage":"es"},{"@type":"Organization","@id":"https:\/\/conexion23.com\/#organization","name":"Conexion 23","url":"https:\/\/conexion23.com\/","logo":{"@type":"ImageObject","inLanguage":"es","@id":"https:\/\/conexion23.com\/#\/schema\/logo\/image\/","url":"https:\/\/conexion23.com\/wp-content\/uploads\/2021\/11\/Diseno-sin-titulo-2.png","contentUrl":"https:\/\/conexion23.com\/wp-content\/uploads\/2021\/11\/Diseno-sin-titulo-2.png","width":541,"height":90,"caption":"Conexion 23"},"image":{"@id":"https:\/\/conexion23.com\/#\/schema\/logo\/image\/"},"sameAs":["https:\/\/www.facebook.com\/conexion23com","https:\/\/www.instagram.com\/conexion23com\/","https:\/\/www.youtube.com\/channel\/UCYc7vxxFZMYLIHNsHHxPZ3Q"]},{"@type":"Person","@id":"https:\/\/conexion23.com\/#\/schema\/person\/03e36043331117e97a373299bbcd30a6","name":"Raffy Ben\u00edtez","image":{"@type":"ImageObject","inLanguage":"es","@id":"https:\/\/secure.gravatar.com\/avatar\/3190a6a6c5e1b0327500f7d6c56b6242472ee6cb974cf09b401ee6b3b0798f23?s=96&d=mm&r=g","url":"https:\/\/secure.gravatar.com\/avatar\/3190a6a6c5e1b0327500f7d6c56b6242472ee6cb974cf09b401ee6b3b0798f23?s=96&d=mm&r=g","contentUrl":"https:\/\/secure.gravatar.com\/avatar\/3190a6a6c5e1b0327500f7d6c56b6242472ee6cb974cf09b401ee6b3b0798f23?s=96&d=mm&r=g","caption":"Raffy Ben\u00edtez"},"url":"https:\/\/conexion23.com\/?author=15"}]}},"_links":{"self":[{"href":"https:\/\/conexion23.com\/index.php?rest_route=\/wp\/v2\/posts\/16937","targetHints":{"allow":["GET"]}}],"collection":[{"href":"https:\/\/conexion23.com\/index.php?rest_route=\/wp\/v2\/posts"}],"about":[{"href":"https:\/\/conexion23.com\/index.php?rest_route=\/wp\/v2\/types\/post"}],"author":[{"embeddable":true,"href":"https:\/\/conexion23.com\/index.php?rest_route=\/wp\/v2\/users\/15"}],"replies":[{"embeddable":true,"href":"https:\/\/conexion23.com\/index.php?rest_route=%2Fwp%2Fv2%2Fcomments&post=16937"}],"version-history":[{"count":1,"href":"https:\/\/conexion23.com\/index.php?rest_route=\/wp\/v2\/posts\/16937\/revisions"}],"predecessor-version":[{"id":16939,"href":"https:\/\/conexion23.com\/index.php?rest_route=\/wp\/v2\/posts\/16937\/revisions\/16939"}],"wp:attachment":[{"href":"https:\/\/conexion23.com\/index.php?rest_route=%2Fwp%2Fv2%2Fmedia&parent=16937"}],"wp:term":[{"taxonomy":"category","embeddable":true,"href":"https:\/\/conexion23.com\/index.php?rest_route=%2Fwp%2Fv2%2Fcategories&post=16937"},{"taxonomy":"post_tag","embeddable":true,"href":"https:\/\/conexion23.com\/index.php?rest_route=%2Fwp%2Fv2%2Ftags&post=16937"}],"curies":[{"name":"wp","href":"https:\/\/api.w.org\/{rel}","templated":true}]}}