{"id":16943,"date":"2023-05-13T08:33:17","date_gmt":"2023-05-13T12:33:17","guid":{"rendered":"https:\/\/conexion23.com\/?p=16943"},"modified":"2023-05-13T08:33:20","modified_gmt":"2023-05-13T12:33:20","slug":"amputan-pierna-a-sobrino-del-diputado-elias-matos-tras-disparo-de-un-policia","status":"publish","type":"post","link":"https:\/\/conexion23.com\/?p=16943","title":{"rendered":"Amputan pierna a sobrino del diputado El\u00edas Matos tras disparo de un polic\u00eda."},"content":{"rendered":"\n<h1 class=\"wp-block-heading\">Perdi\u00f3 la pierna derecha el joven Jhoandy Matos, sobrino del diputado El\u00edas Matos, quien fue herido de bala por un agente de la Polic\u00eda Nacional luego de un incidente por el roce de un veh\u00edculo. Cuando ocurri\u00f3 el hecho, la v\u00edctima qued\u00f3 en estado de gravedad.<\/h1>\n\n\n\n<h1 class=\"wp-block-heading\"><\/h1>\n\n\n\n<h1 class=\"wp-block-heading\">El legislador por el Distrito Nacional, a trav\u00e9s de sus redes sociales explic\u00f3 que lamentablemente el deterioro progresivo de su sobrino fue fruto de la \u201cnegligencia m\u00e9dica\u201d en la Cl\u00ednica Independencia, donde no le atendi\u00f3 en tiempo oportuno ni de manera adecuada e imposibilit\u00f3 su mejor\u00eda.<\/h1>\n\n\n\n<h1 class=\"wp-block-heading\">En tanto, el incidente ocurri\u00f3 en marzo cuando el joven fue intervenido quir\u00fargicamente.<\/h1>\n\n\n\n<h1 class=\"wp-block-heading\">Matos agradeci\u00f3 a todo el cuerpo m\u00e9dico del Hospital Central de las Fuerzas Armadas, que durante todos estos d\u00edas hicieron todo cu\u00e1nto la ciencia les permiti\u00f3 para tratar de salvarle su pierna.<\/h1>\n\n\n\n<h1 class=\"wp-block-heading\">El hecho ocurri\u00f3 en el sector Atl\u00e1ntida, en las cercan\u00edas de la avenida Independencia, luego de que el padre del herido tuviera un peque\u00f1o roce con un veh\u00edculo, cuya due\u00f1a dijo que no hab\u00eda problemas.<\/h1>\n\n\n\n<h1 class=\"wp-block-heading\">Sin embargo, el polic\u00eda, amigo de la se\u00f1ora, se enfrasc\u00f3 en una discusi\u00f3n con el hermano del congresista, por lo que Jhoandy se vio precisado a entrar.<\/h1>\n","protected":false},"excerpt":{"rendered":"<p>Perdi\u00f3 la pierna derecha el joven Jhoandy Matos, sobrino del diputado El\u00edas Matos, quien fue herido de bala por un agente de la Polic\u00eda Nacional luego de un incidente por el roce de un veh\u00edculo. Cuando ocurri\u00f3 el hecho, la v\u00edctima qued\u00f3 en estado de gravedad. El legislador por el Distrito Nacional, a trav\u00e9s de [&hellip;]<\/p>\n","protected":false},"author":15,"featured_media":0,"comment_status":"open","ping_status":"open","sticky":false,"template":"","format":"standard","meta":{"footnotes":""},"categories":[1],"tags":[],"class_list":["post-16943","post","type-post","status-publish","format-standard","category-uncategorized"],"yoast_head":"<!-- This site is optimized with the Yoast SEO plugin v27.6 - https:\/\/yoast.com\/product\/yoast-seo-wordpress\/ -->\n<title>Amputan pierna a sobrino del diputado El\u00edas Matos tras disparo de un polic\u00eda. - Conexi\u00f3n 23<\/title>\n<meta name=\"robots\" content=\"index, follow, max-snippet:-1, max-image-preview:large, max-video-preview:-1\" \/>\n<link rel=\"canonical\" href=\"https:\/\/conexion23.com\/?p=16943\" \/>\n<meta property=\"og:locale\" content=\"es_ES\" \/>\n<meta property=\"og:type\" content=\"article\" \/>\n<meta property=\"og:title\" content=\"Amputan pierna a sobrino del diputado El\u00edas Matos tras disparo de un polic\u00eda. - Conexi\u00f3n 23\" \/>\n<meta property=\"og:description\" content=\"Perdi\u00f3 la pierna derecha el joven Jhoandy Matos, sobrino del diputado El\u00edas Matos, quien fue herido de bala por un agente de la Polic\u00eda Nacional luego de un incidente por el roce de un veh\u00edculo. Cuando ocurri\u00f3 el hecho, la v\u00edctima qued\u00f3 en estado de gravedad. El legislador por el Distrito Nacional, a trav\u00e9s de [&hellip;]\" \/>\n<meta property=\"og:url\" content=\"https:\/\/conexion23.com\/?p=16943\" \/>\n<meta property=\"og:site_name\" content=\"Conexi\u00f3n 23\" \/>\n<meta property=\"article:publisher\" content=\"https:\/\/www.facebook.com\/conexion23com\" \/>\n<meta property=\"article:published_time\" content=\"2023-05-13T12:33:17+00:00\" \/>\n<meta property=\"article:modified_time\" content=\"2023-05-13T12:33:20+00:00\" \/>\n<meta name=\"author\" content=\"Raffy Ben\u00edtez\" \/>\n<meta name=\"twitter:card\" content=\"summary_large_image\" \/>\n<meta name=\"twitter:label1\" content=\"Escrito por\" \/>\n\t<meta name=\"twitter:data1\" content=\"Raffy Ben\u00edtez\" \/>\n\t<meta name=\"twitter:label2\" content=\"Tiempo de lectura\" \/>\n\t<meta name=\"twitter:data2\" content=\"1 minuto\" \/>\n<script type=\"application\/ld+json\" class=\"yoast-schema-graph\">{\"@context\":\"https:\\\/\\\/schema.org\",\"@graph\":[{\"@type\":\"Article\",\"@id\":\"https:\\\/\\\/conexion23.com\\\/?p=16943#article\",\"isPartOf\":{\"@id\":\"https:\\\/\\\/conexion23.com\\\/?p=16943\"},\"author\":{\"name\":\"Raffy Ben\u00edtez\",\"@id\":\"https:\\\/\\\/conexion23.com\\\/#\\\/schema\\\/person\\\/03e36043331117e97a373299bbcd30a6\"},\"headline\":\"Amputan pierna a sobrino del diputado El\u00edas Matos tras disparo de un polic\u00eda.\",\"datePublished\":\"2023-05-13T12:33:17+00:00\",\"dateModified\":\"2023-05-13T12:33:20+00:00\",\"mainEntityOfPage\":{\"@id\":\"https:\\\/\\\/conexion23.com\\\/?p=16943\"},\"wordCount\":235,\"commentCount\":0,\"publisher\":{\"@id\":\"https:\\\/\\\/conexion23.com\\\/#organization\"},\"articleSection\":[\"Uncategorized\"],\"inLanguage\":\"es\",\"potentialAction\":[{\"@type\":\"CommentAction\",\"name\":\"Comment\",\"target\":[\"https:\\\/\\\/conexion23.com\\\/?p=16943#respond\"]}]},{\"@type\":\"WebPage\",\"@id\":\"https:\\\/\\\/conexion23.com\\\/?p=16943\",\"url\":\"https:\\\/\\\/conexion23.com\\\/?p=16943\",\"name\":\"Amputan pierna a sobrino del diputado El\u00edas Matos tras disparo de un polic\u00eda. - Conexi\u00f3n 23\",\"isPartOf\":{\"@id\":\"https:\\\/\\\/conexion23.com\\\/#website\"},\"datePublished\":\"2023-05-13T12:33:17+00:00\",\"dateModified\":\"2023-05-13T12:33:20+00:00\",\"breadcrumb\":{\"@id\":\"https:\\\/\\\/conexion23.com\\\/?p=16943#breadcrumb\"},\"inLanguage\":\"es\",\"potentialAction\":[{\"@type\":\"ReadAction\",\"target\":[\"https:\\\/\\\/conexion23.com\\\/?p=16943\"]}]},{\"@type\":\"BreadcrumbList\",\"@id\":\"https:\\\/\\\/conexion23.com\\\/?p=16943#breadcrumb\",\"itemListElement\":[{\"@type\":\"ListItem\",\"position\":1,\"name\":\"Portada\",\"item\":\"https:\\\/\\\/conexion23.com\\\/\"},{\"@type\":\"ListItem\",\"position\":2,\"name\":\"Amputan pierna a sobrino del diputado El\u00edas Matos tras disparo de un polic\u00eda.\"}]},{\"@type\":\"WebSite\",\"@id\":\"https:\\\/\\\/conexion23.com\\\/#website\",\"url\":\"https:\\\/\\\/conexion23.com\\\/\",\"name\":\"Conexi\u00f3n 23\",\"description\":\"Peri\u00f3dico 100% Petromacorisano\",\"publisher\":{\"@id\":\"https:\\\/\\\/conexion23.com\\\/#organization\"},\"potentialAction\":[{\"@type\":\"SearchAction\",\"target\":{\"@type\":\"EntryPoint\",\"urlTemplate\":\"https:\\\/\\\/conexion23.com\\\/?s={search_term_string}\"},\"query-input\":{\"@type\":\"PropertyValueSpecification\",\"valueRequired\":true,\"valueName\":\"search_term_string\"}}],\"inLanguage\":\"es\"},{\"@type\":\"Organization\",\"@id\":\"https:\\\/\\\/conexion23.com\\\/#organization\",\"name\":\"Conexion 23\",\"url\":\"https:\\\/\\\/conexion23.com\\\/\",\"logo\":{\"@type\":\"ImageObject\",\"inLanguage\":\"es\",\"@id\":\"https:\\\/\\\/conexion23.com\\\/#\\\/schema\\\/logo\\\/image\\\/\",\"url\":\"https:\\\/\\\/conexion23.com\\\/wp-content\\\/uploads\\\/2021\\\/11\\\/Diseno-sin-titulo-2.png\",\"contentUrl\":\"https:\\\/\\\/conexion23.com\\\/wp-content\\\/uploads\\\/2021\\\/11\\\/Diseno-sin-titulo-2.png\",\"width\":541,\"height\":90,\"caption\":\"Conexion 23\"},\"image\":{\"@id\":\"https:\\\/\\\/conexion23.com\\\/#\\\/schema\\\/logo\\\/image\\\/\"},\"sameAs\":[\"https:\\\/\\\/www.facebook.com\\\/conexion23com\",\"https:\\\/\\\/www.instagram.com\\\/conexion23com\\\/\",\"https:\\\/\\\/www.youtube.com\\\/channel\\\/UCYc7vxxFZMYLIHNsHHxPZ3Q\"]},{\"@type\":\"Person\",\"@id\":\"https:\\\/\\\/conexion23.com\\\/#\\\/schema\\\/person\\\/03e36043331117e97a373299bbcd30a6\",\"name\":\"Raffy Ben\u00edtez\",\"image\":{\"@type\":\"ImageObject\",\"inLanguage\":\"es\",\"@id\":\"https:\\\/\\\/secure.gravatar.com\\\/avatar\\\/3190a6a6c5e1b0327500f7d6c56b6242472ee6cb974cf09b401ee6b3b0798f23?s=96&d=mm&r=g\",\"url\":\"https:\\\/\\\/secure.gravatar.com\\\/avatar\\\/3190a6a6c5e1b0327500f7d6c56b6242472ee6cb974cf09b401ee6b3b0798f23?s=96&d=mm&r=g\",\"contentUrl\":\"https:\\\/\\\/secure.gravatar.com\\\/avatar\\\/3190a6a6c5e1b0327500f7d6c56b6242472ee6cb974cf09b401ee6b3b0798f23?s=96&d=mm&r=g\",\"caption\":\"Raffy Ben\u00edtez\"},\"url\":\"https:\\\/\\\/conexion23.com\\\/?author=15\"}]}<\/script>\n<!-- \/ Yoast SEO plugin. -->","yoast_head_json":{"title":"Amputan pierna a sobrino del diputado El\u00edas Matos tras disparo de un polic\u00eda. - Conexi\u00f3n 23","robots":{"index":"index","follow":"follow","max-snippet":"max-snippet:-1","max-image-preview":"max-image-preview:large","max-video-preview":"max-video-preview:-1"},"canonical":"https:\/\/conexion23.com\/?p=16943","og_locale":"es_ES","og_type":"article","og_title":"Amputan pierna a sobrino del diputado El\u00edas Matos tras disparo de un polic\u00eda. - Conexi\u00f3n 23","og_description":"Perdi\u00f3 la pierna derecha el joven Jhoandy Matos, sobrino del diputado El\u00edas Matos, quien fue herido de bala por un agente de la Polic\u00eda Nacional luego de un incidente por el roce de un veh\u00edculo. Cuando ocurri\u00f3 el hecho, la v\u00edctima qued\u00f3 en estado de gravedad. El legislador por el Distrito Nacional, a trav\u00e9s de [&hellip;]","og_url":"https:\/\/conexion23.com\/?p=16943","og_site_name":"Conexi\u00f3n 23","article_publisher":"https:\/\/www.facebook.com\/conexion23com","article_published_time":"2023-05-13T12:33:17+00:00","article_modified_time":"2023-05-13T12:33:20+00:00","author":"Raffy Ben\u00edtez","twitter_card":"summary_large_image","twitter_misc":{"Escrito por":"Raffy Ben\u00edtez","Tiempo de lectura":"1 minuto"},"schema":{"@context":"https:\/\/schema.org","@graph":[{"@type":"Article","@id":"https:\/\/conexion23.com\/?p=16943#article","isPartOf":{"@id":"https:\/\/conexion23.com\/?p=16943"},"author":{"name":"Raffy Ben\u00edtez","@id":"https:\/\/conexion23.com\/#\/schema\/person\/03e36043331117e97a373299bbcd30a6"},"headline":"Amputan pierna a sobrino del diputado El\u00edas Matos tras disparo de un polic\u00eda.","datePublished":"2023-05-13T12:33:17+00:00","dateModified":"2023-05-13T12:33:20+00:00","mainEntityOfPage":{"@id":"https:\/\/conexion23.com\/?p=16943"},"wordCount":235,"commentCount":0,"publisher":{"@id":"https:\/\/conexion23.com\/#organization"},"articleSection":["Uncategorized"],"inLanguage":"es","potentialAction":[{"@type":"CommentAction","name":"Comment","target":["https:\/\/conexion23.com\/?p=16943#respond"]}]},{"@type":"WebPage","@id":"https:\/\/conexion23.com\/?p=16943","url":"https:\/\/conexion23.com\/?p=16943","name":"Amputan pierna a sobrino del diputado El\u00edas Matos tras disparo de un polic\u00eda. - Conexi\u00f3n 23","isPartOf":{"@id":"https:\/\/conexion23.com\/#website"},"datePublished":"2023-05-13T12:33:17+00:00","dateModified":"2023-05-13T12:33:20+00:00","breadcrumb":{"@id":"https:\/\/conexion23.com\/?p=16943#breadcrumb"},"inLanguage":"es","potentialAction":[{"@type":"ReadAction","target":["https:\/\/conexion23.com\/?p=16943"]}]},{"@type":"BreadcrumbList","@id":"https:\/\/conexion23.com\/?p=16943#breadcrumb","itemListElement":[{"@type":"ListItem","position":1,"name":"Portada","item":"https:\/\/conexion23.com\/"},{"@type":"ListItem","position":2,"name":"Amputan pierna a sobrino del diputado El\u00edas Matos tras disparo de un polic\u00eda."}]},{"@type":"WebSite","@id":"https:\/\/conexion23.com\/#website","url":"https:\/\/conexion23.com\/","name":"Conexi\u00f3n 23","description":"Peri\u00f3dico 100% Petromacorisano","publisher":{"@id":"https:\/\/conexion23.com\/#organization"},"potentialAction":[{"@type":"SearchAction","target":{"@type":"EntryPoint","urlTemplate":"https:\/\/conexion23.com\/?s={search_term_string}"},"query-input":{"@type":"PropertyValueSpecification","valueRequired":true,"valueName":"search_term_string"}}],"inLanguage":"es"},{"@type":"Organization","@id":"https:\/\/conexion23.com\/#organization","name":"Conexion 23","url":"https:\/\/conexion23.com\/","logo":{"@type":"ImageObject","inLanguage":"es","@id":"https:\/\/conexion23.com\/#\/schema\/logo\/image\/","url":"https:\/\/conexion23.com\/wp-content\/uploads\/2021\/11\/Diseno-sin-titulo-2.png","contentUrl":"https:\/\/conexion23.com\/wp-content\/uploads\/2021\/11\/Diseno-sin-titulo-2.png","width":541,"height":90,"caption":"Conexion 23"},"image":{"@id":"https:\/\/conexion23.com\/#\/schema\/logo\/image\/"},"sameAs":["https:\/\/www.facebook.com\/conexion23com","https:\/\/www.instagram.com\/conexion23com\/","https:\/\/www.youtube.com\/channel\/UCYc7vxxFZMYLIHNsHHxPZ3Q"]},{"@type":"Person","@id":"https:\/\/conexion23.com\/#\/schema\/person\/03e36043331117e97a373299bbcd30a6","name":"Raffy Ben\u00edtez","image":{"@type":"ImageObject","inLanguage":"es","@id":"https:\/\/secure.gravatar.com\/avatar\/3190a6a6c5e1b0327500f7d6c56b6242472ee6cb974cf09b401ee6b3b0798f23?s=96&d=mm&r=g","url":"https:\/\/secure.gravatar.com\/avatar\/3190a6a6c5e1b0327500f7d6c56b6242472ee6cb974cf09b401ee6b3b0798f23?s=96&d=mm&r=g","contentUrl":"https:\/\/secure.gravatar.com\/avatar\/3190a6a6c5e1b0327500f7d6c56b6242472ee6cb974cf09b401ee6b3b0798f23?s=96&d=mm&r=g","caption":"Raffy Ben\u00edtez"},"url":"https:\/\/conexion23.com\/?author=15"}]}},"_links":{"self":[{"href":"https:\/\/conexion23.com\/index.php?rest_route=\/wp\/v2\/posts\/16943","targetHints":{"allow":["GET"]}}],"collection":[{"href":"https:\/\/conexion23.com\/index.php?rest_route=\/wp\/v2\/posts"}],"about":[{"href":"https:\/\/conexion23.com\/index.php?rest_route=\/wp\/v2\/types\/post"}],"author":[{"embeddable":true,"href":"https:\/\/conexion23.com\/index.php?rest_route=\/wp\/v2\/users\/15"}],"replies":[{"embeddable":true,"href":"https:\/\/conexion23.com\/index.php?rest_route=%2Fwp%2Fv2%2Fcomments&post=16943"}],"version-history":[{"count":1,"href":"https:\/\/conexion23.com\/index.php?rest_route=\/wp\/v2\/posts\/16943\/revisions"}],"predecessor-version":[{"id":16945,"href":"https:\/\/conexion23.com\/index.php?rest_route=\/wp\/v2\/posts\/16943\/revisions\/16945"}],"wp:attachment":[{"href":"https:\/\/conexion23.com\/index.php?rest_route=%2Fwp%2Fv2%2Fmedia&parent=16943"}],"wp:term":[{"taxonomy":"category","embeddable":true,"href":"https:\/\/conexion23.com\/index.php?rest_route=%2Fwp%2Fv2%2Fcategories&post=16943"},{"taxonomy":"post_tag","embeddable":true,"href":"https:\/\/conexion23.com\/index.php?rest_route=%2Fwp%2Fv2%2Ftags&post=16943"}],"curies":[{"name":"wp","href":"https:\/\/api.w.org\/{rel}","templated":true}]}}