{"id":16960,"date":"2023-05-14T09:01:18","date_gmt":"2023-05-14T13:01:18","guid":{"rendered":"https:\/\/conexion23.com\/?p=16960"},"modified":"2023-05-14T09:01:20","modified_gmt":"2023-05-14T13:01:20","slug":"el-papa-y-zelenski-conversaron-40-minutos-en-el-vaticano","status":"publish","type":"post","link":"https:\/\/conexion23.com\/?p=16960","title":{"rendered":"El papa y Zelenski conversaron 40 minutos en el Vaticano"},"content":{"rendered":"\n<p class=\"wp-block-paragraph\"><strong>Ciudad del Vaticano.-<\/strong>&nbsp;El&nbsp;<strong>papa Francisco<\/strong>&nbsp;y el&nbsp;<strong>presidente ucraniano, Volodomir Zelenski<\/strong>, se reunieron hoy durante 40 minutos en el Vaticano, un esperado encuentro que llega despu\u00e9s de que el pont\u00edfice revelase que est\u00e1 en marcha una misi\u00f3n para poder poner fin a la guerra en Ucrania, de la que a\u00fan no se conocen los detalles.<\/p>\n\n\n\n<p class=\"wp-block-paragraph\">Zelenski le dijo hoy al papa que era \u00abun gran honor\u00bb verle mientras se llevaba la mano al coraz\u00f3n, en tanto que el pont\u00edfice le dio las \u00abgracias por la visita\u00bb, seg\u00fan las im\u00e1genes que han trascendido del inicio del encuentro entre ambos que ya ha concluido.<\/p>\n\n\n\n<p class=\"wp-block-paragraph\">El papa le regal\u00f3 una obra de bronce que representa una rama de olivo, s\u00edmbolo de paz, as\u00ed como el Mensaje por la Paz de este a\u00f1o, el Documento sobre la Fraternidad Humana, y el volumen \u00abUna enc\u00edclica sobre la paz en Ucrania\u00bb.<\/p>\n\n\n\n<p class=\"wp-block-paragraph\">El mandatario ucraniano, por su parte, le entreg\u00f3 una obra de arte hecha con un chaleco antibalas y una pintura titulada \u00abP\u00e9rdida\u00bb, sobre la matanza de ni\u00f1os durante el conflicto.<\/p>\n\n\n\n<p class=\"wp-block-paragraph\">Es la primera reuni\u00f3n del papa con el presidente ucraniano desde que comenz\u00f3 a guerra, aunque ambos ya se conocen porque Francisco recibi\u00f3 en audiencia a Zelenski el 8 de febrero de 2020, cuando ya se habl\u00f3 \u00abde la situaci\u00f3n humanitaria y a la b\u00fasqueda de la paz\u00bb en el contexto \u00abdel conflicto que, desde 2014, azota a Ucrania\u00bb.<\/p>\n\n\n\n<p class=\"wp-block-paragraph\">Este nuevo encuentro llega en medio de la\u00a0<strong>misi\u00f3n de paz vaticana<\/strong>\u00a0anunciada por el pont\u00edfice en el vuelo de regreso de su reciente viaje a Hungr\u00eda y de la que a\u00fan no se conocen los detalles, aunque una fuente vaticana ha se\u00f1alado a medios rusos que el encuentro \u00abno est\u00e1 directamente relacionado\u00bb con ella y que Zelenski solicit\u00f3 la reuni\u00f3n con Francisco \u00abhace solo unos d\u00edas\u00bb.<\/p>\n","protected":false},"excerpt":{"rendered":"<p>Ciudad del Vaticano.-&nbsp;El&nbsp;papa Francisco&nbsp;y el&nbsp;presidente ucraniano, Volodomir Zelenski, se reunieron hoy durante 40 minutos en el Vaticano, un esperado encuentro que llega despu\u00e9s de que el pont\u00edfice revelase que est\u00e1 en marcha una misi\u00f3n para poder poner fin a la guerra en Ucrania, de la que a\u00fan no se conocen los detalles. Zelenski le dijo [&hellip;]<\/p>\n","protected":false},"author":15,"featured_media":0,"comment_status":"open","ping_status":"open","sticky":false,"template":"","format":"standard","meta":{"footnotes":""},"categories":[1],"tags":[],"class_list":["post-16960","post","type-post","status-publish","format-standard","category-uncategorized"],"yoast_head":"<!-- This site is optimized with the Yoast SEO plugin v27.6 - https:\/\/yoast.com\/product\/yoast-seo-wordpress\/ -->\n<title>El papa y Zelenski conversaron 40 minutos en el Vaticano - Conexi\u00f3n 23<\/title>\n<meta name=\"robots\" content=\"index, follow, max-snippet:-1, max-image-preview:large, max-video-preview:-1\" \/>\n<link rel=\"canonical\" href=\"https:\/\/conexion23.com\/?p=16960\" \/>\n<meta property=\"og:locale\" content=\"es_ES\" \/>\n<meta property=\"og:type\" content=\"article\" \/>\n<meta property=\"og:title\" content=\"El papa y Zelenski conversaron 40 minutos en el Vaticano - Conexi\u00f3n 23\" \/>\n<meta property=\"og:description\" content=\"Ciudad del Vaticano.-&nbsp;El&nbsp;papa Francisco&nbsp;y el&nbsp;presidente ucraniano, Volodomir Zelenski, se reunieron hoy durante 40 minutos en el Vaticano, un esperado encuentro que llega despu\u00e9s de que el pont\u00edfice revelase que est\u00e1 en marcha una misi\u00f3n para poder poner fin a la guerra en Ucrania, de la que a\u00fan no se conocen los detalles. Zelenski le dijo [&hellip;]\" \/>\n<meta property=\"og:url\" content=\"https:\/\/conexion23.com\/?p=16960\" \/>\n<meta property=\"og:site_name\" content=\"Conexi\u00f3n 23\" \/>\n<meta property=\"article:publisher\" content=\"https:\/\/www.facebook.com\/conexion23com\" \/>\n<meta property=\"article:published_time\" content=\"2023-05-14T13:01:18+00:00\" \/>\n<meta property=\"article:modified_time\" content=\"2023-05-14T13:01:20+00:00\" \/>\n<meta name=\"author\" content=\"Raffy Ben\u00edtez\" \/>\n<meta name=\"twitter:card\" content=\"summary_large_image\" \/>\n<meta name=\"twitter:label1\" content=\"Escrito por\" \/>\n\t<meta name=\"twitter:data1\" content=\"Raffy Ben\u00edtez\" \/>\n\t<meta name=\"twitter:label2\" content=\"Tiempo de lectura\" \/>\n\t<meta name=\"twitter:data2\" content=\"2 minutos\" \/>\n<script type=\"application\/ld+json\" class=\"yoast-schema-graph\">{\"@context\":\"https:\\\/\\\/schema.org\",\"@graph\":[{\"@type\":\"Article\",\"@id\":\"https:\\\/\\\/conexion23.com\\\/?p=16960#article\",\"isPartOf\":{\"@id\":\"https:\\\/\\\/conexion23.com\\\/?p=16960\"},\"author\":{\"name\":\"Raffy Ben\u00edtez\",\"@id\":\"https:\\\/\\\/conexion23.com\\\/#\\\/schema\\\/person\\\/03e36043331117e97a373299bbcd30a6\"},\"headline\":\"El papa y Zelenski conversaron 40 minutos en el Vaticano\",\"datePublished\":\"2023-05-14T13:01:18+00:00\",\"dateModified\":\"2023-05-14T13:01:20+00:00\",\"mainEntityOfPage\":{\"@id\":\"https:\\\/\\\/conexion23.com\\\/?p=16960\"},\"wordCount\":335,\"commentCount\":0,\"publisher\":{\"@id\":\"https:\\\/\\\/conexion23.com\\\/#organization\"},\"articleSection\":[\"Uncategorized\"],\"inLanguage\":\"es\",\"potentialAction\":[{\"@type\":\"CommentAction\",\"name\":\"Comment\",\"target\":[\"https:\\\/\\\/conexion23.com\\\/?p=16960#respond\"]}]},{\"@type\":\"WebPage\",\"@id\":\"https:\\\/\\\/conexion23.com\\\/?p=16960\",\"url\":\"https:\\\/\\\/conexion23.com\\\/?p=16960\",\"name\":\"El papa y Zelenski conversaron 40 minutos en el Vaticano - Conexi\u00f3n 23\",\"isPartOf\":{\"@id\":\"https:\\\/\\\/conexion23.com\\\/#website\"},\"datePublished\":\"2023-05-14T13:01:18+00:00\",\"dateModified\":\"2023-05-14T13:01:20+00:00\",\"breadcrumb\":{\"@id\":\"https:\\\/\\\/conexion23.com\\\/?p=16960#breadcrumb\"},\"inLanguage\":\"es\",\"potentialAction\":[{\"@type\":\"ReadAction\",\"target\":[\"https:\\\/\\\/conexion23.com\\\/?p=16960\"]}]},{\"@type\":\"BreadcrumbList\",\"@id\":\"https:\\\/\\\/conexion23.com\\\/?p=16960#breadcrumb\",\"itemListElement\":[{\"@type\":\"ListItem\",\"position\":1,\"name\":\"Portada\",\"item\":\"https:\\\/\\\/conexion23.com\\\/\"},{\"@type\":\"ListItem\",\"position\":2,\"name\":\"El papa y Zelenski conversaron 40 minutos en el Vaticano\"}]},{\"@type\":\"WebSite\",\"@id\":\"https:\\\/\\\/conexion23.com\\\/#website\",\"url\":\"https:\\\/\\\/conexion23.com\\\/\",\"name\":\"Conexi\u00f3n 23\",\"description\":\"Peri\u00f3dico 100% Petromacorisano\",\"publisher\":{\"@id\":\"https:\\\/\\\/conexion23.com\\\/#organization\"},\"potentialAction\":[{\"@type\":\"SearchAction\",\"target\":{\"@type\":\"EntryPoint\",\"urlTemplate\":\"https:\\\/\\\/conexion23.com\\\/?s={search_term_string}\"},\"query-input\":{\"@type\":\"PropertyValueSpecification\",\"valueRequired\":true,\"valueName\":\"search_term_string\"}}],\"inLanguage\":\"es\"},{\"@type\":\"Organization\",\"@id\":\"https:\\\/\\\/conexion23.com\\\/#organization\",\"name\":\"Conexion 23\",\"url\":\"https:\\\/\\\/conexion23.com\\\/\",\"logo\":{\"@type\":\"ImageObject\",\"inLanguage\":\"es\",\"@id\":\"https:\\\/\\\/conexion23.com\\\/#\\\/schema\\\/logo\\\/image\\\/\",\"url\":\"https:\\\/\\\/conexion23.com\\\/wp-content\\\/uploads\\\/2021\\\/11\\\/Diseno-sin-titulo-2.png\",\"contentUrl\":\"https:\\\/\\\/conexion23.com\\\/wp-content\\\/uploads\\\/2021\\\/11\\\/Diseno-sin-titulo-2.png\",\"width\":541,\"height\":90,\"caption\":\"Conexion 23\"},\"image\":{\"@id\":\"https:\\\/\\\/conexion23.com\\\/#\\\/schema\\\/logo\\\/image\\\/\"},\"sameAs\":[\"https:\\\/\\\/www.facebook.com\\\/conexion23com\",\"https:\\\/\\\/www.instagram.com\\\/conexion23com\\\/\",\"https:\\\/\\\/www.youtube.com\\\/channel\\\/UCYc7vxxFZMYLIHNsHHxPZ3Q\"]},{\"@type\":\"Person\",\"@id\":\"https:\\\/\\\/conexion23.com\\\/#\\\/schema\\\/person\\\/03e36043331117e97a373299bbcd30a6\",\"name\":\"Raffy Ben\u00edtez\",\"image\":{\"@type\":\"ImageObject\",\"inLanguage\":\"es\",\"@id\":\"https:\\\/\\\/secure.gravatar.com\\\/avatar\\\/3190a6a6c5e1b0327500f7d6c56b6242472ee6cb974cf09b401ee6b3b0798f23?s=96&d=mm&r=g\",\"url\":\"https:\\\/\\\/secure.gravatar.com\\\/avatar\\\/3190a6a6c5e1b0327500f7d6c56b6242472ee6cb974cf09b401ee6b3b0798f23?s=96&d=mm&r=g\",\"contentUrl\":\"https:\\\/\\\/secure.gravatar.com\\\/avatar\\\/3190a6a6c5e1b0327500f7d6c56b6242472ee6cb974cf09b401ee6b3b0798f23?s=96&d=mm&r=g\",\"caption\":\"Raffy Ben\u00edtez\"},\"url\":\"https:\\\/\\\/conexion23.com\\\/?author=15\"}]}<\/script>\n<!-- \/ Yoast SEO plugin. -->","yoast_head_json":{"title":"El papa y Zelenski conversaron 40 minutos en el Vaticano - Conexi\u00f3n 23","robots":{"index":"index","follow":"follow","max-snippet":"max-snippet:-1","max-image-preview":"max-image-preview:large","max-video-preview":"max-video-preview:-1"},"canonical":"https:\/\/conexion23.com\/?p=16960","og_locale":"es_ES","og_type":"article","og_title":"El papa y Zelenski conversaron 40 minutos en el Vaticano - Conexi\u00f3n 23","og_description":"Ciudad del Vaticano.-&nbsp;El&nbsp;papa Francisco&nbsp;y el&nbsp;presidente ucraniano, Volodomir Zelenski, se reunieron hoy durante 40 minutos en el Vaticano, un esperado encuentro que llega despu\u00e9s de que el pont\u00edfice revelase que est\u00e1 en marcha una misi\u00f3n para poder poner fin a la guerra en Ucrania, de la que a\u00fan no se conocen los detalles. Zelenski le dijo [&hellip;]","og_url":"https:\/\/conexion23.com\/?p=16960","og_site_name":"Conexi\u00f3n 23","article_publisher":"https:\/\/www.facebook.com\/conexion23com","article_published_time":"2023-05-14T13:01:18+00:00","article_modified_time":"2023-05-14T13:01:20+00:00","author":"Raffy Ben\u00edtez","twitter_card":"summary_large_image","twitter_misc":{"Escrito por":"Raffy Ben\u00edtez","Tiempo de lectura":"2 minutos"},"schema":{"@context":"https:\/\/schema.org","@graph":[{"@type":"Article","@id":"https:\/\/conexion23.com\/?p=16960#article","isPartOf":{"@id":"https:\/\/conexion23.com\/?p=16960"},"author":{"name":"Raffy Ben\u00edtez","@id":"https:\/\/conexion23.com\/#\/schema\/person\/03e36043331117e97a373299bbcd30a6"},"headline":"El papa y Zelenski conversaron 40 minutos en el Vaticano","datePublished":"2023-05-14T13:01:18+00:00","dateModified":"2023-05-14T13:01:20+00:00","mainEntityOfPage":{"@id":"https:\/\/conexion23.com\/?p=16960"},"wordCount":335,"commentCount":0,"publisher":{"@id":"https:\/\/conexion23.com\/#organization"},"articleSection":["Uncategorized"],"inLanguage":"es","potentialAction":[{"@type":"CommentAction","name":"Comment","target":["https:\/\/conexion23.com\/?p=16960#respond"]}]},{"@type":"WebPage","@id":"https:\/\/conexion23.com\/?p=16960","url":"https:\/\/conexion23.com\/?p=16960","name":"El papa y Zelenski conversaron 40 minutos en el Vaticano - Conexi\u00f3n 23","isPartOf":{"@id":"https:\/\/conexion23.com\/#website"},"datePublished":"2023-05-14T13:01:18+00:00","dateModified":"2023-05-14T13:01:20+00:00","breadcrumb":{"@id":"https:\/\/conexion23.com\/?p=16960#breadcrumb"},"inLanguage":"es","potentialAction":[{"@type":"ReadAction","target":["https:\/\/conexion23.com\/?p=16960"]}]},{"@type":"BreadcrumbList","@id":"https:\/\/conexion23.com\/?p=16960#breadcrumb","itemListElement":[{"@type":"ListItem","position":1,"name":"Portada","item":"https:\/\/conexion23.com\/"},{"@type":"ListItem","position":2,"name":"El papa y Zelenski conversaron 40 minutos en el Vaticano"}]},{"@type":"WebSite","@id":"https:\/\/conexion23.com\/#website","url":"https:\/\/conexion23.com\/","name":"Conexi\u00f3n 23","description":"Peri\u00f3dico 100% Petromacorisano","publisher":{"@id":"https:\/\/conexion23.com\/#organization"},"potentialAction":[{"@type":"SearchAction","target":{"@type":"EntryPoint","urlTemplate":"https:\/\/conexion23.com\/?s={search_term_string}"},"query-input":{"@type":"PropertyValueSpecification","valueRequired":true,"valueName":"search_term_string"}}],"inLanguage":"es"},{"@type":"Organization","@id":"https:\/\/conexion23.com\/#organization","name":"Conexion 23","url":"https:\/\/conexion23.com\/","logo":{"@type":"ImageObject","inLanguage":"es","@id":"https:\/\/conexion23.com\/#\/schema\/logo\/image\/","url":"https:\/\/conexion23.com\/wp-content\/uploads\/2021\/11\/Diseno-sin-titulo-2.png","contentUrl":"https:\/\/conexion23.com\/wp-content\/uploads\/2021\/11\/Diseno-sin-titulo-2.png","width":541,"height":90,"caption":"Conexion 23"},"image":{"@id":"https:\/\/conexion23.com\/#\/schema\/logo\/image\/"},"sameAs":["https:\/\/www.facebook.com\/conexion23com","https:\/\/www.instagram.com\/conexion23com\/","https:\/\/www.youtube.com\/channel\/UCYc7vxxFZMYLIHNsHHxPZ3Q"]},{"@type":"Person","@id":"https:\/\/conexion23.com\/#\/schema\/person\/03e36043331117e97a373299bbcd30a6","name":"Raffy Ben\u00edtez","image":{"@type":"ImageObject","inLanguage":"es","@id":"https:\/\/secure.gravatar.com\/avatar\/3190a6a6c5e1b0327500f7d6c56b6242472ee6cb974cf09b401ee6b3b0798f23?s=96&d=mm&r=g","url":"https:\/\/secure.gravatar.com\/avatar\/3190a6a6c5e1b0327500f7d6c56b6242472ee6cb974cf09b401ee6b3b0798f23?s=96&d=mm&r=g","contentUrl":"https:\/\/secure.gravatar.com\/avatar\/3190a6a6c5e1b0327500f7d6c56b6242472ee6cb974cf09b401ee6b3b0798f23?s=96&d=mm&r=g","caption":"Raffy Ben\u00edtez"},"url":"https:\/\/conexion23.com\/?author=15"}]}},"_links":{"self":[{"href":"https:\/\/conexion23.com\/index.php?rest_route=\/wp\/v2\/posts\/16960","targetHints":{"allow":["GET"]}}],"collection":[{"href":"https:\/\/conexion23.com\/index.php?rest_route=\/wp\/v2\/posts"}],"about":[{"href":"https:\/\/conexion23.com\/index.php?rest_route=\/wp\/v2\/types\/post"}],"author":[{"embeddable":true,"href":"https:\/\/conexion23.com\/index.php?rest_route=\/wp\/v2\/users\/15"}],"replies":[{"embeddable":true,"href":"https:\/\/conexion23.com\/index.php?rest_route=%2Fwp%2Fv2%2Fcomments&post=16960"}],"version-history":[{"count":1,"href":"https:\/\/conexion23.com\/index.php?rest_route=\/wp\/v2\/posts\/16960\/revisions"}],"predecessor-version":[{"id":16962,"href":"https:\/\/conexion23.com\/index.php?rest_route=\/wp\/v2\/posts\/16960\/revisions\/16962"}],"wp:attachment":[{"href":"https:\/\/conexion23.com\/index.php?rest_route=%2Fwp%2Fv2%2Fmedia&parent=16960"}],"wp:term":[{"taxonomy":"category","embeddable":true,"href":"https:\/\/conexion23.com\/index.php?rest_route=%2Fwp%2Fv2%2Fcategories&post=16960"},{"taxonomy":"post_tag","embeddable":true,"href":"https:\/\/conexion23.com\/index.php?rest_route=%2Fwp%2Fv2%2Ftags&post=16960"}],"curies":[{"name":"wp","href":"https:\/\/api.w.org\/{rel}","templated":true}]}}