{"id":16994,"date":"2023-05-16T07:30:56","date_gmt":"2023-05-16T11:30:56","guid":{"rendered":"https:\/\/conexion23.com\/?p=16994"},"modified":"2023-05-16T07:30:58","modified_gmt":"2023-05-16T11:30:58","slug":"familiares-de-seis-inmigrantes-dominicanos-apresados-en-mexico-piden-ayuda","status":"publish","type":"post","link":"https:\/\/conexion23.com\/?p=16994","title":{"rendered":"Familiares de seis inmigrantes dominicanos apresados en M\u00e9xico piden ayuda."},"content":{"rendered":"\n<p class=\"wp-block-paragraph\">Con la promesa de que iniciar\u00e1n una investigaci\u00f3n quedaron este lunes un grupo de banilejos que protest\u00f3 en el Ministerio de Relaciones Exteriores para solicitar ayudar del gobierno en la&nbsp;<strong>detenci\u00f3n y condena de seis inmigrantes dominicanos en M\u00e9xico<\/strong>.<\/p>\n\n\n\n<p class=\"wp-block-paragraph\">De esta manera el grupo banilejo clamaba la ayuda del gobierno para resolver la situaci\u00f3n judicial de seis dominicanos sentenciados a 47 a\u00f1os de prisi\u00f3n por una supuesta violaci\u00f3n sexual mientras hac\u00edan la denominada \u00b4\u00b4vuelta de M\u00e9xico\u00b4\u00b4 para cruzar a Estados Unidos.<\/p>\n\n\n\n<p class=\"wp-block-paragraph\">A minutos de la llegada de los manifestantes al Ministerio de Relaciones Exteriores, una comisi\u00f3n encabezada por las madres de los detenidos, fue recibida por el viceministro consular, Opinio D\u00edaz, de cuyo encuentro salieron esperanzados.<\/p>\n\n\n\n<p class=\"wp-block-paragraph\">Los condenados fueron identificados como \u00c1ngela Mar\u00eda Arias Franco, Charin Arias Gonz\u00e1lez, Jos\u00e9 Argenis Lugo Aquino, V\u00edctor Manuel Lugo Cabrera, Willis Antonio M\u00e9ndez Cruz e Ysamar S\u00e1nchez.<\/p>\n\n\n\n<p class=\"wp-block-paragraph\"><strong>Sus familiares, vecinos y amigos tambi\u00e9n se unieron a la manifestaci\u00f3n.<\/strong><\/p>\n\n\n\n<p class=\"wp-block-paragraph\">Desde que el grupo lleg\u00f3 al lugar fue reforzada la seguridad en las inmediaciones de la canciller\u00eda con agentes policiales.<\/p>\n\n\n\n<p class=\"wp-block-paragraph\">Tan pronto termin\u00f3 el encuentro, los manifestantes retornaron a su demarcaci\u00f3n en autobuses privados.<\/p>\n\n\n\n<p class=\"wp-block-paragraph\"><strong>Ser\u00e1 este viernes cuando los parientes de los detenidos podr\u00e1n obtener informaci\u00f3n v\u00eda telef\u00f3nica sobre el caso.<\/strong><\/p>\n","protected":false},"excerpt":{"rendered":"<p>Con la promesa de que iniciar\u00e1n una investigaci\u00f3n quedaron este lunes un grupo de banilejos que protest\u00f3 en el Ministerio de Relaciones Exteriores para solicitar ayudar del gobierno en la&nbsp;detenci\u00f3n y condena de seis inmigrantes dominicanos en M\u00e9xico. De esta manera el grupo banilejo clamaba la ayuda del gobierno para resolver la situaci\u00f3n judicial de [&hellip;]<\/p>\n","protected":false},"author":15,"featured_media":0,"comment_status":"open","ping_status":"open","sticky":false,"template":"","format":"standard","meta":{"footnotes":""},"categories":[1],"tags":[],"class_list":["post-16994","post","type-post","status-publish","format-standard","category-uncategorized"],"yoast_head":"<!-- This site is optimized with the Yoast SEO plugin v27.6 - https:\/\/yoast.com\/product\/yoast-seo-wordpress\/ -->\n<title>Familiares de seis inmigrantes dominicanos apresados en M\u00e9xico piden ayuda. - Conexi\u00f3n 23<\/title>\n<meta name=\"robots\" content=\"index, follow, max-snippet:-1, max-image-preview:large, max-video-preview:-1\" \/>\n<link rel=\"canonical\" href=\"https:\/\/conexion23.com\/?p=16994\" \/>\n<meta property=\"og:locale\" content=\"es_ES\" \/>\n<meta property=\"og:type\" content=\"article\" \/>\n<meta property=\"og:title\" content=\"Familiares de seis inmigrantes dominicanos apresados en M\u00e9xico piden ayuda. - Conexi\u00f3n 23\" \/>\n<meta property=\"og:description\" content=\"Con la promesa de que iniciar\u00e1n una investigaci\u00f3n quedaron este lunes un grupo de banilejos que protest\u00f3 en el Ministerio de Relaciones Exteriores para solicitar ayudar del gobierno en la&nbsp;detenci\u00f3n y condena de seis inmigrantes dominicanos en M\u00e9xico. De esta manera el grupo banilejo clamaba la ayuda del gobierno para resolver la situaci\u00f3n judicial de [&hellip;]\" \/>\n<meta property=\"og:url\" content=\"https:\/\/conexion23.com\/?p=16994\" \/>\n<meta property=\"og:site_name\" content=\"Conexi\u00f3n 23\" \/>\n<meta property=\"article:publisher\" content=\"https:\/\/www.facebook.com\/conexion23com\" \/>\n<meta property=\"article:published_time\" content=\"2023-05-16T11:30:56+00:00\" \/>\n<meta property=\"article:modified_time\" content=\"2023-05-16T11:30:58+00:00\" \/>\n<meta name=\"author\" content=\"Raffy Ben\u00edtez\" \/>\n<meta name=\"twitter:card\" content=\"summary_large_image\" \/>\n<meta name=\"twitter:label1\" content=\"Escrito por\" \/>\n\t<meta name=\"twitter:data1\" content=\"Raffy Ben\u00edtez\" \/>\n\t<meta name=\"twitter:label2\" content=\"Tiempo de lectura\" \/>\n\t<meta name=\"twitter:data2\" content=\"1 minuto\" \/>\n<script type=\"application\/ld+json\" class=\"yoast-schema-graph\">{\"@context\":\"https:\\\/\\\/schema.org\",\"@graph\":[{\"@type\":\"Article\",\"@id\":\"https:\\\/\\\/conexion23.com\\\/?p=16994#article\",\"isPartOf\":{\"@id\":\"https:\\\/\\\/conexion23.com\\\/?p=16994\"},\"author\":{\"name\":\"Raffy Ben\u00edtez\",\"@id\":\"https:\\\/\\\/conexion23.com\\\/#\\\/schema\\\/person\\\/03e36043331117e97a373299bbcd30a6\"},\"headline\":\"Familiares de seis inmigrantes dominicanos apresados en M\u00e9xico piden ayuda.\",\"datePublished\":\"2023-05-16T11:30:56+00:00\",\"dateModified\":\"2023-05-16T11:30:58+00:00\",\"mainEntityOfPage\":{\"@id\":\"https:\\\/\\\/conexion23.com\\\/?p=16994\"},\"wordCount\":241,\"commentCount\":0,\"publisher\":{\"@id\":\"https:\\\/\\\/conexion23.com\\\/#organization\"},\"articleSection\":[\"Uncategorized\"],\"inLanguage\":\"es\",\"potentialAction\":[{\"@type\":\"CommentAction\",\"name\":\"Comment\",\"target\":[\"https:\\\/\\\/conexion23.com\\\/?p=16994#respond\"]}]},{\"@type\":\"WebPage\",\"@id\":\"https:\\\/\\\/conexion23.com\\\/?p=16994\",\"url\":\"https:\\\/\\\/conexion23.com\\\/?p=16994\",\"name\":\"Familiares de seis inmigrantes dominicanos apresados en M\u00e9xico piden ayuda. - Conexi\u00f3n 23\",\"isPartOf\":{\"@id\":\"https:\\\/\\\/conexion23.com\\\/#website\"},\"datePublished\":\"2023-05-16T11:30:56+00:00\",\"dateModified\":\"2023-05-16T11:30:58+00:00\",\"breadcrumb\":{\"@id\":\"https:\\\/\\\/conexion23.com\\\/?p=16994#breadcrumb\"},\"inLanguage\":\"es\",\"potentialAction\":[{\"@type\":\"ReadAction\",\"target\":[\"https:\\\/\\\/conexion23.com\\\/?p=16994\"]}]},{\"@type\":\"BreadcrumbList\",\"@id\":\"https:\\\/\\\/conexion23.com\\\/?p=16994#breadcrumb\",\"itemListElement\":[{\"@type\":\"ListItem\",\"position\":1,\"name\":\"Portada\",\"item\":\"https:\\\/\\\/conexion23.com\\\/\"},{\"@type\":\"ListItem\",\"position\":2,\"name\":\"Familiares de seis inmigrantes dominicanos apresados en M\u00e9xico piden ayuda.\"}]},{\"@type\":\"WebSite\",\"@id\":\"https:\\\/\\\/conexion23.com\\\/#website\",\"url\":\"https:\\\/\\\/conexion23.com\\\/\",\"name\":\"Conexi\u00f3n 23\",\"description\":\"Peri\u00f3dico 100% Petromacorisano\",\"publisher\":{\"@id\":\"https:\\\/\\\/conexion23.com\\\/#organization\"},\"potentialAction\":[{\"@type\":\"SearchAction\",\"target\":{\"@type\":\"EntryPoint\",\"urlTemplate\":\"https:\\\/\\\/conexion23.com\\\/?s={search_term_string}\"},\"query-input\":{\"@type\":\"PropertyValueSpecification\",\"valueRequired\":true,\"valueName\":\"search_term_string\"}}],\"inLanguage\":\"es\"},{\"@type\":\"Organization\",\"@id\":\"https:\\\/\\\/conexion23.com\\\/#organization\",\"name\":\"Conexion 23\",\"url\":\"https:\\\/\\\/conexion23.com\\\/\",\"logo\":{\"@type\":\"ImageObject\",\"inLanguage\":\"es\",\"@id\":\"https:\\\/\\\/conexion23.com\\\/#\\\/schema\\\/logo\\\/image\\\/\",\"url\":\"https:\\\/\\\/conexion23.com\\\/wp-content\\\/uploads\\\/2021\\\/11\\\/Diseno-sin-titulo-2.png\",\"contentUrl\":\"https:\\\/\\\/conexion23.com\\\/wp-content\\\/uploads\\\/2021\\\/11\\\/Diseno-sin-titulo-2.png\",\"width\":541,\"height\":90,\"caption\":\"Conexion 23\"},\"image\":{\"@id\":\"https:\\\/\\\/conexion23.com\\\/#\\\/schema\\\/logo\\\/image\\\/\"},\"sameAs\":[\"https:\\\/\\\/www.facebook.com\\\/conexion23com\",\"https:\\\/\\\/www.instagram.com\\\/conexion23com\\\/\",\"https:\\\/\\\/www.youtube.com\\\/channel\\\/UCYc7vxxFZMYLIHNsHHxPZ3Q\"]},{\"@type\":\"Person\",\"@id\":\"https:\\\/\\\/conexion23.com\\\/#\\\/schema\\\/person\\\/03e36043331117e97a373299bbcd30a6\",\"name\":\"Raffy Ben\u00edtez\",\"image\":{\"@type\":\"ImageObject\",\"inLanguage\":\"es\",\"@id\":\"https:\\\/\\\/secure.gravatar.com\\\/avatar\\\/3190a6a6c5e1b0327500f7d6c56b6242472ee6cb974cf09b401ee6b3b0798f23?s=96&d=mm&r=g\",\"url\":\"https:\\\/\\\/secure.gravatar.com\\\/avatar\\\/3190a6a6c5e1b0327500f7d6c56b6242472ee6cb974cf09b401ee6b3b0798f23?s=96&d=mm&r=g\",\"contentUrl\":\"https:\\\/\\\/secure.gravatar.com\\\/avatar\\\/3190a6a6c5e1b0327500f7d6c56b6242472ee6cb974cf09b401ee6b3b0798f23?s=96&d=mm&r=g\",\"caption\":\"Raffy Ben\u00edtez\"},\"url\":\"https:\\\/\\\/conexion23.com\\\/?author=15\"}]}<\/script>\n<!-- \/ Yoast SEO plugin. -->","yoast_head_json":{"title":"Familiares de seis inmigrantes dominicanos apresados en M\u00e9xico piden ayuda. - Conexi\u00f3n 23","robots":{"index":"index","follow":"follow","max-snippet":"max-snippet:-1","max-image-preview":"max-image-preview:large","max-video-preview":"max-video-preview:-1"},"canonical":"https:\/\/conexion23.com\/?p=16994","og_locale":"es_ES","og_type":"article","og_title":"Familiares de seis inmigrantes dominicanos apresados en M\u00e9xico piden ayuda. - Conexi\u00f3n 23","og_description":"Con la promesa de que iniciar\u00e1n una investigaci\u00f3n quedaron este lunes un grupo de banilejos que protest\u00f3 en el Ministerio de Relaciones Exteriores para solicitar ayudar del gobierno en la&nbsp;detenci\u00f3n y condena de seis inmigrantes dominicanos en M\u00e9xico. De esta manera el grupo banilejo clamaba la ayuda del gobierno para resolver la situaci\u00f3n judicial de [&hellip;]","og_url":"https:\/\/conexion23.com\/?p=16994","og_site_name":"Conexi\u00f3n 23","article_publisher":"https:\/\/www.facebook.com\/conexion23com","article_published_time":"2023-05-16T11:30:56+00:00","article_modified_time":"2023-05-16T11:30:58+00:00","author":"Raffy Ben\u00edtez","twitter_card":"summary_large_image","twitter_misc":{"Escrito por":"Raffy Ben\u00edtez","Tiempo de lectura":"1 minuto"},"schema":{"@context":"https:\/\/schema.org","@graph":[{"@type":"Article","@id":"https:\/\/conexion23.com\/?p=16994#article","isPartOf":{"@id":"https:\/\/conexion23.com\/?p=16994"},"author":{"name":"Raffy Ben\u00edtez","@id":"https:\/\/conexion23.com\/#\/schema\/person\/03e36043331117e97a373299bbcd30a6"},"headline":"Familiares de seis inmigrantes dominicanos apresados en M\u00e9xico piden ayuda.","datePublished":"2023-05-16T11:30:56+00:00","dateModified":"2023-05-16T11:30:58+00:00","mainEntityOfPage":{"@id":"https:\/\/conexion23.com\/?p=16994"},"wordCount":241,"commentCount":0,"publisher":{"@id":"https:\/\/conexion23.com\/#organization"},"articleSection":["Uncategorized"],"inLanguage":"es","potentialAction":[{"@type":"CommentAction","name":"Comment","target":["https:\/\/conexion23.com\/?p=16994#respond"]}]},{"@type":"WebPage","@id":"https:\/\/conexion23.com\/?p=16994","url":"https:\/\/conexion23.com\/?p=16994","name":"Familiares de seis inmigrantes dominicanos apresados en M\u00e9xico piden ayuda. - Conexi\u00f3n 23","isPartOf":{"@id":"https:\/\/conexion23.com\/#website"},"datePublished":"2023-05-16T11:30:56+00:00","dateModified":"2023-05-16T11:30:58+00:00","breadcrumb":{"@id":"https:\/\/conexion23.com\/?p=16994#breadcrumb"},"inLanguage":"es","potentialAction":[{"@type":"ReadAction","target":["https:\/\/conexion23.com\/?p=16994"]}]},{"@type":"BreadcrumbList","@id":"https:\/\/conexion23.com\/?p=16994#breadcrumb","itemListElement":[{"@type":"ListItem","position":1,"name":"Portada","item":"https:\/\/conexion23.com\/"},{"@type":"ListItem","position":2,"name":"Familiares de seis inmigrantes dominicanos apresados en M\u00e9xico piden ayuda."}]},{"@type":"WebSite","@id":"https:\/\/conexion23.com\/#website","url":"https:\/\/conexion23.com\/","name":"Conexi\u00f3n 23","description":"Peri\u00f3dico 100% Petromacorisano","publisher":{"@id":"https:\/\/conexion23.com\/#organization"},"potentialAction":[{"@type":"SearchAction","target":{"@type":"EntryPoint","urlTemplate":"https:\/\/conexion23.com\/?s={search_term_string}"},"query-input":{"@type":"PropertyValueSpecification","valueRequired":true,"valueName":"search_term_string"}}],"inLanguage":"es"},{"@type":"Organization","@id":"https:\/\/conexion23.com\/#organization","name":"Conexion 23","url":"https:\/\/conexion23.com\/","logo":{"@type":"ImageObject","inLanguage":"es","@id":"https:\/\/conexion23.com\/#\/schema\/logo\/image\/","url":"https:\/\/conexion23.com\/wp-content\/uploads\/2021\/11\/Diseno-sin-titulo-2.png","contentUrl":"https:\/\/conexion23.com\/wp-content\/uploads\/2021\/11\/Diseno-sin-titulo-2.png","width":541,"height":90,"caption":"Conexion 23"},"image":{"@id":"https:\/\/conexion23.com\/#\/schema\/logo\/image\/"},"sameAs":["https:\/\/www.facebook.com\/conexion23com","https:\/\/www.instagram.com\/conexion23com\/","https:\/\/www.youtube.com\/channel\/UCYc7vxxFZMYLIHNsHHxPZ3Q"]},{"@type":"Person","@id":"https:\/\/conexion23.com\/#\/schema\/person\/03e36043331117e97a373299bbcd30a6","name":"Raffy Ben\u00edtez","image":{"@type":"ImageObject","inLanguage":"es","@id":"https:\/\/secure.gravatar.com\/avatar\/3190a6a6c5e1b0327500f7d6c56b6242472ee6cb974cf09b401ee6b3b0798f23?s=96&d=mm&r=g","url":"https:\/\/secure.gravatar.com\/avatar\/3190a6a6c5e1b0327500f7d6c56b6242472ee6cb974cf09b401ee6b3b0798f23?s=96&d=mm&r=g","contentUrl":"https:\/\/secure.gravatar.com\/avatar\/3190a6a6c5e1b0327500f7d6c56b6242472ee6cb974cf09b401ee6b3b0798f23?s=96&d=mm&r=g","caption":"Raffy Ben\u00edtez"},"url":"https:\/\/conexion23.com\/?author=15"}]}},"_links":{"self":[{"href":"https:\/\/conexion23.com\/index.php?rest_route=\/wp\/v2\/posts\/16994","targetHints":{"allow":["GET"]}}],"collection":[{"href":"https:\/\/conexion23.com\/index.php?rest_route=\/wp\/v2\/posts"}],"about":[{"href":"https:\/\/conexion23.com\/index.php?rest_route=\/wp\/v2\/types\/post"}],"author":[{"embeddable":true,"href":"https:\/\/conexion23.com\/index.php?rest_route=\/wp\/v2\/users\/15"}],"replies":[{"embeddable":true,"href":"https:\/\/conexion23.com\/index.php?rest_route=%2Fwp%2Fv2%2Fcomments&post=16994"}],"version-history":[{"count":1,"href":"https:\/\/conexion23.com\/index.php?rest_route=\/wp\/v2\/posts\/16994\/revisions"}],"predecessor-version":[{"id":16996,"href":"https:\/\/conexion23.com\/index.php?rest_route=\/wp\/v2\/posts\/16994\/revisions\/16996"}],"wp:attachment":[{"href":"https:\/\/conexion23.com\/index.php?rest_route=%2Fwp%2Fv2%2Fmedia&parent=16994"}],"wp:term":[{"taxonomy":"category","embeddable":true,"href":"https:\/\/conexion23.com\/index.php?rest_route=%2Fwp%2Fv2%2Fcategories&post=16994"},{"taxonomy":"post_tag","embeddable":true,"href":"https:\/\/conexion23.com\/index.php?rest_route=%2Fwp%2Fv2%2Ftags&post=16994"}],"curies":[{"name":"wp","href":"https:\/\/api.w.org\/{rel}","templated":true}]}}