{"id":17000,"date":"2023-05-16T07:37:01","date_gmt":"2023-05-16T11:37:01","guid":{"rendered":"https:\/\/conexion23.com\/?p=17000"},"modified":"2023-05-16T07:37:03","modified_gmt":"2023-05-16T11:37:03","slug":"marileidy-paulino-se-convierte-en-la-numero-1-del-mundo-en-400-metros","status":"publish","type":"post","link":"https:\/\/conexion23.com\/?p=17000","title":{"rendered":"Marileidy Paulino se convierte en la n\u00famero 1 del mundo en 400 metros."},"content":{"rendered":"\n<p class=\"wp-block-paragraph\">La Dominicana Marileidy Paulino&nbsp;<strong>se posicion\u00f3 como la n\u00famero 1 del mundo del atletismo en ranking de la World Athletics en 400 metros con 1,447 puntos.<\/strong><\/p>\n\n\n\n<p class=\"wp-block-paragraph\">Luego de su triunfo en la primera fecha de la Liga Diamante celebrada en Doha, la dominicana subcampeona del mundo en Eugene en 2022, gan\u00f3 con autoridad los 400 metros con un tiempo de 50.51, seguida de la estadounidense Shamier Little (50.84) y la polaca Natalia Kaczmarek (51.64).<\/p>\n\n\n\n<p class=\"wp-block-paragraph\"><strong>La pr\u00f3xima prueba de Marileidy ser\u00e1 a final del presente mes, en el Meeting de los \u00c1ngeles, Estados Unidos<\/strong>.<\/p>\n\n\n\n<p class=\"wp-block-paragraph\">La campeona ol\u00edmpica de 400 m Sydney McLaughlin-Levrone y la vicecampeona ol\u00edmpica de 400 m Marileidy Paulino se ver\u00e1n las caras en Los \u00c1ngeles.&nbsp;<strong>Esto ser\u00e1 el 27 de mayo<\/strong>.<\/p>\n\n\n\n<p class=\"wp-block-paragraph\"><strong>Marileidy volver\u00e1 a la Liga Diamante el pr\u00f3ximo 16 de julio, en Silesia, Polonia.<\/strong><\/p>\n","protected":false},"excerpt":{"rendered":"<p>La Dominicana Marileidy Paulino&nbsp;se posicion\u00f3 como la n\u00famero 1 del mundo del atletismo en ranking de la World Athletics en 400 metros con 1,447 puntos. Luego de su triunfo en la primera fecha de la Liga Diamante celebrada en Doha, la dominicana subcampeona del mundo en Eugene en 2022, gan\u00f3 con autoridad los 400 metros [&hellip;]<\/p>\n","protected":false},"author":15,"featured_media":0,"comment_status":"open","ping_status":"open","sticky":false,"template":"","format":"standard","meta":{"footnotes":""},"categories":[6],"tags":[],"class_list":["post-17000","post","type-post","status-publish","format-standard","category-deportes"],"yoast_head":"<!-- This site is optimized with the Yoast SEO plugin v27.6 - https:\/\/yoast.com\/product\/yoast-seo-wordpress\/ -->\n<title>Marileidy Paulino se convierte en la n\u00famero 1 del mundo en 400 metros. - Conexi\u00f3n 23<\/title>\n<meta name=\"robots\" content=\"index, follow, max-snippet:-1, max-image-preview:large, max-video-preview:-1\" \/>\n<link rel=\"canonical\" href=\"https:\/\/conexion23.com\/?p=17000\" \/>\n<meta property=\"og:locale\" content=\"es_ES\" \/>\n<meta property=\"og:type\" content=\"article\" \/>\n<meta property=\"og:title\" content=\"Marileidy Paulino se convierte en la n\u00famero 1 del mundo en 400 metros. - Conexi\u00f3n 23\" \/>\n<meta property=\"og:description\" content=\"La Dominicana Marileidy Paulino&nbsp;se posicion\u00f3 como la n\u00famero 1 del mundo del atletismo en ranking de la World Athletics en 400 metros con 1,447 puntos. Luego de su triunfo en la primera fecha de la Liga Diamante celebrada en Doha, la dominicana subcampeona del mundo en Eugene en 2022, gan\u00f3 con autoridad los 400 metros [&hellip;]\" \/>\n<meta property=\"og:url\" content=\"https:\/\/conexion23.com\/?p=17000\" \/>\n<meta property=\"og:site_name\" content=\"Conexi\u00f3n 23\" \/>\n<meta property=\"article:publisher\" content=\"https:\/\/www.facebook.com\/conexion23com\" \/>\n<meta property=\"article:published_time\" content=\"2023-05-16T11:37:01+00:00\" \/>\n<meta property=\"article:modified_time\" content=\"2023-05-16T11:37:03+00:00\" \/>\n<meta name=\"author\" content=\"Raffy Ben\u00edtez\" \/>\n<meta name=\"twitter:card\" content=\"summary_large_image\" \/>\n<meta name=\"twitter:label1\" content=\"Escrito por\" \/>\n\t<meta name=\"twitter:data1\" content=\"Raffy Ben\u00edtez\" \/>\n\t<meta name=\"twitter:label2\" content=\"Tiempo de lectura\" \/>\n\t<meta name=\"twitter:data2\" content=\"1 minuto\" \/>\n<script type=\"application\/ld+json\" class=\"yoast-schema-graph\">{\"@context\":\"https:\\\/\\\/schema.org\",\"@graph\":[{\"@type\":\"Article\",\"@id\":\"https:\\\/\\\/conexion23.com\\\/?p=17000#article\",\"isPartOf\":{\"@id\":\"https:\\\/\\\/conexion23.com\\\/?p=17000\"},\"author\":{\"name\":\"Raffy Ben\u00edtez\",\"@id\":\"https:\\\/\\\/conexion23.com\\\/#\\\/schema\\\/person\\\/03e36043331117e97a373299bbcd30a6\"},\"headline\":\"Marileidy Paulino se convierte en la n\u00famero 1 del mundo en 400 metros.\",\"datePublished\":\"2023-05-16T11:37:01+00:00\",\"dateModified\":\"2023-05-16T11:37:03+00:00\",\"mainEntityOfPage\":{\"@id\":\"https:\\\/\\\/conexion23.com\\\/?p=17000\"},\"wordCount\":145,\"commentCount\":0,\"publisher\":{\"@id\":\"https:\\\/\\\/conexion23.com\\\/#organization\"},\"articleSection\":[\"Deportes\"],\"inLanguage\":\"es\",\"potentialAction\":[{\"@type\":\"CommentAction\",\"name\":\"Comment\",\"target\":[\"https:\\\/\\\/conexion23.com\\\/?p=17000#respond\"]}]},{\"@type\":\"WebPage\",\"@id\":\"https:\\\/\\\/conexion23.com\\\/?p=17000\",\"url\":\"https:\\\/\\\/conexion23.com\\\/?p=17000\",\"name\":\"Marileidy Paulino se convierte en la n\u00famero 1 del mundo en 400 metros. - Conexi\u00f3n 23\",\"isPartOf\":{\"@id\":\"https:\\\/\\\/conexion23.com\\\/#website\"},\"datePublished\":\"2023-05-16T11:37:01+00:00\",\"dateModified\":\"2023-05-16T11:37:03+00:00\",\"breadcrumb\":{\"@id\":\"https:\\\/\\\/conexion23.com\\\/?p=17000#breadcrumb\"},\"inLanguage\":\"es\",\"potentialAction\":[{\"@type\":\"ReadAction\",\"target\":[\"https:\\\/\\\/conexion23.com\\\/?p=17000\"]}]},{\"@type\":\"BreadcrumbList\",\"@id\":\"https:\\\/\\\/conexion23.com\\\/?p=17000#breadcrumb\",\"itemListElement\":[{\"@type\":\"ListItem\",\"position\":1,\"name\":\"Portada\",\"item\":\"https:\\\/\\\/conexion23.com\\\/\"},{\"@type\":\"ListItem\",\"position\":2,\"name\":\"Marileidy Paulino se convierte en la n\u00famero 1 del mundo en 400 metros.\"}]},{\"@type\":\"WebSite\",\"@id\":\"https:\\\/\\\/conexion23.com\\\/#website\",\"url\":\"https:\\\/\\\/conexion23.com\\\/\",\"name\":\"Conexi\u00f3n 23\",\"description\":\"Peri\u00f3dico 100% Petromacorisano\",\"publisher\":{\"@id\":\"https:\\\/\\\/conexion23.com\\\/#organization\"},\"potentialAction\":[{\"@type\":\"SearchAction\",\"target\":{\"@type\":\"EntryPoint\",\"urlTemplate\":\"https:\\\/\\\/conexion23.com\\\/?s={search_term_string}\"},\"query-input\":{\"@type\":\"PropertyValueSpecification\",\"valueRequired\":true,\"valueName\":\"search_term_string\"}}],\"inLanguage\":\"es\"},{\"@type\":\"Organization\",\"@id\":\"https:\\\/\\\/conexion23.com\\\/#organization\",\"name\":\"Conexion 23\",\"url\":\"https:\\\/\\\/conexion23.com\\\/\",\"logo\":{\"@type\":\"ImageObject\",\"inLanguage\":\"es\",\"@id\":\"https:\\\/\\\/conexion23.com\\\/#\\\/schema\\\/logo\\\/image\\\/\",\"url\":\"https:\\\/\\\/conexion23.com\\\/wp-content\\\/uploads\\\/2021\\\/11\\\/Diseno-sin-titulo-2.png\",\"contentUrl\":\"https:\\\/\\\/conexion23.com\\\/wp-content\\\/uploads\\\/2021\\\/11\\\/Diseno-sin-titulo-2.png\",\"width\":541,\"height\":90,\"caption\":\"Conexion 23\"},\"image\":{\"@id\":\"https:\\\/\\\/conexion23.com\\\/#\\\/schema\\\/logo\\\/image\\\/\"},\"sameAs\":[\"https:\\\/\\\/www.facebook.com\\\/conexion23com\",\"https:\\\/\\\/www.instagram.com\\\/conexion23com\\\/\",\"https:\\\/\\\/www.youtube.com\\\/channel\\\/UCYc7vxxFZMYLIHNsHHxPZ3Q\"]},{\"@type\":\"Person\",\"@id\":\"https:\\\/\\\/conexion23.com\\\/#\\\/schema\\\/person\\\/03e36043331117e97a373299bbcd30a6\",\"name\":\"Raffy Ben\u00edtez\",\"image\":{\"@type\":\"ImageObject\",\"inLanguage\":\"es\",\"@id\":\"https:\\\/\\\/secure.gravatar.com\\\/avatar\\\/3190a6a6c5e1b0327500f7d6c56b6242472ee6cb974cf09b401ee6b3b0798f23?s=96&d=mm&r=g\",\"url\":\"https:\\\/\\\/secure.gravatar.com\\\/avatar\\\/3190a6a6c5e1b0327500f7d6c56b6242472ee6cb974cf09b401ee6b3b0798f23?s=96&d=mm&r=g\",\"contentUrl\":\"https:\\\/\\\/secure.gravatar.com\\\/avatar\\\/3190a6a6c5e1b0327500f7d6c56b6242472ee6cb974cf09b401ee6b3b0798f23?s=96&d=mm&r=g\",\"caption\":\"Raffy Ben\u00edtez\"},\"url\":\"https:\\\/\\\/conexion23.com\\\/?author=15\"}]}<\/script>\n<!-- \/ Yoast SEO plugin. -->","yoast_head_json":{"title":"Marileidy Paulino se convierte en la n\u00famero 1 del mundo en 400 metros. - Conexi\u00f3n 23","robots":{"index":"index","follow":"follow","max-snippet":"max-snippet:-1","max-image-preview":"max-image-preview:large","max-video-preview":"max-video-preview:-1"},"canonical":"https:\/\/conexion23.com\/?p=17000","og_locale":"es_ES","og_type":"article","og_title":"Marileidy Paulino se convierte en la n\u00famero 1 del mundo en 400 metros. - Conexi\u00f3n 23","og_description":"La Dominicana Marileidy Paulino&nbsp;se posicion\u00f3 como la n\u00famero 1 del mundo del atletismo en ranking de la World Athletics en 400 metros con 1,447 puntos. Luego de su triunfo en la primera fecha de la Liga Diamante celebrada en Doha, la dominicana subcampeona del mundo en Eugene en 2022, gan\u00f3 con autoridad los 400 metros [&hellip;]","og_url":"https:\/\/conexion23.com\/?p=17000","og_site_name":"Conexi\u00f3n 23","article_publisher":"https:\/\/www.facebook.com\/conexion23com","article_published_time":"2023-05-16T11:37:01+00:00","article_modified_time":"2023-05-16T11:37:03+00:00","author":"Raffy Ben\u00edtez","twitter_card":"summary_large_image","twitter_misc":{"Escrito por":"Raffy Ben\u00edtez","Tiempo de lectura":"1 minuto"},"schema":{"@context":"https:\/\/schema.org","@graph":[{"@type":"Article","@id":"https:\/\/conexion23.com\/?p=17000#article","isPartOf":{"@id":"https:\/\/conexion23.com\/?p=17000"},"author":{"name":"Raffy Ben\u00edtez","@id":"https:\/\/conexion23.com\/#\/schema\/person\/03e36043331117e97a373299bbcd30a6"},"headline":"Marileidy Paulino se convierte en la n\u00famero 1 del mundo en 400 metros.","datePublished":"2023-05-16T11:37:01+00:00","dateModified":"2023-05-16T11:37:03+00:00","mainEntityOfPage":{"@id":"https:\/\/conexion23.com\/?p=17000"},"wordCount":145,"commentCount":0,"publisher":{"@id":"https:\/\/conexion23.com\/#organization"},"articleSection":["Deportes"],"inLanguage":"es","potentialAction":[{"@type":"CommentAction","name":"Comment","target":["https:\/\/conexion23.com\/?p=17000#respond"]}]},{"@type":"WebPage","@id":"https:\/\/conexion23.com\/?p=17000","url":"https:\/\/conexion23.com\/?p=17000","name":"Marileidy Paulino se convierte en la n\u00famero 1 del mundo en 400 metros. - Conexi\u00f3n 23","isPartOf":{"@id":"https:\/\/conexion23.com\/#website"},"datePublished":"2023-05-16T11:37:01+00:00","dateModified":"2023-05-16T11:37:03+00:00","breadcrumb":{"@id":"https:\/\/conexion23.com\/?p=17000#breadcrumb"},"inLanguage":"es","potentialAction":[{"@type":"ReadAction","target":["https:\/\/conexion23.com\/?p=17000"]}]},{"@type":"BreadcrumbList","@id":"https:\/\/conexion23.com\/?p=17000#breadcrumb","itemListElement":[{"@type":"ListItem","position":1,"name":"Portada","item":"https:\/\/conexion23.com\/"},{"@type":"ListItem","position":2,"name":"Marileidy Paulino se convierte en la n\u00famero 1 del mundo en 400 metros."}]},{"@type":"WebSite","@id":"https:\/\/conexion23.com\/#website","url":"https:\/\/conexion23.com\/","name":"Conexi\u00f3n 23","description":"Peri\u00f3dico 100% Petromacorisano","publisher":{"@id":"https:\/\/conexion23.com\/#organization"},"potentialAction":[{"@type":"SearchAction","target":{"@type":"EntryPoint","urlTemplate":"https:\/\/conexion23.com\/?s={search_term_string}"},"query-input":{"@type":"PropertyValueSpecification","valueRequired":true,"valueName":"search_term_string"}}],"inLanguage":"es"},{"@type":"Organization","@id":"https:\/\/conexion23.com\/#organization","name":"Conexion 23","url":"https:\/\/conexion23.com\/","logo":{"@type":"ImageObject","inLanguage":"es","@id":"https:\/\/conexion23.com\/#\/schema\/logo\/image\/","url":"https:\/\/conexion23.com\/wp-content\/uploads\/2021\/11\/Diseno-sin-titulo-2.png","contentUrl":"https:\/\/conexion23.com\/wp-content\/uploads\/2021\/11\/Diseno-sin-titulo-2.png","width":541,"height":90,"caption":"Conexion 23"},"image":{"@id":"https:\/\/conexion23.com\/#\/schema\/logo\/image\/"},"sameAs":["https:\/\/www.facebook.com\/conexion23com","https:\/\/www.instagram.com\/conexion23com\/","https:\/\/www.youtube.com\/channel\/UCYc7vxxFZMYLIHNsHHxPZ3Q"]},{"@type":"Person","@id":"https:\/\/conexion23.com\/#\/schema\/person\/03e36043331117e97a373299bbcd30a6","name":"Raffy Ben\u00edtez","image":{"@type":"ImageObject","inLanguage":"es","@id":"https:\/\/secure.gravatar.com\/avatar\/3190a6a6c5e1b0327500f7d6c56b6242472ee6cb974cf09b401ee6b3b0798f23?s=96&d=mm&r=g","url":"https:\/\/secure.gravatar.com\/avatar\/3190a6a6c5e1b0327500f7d6c56b6242472ee6cb974cf09b401ee6b3b0798f23?s=96&d=mm&r=g","contentUrl":"https:\/\/secure.gravatar.com\/avatar\/3190a6a6c5e1b0327500f7d6c56b6242472ee6cb974cf09b401ee6b3b0798f23?s=96&d=mm&r=g","caption":"Raffy Ben\u00edtez"},"url":"https:\/\/conexion23.com\/?author=15"}]}},"_links":{"self":[{"href":"https:\/\/conexion23.com\/index.php?rest_route=\/wp\/v2\/posts\/17000","targetHints":{"allow":["GET"]}}],"collection":[{"href":"https:\/\/conexion23.com\/index.php?rest_route=\/wp\/v2\/posts"}],"about":[{"href":"https:\/\/conexion23.com\/index.php?rest_route=\/wp\/v2\/types\/post"}],"author":[{"embeddable":true,"href":"https:\/\/conexion23.com\/index.php?rest_route=\/wp\/v2\/users\/15"}],"replies":[{"embeddable":true,"href":"https:\/\/conexion23.com\/index.php?rest_route=%2Fwp%2Fv2%2Fcomments&post=17000"}],"version-history":[{"count":1,"href":"https:\/\/conexion23.com\/index.php?rest_route=\/wp\/v2\/posts\/17000\/revisions"}],"predecessor-version":[{"id":17002,"href":"https:\/\/conexion23.com\/index.php?rest_route=\/wp\/v2\/posts\/17000\/revisions\/17002"}],"wp:attachment":[{"href":"https:\/\/conexion23.com\/index.php?rest_route=%2Fwp%2Fv2%2Fmedia&parent=17000"}],"wp:term":[{"taxonomy":"category","embeddable":true,"href":"https:\/\/conexion23.com\/index.php?rest_route=%2Fwp%2Fv2%2Fcategories&post=17000"},{"taxonomy":"post_tag","embeddable":true,"href":"https:\/\/conexion23.com\/index.php?rest_route=%2Fwp%2Fv2%2Ftags&post=17000"}],"curies":[{"name":"wp","href":"https:\/\/api.w.org\/{rel}","templated":true}]}}