{"id":17349,"date":"2023-05-25T07:30:02","date_gmt":"2023-05-25T11:30:02","guid":{"rendered":"https:\/\/conexion23.com\/?p=17349"},"modified":"2023-05-25T07:30:05","modified_gmt":"2023-05-25T11:30:05","slug":"rinden-homenaje-en-spm-a-maximiliano-gomez-el-moreno-en-el-52-aniversario-de-su-asesinato","status":"publish","type":"post","link":"https:\/\/conexion23.com\/?p=17349","title":{"rendered":"Rinden Homenaje en SPM a Maximiliano G\u00f3mez (El Moreno) en el 52 aniversario de su asesinato."},"content":{"rendered":"\n<p class=\"wp-block-paragraph\">Varios&nbsp; activistas y ex militantes de izquierda rindieron homenaje&nbsp; al asesinado l\u00edder del Movimiento Popular Dominicano (MPD), Maximiliano G\u00f3mez ( El&nbsp; lMoreno) al cumplirse 52 a\u00f1os de su asesinato.<\/p>\n\n\n\n<p class=\"wp-block-paragraph\">En la actividad&nbsp; fueron exhibidos decenas de p\u00f3sters con figuras de reconocidos dirigentes y simpatizantes revolucionarios asesinados o desaparecidos durante las dictaduras de Trujillo y Balaguer, en el parque Duarte.<\/p>\n\n\n\n<p class=\"wp-block-paragraph\">La actividad fue encabezada por Carmen Mazara,viuda del asesinado l\u00edder izquierdista.<\/p>\n\n\n\n<p class=\"wp-block-paragraph\">Se realiz\u00f3 una caminata en la que iban los Guloyas al frente, que sali\u00f3 del parque Duarte y transit\u00f3 por la calle S\u00e1nchez, la 10 de Septiembre, donde hicieron una breve parada frente al lugar donde El Moreno vivi\u00f3 la mayor parte de su vida, en el barrio Miramar.<\/p>\n\n\n\n<p class=\"wp-block-paragraph\">Luego llegaron a la parte frontal de la sede de la Universidad Aut\u00f3noma de Santo Domingo (UASD), donde se llev\u00f3 a cabo un mitin que cont\u00f3 con varios oradores, como Carmen Mazara, Fernando Pe\u00f1a, Teodoro Romano Mota (Dorito) y el dirigente del MPD, Ernesto Encarnaci\u00f3n.<\/p>\n","protected":false},"excerpt":{"rendered":"<p>Varios&nbsp; activistas y ex militantes de izquierda rindieron homenaje&nbsp; al asesinado l\u00edder del Movimiento Popular Dominicano (MPD), Maximiliano G\u00f3mez ( El&nbsp; lMoreno) al cumplirse 52 a\u00f1os de su asesinato. En la actividad&nbsp; fueron exhibidos decenas de p\u00f3sters con figuras de reconocidos dirigentes y simpatizantes revolucionarios asesinados o desaparecidos durante las dictaduras de Trujillo y Balaguer, [&hellip;]<\/p>\n","protected":false},"author":15,"featured_media":0,"comment_status":"open","ping_status":"open","sticky":false,"template":"","format":"standard","meta":{"footnotes":""},"categories":[35],"tags":[],"class_list":["post-17349","post","type-post","status-publish","format-standard","category-spm"],"yoast_head":"<!-- This site is optimized with the Yoast SEO plugin v27.6 - https:\/\/yoast.com\/product\/yoast-seo-wordpress\/ -->\n<title>Rinden Homenaje en SPM a Maximiliano G\u00f3mez (El Moreno) en el 52 aniversario de su asesinato. - Conexi\u00f3n 23<\/title>\n<meta name=\"robots\" content=\"index, follow, max-snippet:-1, max-image-preview:large, max-video-preview:-1\" \/>\n<link rel=\"canonical\" href=\"https:\/\/conexion23.com\/?p=17349\" \/>\n<meta property=\"og:locale\" content=\"es_ES\" \/>\n<meta property=\"og:type\" content=\"article\" \/>\n<meta property=\"og:title\" content=\"Rinden Homenaje en SPM a Maximiliano G\u00f3mez (El Moreno) en el 52 aniversario de su asesinato. - Conexi\u00f3n 23\" \/>\n<meta property=\"og:description\" content=\"Varios&nbsp; activistas y ex militantes de izquierda rindieron homenaje&nbsp; al asesinado l\u00edder del Movimiento Popular Dominicano (MPD), Maximiliano G\u00f3mez ( El&nbsp; lMoreno) al cumplirse 52 a\u00f1os de su asesinato. En la actividad&nbsp; fueron exhibidos decenas de p\u00f3sters con figuras de reconocidos dirigentes y simpatizantes revolucionarios asesinados o desaparecidos durante las dictaduras de Trujillo y Balaguer, [&hellip;]\" \/>\n<meta property=\"og:url\" content=\"https:\/\/conexion23.com\/?p=17349\" \/>\n<meta property=\"og:site_name\" content=\"Conexi\u00f3n 23\" \/>\n<meta property=\"article:publisher\" content=\"https:\/\/www.facebook.com\/conexion23com\" \/>\n<meta property=\"article:published_time\" content=\"2023-05-25T11:30:02+00:00\" \/>\n<meta property=\"article:modified_time\" content=\"2023-05-25T11:30:05+00:00\" \/>\n<meta name=\"author\" content=\"Raffy Ben\u00edtez\" \/>\n<meta name=\"twitter:card\" content=\"summary_large_image\" \/>\n<meta name=\"twitter:label1\" content=\"Escrito por\" \/>\n\t<meta name=\"twitter:data1\" content=\"Raffy Ben\u00edtez\" \/>\n\t<meta name=\"twitter:label2\" content=\"Tiempo de lectura\" \/>\n\t<meta name=\"twitter:data2\" content=\"1 minuto\" \/>\n<script type=\"application\/ld+json\" class=\"yoast-schema-graph\">{\"@context\":\"https:\\\/\\\/schema.org\",\"@graph\":[{\"@type\":\"Article\",\"@id\":\"https:\\\/\\\/conexion23.com\\\/?p=17349#article\",\"isPartOf\":{\"@id\":\"https:\\\/\\\/conexion23.com\\\/?p=17349\"},\"author\":{\"name\":\"Raffy Ben\u00edtez\",\"@id\":\"https:\\\/\\\/conexion23.com\\\/#\\\/schema\\\/person\\\/03e36043331117e97a373299bbcd30a6\"},\"headline\":\"Rinden Homenaje en SPM a Maximiliano G\u00f3mez (El Moreno) en el 52 aniversario de su asesinato.\",\"datePublished\":\"2023-05-25T11:30:02+00:00\",\"dateModified\":\"2023-05-25T11:30:05+00:00\",\"mainEntityOfPage\":{\"@id\":\"https:\\\/\\\/conexion23.com\\\/?p=17349\"},\"wordCount\":191,\"commentCount\":0,\"publisher\":{\"@id\":\"https:\\\/\\\/conexion23.com\\\/#organization\"},\"articleSection\":[\"SPM\"],\"inLanguage\":\"es\",\"potentialAction\":[{\"@type\":\"CommentAction\",\"name\":\"Comment\",\"target\":[\"https:\\\/\\\/conexion23.com\\\/?p=17349#respond\"]}]},{\"@type\":\"WebPage\",\"@id\":\"https:\\\/\\\/conexion23.com\\\/?p=17349\",\"url\":\"https:\\\/\\\/conexion23.com\\\/?p=17349\",\"name\":\"Rinden Homenaje en SPM a Maximiliano G\u00f3mez (El Moreno) en el 52 aniversario de su asesinato. - Conexi\u00f3n 23\",\"isPartOf\":{\"@id\":\"https:\\\/\\\/conexion23.com\\\/#website\"},\"datePublished\":\"2023-05-25T11:30:02+00:00\",\"dateModified\":\"2023-05-25T11:30:05+00:00\",\"breadcrumb\":{\"@id\":\"https:\\\/\\\/conexion23.com\\\/?p=17349#breadcrumb\"},\"inLanguage\":\"es\",\"potentialAction\":[{\"@type\":\"ReadAction\",\"target\":[\"https:\\\/\\\/conexion23.com\\\/?p=17349\"]}]},{\"@type\":\"BreadcrumbList\",\"@id\":\"https:\\\/\\\/conexion23.com\\\/?p=17349#breadcrumb\",\"itemListElement\":[{\"@type\":\"ListItem\",\"position\":1,\"name\":\"Portada\",\"item\":\"https:\\\/\\\/conexion23.com\\\/\"},{\"@type\":\"ListItem\",\"position\":2,\"name\":\"Rinden Homenaje en SPM a Maximiliano G\u00f3mez (El Moreno) en el 52 aniversario de su asesinato.\"}]},{\"@type\":\"WebSite\",\"@id\":\"https:\\\/\\\/conexion23.com\\\/#website\",\"url\":\"https:\\\/\\\/conexion23.com\\\/\",\"name\":\"Conexi\u00f3n 23\",\"description\":\"Peri\u00f3dico 100% Petromacorisano\",\"publisher\":{\"@id\":\"https:\\\/\\\/conexion23.com\\\/#organization\"},\"potentialAction\":[{\"@type\":\"SearchAction\",\"target\":{\"@type\":\"EntryPoint\",\"urlTemplate\":\"https:\\\/\\\/conexion23.com\\\/?s={search_term_string}\"},\"query-input\":{\"@type\":\"PropertyValueSpecification\",\"valueRequired\":true,\"valueName\":\"search_term_string\"}}],\"inLanguage\":\"es\"},{\"@type\":\"Organization\",\"@id\":\"https:\\\/\\\/conexion23.com\\\/#organization\",\"name\":\"Conexion 23\",\"url\":\"https:\\\/\\\/conexion23.com\\\/\",\"logo\":{\"@type\":\"ImageObject\",\"inLanguage\":\"es\",\"@id\":\"https:\\\/\\\/conexion23.com\\\/#\\\/schema\\\/logo\\\/image\\\/\",\"url\":\"https:\\\/\\\/conexion23.com\\\/wp-content\\\/uploads\\\/2021\\\/11\\\/Diseno-sin-titulo-2.png\",\"contentUrl\":\"https:\\\/\\\/conexion23.com\\\/wp-content\\\/uploads\\\/2021\\\/11\\\/Diseno-sin-titulo-2.png\",\"width\":541,\"height\":90,\"caption\":\"Conexion 23\"},\"image\":{\"@id\":\"https:\\\/\\\/conexion23.com\\\/#\\\/schema\\\/logo\\\/image\\\/\"},\"sameAs\":[\"https:\\\/\\\/www.facebook.com\\\/conexion23com\",\"https:\\\/\\\/www.instagram.com\\\/conexion23com\\\/\",\"https:\\\/\\\/www.youtube.com\\\/channel\\\/UCYc7vxxFZMYLIHNsHHxPZ3Q\"]},{\"@type\":\"Person\",\"@id\":\"https:\\\/\\\/conexion23.com\\\/#\\\/schema\\\/person\\\/03e36043331117e97a373299bbcd30a6\",\"name\":\"Raffy Ben\u00edtez\",\"image\":{\"@type\":\"ImageObject\",\"inLanguage\":\"es\",\"@id\":\"https:\\\/\\\/secure.gravatar.com\\\/avatar\\\/3190a6a6c5e1b0327500f7d6c56b6242472ee6cb974cf09b401ee6b3b0798f23?s=96&d=mm&r=g\",\"url\":\"https:\\\/\\\/secure.gravatar.com\\\/avatar\\\/3190a6a6c5e1b0327500f7d6c56b6242472ee6cb974cf09b401ee6b3b0798f23?s=96&d=mm&r=g\",\"contentUrl\":\"https:\\\/\\\/secure.gravatar.com\\\/avatar\\\/3190a6a6c5e1b0327500f7d6c56b6242472ee6cb974cf09b401ee6b3b0798f23?s=96&d=mm&r=g\",\"caption\":\"Raffy Ben\u00edtez\"},\"url\":\"https:\\\/\\\/conexion23.com\\\/?author=15\"}]}<\/script>\n<!-- \/ Yoast SEO plugin. -->","yoast_head_json":{"title":"Rinden Homenaje en SPM a Maximiliano G\u00f3mez (El Moreno) en el 52 aniversario de su asesinato. - Conexi\u00f3n 23","robots":{"index":"index","follow":"follow","max-snippet":"max-snippet:-1","max-image-preview":"max-image-preview:large","max-video-preview":"max-video-preview:-1"},"canonical":"https:\/\/conexion23.com\/?p=17349","og_locale":"es_ES","og_type":"article","og_title":"Rinden Homenaje en SPM a Maximiliano G\u00f3mez (El Moreno) en el 52 aniversario de su asesinato. - Conexi\u00f3n 23","og_description":"Varios&nbsp; activistas y ex militantes de izquierda rindieron homenaje&nbsp; al asesinado l\u00edder del Movimiento Popular Dominicano (MPD), Maximiliano G\u00f3mez ( El&nbsp; lMoreno) al cumplirse 52 a\u00f1os de su asesinato. En la actividad&nbsp; fueron exhibidos decenas de p\u00f3sters con figuras de reconocidos dirigentes y simpatizantes revolucionarios asesinados o desaparecidos durante las dictaduras de Trujillo y Balaguer, [&hellip;]","og_url":"https:\/\/conexion23.com\/?p=17349","og_site_name":"Conexi\u00f3n 23","article_publisher":"https:\/\/www.facebook.com\/conexion23com","article_published_time":"2023-05-25T11:30:02+00:00","article_modified_time":"2023-05-25T11:30:05+00:00","author":"Raffy Ben\u00edtez","twitter_card":"summary_large_image","twitter_misc":{"Escrito por":"Raffy Ben\u00edtez","Tiempo de lectura":"1 minuto"},"schema":{"@context":"https:\/\/schema.org","@graph":[{"@type":"Article","@id":"https:\/\/conexion23.com\/?p=17349#article","isPartOf":{"@id":"https:\/\/conexion23.com\/?p=17349"},"author":{"name":"Raffy Ben\u00edtez","@id":"https:\/\/conexion23.com\/#\/schema\/person\/03e36043331117e97a373299bbcd30a6"},"headline":"Rinden Homenaje en SPM a Maximiliano G\u00f3mez (El Moreno) en el 52 aniversario de su asesinato.","datePublished":"2023-05-25T11:30:02+00:00","dateModified":"2023-05-25T11:30:05+00:00","mainEntityOfPage":{"@id":"https:\/\/conexion23.com\/?p=17349"},"wordCount":191,"commentCount":0,"publisher":{"@id":"https:\/\/conexion23.com\/#organization"},"articleSection":["SPM"],"inLanguage":"es","potentialAction":[{"@type":"CommentAction","name":"Comment","target":["https:\/\/conexion23.com\/?p=17349#respond"]}]},{"@type":"WebPage","@id":"https:\/\/conexion23.com\/?p=17349","url":"https:\/\/conexion23.com\/?p=17349","name":"Rinden Homenaje en SPM a Maximiliano G\u00f3mez (El Moreno) en el 52 aniversario de su asesinato. - Conexi\u00f3n 23","isPartOf":{"@id":"https:\/\/conexion23.com\/#website"},"datePublished":"2023-05-25T11:30:02+00:00","dateModified":"2023-05-25T11:30:05+00:00","breadcrumb":{"@id":"https:\/\/conexion23.com\/?p=17349#breadcrumb"},"inLanguage":"es","potentialAction":[{"@type":"ReadAction","target":["https:\/\/conexion23.com\/?p=17349"]}]},{"@type":"BreadcrumbList","@id":"https:\/\/conexion23.com\/?p=17349#breadcrumb","itemListElement":[{"@type":"ListItem","position":1,"name":"Portada","item":"https:\/\/conexion23.com\/"},{"@type":"ListItem","position":2,"name":"Rinden Homenaje en SPM a Maximiliano G\u00f3mez (El Moreno) en el 52 aniversario de su asesinato."}]},{"@type":"WebSite","@id":"https:\/\/conexion23.com\/#website","url":"https:\/\/conexion23.com\/","name":"Conexi\u00f3n 23","description":"Peri\u00f3dico 100% Petromacorisano","publisher":{"@id":"https:\/\/conexion23.com\/#organization"},"potentialAction":[{"@type":"SearchAction","target":{"@type":"EntryPoint","urlTemplate":"https:\/\/conexion23.com\/?s={search_term_string}"},"query-input":{"@type":"PropertyValueSpecification","valueRequired":true,"valueName":"search_term_string"}}],"inLanguage":"es"},{"@type":"Organization","@id":"https:\/\/conexion23.com\/#organization","name":"Conexion 23","url":"https:\/\/conexion23.com\/","logo":{"@type":"ImageObject","inLanguage":"es","@id":"https:\/\/conexion23.com\/#\/schema\/logo\/image\/","url":"https:\/\/conexion23.com\/wp-content\/uploads\/2021\/11\/Diseno-sin-titulo-2.png","contentUrl":"https:\/\/conexion23.com\/wp-content\/uploads\/2021\/11\/Diseno-sin-titulo-2.png","width":541,"height":90,"caption":"Conexion 23"},"image":{"@id":"https:\/\/conexion23.com\/#\/schema\/logo\/image\/"},"sameAs":["https:\/\/www.facebook.com\/conexion23com","https:\/\/www.instagram.com\/conexion23com\/","https:\/\/www.youtube.com\/channel\/UCYc7vxxFZMYLIHNsHHxPZ3Q"]},{"@type":"Person","@id":"https:\/\/conexion23.com\/#\/schema\/person\/03e36043331117e97a373299bbcd30a6","name":"Raffy Ben\u00edtez","image":{"@type":"ImageObject","inLanguage":"es","@id":"https:\/\/secure.gravatar.com\/avatar\/3190a6a6c5e1b0327500f7d6c56b6242472ee6cb974cf09b401ee6b3b0798f23?s=96&d=mm&r=g","url":"https:\/\/secure.gravatar.com\/avatar\/3190a6a6c5e1b0327500f7d6c56b6242472ee6cb974cf09b401ee6b3b0798f23?s=96&d=mm&r=g","contentUrl":"https:\/\/secure.gravatar.com\/avatar\/3190a6a6c5e1b0327500f7d6c56b6242472ee6cb974cf09b401ee6b3b0798f23?s=96&d=mm&r=g","caption":"Raffy Ben\u00edtez"},"url":"https:\/\/conexion23.com\/?author=15"}]}},"_links":{"self":[{"href":"https:\/\/conexion23.com\/index.php?rest_route=\/wp\/v2\/posts\/17349","targetHints":{"allow":["GET"]}}],"collection":[{"href":"https:\/\/conexion23.com\/index.php?rest_route=\/wp\/v2\/posts"}],"about":[{"href":"https:\/\/conexion23.com\/index.php?rest_route=\/wp\/v2\/types\/post"}],"author":[{"embeddable":true,"href":"https:\/\/conexion23.com\/index.php?rest_route=\/wp\/v2\/users\/15"}],"replies":[{"embeddable":true,"href":"https:\/\/conexion23.com\/index.php?rest_route=%2Fwp%2Fv2%2Fcomments&post=17349"}],"version-history":[{"count":1,"href":"https:\/\/conexion23.com\/index.php?rest_route=\/wp\/v2\/posts\/17349\/revisions"}],"predecessor-version":[{"id":17351,"href":"https:\/\/conexion23.com\/index.php?rest_route=\/wp\/v2\/posts\/17349\/revisions\/17351"}],"wp:attachment":[{"href":"https:\/\/conexion23.com\/index.php?rest_route=%2Fwp%2Fv2%2Fmedia&parent=17349"}],"wp:term":[{"taxonomy":"category","embeddable":true,"href":"https:\/\/conexion23.com\/index.php?rest_route=%2Fwp%2Fv2%2Fcategories&post=17349"},{"taxonomy":"post_tag","embeddable":true,"href":"https:\/\/conexion23.com\/index.php?rest_route=%2Fwp%2Fv2%2Ftags&post=17349"}],"curies":[{"name":"wp","href":"https:\/\/api.w.org\/{rel}","templated":true}]}}