{"id":17500,"date":"2023-05-30T15:25:03","date_gmt":"2023-05-30T19:25:03","guid":{"rendered":"https:\/\/conexion23.com\/?p=17500"},"modified":"2023-05-30T15:25:06","modified_gmt":"2023-05-30T19:25:06","slug":"hombre-mato-a-su-madre-y-su-hermano-lo-mato-a-el-en-la-romana","status":"publish","type":"post","link":"https:\/\/conexion23.com\/?p=17500","title":{"rendered":"Hombre mat\u00f3\u00a0a su madre y su hermano lo mat\u00f3 a el, en La Romana"},"content":{"rendered":"\n<p class=\"wp-block-paragraph\">Una tragedia familiar a consternado a la provincia de la Romana, donde un hombre agredi\u00f3 brutalmente a su madre, la cual perdi\u00f3 la vida mas tarde en un centro de salud , su hermano tomo represalia de dicho acto y le quito la vida al hijo agresor de su progenitora.<\/p>\n\n\n\n<p class=\"wp-block-paragraph\">Do\u00f1a In\u00e9s Santana, expir\u00f3 en el hospital p\u00fablico Ar\u00edstides Fiallo Cabral.<\/p>\n\n\n\n<p class=\"wp-block-paragraph\">Los acontecimientos se desencadenaron en la tarde del lunes cuando Braulio Mojica, un enfermo mental de 42 a\u00f1os, agredi\u00f3 a su madre en la vivienda de la familia en la Calle Cuarta del sector Chicago.<\/p>\n\n\n\n<figure class=\"wp-block-image size-full\"><img decoding=\"async\" src=\"https:\/\/conexion23.com\/wp-content\/uploads\/2023\/05\/IMG-20230530-WA0052.jpg\" alt=\"\" class=\"wp-image-17504\"\/><\/figure>\n\n\n\n<p class=\"wp-block-paragraph\">Luego, Ram\u00f3n Mojica, quien tambi\u00e9n se medica por su salud mental, habr\u00eda acabado con la vida de su hermano. Este hombre se encuentra detenido por las autoridades.<\/p>\n\n\n\n<figure class=\"wp-block-image size-full\"><img decoding=\"async\" src=\"https:\/\/conexion23.com\/wp-content\/uploads\/2023\/05\/IMG-20230529-WA0111.jpg\" alt=\"\" class=\"wp-image-17505\"\/><\/figure>\n\n\n\n<p class=\"wp-block-paragraph\">En el lugar se presentaron miembros del ministerio p\u00fablico, la Polic\u00eda Nacional y el m\u00e9dico legista Benito Kelly.<\/p>\n","protected":false},"excerpt":{"rendered":"<p>Una tragedia familiar a consternado a la provincia de la Romana, donde un hombre agredi\u00f3 brutalmente a su madre, la cual perdi\u00f3 la vida mas tarde en un centro de salud , su hermano tomo represalia de dicho acto y le quito la vida al hijo agresor de su progenitora. Do\u00f1a In\u00e9s Santana, expir\u00f3 en [&hellip;]<\/p>\n","protected":false},"author":7,"featured_media":0,"comment_status":"open","ping_status":"open","sticky":false,"template":"","format":"standard","meta":{"footnotes":""},"categories":[2473],"tags":[482,901,1229,638],"class_list":["post-17500","post","type-post","status-publish","format-standard","category-la-romana","tag-asesinato","tag-laromana","tag-madre","tag-muere"],"yoast_head":"<!-- This site is optimized with the Yoast SEO plugin v27.6 - https:\/\/yoast.com\/product\/yoast-seo-wordpress\/ -->\n<title>Hombre mat\u00f3\u00a0a su madre y su hermano lo mat\u00f3 a el, en La Romana - Conexi\u00f3n 23<\/title>\n<meta name=\"description\" content=\"Una tragedia familiar a consternado a la provincia de la Romana, donde un hombre agredi\u00f3 brutalmente a su madre, la cual perdi\u00f3 la vida mas tarde en un centro de salud , su hermano tomo represalia de dicho acto y le quito la vida al hijo agresor de su progenitora.\" \/>\n<meta name=\"robots\" content=\"index, follow, max-snippet:-1, max-image-preview:large, max-video-preview:-1\" \/>\n<link rel=\"canonical\" href=\"http:\/\/conexion23.com\/?p=17500\" \/>\n<meta property=\"og:locale\" content=\"es_ES\" \/>\n<meta property=\"og:type\" content=\"article\" \/>\n<meta property=\"og:title\" content=\"Hombre mat\u00f3\u00a0a su madre y su hermano lo mat\u00f3 a el, en La Romana - Conexi\u00f3n 23\" \/>\n<meta property=\"og:description\" content=\"Una tragedia familiar a consternado a la provincia de la Romana, donde un hombre agredi\u00f3 brutalmente a su madre, la cual perdi\u00f3 la vida mas tarde en un centro de salud , su hermano tomo represalia de dicho acto y le quito la vida al hijo agresor de su progenitora.\" \/>\n<meta property=\"og:url\" content=\"http:\/\/conexion23.com\/?p=17500\" \/>\n<meta property=\"og:site_name\" content=\"Conexi\u00f3n 23\" \/>\n<meta property=\"article:publisher\" content=\"https:\/\/www.facebook.com\/conexion23com\" \/>\n<meta property=\"article:published_time\" content=\"2023-05-30T19:25:03+00:00\" \/>\n<meta property=\"article:modified_time\" content=\"2023-05-30T19:25:06+00:00\" \/>\n<meta property=\"og:image\" content=\"https:\/\/conexion23.com\/wp-content\/uploads\/2023\/05\/IMG-20230530-WA0052.jpg\" \/>\n<meta name=\"author\" content=\"Benjam\u00edn Rosario\" \/>\n<meta name=\"twitter:card\" content=\"summary_large_image\" \/>\n<meta name=\"twitter:label1\" content=\"Escrito por\" \/>\n\t<meta name=\"twitter:data1\" content=\"Benjam\u00edn Rosario\" \/>\n\t<meta name=\"twitter:label2\" content=\"Tiempo de lectura\" \/>\n\t<meta name=\"twitter:data2\" content=\"2 minutos\" \/>\n<script type=\"application\/ld+json\" class=\"yoast-schema-graph\">{\"@context\":\"https:\\\/\\\/schema.org\",\"@graph\":[{\"@type\":\"Article\",\"@id\":\"http:\\\/\\\/conexion23.com\\\/?p=17500#article\",\"isPartOf\":{\"@id\":\"http:\\\/\\\/conexion23.com\\\/?p=17500\"},\"author\":{\"name\":\"Benjam\u00edn Rosario\",\"@id\":\"https:\\\/\\\/conexion23.com\\\/#\\\/schema\\\/person\\\/c0b7ce1f0e7a915d08fa289072b8353a\"},\"headline\":\"Hombre mat\u00f3\u00a0a su madre y su hermano lo mat\u00f3 a el, en La Romana\",\"datePublished\":\"2023-05-30T19:25:03+00:00\",\"dateModified\":\"2023-05-30T19:25:06+00:00\",\"mainEntityOfPage\":{\"@id\":\"http:\\\/\\\/conexion23.com\\\/?p=17500\"},\"wordCount\":165,\"commentCount\":0,\"publisher\":{\"@id\":\"https:\\\/\\\/conexion23.com\\\/#organization\"},\"image\":{\"@id\":\"http:\\\/\\\/conexion23.com\\\/?p=17500#primaryimage\"},\"thumbnailUrl\":\"https:\\\/\\\/conexion23.com\\\/wp-content\\\/uploads\\\/2023\\\/05\\\/IMG-20230530-WA0052.jpg\",\"keywords\":[\"asesinato\",\"laromana\",\"madre\",\"Muere\"],\"articleSection\":[\"La Romana\"],\"inLanguage\":\"es\",\"potentialAction\":[{\"@type\":\"CommentAction\",\"name\":\"Comment\",\"target\":[\"http:\\\/\\\/conexion23.com\\\/?p=17500#respond\"]}]},{\"@type\":\"WebPage\",\"@id\":\"http:\\\/\\\/conexion23.com\\\/?p=17500\",\"url\":\"http:\\\/\\\/conexion23.com\\\/?p=17500\",\"name\":\"Hombre mat\u00f3\u00a0a su madre y su hermano lo mat\u00f3 a el, en La Romana - Conexi\u00f3n 23\",\"isPartOf\":{\"@id\":\"https:\\\/\\\/conexion23.com\\\/#website\"},\"primaryImageOfPage\":{\"@id\":\"http:\\\/\\\/conexion23.com\\\/?p=17500#primaryimage\"},\"image\":{\"@id\":\"http:\\\/\\\/conexion23.com\\\/?p=17500#primaryimage\"},\"thumbnailUrl\":\"https:\\\/\\\/conexion23.com\\\/wp-content\\\/uploads\\\/2023\\\/05\\\/IMG-20230530-WA0052.jpg\",\"datePublished\":\"2023-05-30T19:25:03+00:00\",\"dateModified\":\"2023-05-30T19:25:06+00:00\",\"description\":\"Una tragedia familiar a consternado a la provincia de la Romana, donde un hombre agredi\u00f3 brutalmente a su madre, la cual perdi\u00f3 la vida mas tarde en un centro de salud , su hermano tomo represalia de dicho acto y le quito la vida al hijo agresor de su progenitora.\",\"breadcrumb\":{\"@id\":\"http:\\\/\\\/conexion23.com\\\/?p=17500#breadcrumb\"},\"inLanguage\":\"es\",\"potentialAction\":[{\"@type\":\"ReadAction\",\"target\":[\"http:\\\/\\\/conexion23.com\\\/?p=17500\"]}]},{\"@type\":\"ImageObject\",\"inLanguage\":\"es\",\"@id\":\"http:\\\/\\\/conexion23.com\\\/?p=17500#primaryimage\",\"url\":\"\",\"contentUrl\":\"\"},{\"@type\":\"BreadcrumbList\",\"@id\":\"http:\\\/\\\/conexion23.com\\\/?p=17500#breadcrumb\",\"itemListElement\":[{\"@type\":\"ListItem\",\"position\":1,\"name\":\"Portada\",\"item\":\"https:\\\/\\\/conexion23.com\\\/\"},{\"@type\":\"ListItem\",\"position\":2,\"name\":\"Hombre mat\u00f3\u00a0a su madre y su hermano lo mat\u00f3 a el, en La Romana\"}]},{\"@type\":\"WebSite\",\"@id\":\"https:\\\/\\\/conexion23.com\\\/#website\",\"url\":\"https:\\\/\\\/conexion23.com\\\/\",\"name\":\"Conexi\u00f3n 23\",\"description\":\"Peri\u00f3dico 100% Petromacorisano\",\"publisher\":{\"@id\":\"https:\\\/\\\/conexion23.com\\\/#organization\"},\"potentialAction\":[{\"@type\":\"SearchAction\",\"target\":{\"@type\":\"EntryPoint\",\"urlTemplate\":\"https:\\\/\\\/conexion23.com\\\/?s={search_term_string}\"},\"query-input\":{\"@type\":\"PropertyValueSpecification\",\"valueRequired\":true,\"valueName\":\"search_term_string\"}}],\"inLanguage\":\"es\"},{\"@type\":\"Organization\",\"@id\":\"https:\\\/\\\/conexion23.com\\\/#organization\",\"name\":\"Conexion 23\",\"url\":\"https:\\\/\\\/conexion23.com\\\/\",\"logo\":{\"@type\":\"ImageObject\",\"inLanguage\":\"es\",\"@id\":\"https:\\\/\\\/conexion23.com\\\/#\\\/schema\\\/logo\\\/image\\\/\",\"url\":\"https:\\\/\\\/conexion23.com\\\/wp-content\\\/uploads\\\/2021\\\/11\\\/Diseno-sin-titulo-2.png\",\"contentUrl\":\"https:\\\/\\\/conexion23.com\\\/wp-content\\\/uploads\\\/2021\\\/11\\\/Diseno-sin-titulo-2.png\",\"width\":541,\"height\":90,\"caption\":\"Conexion 23\"},\"image\":{\"@id\":\"https:\\\/\\\/conexion23.com\\\/#\\\/schema\\\/logo\\\/image\\\/\"},\"sameAs\":[\"https:\\\/\\\/www.facebook.com\\\/conexion23com\",\"https:\\\/\\\/www.instagram.com\\\/conexion23com\\\/\",\"https:\\\/\\\/www.youtube.com\\\/channel\\\/UCYc7vxxFZMYLIHNsHHxPZ3Q\"]},{\"@type\":\"Person\",\"@id\":\"https:\\\/\\\/conexion23.com\\\/#\\\/schema\\\/person\\\/c0b7ce1f0e7a915d08fa289072b8353a\",\"name\":\"Benjam\u00edn Rosario\",\"image\":{\"@type\":\"ImageObject\",\"inLanguage\":\"es\",\"@id\":\"https:\\\/\\\/secure.gravatar.com\\\/avatar\\\/62e1b2539b49cdeb50ee302e2a5f2bd31dc7fdba412bbac67e2a2a6e0c89bb2a?s=96&d=mm&r=g\",\"url\":\"https:\\\/\\\/secure.gravatar.com\\\/avatar\\\/62e1b2539b49cdeb50ee302e2a5f2bd31dc7fdba412bbac67e2a2a6e0c89bb2a?s=96&d=mm&r=g\",\"contentUrl\":\"https:\\\/\\\/secure.gravatar.com\\\/avatar\\\/62e1b2539b49cdeb50ee302e2a5f2bd31dc7fdba412bbac67e2a2a6e0c89bb2a?s=96&d=mm&r=g\",\"caption\":\"Benjam\u00edn Rosario\"},\"url\":\"https:\\\/\\\/conexion23.com\\\/?author=7\"}]}<\/script>\n<!-- \/ Yoast SEO plugin. -->","yoast_head_json":{"title":"Hombre mat\u00f3\u00a0a su madre y su hermano lo mat\u00f3 a el, en La Romana - Conexi\u00f3n 23","description":"Una tragedia familiar a consternado a la provincia de la Romana, donde un hombre agredi\u00f3 brutalmente a su madre, la cual perdi\u00f3 la vida mas tarde en un centro de salud , su hermano tomo represalia de dicho acto y le quito la vida al hijo agresor de su progenitora.","robots":{"index":"index","follow":"follow","max-snippet":"max-snippet:-1","max-image-preview":"max-image-preview:large","max-video-preview":"max-video-preview:-1"},"canonical":"http:\/\/conexion23.com\/?p=17500","og_locale":"es_ES","og_type":"article","og_title":"Hombre mat\u00f3\u00a0a su madre y su hermano lo mat\u00f3 a el, en La Romana - Conexi\u00f3n 23","og_description":"Una tragedia familiar a consternado a la provincia de la Romana, donde un hombre agredi\u00f3 brutalmente a su madre, la cual perdi\u00f3 la vida mas tarde en un centro de salud , su hermano tomo represalia de dicho acto y le quito la vida al hijo agresor de su progenitora.","og_url":"http:\/\/conexion23.com\/?p=17500","og_site_name":"Conexi\u00f3n 23","article_publisher":"https:\/\/www.facebook.com\/conexion23com","article_published_time":"2023-05-30T19:25:03+00:00","article_modified_time":"2023-05-30T19:25:06+00:00","og_image":[{"url":"https:\/\/conexion23.com\/wp-content\/uploads\/2023\/05\/IMG-20230530-WA0052.jpg","type":"","width":"","height":""}],"author":"Benjam\u00edn Rosario","twitter_card":"summary_large_image","twitter_misc":{"Escrito por":"Benjam\u00edn Rosario","Tiempo de lectura":"2 minutos"},"schema":{"@context":"https:\/\/schema.org","@graph":[{"@type":"Article","@id":"http:\/\/conexion23.com\/?p=17500#article","isPartOf":{"@id":"http:\/\/conexion23.com\/?p=17500"},"author":{"name":"Benjam\u00edn Rosario","@id":"https:\/\/conexion23.com\/#\/schema\/person\/c0b7ce1f0e7a915d08fa289072b8353a"},"headline":"Hombre mat\u00f3\u00a0a su madre y su hermano lo mat\u00f3 a el, en La Romana","datePublished":"2023-05-30T19:25:03+00:00","dateModified":"2023-05-30T19:25:06+00:00","mainEntityOfPage":{"@id":"http:\/\/conexion23.com\/?p=17500"},"wordCount":165,"commentCount":0,"publisher":{"@id":"https:\/\/conexion23.com\/#organization"},"image":{"@id":"http:\/\/conexion23.com\/?p=17500#primaryimage"},"thumbnailUrl":"https:\/\/conexion23.com\/wp-content\/uploads\/2023\/05\/IMG-20230530-WA0052.jpg","keywords":["asesinato","laromana","madre","Muere"],"articleSection":["La Romana"],"inLanguage":"es","potentialAction":[{"@type":"CommentAction","name":"Comment","target":["http:\/\/conexion23.com\/?p=17500#respond"]}]},{"@type":"WebPage","@id":"http:\/\/conexion23.com\/?p=17500","url":"http:\/\/conexion23.com\/?p=17500","name":"Hombre mat\u00f3\u00a0a su madre y su hermano lo mat\u00f3 a el, en La Romana - Conexi\u00f3n 23","isPartOf":{"@id":"https:\/\/conexion23.com\/#website"},"primaryImageOfPage":{"@id":"http:\/\/conexion23.com\/?p=17500#primaryimage"},"image":{"@id":"http:\/\/conexion23.com\/?p=17500#primaryimage"},"thumbnailUrl":"https:\/\/conexion23.com\/wp-content\/uploads\/2023\/05\/IMG-20230530-WA0052.jpg","datePublished":"2023-05-30T19:25:03+00:00","dateModified":"2023-05-30T19:25:06+00:00","description":"Una tragedia familiar a consternado a la provincia de la Romana, donde un hombre agredi\u00f3 brutalmente a su madre, la cual perdi\u00f3 la vida mas tarde en un centro de salud , su hermano tomo represalia de dicho acto y le quito la vida al hijo agresor de su progenitora.","breadcrumb":{"@id":"http:\/\/conexion23.com\/?p=17500#breadcrumb"},"inLanguage":"es","potentialAction":[{"@type":"ReadAction","target":["http:\/\/conexion23.com\/?p=17500"]}]},{"@type":"ImageObject","inLanguage":"es","@id":"http:\/\/conexion23.com\/?p=17500#primaryimage","url":"","contentUrl":""},{"@type":"BreadcrumbList","@id":"http:\/\/conexion23.com\/?p=17500#breadcrumb","itemListElement":[{"@type":"ListItem","position":1,"name":"Portada","item":"https:\/\/conexion23.com\/"},{"@type":"ListItem","position":2,"name":"Hombre mat\u00f3\u00a0a su madre y su hermano lo mat\u00f3 a el, en La Romana"}]},{"@type":"WebSite","@id":"https:\/\/conexion23.com\/#website","url":"https:\/\/conexion23.com\/","name":"Conexi\u00f3n 23","description":"Peri\u00f3dico 100% Petromacorisano","publisher":{"@id":"https:\/\/conexion23.com\/#organization"},"potentialAction":[{"@type":"SearchAction","target":{"@type":"EntryPoint","urlTemplate":"https:\/\/conexion23.com\/?s={search_term_string}"},"query-input":{"@type":"PropertyValueSpecification","valueRequired":true,"valueName":"search_term_string"}}],"inLanguage":"es"},{"@type":"Organization","@id":"https:\/\/conexion23.com\/#organization","name":"Conexion 23","url":"https:\/\/conexion23.com\/","logo":{"@type":"ImageObject","inLanguage":"es","@id":"https:\/\/conexion23.com\/#\/schema\/logo\/image\/","url":"https:\/\/conexion23.com\/wp-content\/uploads\/2021\/11\/Diseno-sin-titulo-2.png","contentUrl":"https:\/\/conexion23.com\/wp-content\/uploads\/2021\/11\/Diseno-sin-titulo-2.png","width":541,"height":90,"caption":"Conexion 23"},"image":{"@id":"https:\/\/conexion23.com\/#\/schema\/logo\/image\/"},"sameAs":["https:\/\/www.facebook.com\/conexion23com","https:\/\/www.instagram.com\/conexion23com\/","https:\/\/www.youtube.com\/channel\/UCYc7vxxFZMYLIHNsHHxPZ3Q"]},{"@type":"Person","@id":"https:\/\/conexion23.com\/#\/schema\/person\/c0b7ce1f0e7a915d08fa289072b8353a","name":"Benjam\u00edn Rosario","image":{"@type":"ImageObject","inLanguage":"es","@id":"https:\/\/secure.gravatar.com\/avatar\/62e1b2539b49cdeb50ee302e2a5f2bd31dc7fdba412bbac67e2a2a6e0c89bb2a?s=96&d=mm&r=g","url":"https:\/\/secure.gravatar.com\/avatar\/62e1b2539b49cdeb50ee302e2a5f2bd31dc7fdba412bbac67e2a2a6e0c89bb2a?s=96&d=mm&r=g","contentUrl":"https:\/\/secure.gravatar.com\/avatar\/62e1b2539b49cdeb50ee302e2a5f2bd31dc7fdba412bbac67e2a2a6e0c89bb2a?s=96&d=mm&r=g","caption":"Benjam\u00edn Rosario"},"url":"https:\/\/conexion23.com\/?author=7"}]}},"_links":{"self":[{"href":"https:\/\/conexion23.com\/index.php?rest_route=\/wp\/v2\/posts\/17500","targetHints":{"allow":["GET"]}}],"collection":[{"href":"https:\/\/conexion23.com\/index.php?rest_route=\/wp\/v2\/posts"}],"about":[{"href":"https:\/\/conexion23.com\/index.php?rest_route=\/wp\/v2\/types\/post"}],"author":[{"embeddable":true,"href":"https:\/\/conexion23.com\/index.php?rest_route=\/wp\/v2\/users\/7"}],"replies":[{"embeddable":true,"href":"https:\/\/conexion23.com\/index.php?rest_route=%2Fwp%2Fv2%2Fcomments&post=17500"}],"version-history":[{"count":1,"href":"https:\/\/conexion23.com\/index.php?rest_route=\/wp\/v2\/posts\/17500\/revisions"}],"predecessor-version":[{"id":17507,"href":"https:\/\/conexion23.com\/index.php?rest_route=\/wp\/v2\/posts\/17500\/revisions\/17507"}],"wp:attachment":[{"href":"https:\/\/conexion23.com\/index.php?rest_route=%2Fwp%2Fv2%2Fmedia&parent=17500"}],"wp:term":[{"taxonomy":"category","embeddable":true,"href":"https:\/\/conexion23.com\/index.php?rest_route=%2Fwp%2Fv2%2Fcategories&post=17500"},{"taxonomy":"post_tag","embeddable":true,"href":"https:\/\/conexion23.com\/index.php?rest_route=%2Fwp%2Fv2%2Ftags&post=17500"}],"curies":[{"name":"wp","href":"https:\/\/api.w.org\/{rel}","templated":true}]}}