{"id":17511,"date":"2023-05-30T16:17:12","date_gmt":"2023-05-30T20:17:12","guid":{"rendered":"https:\/\/conexion23.com\/?p=17511"},"modified":"2023-05-30T16:21:33","modified_gmt":"2023-05-30T20:21:33","slug":"identifican-dos-ninas-muertas-y-otros-trece-heridos-en-el-accidente-de-la-carretera-hato-mayor-sabana-de-la-mar","status":"publish","type":"post","link":"https:\/\/conexion23.com\/?p=17511","title":{"rendered":"Identifican dos ni\u00f1as muertas y otros trece heridos en el accidente de la carretera Hato Mayor-Sabana de la Mar"},"content":{"rendered":"\n<p class=\"wp-block-paragraph\">HATO MAYOR. \u2013 Al menos dos estudiantes murieron y otros trece resultaron heridos, incluyendo el ch\u00f3fer del veh\u00edculo escolar, en un tr\u00e1gico accidente de tr\u00e1nsito que involucra un autob\u00fas escolar y una patana cargada de alimentos en la altura del Km\/10 de la carretera Hato Mayor-Sabana de la Mar.<\/p>\n\n\n\n<p class=\"wp-block-paragraph\">Las fallecidas fueron identificadas como Estefany Castillo y Alexandra Preve\u00e9, ambas de unos 14 a\u00f1os de edad.<\/p>\n\n\n\n<p class=\"wp-block-paragraph\">Las muertas cursaban el primero de secundaria en la Escuela Primaria Wenceslao Peguero de Manchado.<\/p>\n\n\n\n<p class=\"wp-block-paragraph\">El informe preliminar, agrega que hasta el momento doce estudiantes resultaron heridos, adem\u00e1s del conductor del autob\u00fas escolar. Los heridos no han sido identificados hasta el momento.<\/p>\n\n\n\n<p class=\"wp-block-paragraph\">Entre los heridos de gravedad se encuentra el ch\u00f3fer del autob\u00fas escolar, y varios estudiantes.<\/p>\n\n\n\n<p class=\"wp-block-paragraph\">De acuerdo con informaciones el conductor del veh\u00edculo pesado emprendi\u00f3 la huida tan pronto ocurri\u00f3 el fat\u00eddico accidente.<\/p>\n\n\n\n<p class=\"wp-block-paragraph\">Los alumnos se desplazaban desde la comunidad del Km\/15 de la carretera Hato Mayor-Sabana de la Mar a bordo del autob\u00fas hacia la Escuela Primaria Wanceslao Peguero de Manchado y hacia otros centros educativos de Hato Mayor del Rey.<\/p>\n\n\n\n<p class=\"wp-block-paragraph\">Una de la v\u00edctima muri\u00f3 en el lugar de la tragedia, mientras que la otra falleci\u00f3 momento que era trasladada a un centro de salud en San Pedro de Macor\u00eds.<\/p>\n\n\n\n<p class=\"wp-block-paragraph\">El Director Regional de Educaci\u00f3n el Lic. Isidro Santana desde tempranas horas de la ma\u00f1ana acudi\u00f3 al Hospital Provincial Leopoldo Mart\u00ednez de Hato Mayor, a donde tambi\u00e9n acudieron las principales autoridades locales, como el senador Crist\u00f3bal Castillo, el Alcalde Amado de la Cruz, el Subdirector de INABIE H\u00e9ctor Foby Rosa, as\u00ed como el sud director del Distrito Educativo 05-04 de Hato Mayor.<\/p>\n\n\n\n<p class=\"wp-block-paragraph\">Adem\u00e1s, acudieron t\u00e9cnicos educativos, profesores y cientos de curiosos.<\/p>\n\n\n\n<p class=\"wp-block-paragraph\">Tras el triste suceso los cuerpos de emergencia se unieron para auxiliar a los heridos, mientras eran socorridos por ambulancias del 911, tanto del municipio cabecera Hato Mayor del Rey, como de los municipios El Valle y Sabana de la Mar.<\/p>\n\n\n\n<p class=\"wp-block-paragraph\">Fuente. VIP Hato Mayor <\/p>\n\n\n\n<figure class=\"wp-block-image size-large\"><img decoding=\"async\" src=\"https:\/\/conexion23.com\/wp-content\/uploads\/2023\/05\/350627421_637289264927497_7044278446220716133_n-1024x576.jpg\" alt=\"\" class=\"wp-image-17514\"\/><\/figure>\n","protected":false},"excerpt":{"rendered":"<p>HATO MAYOR. \u2013 Al menos dos estudiantes murieron y otros trece resultaron heridos, incluyendo el ch\u00f3fer del veh\u00edculo escolar, en un tr\u00e1gico accidente de tr\u00e1nsito que involucra un autob\u00fas escolar y una patana cargada de alimentos en la altura del Km\/10 de la carretera Hato Mayor-Sabana de la Mar. Las fallecidas fueron identificadas como Estefany [&hellip;]<\/p>\n","protected":false},"author":7,"featured_media":0,"comment_status":"open","ping_status":"open","sticky":false,"template":"","format":"standard","meta":{"footnotes":""},"categories":[2472],"tags":[331,718,1759,2520],"class_list":["post-17511","post","type-post","status-publish","format-standard","category-provincias-del-este","tag-accidente","tag-hatomayor","tag-muertas","tag-ninas"],"yoast_head":"<!-- This site is optimized with the Yoast SEO plugin v27.6 - https:\/\/yoast.com\/product\/yoast-seo-wordpress\/ -->\n<title>Identifican dos ni\u00f1as muertas y otros trece heridos en el accidente de la carretera Hato Mayor-Sabana de la Mar - Conexi\u00f3n 23<\/title>\n<meta name=\"description\" content=\"HATO MAYOR. \u2013 Al menos dos estudiantes murieron y otros trece resultaron heridos, incluyendo el ch\u00f3fer del veh\u00edculo escolar, en un tr\u00e1gico accidente de tr\u00e1nsito que involucra un autob\u00fas escolar y una patana cargada de alimentos en la altura del Km\/10 de la carretera Hato Mayor-Sabana de la Mar.\" \/>\n<meta name=\"robots\" content=\"index, follow, max-snippet:-1, max-image-preview:large, max-video-preview:-1\" \/>\n<link rel=\"canonical\" href=\"http:\/\/conexion23.com\/?p=17511\" \/>\n<meta property=\"og:locale\" content=\"es_ES\" \/>\n<meta property=\"og:type\" content=\"article\" \/>\n<meta property=\"og:title\" content=\"Identifican dos ni\u00f1as muertas y otros trece heridos en el accidente de la carretera Hato Mayor-Sabana de la Mar - Conexi\u00f3n 23\" \/>\n<meta property=\"og:description\" content=\"HATO MAYOR. \u2013 Al menos dos estudiantes murieron y otros trece resultaron heridos, incluyendo el ch\u00f3fer del veh\u00edculo escolar, en un tr\u00e1gico accidente de tr\u00e1nsito que involucra un autob\u00fas escolar y una patana cargada de alimentos en la altura del Km\/10 de la carretera Hato Mayor-Sabana de la Mar.\" \/>\n<meta property=\"og:url\" content=\"http:\/\/conexion23.com\/?p=17511\" \/>\n<meta property=\"og:site_name\" content=\"Conexi\u00f3n 23\" \/>\n<meta property=\"article:publisher\" content=\"https:\/\/www.facebook.com\/conexion23com\" \/>\n<meta property=\"article:published_time\" content=\"2023-05-30T20:17:12+00:00\" \/>\n<meta property=\"article:modified_time\" content=\"2023-05-30T20:21:33+00:00\" \/>\n<meta property=\"og:image\" content=\"https:\/\/conexion23.com\/wp-content\/uploads\/2023\/05\/350627421_637289264927497_7044278446220716133_n-1024x576.jpg\" \/>\n<meta name=\"author\" content=\"Benjam\u00edn Rosario\" \/>\n<meta name=\"twitter:card\" content=\"summary_large_image\" \/>\n<meta name=\"twitter:label1\" content=\"Escrito por\" \/>\n\t<meta name=\"twitter:data1\" content=\"Benjam\u00edn Rosario\" \/>\n\t<meta name=\"twitter:label2\" content=\"Tiempo de lectura\" \/>\n\t<meta name=\"twitter:data2\" content=\"2 minutos\" \/>\n<script type=\"application\/ld+json\" class=\"yoast-schema-graph\">{\"@context\":\"https:\\\/\\\/schema.org\",\"@graph\":[{\"@type\":\"Article\",\"@id\":\"http:\\\/\\\/conexion23.com\\\/?p=17511#article\",\"isPartOf\":{\"@id\":\"http:\\\/\\\/conexion23.com\\\/?p=17511\"},\"author\":{\"name\":\"Benjam\u00edn Rosario\",\"@id\":\"https:\\\/\\\/conexion23.com\\\/#\\\/schema\\\/person\\\/c0b7ce1f0e7a915d08fa289072b8353a\"},\"headline\":\"Identifican dos ni\u00f1as muertas y otros trece heridos en el accidente de la carretera Hato Mayor-Sabana de la Mar\",\"datePublished\":\"2023-05-30T20:17:12+00:00\",\"dateModified\":\"2023-05-30T20:21:33+00:00\",\"mainEntityOfPage\":{\"@id\":\"http:\\\/\\\/conexion23.com\\\/?p=17511\"},\"wordCount\":366,\"commentCount\":0,\"publisher\":{\"@id\":\"https:\\\/\\\/conexion23.com\\\/#organization\"},\"image\":{\"@id\":\"http:\\\/\\\/conexion23.com\\\/?p=17511#primaryimage\"},\"thumbnailUrl\":\"https:\\\/\\\/conexion23.com\\\/wp-content\\\/uploads\\\/2023\\\/05\\\/350627421_637289264927497_7044278446220716133_n-1024x576.jpg\",\"keywords\":[\"accidente\",\"Hatomayor\",\"muertas\",\"ni\u00f1as\"],\"articleSection\":[\"Provincias del Este\"],\"inLanguage\":\"es\",\"potentialAction\":[{\"@type\":\"CommentAction\",\"name\":\"Comment\",\"target\":[\"http:\\\/\\\/conexion23.com\\\/?p=17511#respond\"]}]},{\"@type\":\"WebPage\",\"@id\":\"http:\\\/\\\/conexion23.com\\\/?p=17511\",\"url\":\"http:\\\/\\\/conexion23.com\\\/?p=17511\",\"name\":\"Identifican dos ni\u00f1as muertas y otros trece heridos en el accidente de la carretera Hato Mayor-Sabana de la Mar - Conexi\u00f3n 23\",\"isPartOf\":{\"@id\":\"https:\\\/\\\/conexion23.com\\\/#website\"},\"primaryImageOfPage\":{\"@id\":\"http:\\\/\\\/conexion23.com\\\/?p=17511#primaryimage\"},\"image\":{\"@id\":\"http:\\\/\\\/conexion23.com\\\/?p=17511#primaryimage\"},\"thumbnailUrl\":\"https:\\\/\\\/conexion23.com\\\/wp-content\\\/uploads\\\/2023\\\/05\\\/350627421_637289264927497_7044278446220716133_n-1024x576.jpg\",\"datePublished\":\"2023-05-30T20:17:12+00:00\",\"dateModified\":\"2023-05-30T20:21:33+00:00\",\"description\":\"HATO MAYOR. \u2013 Al menos dos estudiantes murieron y otros trece resultaron heridos, incluyendo el ch\u00f3fer del veh\u00edculo escolar, en un tr\u00e1gico accidente de tr\u00e1nsito que involucra un autob\u00fas escolar y una patana cargada de alimentos en la altura del Km\\\/10 de la carretera Hato Mayor-Sabana de la Mar.\",\"breadcrumb\":{\"@id\":\"http:\\\/\\\/conexion23.com\\\/?p=17511#breadcrumb\"},\"inLanguage\":\"es\",\"potentialAction\":[{\"@type\":\"ReadAction\",\"target\":[\"http:\\\/\\\/conexion23.com\\\/?p=17511\"]}]},{\"@type\":\"ImageObject\",\"inLanguage\":\"es\",\"@id\":\"http:\\\/\\\/conexion23.com\\\/?p=17511#primaryimage\",\"url\":\"\",\"contentUrl\":\"\"},{\"@type\":\"BreadcrumbList\",\"@id\":\"http:\\\/\\\/conexion23.com\\\/?p=17511#breadcrumb\",\"itemListElement\":[{\"@type\":\"ListItem\",\"position\":1,\"name\":\"Portada\",\"item\":\"https:\\\/\\\/conexion23.com\\\/\"},{\"@type\":\"ListItem\",\"position\":2,\"name\":\"Identifican dos ni\u00f1as muertas y otros trece heridos en el accidente de la carretera Hato Mayor-Sabana de la Mar\"}]},{\"@type\":\"WebSite\",\"@id\":\"https:\\\/\\\/conexion23.com\\\/#website\",\"url\":\"https:\\\/\\\/conexion23.com\\\/\",\"name\":\"Conexi\u00f3n 23\",\"description\":\"Peri\u00f3dico 100% Petromacorisano\",\"publisher\":{\"@id\":\"https:\\\/\\\/conexion23.com\\\/#organization\"},\"potentialAction\":[{\"@type\":\"SearchAction\",\"target\":{\"@type\":\"EntryPoint\",\"urlTemplate\":\"https:\\\/\\\/conexion23.com\\\/?s={search_term_string}\"},\"query-input\":{\"@type\":\"PropertyValueSpecification\",\"valueRequired\":true,\"valueName\":\"search_term_string\"}}],\"inLanguage\":\"es\"},{\"@type\":\"Organization\",\"@id\":\"https:\\\/\\\/conexion23.com\\\/#organization\",\"name\":\"Conexion 23\",\"url\":\"https:\\\/\\\/conexion23.com\\\/\",\"logo\":{\"@type\":\"ImageObject\",\"inLanguage\":\"es\",\"@id\":\"https:\\\/\\\/conexion23.com\\\/#\\\/schema\\\/logo\\\/image\\\/\",\"url\":\"https:\\\/\\\/conexion23.com\\\/wp-content\\\/uploads\\\/2021\\\/11\\\/Diseno-sin-titulo-2.png\",\"contentUrl\":\"https:\\\/\\\/conexion23.com\\\/wp-content\\\/uploads\\\/2021\\\/11\\\/Diseno-sin-titulo-2.png\",\"width\":541,\"height\":90,\"caption\":\"Conexion 23\"},\"image\":{\"@id\":\"https:\\\/\\\/conexion23.com\\\/#\\\/schema\\\/logo\\\/image\\\/\"},\"sameAs\":[\"https:\\\/\\\/www.facebook.com\\\/conexion23com\",\"https:\\\/\\\/www.instagram.com\\\/conexion23com\\\/\",\"https:\\\/\\\/www.youtube.com\\\/channel\\\/UCYc7vxxFZMYLIHNsHHxPZ3Q\"]},{\"@type\":\"Person\",\"@id\":\"https:\\\/\\\/conexion23.com\\\/#\\\/schema\\\/person\\\/c0b7ce1f0e7a915d08fa289072b8353a\",\"name\":\"Benjam\u00edn Rosario\",\"image\":{\"@type\":\"ImageObject\",\"inLanguage\":\"es\",\"@id\":\"https:\\\/\\\/secure.gravatar.com\\\/avatar\\\/62e1b2539b49cdeb50ee302e2a5f2bd31dc7fdba412bbac67e2a2a6e0c89bb2a?s=96&d=mm&r=g\",\"url\":\"https:\\\/\\\/secure.gravatar.com\\\/avatar\\\/62e1b2539b49cdeb50ee302e2a5f2bd31dc7fdba412bbac67e2a2a6e0c89bb2a?s=96&d=mm&r=g\",\"contentUrl\":\"https:\\\/\\\/secure.gravatar.com\\\/avatar\\\/62e1b2539b49cdeb50ee302e2a5f2bd31dc7fdba412bbac67e2a2a6e0c89bb2a?s=96&d=mm&r=g\",\"caption\":\"Benjam\u00edn Rosario\"},\"url\":\"https:\\\/\\\/conexion23.com\\\/?author=7\"}]}<\/script>\n<!-- \/ Yoast SEO plugin. -->","yoast_head_json":{"title":"Identifican dos ni\u00f1as muertas y otros trece heridos en el accidente de la carretera Hato Mayor-Sabana de la Mar - Conexi\u00f3n 23","description":"HATO MAYOR. \u2013 Al menos dos estudiantes murieron y otros trece resultaron heridos, incluyendo el ch\u00f3fer del veh\u00edculo escolar, en un tr\u00e1gico accidente de tr\u00e1nsito que involucra un autob\u00fas escolar y una patana cargada de alimentos en la altura del Km\/10 de la carretera Hato Mayor-Sabana de la Mar.","robots":{"index":"index","follow":"follow","max-snippet":"max-snippet:-1","max-image-preview":"max-image-preview:large","max-video-preview":"max-video-preview:-1"},"canonical":"http:\/\/conexion23.com\/?p=17511","og_locale":"es_ES","og_type":"article","og_title":"Identifican dos ni\u00f1as muertas y otros trece heridos en el accidente de la carretera Hato Mayor-Sabana de la Mar - Conexi\u00f3n 23","og_description":"HATO MAYOR. \u2013 Al menos dos estudiantes murieron y otros trece resultaron heridos, incluyendo el ch\u00f3fer del veh\u00edculo escolar, en un tr\u00e1gico accidente de tr\u00e1nsito que involucra un autob\u00fas escolar y una patana cargada de alimentos en la altura del Km\/10 de la carretera Hato Mayor-Sabana de la Mar.","og_url":"http:\/\/conexion23.com\/?p=17511","og_site_name":"Conexi\u00f3n 23","article_publisher":"https:\/\/www.facebook.com\/conexion23com","article_published_time":"2023-05-30T20:17:12+00:00","article_modified_time":"2023-05-30T20:21:33+00:00","og_image":[{"url":"https:\/\/conexion23.com\/wp-content\/uploads\/2023\/05\/350627421_637289264927497_7044278446220716133_n-1024x576.jpg","type":"","width":"","height":""}],"author":"Benjam\u00edn Rosario","twitter_card":"summary_large_image","twitter_misc":{"Escrito por":"Benjam\u00edn Rosario","Tiempo de lectura":"2 minutos"},"schema":{"@context":"https:\/\/schema.org","@graph":[{"@type":"Article","@id":"http:\/\/conexion23.com\/?p=17511#article","isPartOf":{"@id":"http:\/\/conexion23.com\/?p=17511"},"author":{"name":"Benjam\u00edn Rosario","@id":"https:\/\/conexion23.com\/#\/schema\/person\/c0b7ce1f0e7a915d08fa289072b8353a"},"headline":"Identifican dos ni\u00f1as muertas y otros trece heridos en el accidente de la carretera Hato Mayor-Sabana de la Mar","datePublished":"2023-05-30T20:17:12+00:00","dateModified":"2023-05-30T20:21:33+00:00","mainEntityOfPage":{"@id":"http:\/\/conexion23.com\/?p=17511"},"wordCount":366,"commentCount":0,"publisher":{"@id":"https:\/\/conexion23.com\/#organization"},"image":{"@id":"http:\/\/conexion23.com\/?p=17511#primaryimage"},"thumbnailUrl":"https:\/\/conexion23.com\/wp-content\/uploads\/2023\/05\/350627421_637289264927497_7044278446220716133_n-1024x576.jpg","keywords":["accidente","Hatomayor","muertas","ni\u00f1as"],"articleSection":["Provincias del Este"],"inLanguage":"es","potentialAction":[{"@type":"CommentAction","name":"Comment","target":["http:\/\/conexion23.com\/?p=17511#respond"]}]},{"@type":"WebPage","@id":"http:\/\/conexion23.com\/?p=17511","url":"http:\/\/conexion23.com\/?p=17511","name":"Identifican dos ni\u00f1as muertas y otros trece heridos en el accidente de la carretera Hato Mayor-Sabana de la Mar - Conexi\u00f3n 23","isPartOf":{"@id":"https:\/\/conexion23.com\/#website"},"primaryImageOfPage":{"@id":"http:\/\/conexion23.com\/?p=17511#primaryimage"},"image":{"@id":"http:\/\/conexion23.com\/?p=17511#primaryimage"},"thumbnailUrl":"https:\/\/conexion23.com\/wp-content\/uploads\/2023\/05\/350627421_637289264927497_7044278446220716133_n-1024x576.jpg","datePublished":"2023-05-30T20:17:12+00:00","dateModified":"2023-05-30T20:21:33+00:00","description":"HATO MAYOR. \u2013 Al menos dos estudiantes murieron y otros trece resultaron heridos, incluyendo el ch\u00f3fer del veh\u00edculo escolar, en un tr\u00e1gico accidente de tr\u00e1nsito que involucra un autob\u00fas escolar y una patana cargada de alimentos en la altura del Km\/10 de la carretera Hato Mayor-Sabana de la Mar.","breadcrumb":{"@id":"http:\/\/conexion23.com\/?p=17511#breadcrumb"},"inLanguage":"es","potentialAction":[{"@type":"ReadAction","target":["http:\/\/conexion23.com\/?p=17511"]}]},{"@type":"ImageObject","inLanguage":"es","@id":"http:\/\/conexion23.com\/?p=17511#primaryimage","url":"","contentUrl":""},{"@type":"BreadcrumbList","@id":"http:\/\/conexion23.com\/?p=17511#breadcrumb","itemListElement":[{"@type":"ListItem","position":1,"name":"Portada","item":"https:\/\/conexion23.com\/"},{"@type":"ListItem","position":2,"name":"Identifican dos ni\u00f1as muertas y otros trece heridos en el accidente de la carretera Hato Mayor-Sabana de la Mar"}]},{"@type":"WebSite","@id":"https:\/\/conexion23.com\/#website","url":"https:\/\/conexion23.com\/","name":"Conexi\u00f3n 23","description":"Peri\u00f3dico 100% Petromacorisano","publisher":{"@id":"https:\/\/conexion23.com\/#organization"},"potentialAction":[{"@type":"SearchAction","target":{"@type":"EntryPoint","urlTemplate":"https:\/\/conexion23.com\/?s={search_term_string}"},"query-input":{"@type":"PropertyValueSpecification","valueRequired":true,"valueName":"search_term_string"}}],"inLanguage":"es"},{"@type":"Organization","@id":"https:\/\/conexion23.com\/#organization","name":"Conexion 23","url":"https:\/\/conexion23.com\/","logo":{"@type":"ImageObject","inLanguage":"es","@id":"https:\/\/conexion23.com\/#\/schema\/logo\/image\/","url":"https:\/\/conexion23.com\/wp-content\/uploads\/2021\/11\/Diseno-sin-titulo-2.png","contentUrl":"https:\/\/conexion23.com\/wp-content\/uploads\/2021\/11\/Diseno-sin-titulo-2.png","width":541,"height":90,"caption":"Conexion 23"},"image":{"@id":"https:\/\/conexion23.com\/#\/schema\/logo\/image\/"},"sameAs":["https:\/\/www.facebook.com\/conexion23com","https:\/\/www.instagram.com\/conexion23com\/","https:\/\/www.youtube.com\/channel\/UCYc7vxxFZMYLIHNsHHxPZ3Q"]},{"@type":"Person","@id":"https:\/\/conexion23.com\/#\/schema\/person\/c0b7ce1f0e7a915d08fa289072b8353a","name":"Benjam\u00edn Rosario","image":{"@type":"ImageObject","inLanguage":"es","@id":"https:\/\/secure.gravatar.com\/avatar\/62e1b2539b49cdeb50ee302e2a5f2bd31dc7fdba412bbac67e2a2a6e0c89bb2a?s=96&d=mm&r=g","url":"https:\/\/secure.gravatar.com\/avatar\/62e1b2539b49cdeb50ee302e2a5f2bd31dc7fdba412bbac67e2a2a6e0c89bb2a?s=96&d=mm&r=g","contentUrl":"https:\/\/secure.gravatar.com\/avatar\/62e1b2539b49cdeb50ee302e2a5f2bd31dc7fdba412bbac67e2a2a6e0c89bb2a?s=96&d=mm&r=g","caption":"Benjam\u00edn Rosario"},"url":"https:\/\/conexion23.com\/?author=7"}]}},"_links":{"self":[{"href":"https:\/\/conexion23.com\/index.php?rest_route=\/wp\/v2\/posts\/17511","targetHints":{"allow":["GET"]}}],"collection":[{"href":"https:\/\/conexion23.com\/index.php?rest_route=\/wp\/v2\/posts"}],"about":[{"href":"https:\/\/conexion23.com\/index.php?rest_route=\/wp\/v2\/types\/post"}],"author":[{"embeddable":true,"href":"https:\/\/conexion23.com\/index.php?rest_route=\/wp\/v2\/users\/7"}],"replies":[{"embeddable":true,"href":"https:\/\/conexion23.com\/index.php?rest_route=%2Fwp%2Fv2%2Fcomments&post=17511"}],"version-history":[{"count":2,"href":"https:\/\/conexion23.com\/index.php?rest_route=\/wp\/v2\/posts\/17511\/revisions"}],"predecessor-version":[{"id":17515,"href":"https:\/\/conexion23.com\/index.php?rest_route=\/wp\/v2\/posts\/17511\/revisions\/17515"}],"wp:attachment":[{"href":"https:\/\/conexion23.com\/index.php?rest_route=%2Fwp%2Fv2%2Fmedia&parent=17511"}],"wp:term":[{"taxonomy":"category","embeddable":true,"href":"https:\/\/conexion23.com\/index.php?rest_route=%2Fwp%2Fv2%2Fcategories&post=17511"},{"taxonomy":"post_tag","embeddable":true,"href":"https:\/\/conexion23.com\/index.php?rest_route=%2Fwp%2Fv2%2Ftags&post=17511"}],"curies":[{"name":"wp","href":"https:\/\/api.w.org\/{rel}","templated":true}]}}