{"id":17544,"date":"2023-06-01T07:59:49","date_gmt":"2023-06-01T11:59:49","guid":{"rendered":"https:\/\/conexion23.com\/?p=17544"},"modified":"2023-06-01T07:59:53","modified_gmt":"2023-06-01T11:59:53","slug":"pn-apresa-femina-acusada-de-darle-muerte-a-hombre","status":"publish","type":"post","link":"https:\/\/conexion23.com\/?p=17544","title":{"rendered":"PN apresa f\u00e9mina acusada de darle muerte a hombre."},"content":{"rendered":"\n<p class=\"wp-block-paragraph\">La Polic\u00eda Nacional inform\u00f3 que fue apresada la nombrada Keila Alberto Michel Jeans, de 18 a\u00f1os de edad, residente en la calle Carmen Natalia de Barrio Lindo de esta ciudad.<\/p>\n\n\n\n<p class=\"wp-block-paragraph\">La misma ten\u00eda orden de arresto, estaba acusada de dar muerte a Rafael Peguero Laureano, de 43 a\u00f1os.<\/p>\n\n\n\n<p class=\"wp-block-paragraph\">El fallecido presentaba herida corto Penetrante en el Hemitorax Izquierdo y laceraciones en el ment\u00f3n, seg\u00fan diagn\u00f3stico del m\u00e9dico legista .<\/p>\n\n\n\n<p class=\"wp-block-paragraph\">Su cuerpo hab\u00eda sido encontrado sin vida, pr\u00f3ximo a la calle 4ta, detr\u00e1s del Mercadito de Barrio Lindo de esta ciudad.<\/p>\n\n\n\n<p class=\"wp-block-paragraph\">Tambi\u00e9n fue apresado el nombrado Francisco Alberto Corporan Flori\u00e1n , de 18 a\u00f1os de edad , para fines de investigaci\u00f3n con relaci\u00f3n al mismo hecho.<\/p>\n","protected":false},"excerpt":{"rendered":"<p>La Polic\u00eda Nacional inform\u00f3 que fue apresada la nombrada Keila Alberto Michel Jeans, de 18 a\u00f1os de edad, residente en la calle Carmen Natalia de Barrio Lindo de esta ciudad. La misma ten\u00eda orden de arresto, estaba acusada de dar muerte a Rafael Peguero Laureano, de 43 a\u00f1os. El fallecido presentaba herida corto Penetrante en [&hellip;]<\/p>\n","protected":false},"author":15,"featured_media":17545,"comment_status":"open","ping_status":"open","sticky":false,"template":"","format":"standard","meta":{"footnotes":""},"categories":[35],"tags":[],"class_list":["post-17544","post","type-post","status-publish","format-standard","has-post-thumbnail","category-spm"],"yoast_head":"<!-- This site is optimized with the Yoast SEO plugin v27.6 - https:\/\/yoast.com\/product\/yoast-seo-wordpress\/ -->\n<title>PN apresa f\u00e9mina acusada de darle muerte a hombre. - Conexi\u00f3n 23<\/title>\n<meta name=\"robots\" content=\"index, follow, max-snippet:-1, max-image-preview:large, max-video-preview:-1\" \/>\n<link rel=\"canonical\" href=\"https:\/\/conexion23.com\/?p=17544\" \/>\n<meta property=\"og:locale\" content=\"es_ES\" \/>\n<meta property=\"og:type\" content=\"article\" \/>\n<meta property=\"og:title\" content=\"PN apresa f\u00e9mina acusada de darle muerte a hombre. - Conexi\u00f3n 23\" \/>\n<meta property=\"og:description\" content=\"La Polic\u00eda Nacional inform\u00f3 que fue apresada la nombrada Keila Alberto Michel Jeans, de 18 a\u00f1os de edad, residente en la calle Carmen Natalia de Barrio Lindo de esta ciudad. La misma ten\u00eda orden de arresto, estaba acusada de dar muerte a Rafael Peguero Laureano, de 43 a\u00f1os. El fallecido presentaba herida corto Penetrante en [&hellip;]\" \/>\n<meta property=\"og:url\" content=\"https:\/\/conexion23.com\/?p=17544\" \/>\n<meta property=\"og:site_name\" content=\"Conexi\u00f3n 23\" \/>\n<meta property=\"article:publisher\" content=\"https:\/\/www.facebook.com\/conexion23com\" \/>\n<meta property=\"article:published_time\" content=\"2023-06-01T11:59:49+00:00\" \/>\n<meta property=\"article:modified_time\" content=\"2023-06-01T11:59:53+00:00\" \/>\n<meta property=\"og:image\" content=\"https:\/\/conexion23.com\/wp-content\/uploads\/2023\/06\/332845fb-6794-41fd-9dd9-e3011b2ada6b.jpg\" \/>\n\t<meta property=\"og:image:width\" content=\"281\" \/>\n\t<meta property=\"og:image:height\" content=\"180\" \/>\n\t<meta property=\"og:image:type\" content=\"image\/jpeg\" \/>\n<meta name=\"author\" content=\"Raffy Ben\u00edtez\" \/>\n<meta name=\"twitter:card\" content=\"summary_large_image\" \/>\n<meta name=\"twitter:label1\" content=\"Escrito por\" \/>\n\t<meta name=\"twitter:data1\" content=\"Raffy Ben\u00edtez\" \/>\n\t<meta name=\"twitter:label2\" content=\"Tiempo de lectura\" \/>\n\t<meta name=\"twitter:data2\" content=\"1 minuto\" \/>\n<script type=\"application\/ld+json\" class=\"yoast-schema-graph\">{\"@context\":\"https:\\\/\\\/schema.org\",\"@graph\":[{\"@type\":\"Article\",\"@id\":\"https:\\\/\\\/conexion23.com\\\/?p=17544#article\",\"isPartOf\":{\"@id\":\"https:\\\/\\\/conexion23.com\\\/?p=17544\"},\"author\":{\"name\":\"Raffy Ben\u00edtez\",\"@id\":\"https:\\\/\\\/conexion23.com\\\/#\\\/schema\\\/person\\\/03e36043331117e97a373299bbcd30a6\"},\"headline\":\"PN apresa f\u00e9mina acusada de darle muerte a hombre.\",\"datePublished\":\"2023-06-01T11:59:49+00:00\",\"dateModified\":\"2023-06-01T11:59:53+00:00\",\"mainEntityOfPage\":{\"@id\":\"https:\\\/\\\/conexion23.com\\\/?p=17544\"},\"wordCount\":135,\"commentCount\":0,\"publisher\":{\"@id\":\"https:\\\/\\\/conexion23.com\\\/#organization\"},\"image\":{\"@id\":\"https:\\\/\\\/conexion23.com\\\/?p=17544#primaryimage\"},\"thumbnailUrl\":\"https:\\\/\\\/conexion23.com\\\/wp-content\\\/uploads\\\/2023\\\/06\\\/332845fb-6794-41fd-9dd9-e3011b2ada6b.jpg\",\"articleSection\":[\"SPM\"],\"inLanguage\":\"es\",\"potentialAction\":[{\"@type\":\"CommentAction\",\"name\":\"Comment\",\"target\":[\"https:\\\/\\\/conexion23.com\\\/?p=17544#respond\"]}]},{\"@type\":\"WebPage\",\"@id\":\"https:\\\/\\\/conexion23.com\\\/?p=17544\",\"url\":\"https:\\\/\\\/conexion23.com\\\/?p=17544\",\"name\":\"PN apresa f\u00e9mina acusada de darle muerte a hombre. - Conexi\u00f3n 23\",\"isPartOf\":{\"@id\":\"https:\\\/\\\/conexion23.com\\\/#website\"},\"primaryImageOfPage\":{\"@id\":\"https:\\\/\\\/conexion23.com\\\/?p=17544#primaryimage\"},\"image\":{\"@id\":\"https:\\\/\\\/conexion23.com\\\/?p=17544#primaryimage\"},\"thumbnailUrl\":\"https:\\\/\\\/conexion23.com\\\/wp-content\\\/uploads\\\/2023\\\/06\\\/332845fb-6794-41fd-9dd9-e3011b2ada6b.jpg\",\"datePublished\":\"2023-06-01T11:59:49+00:00\",\"dateModified\":\"2023-06-01T11:59:53+00:00\",\"breadcrumb\":{\"@id\":\"https:\\\/\\\/conexion23.com\\\/?p=17544#breadcrumb\"},\"inLanguage\":\"es\",\"potentialAction\":[{\"@type\":\"ReadAction\",\"target\":[\"https:\\\/\\\/conexion23.com\\\/?p=17544\"]}]},{\"@type\":\"ImageObject\",\"inLanguage\":\"es\",\"@id\":\"https:\\\/\\\/conexion23.com\\\/?p=17544#primaryimage\",\"url\":\"https:\\\/\\\/conexion23.com\\\/wp-content\\\/uploads\\\/2023\\\/06\\\/332845fb-6794-41fd-9dd9-e3011b2ada6b.jpg\",\"contentUrl\":\"https:\\\/\\\/conexion23.com\\\/wp-content\\\/uploads\\\/2023\\\/06\\\/332845fb-6794-41fd-9dd9-e3011b2ada6b.jpg\",\"width\":281,\"height\":180},{\"@type\":\"BreadcrumbList\",\"@id\":\"https:\\\/\\\/conexion23.com\\\/?p=17544#breadcrumb\",\"itemListElement\":[{\"@type\":\"ListItem\",\"position\":1,\"name\":\"Portada\",\"item\":\"https:\\\/\\\/conexion23.com\\\/\"},{\"@type\":\"ListItem\",\"position\":2,\"name\":\"PN apresa f\u00e9mina acusada de darle muerte a hombre.\"}]},{\"@type\":\"WebSite\",\"@id\":\"https:\\\/\\\/conexion23.com\\\/#website\",\"url\":\"https:\\\/\\\/conexion23.com\\\/\",\"name\":\"Conexi\u00f3n 23\",\"description\":\"Peri\u00f3dico 100% Petromacorisano\",\"publisher\":{\"@id\":\"https:\\\/\\\/conexion23.com\\\/#organization\"},\"potentialAction\":[{\"@type\":\"SearchAction\",\"target\":{\"@type\":\"EntryPoint\",\"urlTemplate\":\"https:\\\/\\\/conexion23.com\\\/?s={search_term_string}\"},\"query-input\":{\"@type\":\"PropertyValueSpecification\",\"valueRequired\":true,\"valueName\":\"search_term_string\"}}],\"inLanguage\":\"es\"},{\"@type\":\"Organization\",\"@id\":\"https:\\\/\\\/conexion23.com\\\/#organization\",\"name\":\"Conexion 23\",\"url\":\"https:\\\/\\\/conexion23.com\\\/\",\"logo\":{\"@type\":\"ImageObject\",\"inLanguage\":\"es\",\"@id\":\"https:\\\/\\\/conexion23.com\\\/#\\\/schema\\\/logo\\\/image\\\/\",\"url\":\"https:\\\/\\\/conexion23.com\\\/wp-content\\\/uploads\\\/2021\\\/11\\\/Diseno-sin-titulo-2.png\",\"contentUrl\":\"https:\\\/\\\/conexion23.com\\\/wp-content\\\/uploads\\\/2021\\\/11\\\/Diseno-sin-titulo-2.png\",\"width\":541,\"height\":90,\"caption\":\"Conexion 23\"},\"image\":{\"@id\":\"https:\\\/\\\/conexion23.com\\\/#\\\/schema\\\/logo\\\/image\\\/\"},\"sameAs\":[\"https:\\\/\\\/www.facebook.com\\\/conexion23com\",\"https:\\\/\\\/www.instagram.com\\\/conexion23com\\\/\",\"https:\\\/\\\/www.youtube.com\\\/channel\\\/UCYc7vxxFZMYLIHNsHHxPZ3Q\"]},{\"@type\":\"Person\",\"@id\":\"https:\\\/\\\/conexion23.com\\\/#\\\/schema\\\/person\\\/03e36043331117e97a373299bbcd30a6\",\"name\":\"Raffy Ben\u00edtez\",\"image\":{\"@type\":\"ImageObject\",\"inLanguage\":\"es\",\"@id\":\"https:\\\/\\\/secure.gravatar.com\\\/avatar\\\/3190a6a6c5e1b0327500f7d6c56b6242472ee6cb974cf09b401ee6b3b0798f23?s=96&d=mm&r=g\",\"url\":\"https:\\\/\\\/secure.gravatar.com\\\/avatar\\\/3190a6a6c5e1b0327500f7d6c56b6242472ee6cb974cf09b401ee6b3b0798f23?s=96&d=mm&r=g\",\"contentUrl\":\"https:\\\/\\\/secure.gravatar.com\\\/avatar\\\/3190a6a6c5e1b0327500f7d6c56b6242472ee6cb974cf09b401ee6b3b0798f23?s=96&d=mm&r=g\",\"caption\":\"Raffy Ben\u00edtez\"},\"url\":\"https:\\\/\\\/conexion23.com\\\/?author=15\"}]}<\/script>\n<!-- \/ Yoast SEO plugin. -->","yoast_head_json":{"title":"PN apresa f\u00e9mina acusada de darle muerte a hombre. - Conexi\u00f3n 23","robots":{"index":"index","follow":"follow","max-snippet":"max-snippet:-1","max-image-preview":"max-image-preview:large","max-video-preview":"max-video-preview:-1"},"canonical":"https:\/\/conexion23.com\/?p=17544","og_locale":"es_ES","og_type":"article","og_title":"PN apresa f\u00e9mina acusada de darle muerte a hombre. - Conexi\u00f3n 23","og_description":"La Polic\u00eda Nacional inform\u00f3 que fue apresada la nombrada Keila Alberto Michel Jeans, de 18 a\u00f1os de edad, residente en la calle Carmen Natalia de Barrio Lindo de esta ciudad. La misma ten\u00eda orden de arresto, estaba acusada de dar muerte a Rafael Peguero Laureano, de 43 a\u00f1os. El fallecido presentaba herida corto Penetrante en [&hellip;]","og_url":"https:\/\/conexion23.com\/?p=17544","og_site_name":"Conexi\u00f3n 23","article_publisher":"https:\/\/www.facebook.com\/conexion23com","article_published_time":"2023-06-01T11:59:49+00:00","article_modified_time":"2023-06-01T11:59:53+00:00","og_image":[{"width":281,"height":180,"url":"https:\/\/conexion23.com\/wp-content\/uploads\/2023\/06\/332845fb-6794-41fd-9dd9-e3011b2ada6b.jpg","type":"image\/jpeg"}],"author":"Raffy Ben\u00edtez","twitter_card":"summary_large_image","twitter_misc":{"Escrito por":"Raffy Ben\u00edtez","Tiempo de lectura":"1 minuto"},"schema":{"@context":"https:\/\/schema.org","@graph":[{"@type":"Article","@id":"https:\/\/conexion23.com\/?p=17544#article","isPartOf":{"@id":"https:\/\/conexion23.com\/?p=17544"},"author":{"name":"Raffy Ben\u00edtez","@id":"https:\/\/conexion23.com\/#\/schema\/person\/03e36043331117e97a373299bbcd30a6"},"headline":"PN apresa f\u00e9mina acusada de darle muerte a hombre.","datePublished":"2023-06-01T11:59:49+00:00","dateModified":"2023-06-01T11:59:53+00:00","mainEntityOfPage":{"@id":"https:\/\/conexion23.com\/?p=17544"},"wordCount":135,"commentCount":0,"publisher":{"@id":"https:\/\/conexion23.com\/#organization"},"image":{"@id":"https:\/\/conexion23.com\/?p=17544#primaryimage"},"thumbnailUrl":"https:\/\/conexion23.com\/wp-content\/uploads\/2023\/06\/332845fb-6794-41fd-9dd9-e3011b2ada6b.jpg","articleSection":["SPM"],"inLanguage":"es","potentialAction":[{"@type":"CommentAction","name":"Comment","target":["https:\/\/conexion23.com\/?p=17544#respond"]}]},{"@type":"WebPage","@id":"https:\/\/conexion23.com\/?p=17544","url":"https:\/\/conexion23.com\/?p=17544","name":"PN apresa f\u00e9mina acusada de darle muerte a hombre. - Conexi\u00f3n 23","isPartOf":{"@id":"https:\/\/conexion23.com\/#website"},"primaryImageOfPage":{"@id":"https:\/\/conexion23.com\/?p=17544#primaryimage"},"image":{"@id":"https:\/\/conexion23.com\/?p=17544#primaryimage"},"thumbnailUrl":"https:\/\/conexion23.com\/wp-content\/uploads\/2023\/06\/332845fb-6794-41fd-9dd9-e3011b2ada6b.jpg","datePublished":"2023-06-01T11:59:49+00:00","dateModified":"2023-06-01T11:59:53+00:00","breadcrumb":{"@id":"https:\/\/conexion23.com\/?p=17544#breadcrumb"},"inLanguage":"es","potentialAction":[{"@type":"ReadAction","target":["https:\/\/conexion23.com\/?p=17544"]}]},{"@type":"ImageObject","inLanguage":"es","@id":"https:\/\/conexion23.com\/?p=17544#primaryimage","url":"https:\/\/conexion23.com\/wp-content\/uploads\/2023\/06\/332845fb-6794-41fd-9dd9-e3011b2ada6b.jpg","contentUrl":"https:\/\/conexion23.com\/wp-content\/uploads\/2023\/06\/332845fb-6794-41fd-9dd9-e3011b2ada6b.jpg","width":281,"height":180},{"@type":"BreadcrumbList","@id":"https:\/\/conexion23.com\/?p=17544#breadcrumb","itemListElement":[{"@type":"ListItem","position":1,"name":"Portada","item":"https:\/\/conexion23.com\/"},{"@type":"ListItem","position":2,"name":"PN apresa f\u00e9mina acusada de darle muerte a hombre."}]},{"@type":"WebSite","@id":"https:\/\/conexion23.com\/#website","url":"https:\/\/conexion23.com\/","name":"Conexi\u00f3n 23","description":"Peri\u00f3dico 100% Petromacorisano","publisher":{"@id":"https:\/\/conexion23.com\/#organization"},"potentialAction":[{"@type":"SearchAction","target":{"@type":"EntryPoint","urlTemplate":"https:\/\/conexion23.com\/?s={search_term_string}"},"query-input":{"@type":"PropertyValueSpecification","valueRequired":true,"valueName":"search_term_string"}}],"inLanguage":"es"},{"@type":"Organization","@id":"https:\/\/conexion23.com\/#organization","name":"Conexion 23","url":"https:\/\/conexion23.com\/","logo":{"@type":"ImageObject","inLanguage":"es","@id":"https:\/\/conexion23.com\/#\/schema\/logo\/image\/","url":"https:\/\/conexion23.com\/wp-content\/uploads\/2021\/11\/Diseno-sin-titulo-2.png","contentUrl":"https:\/\/conexion23.com\/wp-content\/uploads\/2021\/11\/Diseno-sin-titulo-2.png","width":541,"height":90,"caption":"Conexion 23"},"image":{"@id":"https:\/\/conexion23.com\/#\/schema\/logo\/image\/"},"sameAs":["https:\/\/www.facebook.com\/conexion23com","https:\/\/www.instagram.com\/conexion23com\/","https:\/\/www.youtube.com\/channel\/UCYc7vxxFZMYLIHNsHHxPZ3Q"]},{"@type":"Person","@id":"https:\/\/conexion23.com\/#\/schema\/person\/03e36043331117e97a373299bbcd30a6","name":"Raffy Ben\u00edtez","image":{"@type":"ImageObject","inLanguage":"es","@id":"https:\/\/secure.gravatar.com\/avatar\/3190a6a6c5e1b0327500f7d6c56b6242472ee6cb974cf09b401ee6b3b0798f23?s=96&d=mm&r=g","url":"https:\/\/secure.gravatar.com\/avatar\/3190a6a6c5e1b0327500f7d6c56b6242472ee6cb974cf09b401ee6b3b0798f23?s=96&d=mm&r=g","contentUrl":"https:\/\/secure.gravatar.com\/avatar\/3190a6a6c5e1b0327500f7d6c56b6242472ee6cb974cf09b401ee6b3b0798f23?s=96&d=mm&r=g","caption":"Raffy Ben\u00edtez"},"url":"https:\/\/conexion23.com\/?author=15"}]}},"_links":{"self":[{"href":"https:\/\/conexion23.com\/index.php?rest_route=\/wp\/v2\/posts\/17544","targetHints":{"allow":["GET"]}}],"collection":[{"href":"https:\/\/conexion23.com\/index.php?rest_route=\/wp\/v2\/posts"}],"about":[{"href":"https:\/\/conexion23.com\/index.php?rest_route=\/wp\/v2\/types\/post"}],"author":[{"embeddable":true,"href":"https:\/\/conexion23.com\/index.php?rest_route=\/wp\/v2\/users\/15"}],"replies":[{"embeddable":true,"href":"https:\/\/conexion23.com\/index.php?rest_route=%2Fwp%2Fv2%2Fcomments&post=17544"}],"version-history":[{"count":1,"href":"https:\/\/conexion23.com\/index.php?rest_route=\/wp\/v2\/posts\/17544\/revisions"}],"predecessor-version":[{"id":17546,"href":"https:\/\/conexion23.com\/index.php?rest_route=\/wp\/v2\/posts\/17544\/revisions\/17546"}],"wp:featuredmedia":[{"embeddable":true,"href":"https:\/\/conexion23.com\/index.php?rest_route=\/wp\/v2\/media\/17545"}],"wp:attachment":[{"href":"https:\/\/conexion23.com\/index.php?rest_route=%2Fwp%2Fv2%2Fmedia&parent=17544"}],"wp:term":[{"taxonomy":"category","embeddable":true,"href":"https:\/\/conexion23.com\/index.php?rest_route=%2Fwp%2Fv2%2Fcategories&post=17544"},{"taxonomy":"post_tag","embeddable":true,"href":"https:\/\/conexion23.com\/index.php?rest_route=%2Fwp%2Fv2%2Ftags&post=17544"}],"curies":[{"name":"wp","href":"https:\/\/api.w.org\/{rel}","templated":true}]}}