{"id":17621,"date":"2023-06-03T08:13:02","date_gmt":"2023-06-03T12:13:02","guid":{"rendered":"https:\/\/conexion23.com\/?p=17621"},"modified":"2023-06-03T08:13:04","modified_gmt":"2023-06-03T12:13:04","slug":"fallo-que-habilita-candidatura-de-bukele-en-el-salvador-carece-de-legitimidad-dice-ong","status":"publish","type":"post","link":"https:\/\/conexion23.com\/?p=17621","title":{"rendered":"FALLO QUE HABILITA CANDIDATURA DE BUKELE EN EL SALVADOR CARECE DE LEGITIMIDAD DICE ONG."},"content":{"rendered":"\n<p class=\"wp-block-paragraph\">La Fundaci\u00f3n de Estudios para la Aplicaci\u00f3n del Derecho (Fespad) se\u00f1al\u00f3 este jueves que el fallo que habilita que el presidente Nayib Bukele pueda presentar su candidatura para la reelecci\u00f3n inmediata \u00abcarece de legitimidad constitucional\u00bb.<\/p>\n\n\n\n<p class=\"wp-block-paragraph\">De acuerdo con la ONG, la resoluci\u00f3n de septiembre de 2021 \u00abcarece de legitimidad constitucional en la forma y en el fondo\u00bb, dado que se dio \u00aba pesar que la reelecci\u00f3n presidencial est\u00e1 expresamente prohibida por la Constituci\u00f3n\u00bb.<\/p>\n","protected":false},"excerpt":{"rendered":"<p>La Fundaci\u00f3n de Estudios para la Aplicaci\u00f3n del Derecho (Fespad) se\u00f1al\u00f3 este jueves que el fallo que habilita que el presidente Nayib Bukele pueda presentar su candidatura para la reelecci\u00f3n inmediata \u00abcarece de legitimidad constitucional\u00bb. De acuerdo con la ONG, la resoluci\u00f3n de septiembre de 2021 \u00abcarece de legitimidad constitucional en la forma y en [&hellip;]<\/p>\n","protected":false},"author":15,"featured_media":17622,"comment_status":"open","ping_status":"open","sticky":false,"template":"","format":"standard","meta":{"footnotes":""},"categories":[1],"tags":[],"class_list":["post-17621","post","type-post","status-publish","format-standard","has-post-thumbnail","category-uncategorized"],"yoast_head":"<!-- This site is optimized with the Yoast SEO plugin v27.6 - https:\/\/yoast.com\/product\/yoast-seo-wordpress\/ -->\n<title>FALLO QUE HABILITA CANDIDATURA DE BUKELE EN EL SALVADOR CARECE DE LEGITIMIDAD DICE ONG. - Conexi\u00f3n 23<\/title>\n<meta name=\"robots\" content=\"index, follow, max-snippet:-1, max-image-preview:large, max-video-preview:-1\" \/>\n<link rel=\"canonical\" href=\"https:\/\/conexion23.com\/?p=17621\" \/>\n<meta property=\"og:locale\" content=\"es_ES\" \/>\n<meta property=\"og:type\" content=\"article\" \/>\n<meta property=\"og:title\" content=\"FALLO QUE HABILITA CANDIDATURA DE BUKELE EN EL SALVADOR CARECE DE LEGITIMIDAD DICE ONG. - Conexi\u00f3n 23\" \/>\n<meta property=\"og:description\" content=\"La Fundaci\u00f3n de Estudios para la Aplicaci\u00f3n del Derecho (Fespad) se\u00f1al\u00f3 este jueves que el fallo que habilita que el presidente Nayib Bukele pueda presentar su candidatura para la reelecci\u00f3n inmediata \u00abcarece de legitimidad constitucional\u00bb. De acuerdo con la ONG, la resoluci\u00f3n de septiembre de 2021 \u00abcarece de legitimidad constitucional en la forma y en [&hellip;]\" \/>\n<meta property=\"og:url\" content=\"https:\/\/conexion23.com\/?p=17621\" \/>\n<meta property=\"og:site_name\" content=\"Conexi\u00f3n 23\" \/>\n<meta property=\"article:publisher\" content=\"https:\/\/www.facebook.com\/conexion23com\" \/>\n<meta property=\"article:published_time\" content=\"2023-06-03T12:13:02+00:00\" \/>\n<meta property=\"article:modified_time\" content=\"2023-06-03T12:13:04+00:00\" \/>\n<meta property=\"og:image\" content=\"https:\/\/conexion23.com\/wp-content\/uploads\/2023\/06\/download-2.jpg\" \/>\n\t<meta property=\"og:image:width\" content=\"275\" \/>\n\t<meta property=\"og:image:height\" content=\"183\" \/>\n\t<meta property=\"og:image:type\" content=\"image\/jpeg\" \/>\n<meta name=\"author\" content=\"Raffy Ben\u00edtez\" \/>\n<meta name=\"twitter:card\" content=\"summary_large_image\" \/>\n<meta name=\"twitter:label1\" content=\"Escrito por\" \/>\n\t<meta name=\"twitter:data1\" content=\"Raffy Ben\u00edtez\" \/>\n\t<meta name=\"twitter:label2\" content=\"Tiempo de lectura\" \/>\n\t<meta name=\"twitter:data2\" content=\"1 minuto\" \/>\n<script type=\"application\/ld+json\" class=\"yoast-schema-graph\">{\"@context\":\"https:\\\/\\\/schema.org\",\"@graph\":[{\"@type\":\"Article\",\"@id\":\"https:\\\/\\\/conexion23.com\\\/?p=17621#article\",\"isPartOf\":{\"@id\":\"https:\\\/\\\/conexion23.com\\\/?p=17621\"},\"author\":{\"name\":\"Raffy Ben\u00edtez\",\"@id\":\"https:\\\/\\\/conexion23.com\\\/#\\\/schema\\\/person\\\/03e36043331117e97a373299bbcd30a6\"},\"headline\":\"FALLO QUE HABILITA CANDIDATURA DE BUKELE EN EL SALVADOR CARECE DE LEGITIMIDAD DICE ONG.\",\"datePublished\":\"2023-06-03T12:13:02+00:00\",\"dateModified\":\"2023-06-03T12:13:04+00:00\",\"mainEntityOfPage\":{\"@id\":\"https:\\\/\\\/conexion23.com\\\/?p=17621\"},\"wordCount\":93,\"commentCount\":0,\"publisher\":{\"@id\":\"https:\\\/\\\/conexion23.com\\\/#organization\"},\"image\":{\"@id\":\"https:\\\/\\\/conexion23.com\\\/?p=17621#primaryimage\"},\"thumbnailUrl\":\"https:\\\/\\\/conexion23.com\\\/wp-content\\\/uploads\\\/2023\\\/06\\\/download-2.jpg\",\"articleSection\":[\"Uncategorized\"],\"inLanguage\":\"es\",\"potentialAction\":[{\"@type\":\"CommentAction\",\"name\":\"Comment\",\"target\":[\"https:\\\/\\\/conexion23.com\\\/?p=17621#respond\"]}]},{\"@type\":\"WebPage\",\"@id\":\"https:\\\/\\\/conexion23.com\\\/?p=17621\",\"url\":\"https:\\\/\\\/conexion23.com\\\/?p=17621\",\"name\":\"FALLO QUE HABILITA CANDIDATURA DE BUKELE EN EL SALVADOR CARECE DE LEGITIMIDAD DICE ONG. - Conexi\u00f3n 23\",\"isPartOf\":{\"@id\":\"https:\\\/\\\/conexion23.com\\\/#website\"},\"primaryImageOfPage\":{\"@id\":\"https:\\\/\\\/conexion23.com\\\/?p=17621#primaryimage\"},\"image\":{\"@id\":\"https:\\\/\\\/conexion23.com\\\/?p=17621#primaryimage\"},\"thumbnailUrl\":\"https:\\\/\\\/conexion23.com\\\/wp-content\\\/uploads\\\/2023\\\/06\\\/download-2.jpg\",\"datePublished\":\"2023-06-03T12:13:02+00:00\",\"dateModified\":\"2023-06-03T12:13:04+00:00\",\"breadcrumb\":{\"@id\":\"https:\\\/\\\/conexion23.com\\\/?p=17621#breadcrumb\"},\"inLanguage\":\"es\",\"potentialAction\":[{\"@type\":\"ReadAction\",\"target\":[\"https:\\\/\\\/conexion23.com\\\/?p=17621\"]}]},{\"@type\":\"ImageObject\",\"inLanguage\":\"es\",\"@id\":\"https:\\\/\\\/conexion23.com\\\/?p=17621#primaryimage\",\"url\":\"https:\\\/\\\/conexion23.com\\\/wp-content\\\/uploads\\\/2023\\\/06\\\/download-2.jpg\",\"contentUrl\":\"https:\\\/\\\/conexion23.com\\\/wp-content\\\/uploads\\\/2023\\\/06\\\/download-2.jpg\",\"width\":275,\"height\":183},{\"@type\":\"BreadcrumbList\",\"@id\":\"https:\\\/\\\/conexion23.com\\\/?p=17621#breadcrumb\",\"itemListElement\":[{\"@type\":\"ListItem\",\"position\":1,\"name\":\"Portada\",\"item\":\"https:\\\/\\\/conexion23.com\\\/\"},{\"@type\":\"ListItem\",\"position\":2,\"name\":\"FALLO QUE HABILITA CANDIDATURA DE BUKELE EN EL SALVADOR CARECE DE LEGITIMIDAD DICE ONG.\"}]},{\"@type\":\"WebSite\",\"@id\":\"https:\\\/\\\/conexion23.com\\\/#website\",\"url\":\"https:\\\/\\\/conexion23.com\\\/\",\"name\":\"Conexi\u00f3n 23\",\"description\":\"Peri\u00f3dico 100% Petromacorisano\",\"publisher\":{\"@id\":\"https:\\\/\\\/conexion23.com\\\/#organization\"},\"potentialAction\":[{\"@type\":\"SearchAction\",\"target\":{\"@type\":\"EntryPoint\",\"urlTemplate\":\"https:\\\/\\\/conexion23.com\\\/?s={search_term_string}\"},\"query-input\":{\"@type\":\"PropertyValueSpecification\",\"valueRequired\":true,\"valueName\":\"search_term_string\"}}],\"inLanguage\":\"es\"},{\"@type\":\"Organization\",\"@id\":\"https:\\\/\\\/conexion23.com\\\/#organization\",\"name\":\"Conexion 23\",\"url\":\"https:\\\/\\\/conexion23.com\\\/\",\"logo\":{\"@type\":\"ImageObject\",\"inLanguage\":\"es\",\"@id\":\"https:\\\/\\\/conexion23.com\\\/#\\\/schema\\\/logo\\\/image\\\/\",\"url\":\"https:\\\/\\\/conexion23.com\\\/wp-content\\\/uploads\\\/2021\\\/11\\\/Diseno-sin-titulo-2.png\",\"contentUrl\":\"https:\\\/\\\/conexion23.com\\\/wp-content\\\/uploads\\\/2021\\\/11\\\/Diseno-sin-titulo-2.png\",\"width\":541,\"height\":90,\"caption\":\"Conexion 23\"},\"image\":{\"@id\":\"https:\\\/\\\/conexion23.com\\\/#\\\/schema\\\/logo\\\/image\\\/\"},\"sameAs\":[\"https:\\\/\\\/www.facebook.com\\\/conexion23com\",\"https:\\\/\\\/www.instagram.com\\\/conexion23com\\\/\",\"https:\\\/\\\/www.youtube.com\\\/channel\\\/UCYc7vxxFZMYLIHNsHHxPZ3Q\"]},{\"@type\":\"Person\",\"@id\":\"https:\\\/\\\/conexion23.com\\\/#\\\/schema\\\/person\\\/03e36043331117e97a373299bbcd30a6\",\"name\":\"Raffy Ben\u00edtez\",\"image\":{\"@type\":\"ImageObject\",\"inLanguage\":\"es\",\"@id\":\"https:\\\/\\\/secure.gravatar.com\\\/avatar\\\/3190a6a6c5e1b0327500f7d6c56b6242472ee6cb974cf09b401ee6b3b0798f23?s=96&d=mm&r=g\",\"url\":\"https:\\\/\\\/secure.gravatar.com\\\/avatar\\\/3190a6a6c5e1b0327500f7d6c56b6242472ee6cb974cf09b401ee6b3b0798f23?s=96&d=mm&r=g\",\"contentUrl\":\"https:\\\/\\\/secure.gravatar.com\\\/avatar\\\/3190a6a6c5e1b0327500f7d6c56b6242472ee6cb974cf09b401ee6b3b0798f23?s=96&d=mm&r=g\",\"caption\":\"Raffy Ben\u00edtez\"},\"url\":\"https:\\\/\\\/conexion23.com\\\/?author=15\"}]}<\/script>\n<!-- \/ Yoast SEO plugin. -->","yoast_head_json":{"title":"FALLO QUE HABILITA CANDIDATURA DE BUKELE EN EL SALVADOR CARECE DE LEGITIMIDAD DICE ONG. - Conexi\u00f3n 23","robots":{"index":"index","follow":"follow","max-snippet":"max-snippet:-1","max-image-preview":"max-image-preview:large","max-video-preview":"max-video-preview:-1"},"canonical":"https:\/\/conexion23.com\/?p=17621","og_locale":"es_ES","og_type":"article","og_title":"FALLO QUE HABILITA CANDIDATURA DE BUKELE EN EL SALVADOR CARECE DE LEGITIMIDAD DICE ONG. - Conexi\u00f3n 23","og_description":"La Fundaci\u00f3n de Estudios para la Aplicaci\u00f3n del Derecho (Fespad) se\u00f1al\u00f3 este jueves que el fallo que habilita que el presidente Nayib Bukele pueda presentar su candidatura para la reelecci\u00f3n inmediata \u00abcarece de legitimidad constitucional\u00bb. De acuerdo con la ONG, la resoluci\u00f3n de septiembre de 2021 \u00abcarece de legitimidad constitucional en la forma y en [&hellip;]","og_url":"https:\/\/conexion23.com\/?p=17621","og_site_name":"Conexi\u00f3n 23","article_publisher":"https:\/\/www.facebook.com\/conexion23com","article_published_time":"2023-06-03T12:13:02+00:00","article_modified_time":"2023-06-03T12:13:04+00:00","og_image":[{"width":275,"height":183,"url":"https:\/\/conexion23.com\/wp-content\/uploads\/2023\/06\/download-2.jpg","type":"image\/jpeg"}],"author":"Raffy Ben\u00edtez","twitter_card":"summary_large_image","twitter_misc":{"Escrito por":"Raffy Ben\u00edtez","Tiempo de lectura":"1 minuto"},"schema":{"@context":"https:\/\/schema.org","@graph":[{"@type":"Article","@id":"https:\/\/conexion23.com\/?p=17621#article","isPartOf":{"@id":"https:\/\/conexion23.com\/?p=17621"},"author":{"name":"Raffy Ben\u00edtez","@id":"https:\/\/conexion23.com\/#\/schema\/person\/03e36043331117e97a373299bbcd30a6"},"headline":"FALLO QUE HABILITA CANDIDATURA DE BUKELE EN EL SALVADOR CARECE DE LEGITIMIDAD DICE ONG.","datePublished":"2023-06-03T12:13:02+00:00","dateModified":"2023-06-03T12:13:04+00:00","mainEntityOfPage":{"@id":"https:\/\/conexion23.com\/?p=17621"},"wordCount":93,"commentCount":0,"publisher":{"@id":"https:\/\/conexion23.com\/#organization"},"image":{"@id":"https:\/\/conexion23.com\/?p=17621#primaryimage"},"thumbnailUrl":"https:\/\/conexion23.com\/wp-content\/uploads\/2023\/06\/download-2.jpg","articleSection":["Uncategorized"],"inLanguage":"es","potentialAction":[{"@type":"CommentAction","name":"Comment","target":["https:\/\/conexion23.com\/?p=17621#respond"]}]},{"@type":"WebPage","@id":"https:\/\/conexion23.com\/?p=17621","url":"https:\/\/conexion23.com\/?p=17621","name":"FALLO QUE HABILITA CANDIDATURA DE BUKELE EN EL SALVADOR CARECE DE LEGITIMIDAD DICE ONG. - Conexi\u00f3n 23","isPartOf":{"@id":"https:\/\/conexion23.com\/#website"},"primaryImageOfPage":{"@id":"https:\/\/conexion23.com\/?p=17621#primaryimage"},"image":{"@id":"https:\/\/conexion23.com\/?p=17621#primaryimage"},"thumbnailUrl":"https:\/\/conexion23.com\/wp-content\/uploads\/2023\/06\/download-2.jpg","datePublished":"2023-06-03T12:13:02+00:00","dateModified":"2023-06-03T12:13:04+00:00","breadcrumb":{"@id":"https:\/\/conexion23.com\/?p=17621#breadcrumb"},"inLanguage":"es","potentialAction":[{"@type":"ReadAction","target":["https:\/\/conexion23.com\/?p=17621"]}]},{"@type":"ImageObject","inLanguage":"es","@id":"https:\/\/conexion23.com\/?p=17621#primaryimage","url":"https:\/\/conexion23.com\/wp-content\/uploads\/2023\/06\/download-2.jpg","contentUrl":"https:\/\/conexion23.com\/wp-content\/uploads\/2023\/06\/download-2.jpg","width":275,"height":183},{"@type":"BreadcrumbList","@id":"https:\/\/conexion23.com\/?p=17621#breadcrumb","itemListElement":[{"@type":"ListItem","position":1,"name":"Portada","item":"https:\/\/conexion23.com\/"},{"@type":"ListItem","position":2,"name":"FALLO QUE HABILITA CANDIDATURA DE BUKELE EN EL SALVADOR CARECE DE LEGITIMIDAD DICE ONG."}]},{"@type":"WebSite","@id":"https:\/\/conexion23.com\/#website","url":"https:\/\/conexion23.com\/","name":"Conexi\u00f3n 23","description":"Peri\u00f3dico 100% Petromacorisano","publisher":{"@id":"https:\/\/conexion23.com\/#organization"},"potentialAction":[{"@type":"SearchAction","target":{"@type":"EntryPoint","urlTemplate":"https:\/\/conexion23.com\/?s={search_term_string}"},"query-input":{"@type":"PropertyValueSpecification","valueRequired":true,"valueName":"search_term_string"}}],"inLanguage":"es"},{"@type":"Organization","@id":"https:\/\/conexion23.com\/#organization","name":"Conexion 23","url":"https:\/\/conexion23.com\/","logo":{"@type":"ImageObject","inLanguage":"es","@id":"https:\/\/conexion23.com\/#\/schema\/logo\/image\/","url":"https:\/\/conexion23.com\/wp-content\/uploads\/2021\/11\/Diseno-sin-titulo-2.png","contentUrl":"https:\/\/conexion23.com\/wp-content\/uploads\/2021\/11\/Diseno-sin-titulo-2.png","width":541,"height":90,"caption":"Conexion 23"},"image":{"@id":"https:\/\/conexion23.com\/#\/schema\/logo\/image\/"},"sameAs":["https:\/\/www.facebook.com\/conexion23com","https:\/\/www.instagram.com\/conexion23com\/","https:\/\/www.youtube.com\/channel\/UCYc7vxxFZMYLIHNsHHxPZ3Q"]},{"@type":"Person","@id":"https:\/\/conexion23.com\/#\/schema\/person\/03e36043331117e97a373299bbcd30a6","name":"Raffy Ben\u00edtez","image":{"@type":"ImageObject","inLanguage":"es","@id":"https:\/\/secure.gravatar.com\/avatar\/3190a6a6c5e1b0327500f7d6c56b6242472ee6cb974cf09b401ee6b3b0798f23?s=96&d=mm&r=g","url":"https:\/\/secure.gravatar.com\/avatar\/3190a6a6c5e1b0327500f7d6c56b6242472ee6cb974cf09b401ee6b3b0798f23?s=96&d=mm&r=g","contentUrl":"https:\/\/secure.gravatar.com\/avatar\/3190a6a6c5e1b0327500f7d6c56b6242472ee6cb974cf09b401ee6b3b0798f23?s=96&d=mm&r=g","caption":"Raffy Ben\u00edtez"},"url":"https:\/\/conexion23.com\/?author=15"}]}},"_links":{"self":[{"href":"https:\/\/conexion23.com\/index.php?rest_route=\/wp\/v2\/posts\/17621","targetHints":{"allow":["GET"]}}],"collection":[{"href":"https:\/\/conexion23.com\/index.php?rest_route=\/wp\/v2\/posts"}],"about":[{"href":"https:\/\/conexion23.com\/index.php?rest_route=\/wp\/v2\/types\/post"}],"author":[{"embeddable":true,"href":"https:\/\/conexion23.com\/index.php?rest_route=\/wp\/v2\/users\/15"}],"replies":[{"embeddable":true,"href":"https:\/\/conexion23.com\/index.php?rest_route=%2Fwp%2Fv2%2Fcomments&post=17621"}],"version-history":[{"count":1,"href":"https:\/\/conexion23.com\/index.php?rest_route=\/wp\/v2\/posts\/17621\/revisions"}],"predecessor-version":[{"id":17623,"href":"https:\/\/conexion23.com\/index.php?rest_route=\/wp\/v2\/posts\/17621\/revisions\/17623"}],"wp:featuredmedia":[{"embeddable":true,"href":"https:\/\/conexion23.com\/index.php?rest_route=\/wp\/v2\/media\/17622"}],"wp:attachment":[{"href":"https:\/\/conexion23.com\/index.php?rest_route=%2Fwp%2Fv2%2Fmedia&parent=17621"}],"wp:term":[{"taxonomy":"category","embeddable":true,"href":"https:\/\/conexion23.com\/index.php?rest_route=%2Fwp%2Fv2%2Fcategories&post=17621"},{"taxonomy":"post_tag","embeddable":true,"href":"https:\/\/conexion23.com\/index.php?rest_route=%2Fwp%2Fv2%2Ftags&post=17621"}],"curies":[{"name":"wp","href":"https:\/\/api.w.org\/{rel}","templated":true}]}}