{"id":17684,"date":"2023-06-05T18:06:31","date_gmt":"2023-06-05T22:06:31","guid":{"rendered":"https:\/\/conexion23.com\/?p=17684"},"modified":"2023-06-05T18:06:35","modified_gmt":"2023-06-05T22:06:35","slug":"estudiantes-del-liceo-gaston-fernandez-deligne-llenan-de-hojas-de-cuadernos-una-calle-en-spm","status":"publish","type":"post","link":"https:\/\/conexion23.com\/?p=17684","title":{"rendered":"Estudiantes del Liceo Gast\u00f3n Fern\u00e1ndez Deligne, llenan de hojas de cuadernos una calle en SPM"},"content":{"rendered":"\n<p>Estudiantes del Liceo Gast\u00f3n Fern\u00e1ndez Deligne abarrotaron la calle del frente del plantel educativo con hojas de cuadernos luego de finalizar el a\u00f1o escolar en dicho centro.<\/p>\n\n\n\n<p>situaciones que ha tra\u00eddo disgusto a muchos moradores de los alrededores del sector Villa Magdalena que es donde se encuentra el centro educativo antes mencionado.<\/p>\n\n\n\n<p>A trav\u00e9s de un audiovisual se pudo observar como un sin n\u00fameros de estudiantes regaba las hojas de los cuadernos que hab\u00edan utilizado en el a\u00f1o escolar en la calle Primera del sector Villa Magdalena de la ciudad de San Pedro de Macor\u00eds.<\/p>\n\n\n\n<p>El hecho de los estudiantes a generado muchas reacciones negativas a trav\u00e9s de las redes sociales del medio digital Conexi\u00f3n 23, que fue el primer medio en divulgar la noticia, en los comentarios se pudieron apreciar, \u00abDeben de ponerlo a todos a recoger su basura\u00bb, otro dec\u00eda, \u00abQue desorden mas grande, no parecen que salieron de la escuela\u00bb.<\/p>\n\n\n\n<p><\/p>\n","protected":false},"excerpt":{"rendered":"<p>Estudiantes del Liceo Gast\u00f3n Fern\u00e1ndez Deligne abarrotaron la calle del frente del plantel educativo con hojas de cuadernos luego de finalizar el a\u00f1o escolar en dicho centro. situaciones que ha tra\u00eddo disgusto a muchos moradores de los alrededores del sector Villa Magdalena que es donde se encuentra el centro educativo antes mencionado. A trav\u00e9s de [&hellip;]<\/p>\n","protected":false},"author":7,"featured_media":17685,"comment_status":"open","ping_status":"open","sticky":false,"template":"","format":"standard","meta":{"footnotes":""},"categories":[1],"tags":[216,3098,3097,709],"class_list":{"0":"post-17684","1":"post","2":"type-post","3":"status-publish","4":"format-standard","5":"has-post-thumbnail","7":"category-uncategorized","8":"tag-estudiantes","9":"tag-gastonfernandezdeligne","10":"tag-liceo","11":"tag-sanpedrodemacoris"},"yoast_head":"<!-- This site is optimized with the Yoast SEO plugin v27.1.1 - https:\/\/yoast.com\/product\/yoast-seo-wordpress\/ -->\n<title>Estudiantes del Liceo Gast\u00f3n Fern\u00e1ndez Deligne, llenan de hojas de cuadernos una calle en SPM - Conexi\u00f3n 23<\/title>\n<meta name=\"description\" content=\"Estudiantes del Liceo Gast\u00f3n Fern\u00e1ndez Deligne abarrotaron la calle del frente del plantel educativo con hojas de cuadernos luego de finalizar el a\u00f1o escolar en dicho centro.\" \/>\n<meta name=\"robots\" content=\"index, follow, max-snippet:-1, max-image-preview:large, max-video-preview:-1\" \/>\n<link rel=\"canonical\" href=\"https:\/\/conexion23.com\/?p=17684\" \/>\n<meta property=\"og:locale\" content=\"es_ES\" \/>\n<meta property=\"og:type\" content=\"article\" \/>\n<meta property=\"og:title\" content=\"Estudiantes del Liceo Gast\u00f3n Fern\u00e1ndez Deligne, llenan de hojas de cuadernos una calle en SPM - Conexi\u00f3n 23\" \/>\n<meta property=\"og:description\" content=\"Estudiantes del Liceo Gast\u00f3n Fern\u00e1ndez Deligne abarrotaron la calle del frente del plantel educativo con hojas de cuadernos luego de finalizar el a\u00f1o escolar en dicho centro.\" \/>\n<meta property=\"og:url\" content=\"https:\/\/conexion23.com\/?p=17684\" \/>\n<meta property=\"og:site_name\" content=\"Conexi\u00f3n 23\" \/>\n<meta property=\"article:publisher\" content=\"https:\/\/www.facebook.com\/conexion23com\" \/>\n<meta property=\"article:published_time\" content=\"2023-06-05T22:06:31+00:00\" \/>\n<meta property=\"article:modified_time\" content=\"2023-06-05T22:06:35+00:00\" \/>\n<meta property=\"og:image\" content=\"https:\/\/conexion23.com\/wp-content\/uploads\/2023\/06\/la-romana12-2.jpg\" \/>\n\t<meta property=\"og:image:width\" content=\"443\" \/>\n\t<meta property=\"og:image:height\" content=\"658\" \/>\n\t<meta property=\"og:image:type\" content=\"image\/jpeg\" \/>\n<meta name=\"author\" content=\"Benjam\u00edn Rosario\" \/>\n<meta name=\"twitter:card\" content=\"summary_large_image\" \/>\n<meta name=\"twitter:label1\" content=\"Escrito por\" \/>\n\t<meta name=\"twitter:data1\" content=\"Benjam\u00edn Rosario\" \/>\n\t<meta name=\"twitter:label2\" content=\"Tiempo de lectura\" \/>\n\t<meta name=\"twitter:data2\" content=\"1 minuto\" \/>\n<script type=\"application\/ld+json\" class=\"yoast-schema-graph\">{\"@context\":\"https:\/\/schema.org\",\"@graph\":[{\"@type\":\"Article\",\"@id\":\"https:\/\/conexion23.com\/?p=17684#article\",\"isPartOf\":{\"@id\":\"https:\/\/conexion23.com\/?p=17684\"},\"author\":{\"name\":\"Benjam\u00edn Rosario\",\"@id\":\"https:\/\/conexion23.com\/#\/schema\/person\/c0b7ce1f0e7a915d08fa289072b8353a\"},\"headline\":\"Estudiantes del Liceo Gast\u00f3n Fern\u00e1ndez Deligne, llenan de hojas de cuadernos una calle en SPM\",\"datePublished\":\"2023-06-05T22:06:31+00:00\",\"dateModified\":\"2023-06-05T22:06:35+00:00\",\"mainEntityOfPage\":{\"@id\":\"https:\/\/conexion23.com\/?p=17684\"},\"wordCount\":181,\"commentCount\":0,\"publisher\":{\"@id\":\"https:\/\/conexion23.com\/#organization\"},\"image\":{\"@id\":\"https:\/\/conexion23.com\/?p=17684#primaryimage\"},\"thumbnailUrl\":\"https:\/\/conexion23.com\/wp-content\/uploads\/2023\/06\/la-romana12-2.jpg\",\"keywords\":[\"estudiantes\",\"gastonfernandezdeligne\",\"liceo\",\"Sanpedrodemacoris\"],\"articleSection\":[\"Uncategorized\"],\"inLanguage\":\"es\",\"potentialAction\":[{\"@type\":\"CommentAction\",\"name\":\"Comment\",\"target\":[\"https:\/\/conexion23.com\/?p=17684#respond\"]}]},{\"@type\":\"WebPage\",\"@id\":\"https:\/\/conexion23.com\/?p=17684\",\"url\":\"https:\/\/conexion23.com\/?p=17684\",\"name\":\"Estudiantes del Liceo Gast\u00f3n Fern\u00e1ndez Deligne, llenan de hojas de cuadernos una calle en SPM - Conexi\u00f3n 23\",\"isPartOf\":{\"@id\":\"https:\/\/conexion23.com\/#website\"},\"primaryImageOfPage\":{\"@id\":\"https:\/\/conexion23.com\/?p=17684#primaryimage\"},\"image\":{\"@id\":\"https:\/\/conexion23.com\/?p=17684#primaryimage\"},\"thumbnailUrl\":\"https:\/\/conexion23.com\/wp-content\/uploads\/2023\/06\/la-romana12-2.jpg\",\"datePublished\":\"2023-06-05T22:06:31+00:00\",\"dateModified\":\"2023-06-05T22:06:35+00:00\",\"description\":\"Estudiantes del Liceo Gast\u00f3n Fern\u00e1ndez Deligne abarrotaron la calle del frente del plantel educativo con hojas de cuadernos luego de finalizar el a\u00f1o escolar en dicho centro.\",\"breadcrumb\":{\"@id\":\"https:\/\/conexion23.com\/?p=17684#breadcrumb\"},\"inLanguage\":\"es\",\"potentialAction\":[{\"@type\":\"ReadAction\",\"target\":[\"https:\/\/conexion23.com\/?p=17684\"]}]},{\"@type\":\"ImageObject\",\"inLanguage\":\"es\",\"@id\":\"https:\/\/conexion23.com\/?p=17684#primaryimage\",\"url\":\"https:\/\/conexion23.com\/wp-content\/uploads\/2023\/06\/la-romana12-2.jpg\",\"contentUrl\":\"https:\/\/conexion23.com\/wp-content\/uploads\/2023\/06\/la-romana12-2.jpg\",\"width\":443,\"height\":658},{\"@type\":\"BreadcrumbList\",\"@id\":\"https:\/\/conexion23.com\/?p=17684#breadcrumb\",\"itemListElement\":[{\"@type\":\"ListItem\",\"position\":1,\"name\":\"Portada\",\"item\":\"https:\/\/conexion23.com\/\"},{\"@type\":\"ListItem\",\"position\":2,\"name\":\"Estudiantes del Liceo Gast\u00f3n Fern\u00e1ndez Deligne, llenan de hojas de cuadernos una calle en SPM\"}]},{\"@type\":\"WebSite\",\"@id\":\"https:\/\/conexion23.com\/#website\",\"url\":\"https:\/\/conexion23.com\/\",\"name\":\"Conexi\u00f3n 23\",\"description\":\"Peri\u00f3dico 100% Petromacorisano\",\"publisher\":{\"@id\":\"https:\/\/conexion23.com\/#organization\"},\"potentialAction\":[{\"@type\":\"SearchAction\",\"target\":{\"@type\":\"EntryPoint\",\"urlTemplate\":\"https:\/\/conexion23.com\/?s={search_term_string}\"},\"query-input\":{\"@type\":\"PropertyValueSpecification\",\"valueRequired\":true,\"valueName\":\"search_term_string\"}}],\"inLanguage\":\"es\"},{\"@type\":\"Organization\",\"@id\":\"https:\/\/conexion23.com\/#organization\",\"name\":\"Conexion 23\",\"url\":\"https:\/\/conexion23.com\/\",\"logo\":{\"@type\":\"ImageObject\",\"inLanguage\":\"es\",\"@id\":\"https:\/\/conexion23.com\/#\/schema\/logo\/image\/\",\"url\":\"https:\/\/conexion23.com\/wp-content\/uploads\/2021\/11\/Diseno-sin-titulo-2.png\",\"contentUrl\":\"https:\/\/conexion23.com\/wp-content\/uploads\/2021\/11\/Diseno-sin-titulo-2.png\",\"width\":541,\"height\":90,\"caption\":\"Conexion 23\"},\"image\":{\"@id\":\"https:\/\/conexion23.com\/#\/schema\/logo\/image\/\"},\"sameAs\":[\"https:\/\/www.facebook.com\/conexion23com\",\"https:\/\/www.instagram.com\/conexion23com\/\",\"https:\/\/www.youtube.com\/channel\/UCYc7vxxFZMYLIHNsHHxPZ3Q\"]},{\"@type\":\"Person\",\"@id\":\"https:\/\/conexion23.com\/#\/schema\/person\/c0b7ce1f0e7a915d08fa289072b8353a\",\"name\":\"Benjam\u00edn Rosario\",\"image\":{\"@type\":\"ImageObject\",\"inLanguage\":\"es\",\"@id\":\"https:\/\/conexion23.com\/#\/schema\/person\/image\/\",\"url\":\"https:\/\/secure.gravatar.com\/avatar\/62e1b2539b49cdeb50ee302e2a5f2bd31dc7fdba412bbac67e2a2a6e0c89bb2a?s=96&d=mm&r=g\",\"contentUrl\":\"https:\/\/secure.gravatar.com\/avatar\/62e1b2539b49cdeb50ee302e2a5f2bd31dc7fdba412bbac67e2a2a6e0c89bb2a?s=96&d=mm&r=g\",\"caption\":\"Benjam\u00edn Rosario\"},\"url\":\"https:\/\/conexion23.com\/?author=7\"}]}<\/script>\n<!-- \/ Yoast SEO plugin. -->","yoast_head_json":{"title":"Estudiantes del Liceo Gast\u00f3n Fern\u00e1ndez Deligne, llenan de hojas de cuadernos una calle en SPM - Conexi\u00f3n 23","description":"Estudiantes del Liceo Gast\u00f3n Fern\u00e1ndez Deligne abarrotaron la calle del frente del plantel educativo con hojas de cuadernos luego de finalizar el a\u00f1o escolar en dicho centro.","robots":{"index":"index","follow":"follow","max-snippet":"max-snippet:-1","max-image-preview":"max-image-preview:large","max-video-preview":"max-video-preview:-1"},"canonical":"https:\/\/conexion23.com\/?p=17684","og_locale":"es_ES","og_type":"article","og_title":"Estudiantes del Liceo Gast\u00f3n Fern\u00e1ndez Deligne, llenan de hojas de cuadernos una calle en SPM - Conexi\u00f3n 23","og_description":"Estudiantes del Liceo Gast\u00f3n Fern\u00e1ndez Deligne abarrotaron la calle del frente del plantel educativo con hojas de cuadernos luego de finalizar el a\u00f1o escolar en dicho centro.","og_url":"https:\/\/conexion23.com\/?p=17684","og_site_name":"Conexi\u00f3n 23","article_publisher":"https:\/\/www.facebook.com\/conexion23com","article_published_time":"2023-06-05T22:06:31+00:00","article_modified_time":"2023-06-05T22:06:35+00:00","og_image":[{"width":443,"height":658,"url":"https:\/\/conexion23.com\/wp-content\/uploads\/2023\/06\/la-romana12-2.jpg","type":"image\/jpeg"}],"author":"Benjam\u00edn Rosario","twitter_card":"summary_large_image","twitter_misc":{"Escrito por":"Benjam\u00edn Rosario","Tiempo de lectura":"1 minuto"},"schema":{"@context":"https:\/\/schema.org","@graph":[{"@type":"Article","@id":"https:\/\/conexion23.com\/?p=17684#article","isPartOf":{"@id":"https:\/\/conexion23.com\/?p=17684"},"author":{"name":"Benjam\u00edn Rosario","@id":"https:\/\/conexion23.com\/#\/schema\/person\/c0b7ce1f0e7a915d08fa289072b8353a"},"headline":"Estudiantes del Liceo Gast\u00f3n Fern\u00e1ndez Deligne, llenan de hojas de cuadernos una calle en SPM","datePublished":"2023-06-05T22:06:31+00:00","dateModified":"2023-06-05T22:06:35+00:00","mainEntityOfPage":{"@id":"https:\/\/conexion23.com\/?p=17684"},"wordCount":181,"commentCount":0,"publisher":{"@id":"https:\/\/conexion23.com\/#organization"},"image":{"@id":"https:\/\/conexion23.com\/?p=17684#primaryimage"},"thumbnailUrl":"https:\/\/conexion23.com\/wp-content\/uploads\/2023\/06\/la-romana12-2.jpg","keywords":["estudiantes","gastonfernandezdeligne","liceo","Sanpedrodemacoris"],"articleSection":["Uncategorized"],"inLanguage":"es","potentialAction":[{"@type":"CommentAction","name":"Comment","target":["https:\/\/conexion23.com\/?p=17684#respond"]}]},{"@type":"WebPage","@id":"https:\/\/conexion23.com\/?p=17684","url":"https:\/\/conexion23.com\/?p=17684","name":"Estudiantes del Liceo Gast\u00f3n Fern\u00e1ndez Deligne, llenan de hojas de cuadernos una calle en SPM - Conexi\u00f3n 23","isPartOf":{"@id":"https:\/\/conexion23.com\/#website"},"primaryImageOfPage":{"@id":"https:\/\/conexion23.com\/?p=17684#primaryimage"},"image":{"@id":"https:\/\/conexion23.com\/?p=17684#primaryimage"},"thumbnailUrl":"https:\/\/conexion23.com\/wp-content\/uploads\/2023\/06\/la-romana12-2.jpg","datePublished":"2023-06-05T22:06:31+00:00","dateModified":"2023-06-05T22:06:35+00:00","description":"Estudiantes del Liceo Gast\u00f3n Fern\u00e1ndez Deligne abarrotaron la calle del frente del plantel educativo con hojas de cuadernos luego de finalizar el a\u00f1o escolar en dicho centro.","breadcrumb":{"@id":"https:\/\/conexion23.com\/?p=17684#breadcrumb"},"inLanguage":"es","potentialAction":[{"@type":"ReadAction","target":["https:\/\/conexion23.com\/?p=17684"]}]},{"@type":"ImageObject","inLanguage":"es","@id":"https:\/\/conexion23.com\/?p=17684#primaryimage","url":"https:\/\/conexion23.com\/wp-content\/uploads\/2023\/06\/la-romana12-2.jpg","contentUrl":"https:\/\/conexion23.com\/wp-content\/uploads\/2023\/06\/la-romana12-2.jpg","width":443,"height":658},{"@type":"BreadcrumbList","@id":"https:\/\/conexion23.com\/?p=17684#breadcrumb","itemListElement":[{"@type":"ListItem","position":1,"name":"Portada","item":"https:\/\/conexion23.com\/"},{"@type":"ListItem","position":2,"name":"Estudiantes del Liceo Gast\u00f3n Fern\u00e1ndez Deligne, llenan de hojas de cuadernos una calle en SPM"}]},{"@type":"WebSite","@id":"https:\/\/conexion23.com\/#website","url":"https:\/\/conexion23.com\/","name":"Conexi\u00f3n 23","description":"Peri\u00f3dico 100% Petromacorisano","publisher":{"@id":"https:\/\/conexion23.com\/#organization"},"potentialAction":[{"@type":"SearchAction","target":{"@type":"EntryPoint","urlTemplate":"https:\/\/conexion23.com\/?s={search_term_string}"},"query-input":{"@type":"PropertyValueSpecification","valueRequired":true,"valueName":"search_term_string"}}],"inLanguage":"es"},{"@type":"Organization","@id":"https:\/\/conexion23.com\/#organization","name":"Conexion 23","url":"https:\/\/conexion23.com\/","logo":{"@type":"ImageObject","inLanguage":"es","@id":"https:\/\/conexion23.com\/#\/schema\/logo\/image\/","url":"https:\/\/conexion23.com\/wp-content\/uploads\/2021\/11\/Diseno-sin-titulo-2.png","contentUrl":"https:\/\/conexion23.com\/wp-content\/uploads\/2021\/11\/Diseno-sin-titulo-2.png","width":541,"height":90,"caption":"Conexion 23"},"image":{"@id":"https:\/\/conexion23.com\/#\/schema\/logo\/image\/"},"sameAs":["https:\/\/www.facebook.com\/conexion23com","https:\/\/www.instagram.com\/conexion23com\/","https:\/\/www.youtube.com\/channel\/UCYc7vxxFZMYLIHNsHHxPZ3Q"]},{"@type":"Person","@id":"https:\/\/conexion23.com\/#\/schema\/person\/c0b7ce1f0e7a915d08fa289072b8353a","name":"Benjam\u00edn Rosario","image":{"@type":"ImageObject","inLanguage":"es","@id":"https:\/\/conexion23.com\/#\/schema\/person\/image\/","url":"https:\/\/secure.gravatar.com\/avatar\/62e1b2539b49cdeb50ee302e2a5f2bd31dc7fdba412bbac67e2a2a6e0c89bb2a?s=96&d=mm&r=g","contentUrl":"https:\/\/secure.gravatar.com\/avatar\/62e1b2539b49cdeb50ee302e2a5f2bd31dc7fdba412bbac67e2a2a6e0c89bb2a?s=96&d=mm&r=g","caption":"Benjam\u00edn Rosario"},"url":"https:\/\/conexion23.com\/?author=7"}]}},"_links":{"self":[{"href":"https:\/\/conexion23.com\/index.php?rest_route=\/wp\/v2\/posts\/17684","targetHints":{"allow":["GET"]}}],"collection":[{"href":"https:\/\/conexion23.com\/index.php?rest_route=\/wp\/v2\/posts"}],"about":[{"href":"https:\/\/conexion23.com\/index.php?rest_route=\/wp\/v2\/types\/post"}],"author":[{"embeddable":true,"href":"https:\/\/conexion23.com\/index.php?rest_route=\/wp\/v2\/users\/7"}],"replies":[{"embeddable":true,"href":"https:\/\/conexion23.com\/index.php?rest_route=%2Fwp%2Fv2%2Fcomments&post=17684"}],"version-history":[{"count":1,"href":"https:\/\/conexion23.com\/index.php?rest_route=\/wp\/v2\/posts\/17684\/revisions"}],"predecessor-version":[{"id":17686,"href":"https:\/\/conexion23.com\/index.php?rest_route=\/wp\/v2\/posts\/17684\/revisions\/17686"}],"wp:featuredmedia":[{"embeddable":true,"href":"https:\/\/conexion23.com\/index.php?rest_route=\/wp\/v2\/media\/17685"}],"wp:attachment":[{"href":"https:\/\/conexion23.com\/index.php?rest_route=%2Fwp%2Fv2%2Fmedia&parent=17684"}],"wp:term":[{"taxonomy":"category","embeddable":true,"href":"https:\/\/conexion23.com\/index.php?rest_route=%2Fwp%2Fv2%2Fcategories&post=17684"},{"taxonomy":"post_tag","embeddable":true,"href":"https:\/\/conexion23.com\/index.php?rest_route=%2Fwp%2Fv2%2Ftags&post=17684"}],"curies":[{"name":"wp","href":"https:\/\/api.w.org\/{rel}","templated":true}]}}