{"id":18079,"date":"2023-06-17T07:34:44","date_gmt":"2023-06-17T11:34:44","guid":{"rendered":"https:\/\/conexion23.com\/?p=18079"},"modified":"2023-06-17T07:34:46","modified_gmt":"2023-06-17T11:34:46","slug":"vandalos-incendian-tres-aulas-de-una-escuela-en-los-alcarrizos","status":"publish","type":"post","link":"https:\/\/conexion23.com\/?p=18079","title":{"rendered":"V\u00e1ndalos incendian tres aulas de una escuela en los Alcarrizos."},"content":{"rendered":"\n<p class=\"wp-block-paragraph\">Con el incremento de la criminalidad y la imposici\u00f3n del apogeo delincuencial, otra escuela m\u00e1s se suma a la lista de las que, en los \u00faltimos meses, fueron objetos de acciones vand\u00e1licas en varios puntos del pa\u00eds.<\/p>\n\n\n\n<p class=\"wp-block-paragraph\">Los libros destruidos y las salas de estudio desmanteladas fue el saludo principal con el cual el plantel Carmen Celia Balaguer, en Los Alcarrizos, fue recibido en la ma\u00f1ana de ayer, luego de que desconocidos incendiaran tres aulas en horas de la madrugada.<\/p>\n\n\n\n<p class=\"wp-block-paragraph\">Como si se tratase de un vertedero o de una casa abandonada, la pintura quemada y las cenizas de los papeles esparcidos en el piso perneaban cada espacio de lo que en alg\u00fan momento represent\u00f3 el h\u00e1bitat de j\u00f3venes compa\u00f1eros.<\/p>\n\n\n\n<p class=\"wp-block-paragraph\">Ante este hecho, la directora de la escuela, Juana Pereira, explic\u00f3 que los desaprensivos accedieron a tres salones, logrando afectar algunos inmuebles.<\/p>\n\n\n\n<p class=\"wp-block-paragraph\">\u201cEllos vinieron y cuando se percataron que aqu\u00ed hab\u00eda c\u00e1maras, la rompieron todas y nos dejaron sin v\u00eddeos\u201d, argument\u00f3 Pereira sobre m\u00e1s da\u00f1os.<\/p>\n\n\n\n<p class=\"wp-block-paragraph\">Detall\u00f3 que el portero del recinto escolar fue quien se percat\u00f3 de la situaci\u00f3n al momento de su llegada a las seis de la ma\u00f1ana.<\/p>\n\n\n\n<p class=\"wp-block-paragraph\">\u201c\u00c9l fue quien me inform\u00f3 sobre la eventualidad, inmediatamente llamamos a los bomberos para que vengan a asistir\u201d, declar\u00f3 la maestra.<\/p>\n\n\n\n<p class=\"wp-block-paragraph\">Adem\u00e1s, expres\u00f3 que actos similares a este se han venido desarrollando en la escuela desde hace un a\u00f1o debido a que el personal no contempla un sereno para vigilar durante las noches.<\/p>\n\n\n\n<p class=\"wp-block-paragraph\">\u201cEsto fue lo \u00faltimo, pero recientemente se robaron el tinaco del ba\u00f1o de los ni\u00f1os y nadie ve nada. Ya hay que ponerle atenci\u00f3n\u201d, se\u00f1al\u00f3 Pereira.<\/p>\n\n\n\n<p class=\"wp-block-paragraph\">Indic\u00f3 que a\u00fan las autoridades educativas no tienen conocimiento sobre la identidad de los responsables, pero aclar\u00f3 que el departamento de investigaci\u00f3n de la Polic\u00eda Nacional est\u00e1 analizando los detalles del caso.<\/p>\n\n\n\n<p class=\"wp-block-paragraph\">\u201cNo sabemos qui\u00e9nes son, pero deben ser estudiantes o personas de la comunidad\u201d, manifest\u00f3.<\/p>\n","protected":false},"excerpt":{"rendered":"<p>Con el incremento de la criminalidad y la imposici\u00f3n del apogeo delincuencial, otra escuela m\u00e1s se suma a la lista de las que, en los \u00faltimos meses, fueron objetos de acciones vand\u00e1licas en varios puntos del pa\u00eds. Los libros destruidos y las salas de estudio desmanteladas fue el saludo principal con el cual el plantel [&hellip;]<\/p>\n","protected":false},"author":15,"featured_media":18080,"comment_status":"open","ping_status":"open","sticky":false,"template":"","format":"standard","meta":{"footnotes":""},"categories":[1],"tags":[],"class_list":["post-18079","post","type-post","status-publish","format-standard","has-post-thumbnail","category-uncategorized"],"yoast_head":"<!-- This site is optimized with the Yoast SEO plugin v27.6 - https:\/\/yoast.com\/product\/yoast-seo-wordpress\/ -->\n<title>V\u00e1ndalos incendian tres aulas de una escuela en los Alcarrizos. - Conexi\u00f3n 23<\/title>\n<meta name=\"robots\" content=\"index, follow, max-snippet:-1, max-image-preview:large, max-video-preview:-1\" \/>\n<link rel=\"canonical\" href=\"https:\/\/conexion23.com\/?p=18079\" \/>\n<meta property=\"og:locale\" content=\"es_ES\" \/>\n<meta property=\"og:type\" content=\"article\" \/>\n<meta property=\"og:title\" content=\"V\u00e1ndalos incendian tres aulas de una escuela en los Alcarrizos. - Conexi\u00f3n 23\" \/>\n<meta property=\"og:description\" content=\"Con el incremento de la criminalidad y la imposici\u00f3n del apogeo delincuencial, otra escuela m\u00e1s se suma a la lista de las que, en los \u00faltimos meses, fueron objetos de acciones vand\u00e1licas en varios puntos del pa\u00eds. Los libros destruidos y las salas de estudio desmanteladas fue el saludo principal con el cual el plantel [&hellip;]\" \/>\n<meta property=\"og:url\" content=\"https:\/\/conexion23.com\/?p=18079\" \/>\n<meta property=\"og:site_name\" content=\"Conexi\u00f3n 23\" \/>\n<meta property=\"article:publisher\" content=\"https:\/\/www.facebook.com\/conexion23com\" \/>\n<meta property=\"article:published_time\" content=\"2023-06-17T11:34:44+00:00\" \/>\n<meta property=\"article:modified_time\" content=\"2023-06-17T11:34:46+00:00\" \/>\n<meta property=\"og:image\" content=\"https:\/\/conexion23.com\/wp-content\/uploads\/2023\/06\/648d0fb979cd3.jpeg\" \/>\n\t<meta property=\"og:image:width\" content=\"950\" \/>\n\t<meta property=\"og:image:height\" content=\"465\" \/>\n\t<meta property=\"og:image:type\" content=\"image\/jpeg\" \/>\n<meta name=\"author\" content=\"Raffy Ben\u00edtez\" \/>\n<meta name=\"twitter:card\" content=\"summary_large_image\" \/>\n<meta name=\"twitter:label1\" content=\"Escrito por\" \/>\n\t<meta name=\"twitter:data1\" content=\"Raffy Ben\u00edtez\" \/>\n\t<meta name=\"twitter:label2\" content=\"Tiempo de lectura\" \/>\n\t<meta name=\"twitter:data2\" content=\"2 minutos\" \/>\n<script type=\"application\/ld+json\" class=\"yoast-schema-graph\">{\"@context\":\"https:\\\/\\\/schema.org\",\"@graph\":[{\"@type\":\"Article\",\"@id\":\"https:\\\/\\\/conexion23.com\\\/?p=18079#article\",\"isPartOf\":{\"@id\":\"https:\\\/\\\/conexion23.com\\\/?p=18079\"},\"author\":{\"name\":\"Raffy Ben\u00edtez\",\"@id\":\"https:\\\/\\\/conexion23.com\\\/#\\\/schema\\\/person\\\/5d6d767819503a4603e9fd070ecf3ac6\"},\"headline\":\"V\u00e1ndalos incendian tres aulas de una escuela en los Alcarrizos.\",\"datePublished\":\"2023-06-17T11:34:44+00:00\",\"dateModified\":\"2023-06-17T11:34:46+00:00\",\"mainEntityOfPage\":{\"@id\":\"https:\\\/\\\/conexion23.com\\\/?p=18079\"},\"wordCount\":352,\"commentCount\":0,\"publisher\":{\"@id\":\"https:\\\/\\\/conexion23.com\\\/#organization\"},\"image\":{\"@id\":\"https:\\\/\\\/conexion23.com\\\/?p=18079#primaryimage\"},\"thumbnailUrl\":\"https:\\\/\\\/conexion23.com\\\/wp-content\\\/uploads\\\/2023\\\/06\\\/648d0fb979cd3.jpeg\",\"articleSection\":[\"Uncategorized\"],\"inLanguage\":\"es\",\"potentialAction\":[{\"@type\":\"CommentAction\",\"name\":\"Comment\",\"target\":[\"https:\\\/\\\/conexion23.com\\\/?p=18079#respond\"]}]},{\"@type\":\"WebPage\",\"@id\":\"https:\\\/\\\/conexion23.com\\\/?p=18079\",\"url\":\"https:\\\/\\\/conexion23.com\\\/?p=18079\",\"name\":\"V\u00e1ndalos incendian tres aulas de una escuela en los Alcarrizos. - Conexi\u00f3n 23\",\"isPartOf\":{\"@id\":\"https:\\\/\\\/conexion23.com\\\/#website\"},\"primaryImageOfPage\":{\"@id\":\"https:\\\/\\\/conexion23.com\\\/?p=18079#primaryimage\"},\"image\":{\"@id\":\"https:\\\/\\\/conexion23.com\\\/?p=18079#primaryimage\"},\"thumbnailUrl\":\"https:\\\/\\\/conexion23.com\\\/wp-content\\\/uploads\\\/2023\\\/06\\\/648d0fb979cd3.jpeg\",\"datePublished\":\"2023-06-17T11:34:44+00:00\",\"dateModified\":\"2023-06-17T11:34:46+00:00\",\"breadcrumb\":{\"@id\":\"https:\\\/\\\/conexion23.com\\\/?p=18079#breadcrumb\"},\"inLanguage\":\"es\",\"potentialAction\":[{\"@type\":\"ReadAction\",\"target\":[\"https:\\\/\\\/conexion23.com\\\/?p=18079\"]}]},{\"@type\":\"ImageObject\",\"inLanguage\":\"es\",\"@id\":\"https:\\\/\\\/conexion23.com\\\/?p=18079#primaryimage\",\"url\":\"https:\\\/\\\/conexion23.com\\\/wp-content\\\/uploads\\\/2023\\\/06\\\/648d0fb979cd3.jpeg\",\"contentUrl\":\"https:\\\/\\\/conexion23.com\\\/wp-content\\\/uploads\\\/2023\\\/06\\\/648d0fb979cd3.jpeg\",\"width\":950,\"height\":465},{\"@type\":\"BreadcrumbList\",\"@id\":\"https:\\\/\\\/conexion23.com\\\/?p=18079#breadcrumb\",\"itemListElement\":[{\"@type\":\"ListItem\",\"position\":1,\"name\":\"Portada\",\"item\":\"https:\\\/\\\/conexion23.com\\\/\"},{\"@type\":\"ListItem\",\"position\":2,\"name\":\"V\u00e1ndalos incendian tres aulas de una escuela en los Alcarrizos.\"}]},{\"@type\":\"WebSite\",\"@id\":\"https:\\\/\\\/conexion23.com\\\/#website\",\"url\":\"https:\\\/\\\/conexion23.com\\\/\",\"name\":\"Conexi\u00f3n 23\",\"description\":\"Peri\u00f3dico 100% Petromacorisano\",\"publisher\":{\"@id\":\"https:\\\/\\\/conexion23.com\\\/#organization\"},\"potentialAction\":[{\"@type\":\"SearchAction\",\"target\":{\"@type\":\"EntryPoint\",\"urlTemplate\":\"https:\\\/\\\/conexion23.com\\\/?s={search_term_string}\"},\"query-input\":{\"@type\":\"PropertyValueSpecification\",\"valueRequired\":true,\"valueName\":\"search_term_string\"}}],\"inLanguage\":\"es\"},{\"@type\":\"Organization\",\"@id\":\"https:\\\/\\\/conexion23.com\\\/#organization\",\"name\":\"Conexion 23\",\"url\":\"https:\\\/\\\/conexion23.com\\\/\",\"logo\":{\"@type\":\"ImageObject\",\"inLanguage\":\"es\",\"@id\":\"https:\\\/\\\/conexion23.com\\\/#\\\/schema\\\/logo\\\/image\\\/\",\"url\":\"https:\\\/\\\/conexion23.com\\\/wp-content\\\/uploads\\\/2021\\\/11\\\/Diseno-sin-titulo-2.png\",\"contentUrl\":\"https:\\\/\\\/conexion23.com\\\/wp-content\\\/uploads\\\/2021\\\/11\\\/Diseno-sin-titulo-2.png\",\"width\":541,\"height\":90,\"caption\":\"Conexion 23\"},\"image\":{\"@id\":\"https:\\\/\\\/conexion23.com\\\/#\\\/schema\\\/logo\\\/image\\\/\"},\"sameAs\":[\"https:\\\/\\\/www.facebook.com\\\/conexion23com\",\"https:\\\/\\\/www.instagram.com\\\/conexion23com\\\/\",\"https:\\\/\\\/www.youtube.com\\\/channel\\\/UCYc7vxxFZMYLIHNsHHxPZ3Q\"]},{\"@type\":\"Person\",\"@id\":\"https:\\\/\\\/conexion23.com\\\/#\\\/schema\\\/person\\\/5d6d767819503a4603e9fd070ecf3ac6\",\"name\":\"Raffy Ben\u00edtez\",\"image\":{\"@type\":\"ImageObject\",\"inLanguage\":\"es\",\"@id\":\"https:\\\/\\\/secure.gravatar.com\\\/avatar\\\/3190a6a6c5e1b0327500f7d6c56b6242472ee6cb974cf09b401ee6b3b0798f23?s=96&d=mm&r=g\",\"url\":\"https:\\\/\\\/secure.gravatar.com\\\/avatar\\\/3190a6a6c5e1b0327500f7d6c56b6242472ee6cb974cf09b401ee6b3b0798f23?s=96&d=mm&r=g\",\"contentUrl\":\"https:\\\/\\\/secure.gravatar.com\\\/avatar\\\/3190a6a6c5e1b0327500f7d6c56b6242472ee6cb974cf09b401ee6b3b0798f23?s=96&d=mm&r=g\",\"caption\":\"Raffy Ben\u00edtez\"},\"url\":\"https:\\\/\\\/conexion23.com\\\/?author=15\"}]}<\/script>\n<!-- \/ Yoast SEO plugin. -->","yoast_head_json":{"title":"V\u00e1ndalos incendian tres aulas de una escuela en los Alcarrizos. - Conexi\u00f3n 23","robots":{"index":"index","follow":"follow","max-snippet":"max-snippet:-1","max-image-preview":"max-image-preview:large","max-video-preview":"max-video-preview:-1"},"canonical":"https:\/\/conexion23.com\/?p=18079","og_locale":"es_ES","og_type":"article","og_title":"V\u00e1ndalos incendian tres aulas de una escuela en los Alcarrizos. - Conexi\u00f3n 23","og_description":"Con el incremento de la criminalidad y la imposici\u00f3n del apogeo delincuencial, otra escuela m\u00e1s se suma a la lista de las que, en los \u00faltimos meses, fueron objetos de acciones vand\u00e1licas en varios puntos del pa\u00eds. Los libros destruidos y las salas de estudio desmanteladas fue el saludo principal con el cual el plantel [&hellip;]","og_url":"https:\/\/conexion23.com\/?p=18079","og_site_name":"Conexi\u00f3n 23","article_publisher":"https:\/\/www.facebook.com\/conexion23com","article_published_time":"2023-06-17T11:34:44+00:00","article_modified_time":"2023-06-17T11:34:46+00:00","og_image":[{"width":950,"height":465,"url":"https:\/\/conexion23.com\/wp-content\/uploads\/2023\/06\/648d0fb979cd3.jpeg","type":"image\/jpeg"}],"author":"Raffy Ben\u00edtez","twitter_card":"summary_large_image","twitter_misc":{"Escrito por":"Raffy Ben\u00edtez","Tiempo de lectura":"2 minutos"},"schema":{"@context":"https:\/\/schema.org","@graph":[{"@type":"Article","@id":"https:\/\/conexion23.com\/?p=18079#article","isPartOf":{"@id":"https:\/\/conexion23.com\/?p=18079"},"author":{"name":"Raffy Ben\u00edtez","@id":"https:\/\/conexion23.com\/#\/schema\/person\/5d6d767819503a4603e9fd070ecf3ac6"},"headline":"V\u00e1ndalos incendian tres aulas de una escuela en los Alcarrizos.","datePublished":"2023-06-17T11:34:44+00:00","dateModified":"2023-06-17T11:34:46+00:00","mainEntityOfPage":{"@id":"https:\/\/conexion23.com\/?p=18079"},"wordCount":352,"commentCount":0,"publisher":{"@id":"https:\/\/conexion23.com\/#organization"},"image":{"@id":"https:\/\/conexion23.com\/?p=18079#primaryimage"},"thumbnailUrl":"https:\/\/conexion23.com\/wp-content\/uploads\/2023\/06\/648d0fb979cd3.jpeg","articleSection":["Uncategorized"],"inLanguage":"es","potentialAction":[{"@type":"CommentAction","name":"Comment","target":["https:\/\/conexion23.com\/?p=18079#respond"]}]},{"@type":"WebPage","@id":"https:\/\/conexion23.com\/?p=18079","url":"https:\/\/conexion23.com\/?p=18079","name":"V\u00e1ndalos incendian tres aulas de una escuela en los Alcarrizos. - Conexi\u00f3n 23","isPartOf":{"@id":"https:\/\/conexion23.com\/#website"},"primaryImageOfPage":{"@id":"https:\/\/conexion23.com\/?p=18079#primaryimage"},"image":{"@id":"https:\/\/conexion23.com\/?p=18079#primaryimage"},"thumbnailUrl":"https:\/\/conexion23.com\/wp-content\/uploads\/2023\/06\/648d0fb979cd3.jpeg","datePublished":"2023-06-17T11:34:44+00:00","dateModified":"2023-06-17T11:34:46+00:00","breadcrumb":{"@id":"https:\/\/conexion23.com\/?p=18079#breadcrumb"},"inLanguage":"es","potentialAction":[{"@type":"ReadAction","target":["https:\/\/conexion23.com\/?p=18079"]}]},{"@type":"ImageObject","inLanguage":"es","@id":"https:\/\/conexion23.com\/?p=18079#primaryimage","url":"https:\/\/conexion23.com\/wp-content\/uploads\/2023\/06\/648d0fb979cd3.jpeg","contentUrl":"https:\/\/conexion23.com\/wp-content\/uploads\/2023\/06\/648d0fb979cd3.jpeg","width":950,"height":465},{"@type":"BreadcrumbList","@id":"https:\/\/conexion23.com\/?p=18079#breadcrumb","itemListElement":[{"@type":"ListItem","position":1,"name":"Portada","item":"https:\/\/conexion23.com\/"},{"@type":"ListItem","position":2,"name":"V\u00e1ndalos incendian tres aulas de una escuela en los Alcarrizos."}]},{"@type":"WebSite","@id":"https:\/\/conexion23.com\/#website","url":"https:\/\/conexion23.com\/","name":"Conexi\u00f3n 23","description":"Peri\u00f3dico 100% Petromacorisano","publisher":{"@id":"https:\/\/conexion23.com\/#organization"},"potentialAction":[{"@type":"SearchAction","target":{"@type":"EntryPoint","urlTemplate":"https:\/\/conexion23.com\/?s={search_term_string}"},"query-input":{"@type":"PropertyValueSpecification","valueRequired":true,"valueName":"search_term_string"}}],"inLanguage":"es"},{"@type":"Organization","@id":"https:\/\/conexion23.com\/#organization","name":"Conexion 23","url":"https:\/\/conexion23.com\/","logo":{"@type":"ImageObject","inLanguage":"es","@id":"https:\/\/conexion23.com\/#\/schema\/logo\/image\/","url":"https:\/\/conexion23.com\/wp-content\/uploads\/2021\/11\/Diseno-sin-titulo-2.png","contentUrl":"https:\/\/conexion23.com\/wp-content\/uploads\/2021\/11\/Diseno-sin-titulo-2.png","width":541,"height":90,"caption":"Conexion 23"},"image":{"@id":"https:\/\/conexion23.com\/#\/schema\/logo\/image\/"},"sameAs":["https:\/\/www.facebook.com\/conexion23com","https:\/\/www.instagram.com\/conexion23com\/","https:\/\/www.youtube.com\/channel\/UCYc7vxxFZMYLIHNsHHxPZ3Q"]},{"@type":"Person","@id":"https:\/\/conexion23.com\/#\/schema\/person\/5d6d767819503a4603e9fd070ecf3ac6","name":"Raffy Ben\u00edtez","image":{"@type":"ImageObject","inLanguage":"es","@id":"https:\/\/secure.gravatar.com\/avatar\/3190a6a6c5e1b0327500f7d6c56b6242472ee6cb974cf09b401ee6b3b0798f23?s=96&d=mm&r=g","url":"https:\/\/secure.gravatar.com\/avatar\/3190a6a6c5e1b0327500f7d6c56b6242472ee6cb974cf09b401ee6b3b0798f23?s=96&d=mm&r=g","contentUrl":"https:\/\/secure.gravatar.com\/avatar\/3190a6a6c5e1b0327500f7d6c56b6242472ee6cb974cf09b401ee6b3b0798f23?s=96&d=mm&r=g","caption":"Raffy Ben\u00edtez"},"url":"https:\/\/conexion23.com\/?author=15"}]}},"_links":{"self":[{"href":"https:\/\/conexion23.com\/index.php?rest_route=\/wp\/v2\/posts\/18079","targetHints":{"allow":["GET"]}}],"collection":[{"href":"https:\/\/conexion23.com\/index.php?rest_route=\/wp\/v2\/posts"}],"about":[{"href":"https:\/\/conexion23.com\/index.php?rest_route=\/wp\/v2\/types\/post"}],"author":[{"embeddable":true,"href":"https:\/\/conexion23.com\/index.php?rest_route=\/wp\/v2\/users\/15"}],"replies":[{"embeddable":true,"href":"https:\/\/conexion23.com\/index.php?rest_route=%2Fwp%2Fv2%2Fcomments&post=18079"}],"version-history":[{"count":1,"href":"https:\/\/conexion23.com\/index.php?rest_route=\/wp\/v2\/posts\/18079\/revisions"}],"predecessor-version":[{"id":18081,"href":"https:\/\/conexion23.com\/index.php?rest_route=\/wp\/v2\/posts\/18079\/revisions\/18081"}],"wp:featuredmedia":[{"embeddable":true,"href":"https:\/\/conexion23.com\/index.php?rest_route=\/wp\/v2\/media\/18080"}],"wp:attachment":[{"href":"https:\/\/conexion23.com\/index.php?rest_route=%2Fwp%2Fv2%2Fmedia&parent=18079"}],"wp:term":[{"taxonomy":"category","embeddable":true,"href":"https:\/\/conexion23.com\/index.php?rest_route=%2Fwp%2Fv2%2Fcategories&post=18079"},{"taxonomy":"post_tag","embeddable":true,"href":"https:\/\/conexion23.com\/index.php?rest_route=%2Fwp%2Fv2%2Ftags&post=18079"}],"curies":[{"name":"wp","href":"https:\/\/api.w.org\/{rel}","templated":true}]}}