{"id":18226,"date":"2023-06-23T07:11:03","date_gmt":"2023-06-23T11:11:03","guid":{"rendered":"https:\/\/conexion23.com\/?p=18226"},"modified":"2023-06-23T07:11:06","modified_gmt":"2023-06-23T11:11:06","slug":"el-tribunal-superior-electoral-inicia-juicio-que-podria-dejar-inelegible-a-jair-bolsonaro","status":"publish","type":"post","link":"https:\/\/conexion23.com\/?p=18226","title":{"rendered":"El Tribunal Superior Electoral inicia juicio que podr\u00eda dejar inelegible a Jair Bolsonaro."},"content":{"rendered":"\n<p>El Tribunal Superior Electoral comenz\u00f3 a juzgar este jueves (22\/6) una de las acciones de investigaci\u00f3n judicial electoral (Aije) que acusan a Jair Bolsonaro (PL) de abuso de poder pol\u00edtico en las elecciones de 2022. puede volverse inelegible. Walter Braga Netto, candidato a vicepresidente de Bolsonaro en 2022, tambi\u00e9n es blanco de la acci\u00f3n.<\/p>\n\n\n\n<p>La solicitud presentada por el PDT acusa a Bolsonaro de hacer un uso indebido de los medios de comunicaci\u00f3n en la reuni\u00f3n con embajadores en la que el entonces mandatario arremeti\u00f3 contra el sistema electoral.<\/p>\n\n\n\n<p>En la reuni\u00f3n con los representantes diplom\u00e1ticos, el 18 de julio de 2022, en el Palacio de la Alvorada, Bolsonaro sugiri\u00f3 que las elecciones de 2018 fueron ama\u00f1adas para impedir su victoria en la primera vuelta. Tambi\u00e9n afirm\u00f3 que la urna electr\u00f3nica no es segura y que hackers invadieron los sistemas del TSE para borrar votos.<\/p>\n\n\n\n<p>En la sesi\u00f3n de este jueves, el relator del caso, el ministro Benedito Gon\u00e7alves, ley\u00f3 su informe de 43 p\u00e1ginas (lea el texto completo al final de este art\u00edculo). Luego, los abogados del PDT y de Bolsonaro hicieron sus alegatos orales y la Fiscal\u00eda General Electoral se manifest\u00f3 declarando la inhabilitaci\u00f3n del expresidente. El an\u00e1lisis se reanudar\u00e1 el 27 de junio.<\/p>\n\n\n\n<p>Los abogados Walber Agra y Ezikelly Barros actuaron en defensa del PDT . En su alegato oral, Agra cit\u00f3 como ejemplo de apropiaci\u00f3n indebida cometida por Bolsonaro la transmisi\u00f3n del encuentro con embajadores en TV Brasil .<\/p>\n\n\n\n<p>\u201cHubo una reuni\u00f3n con un grave desv\u00edo en el prop\u00f3sito de desmoralizar a las instituciones, se utiliz\u00f3 el bien p\u00fablico para difundir fake news . Hubo ataques sist\u00e9micos. Hubo acusaciones e insultos sin ning\u00fan lastre e intentos de convertir a nuestra naci\u00f3n en un paria internacional\u201d, dijo el abogado.<\/p>\n\n\n\n<p>El abogado Tarc\u00edsio Vieira de Carvalho , responsable de la defensa de Bolsonaro, dijo que la reuni\u00f3n con los embajadores se realiz\u00f3 en julio, \u201cmucho antes\u201d del per\u00edodo electoral. Para el abogado, esto evita que Bolsonaro sea condenado por supuesta utilizaci\u00f3n del aparato estatal para beneficio electoral.<\/p>\n\n\n\n<p>\u201cSi el presidente se adelant\u00f3 en materia de propaganda, que se aplique la multa del art\u00edculo 176 de la Ley Electoral. Pero el PDT, en una especie de calor electoral, present\u00f3 un Aije\u201d, dijo, y agreg\u00f3 que el procedimiento correcto debi\u00f3 haber sido una representaci\u00f3n electoral.<\/p>\n\n\n\n<p>Finalmente, el fiscal general adjunto electoral, Paulo Gustavo Gonet Branco, defendi\u00f3 la inelegibilidad de Bolsonaro, pero no la de Braga Netto, por la individualizaci\u00f3n de la conducta. Seg\u00fan Gonet, hubo un desv\u00edo de prop\u00f3sito porque el expresidente utiliz\u00f3 la televisi\u00f3n p\u00fablica con \u201cfines electorales\u201d.<\/p>\n\n\n\n<p>\u201cEl discurso fue dirigido a todos los votantes brasile\u00f1os y no solo a los representantes diplom\u00e1ticos que no tienen capacidad electoral activa. Es un tema relevante e inquietante para despertar la preocupaci\u00f3n de las potencias extranjeras\u201d.<\/p>\n","protected":false},"excerpt":{"rendered":"<p>El Tribunal Superior Electoral comenz\u00f3 a juzgar este jueves (22\/6) una de las acciones de investigaci\u00f3n judicial electoral (Aije) que acusan a Jair Bolsonaro (PL) de abuso de poder pol\u00edtico en las elecciones de 2022. puede volverse inelegible. Walter Braga Netto, candidato a vicepresidente de Bolsonaro en 2022, tambi\u00e9n es blanco de la acci\u00f3n. La [&hellip;]<\/p>\n","protected":false},"author":15,"featured_media":18227,"comment_status":"open","ping_status":"open","sticky":false,"template":"","format":"standard","meta":{"footnotes":""},"categories":[1],"tags":[],"class_list":{"0":"post-18226","1":"post","2":"type-post","3":"status-publish","4":"format-standard","5":"has-post-thumbnail","7":"category-uncategorized"},"yoast_head":"<!-- This site is optimized with the Yoast SEO plugin v27.1.1 - https:\/\/yoast.com\/product\/yoast-seo-wordpress\/ -->\n<title>El Tribunal Superior Electoral inicia juicio que podr\u00eda dejar inelegible a Jair Bolsonaro. - Conexi\u00f3n 23<\/title>\n<meta name=\"robots\" content=\"index, follow, max-snippet:-1, max-image-preview:large, max-video-preview:-1\" \/>\n<link rel=\"canonical\" href=\"https:\/\/conexion23.com\/?p=18226\" \/>\n<meta property=\"og:locale\" content=\"es_ES\" \/>\n<meta property=\"og:type\" content=\"article\" \/>\n<meta property=\"og:title\" content=\"El Tribunal Superior Electoral inicia juicio que podr\u00eda dejar inelegible a Jair Bolsonaro. - Conexi\u00f3n 23\" \/>\n<meta property=\"og:description\" content=\"El Tribunal Superior Electoral comenz\u00f3 a juzgar este jueves (22\/6) una de las acciones de investigaci\u00f3n judicial electoral (Aije) que acusan a Jair Bolsonaro (PL) de abuso de poder pol\u00edtico en las elecciones de 2022. puede volverse inelegible. Walter Braga Netto, candidato a vicepresidente de Bolsonaro en 2022, tambi\u00e9n es blanco de la acci\u00f3n. La [&hellip;]\" \/>\n<meta property=\"og:url\" content=\"https:\/\/conexion23.com\/?p=18226\" \/>\n<meta property=\"og:site_name\" content=\"Conexi\u00f3n 23\" \/>\n<meta property=\"article:publisher\" content=\"https:\/\/www.facebook.com\/conexion23com\" \/>\n<meta property=\"article:published_time\" content=\"2023-06-23T11:11:03+00:00\" \/>\n<meta property=\"article:modified_time\" content=\"2023-06-23T11:11:06+00:00\" \/>\n<meta property=\"og:image\" content=\"https:\/\/conexion23.com\/wp-content\/uploads\/2023\/06\/download-21.jpg\" \/>\n\t<meta property=\"og:image:width\" content=\"286\" \/>\n\t<meta property=\"og:image:height\" content=\"176\" \/>\n\t<meta property=\"og:image:type\" content=\"image\/jpeg\" \/>\n<meta name=\"author\" content=\"Raffy Ben\u00edtez\" \/>\n<meta name=\"twitter:card\" content=\"summary_large_image\" \/>\n<meta name=\"twitter:label1\" content=\"Escrito por\" \/>\n\t<meta name=\"twitter:data1\" content=\"Raffy Ben\u00edtez\" \/>\n\t<meta name=\"twitter:label2\" content=\"Tiempo de lectura\" \/>\n\t<meta name=\"twitter:data2\" content=\"3 minutos\" \/>\n<script type=\"application\/ld+json\" class=\"yoast-schema-graph\">{\"@context\":\"https:\/\/schema.org\",\"@graph\":[{\"@type\":\"Article\",\"@id\":\"https:\/\/conexion23.com\/?p=18226#article\",\"isPartOf\":{\"@id\":\"https:\/\/conexion23.com\/?p=18226\"},\"author\":{\"name\":\"Raffy Ben\u00edtez\",\"@id\":\"https:\/\/conexion23.com\/#\/schema\/person\/03e36043331117e97a373299bbcd30a6\"},\"headline\":\"El Tribunal Superior Electoral inicia juicio que podr\u00eda dejar inelegible a Jair Bolsonaro.\",\"datePublished\":\"2023-06-23T11:11:03+00:00\",\"dateModified\":\"2023-06-23T11:11:06+00:00\",\"mainEntityOfPage\":{\"@id\":\"https:\/\/conexion23.com\/?p=18226\"},\"wordCount\":508,\"commentCount\":0,\"publisher\":{\"@id\":\"https:\/\/conexion23.com\/#organization\"},\"image\":{\"@id\":\"https:\/\/conexion23.com\/?p=18226#primaryimage\"},\"thumbnailUrl\":\"https:\/\/conexion23.com\/wp-content\/uploads\/2023\/06\/download-21.jpg\",\"articleSection\":[\"Uncategorized\"],\"inLanguage\":\"es\",\"potentialAction\":[{\"@type\":\"CommentAction\",\"name\":\"Comment\",\"target\":[\"https:\/\/conexion23.com\/?p=18226#respond\"]}]},{\"@type\":\"WebPage\",\"@id\":\"https:\/\/conexion23.com\/?p=18226\",\"url\":\"https:\/\/conexion23.com\/?p=18226\",\"name\":\"El Tribunal Superior Electoral inicia juicio que podr\u00eda dejar inelegible a Jair Bolsonaro. - Conexi\u00f3n 23\",\"isPartOf\":{\"@id\":\"https:\/\/conexion23.com\/#website\"},\"primaryImageOfPage\":{\"@id\":\"https:\/\/conexion23.com\/?p=18226#primaryimage\"},\"image\":{\"@id\":\"https:\/\/conexion23.com\/?p=18226#primaryimage\"},\"thumbnailUrl\":\"https:\/\/conexion23.com\/wp-content\/uploads\/2023\/06\/download-21.jpg\",\"datePublished\":\"2023-06-23T11:11:03+00:00\",\"dateModified\":\"2023-06-23T11:11:06+00:00\",\"breadcrumb\":{\"@id\":\"https:\/\/conexion23.com\/?p=18226#breadcrumb\"},\"inLanguage\":\"es\",\"potentialAction\":[{\"@type\":\"ReadAction\",\"target\":[\"https:\/\/conexion23.com\/?p=18226\"]}]},{\"@type\":\"ImageObject\",\"inLanguage\":\"es\",\"@id\":\"https:\/\/conexion23.com\/?p=18226#primaryimage\",\"url\":\"https:\/\/conexion23.com\/wp-content\/uploads\/2023\/06\/download-21.jpg\",\"contentUrl\":\"https:\/\/conexion23.com\/wp-content\/uploads\/2023\/06\/download-21.jpg\",\"width\":286,\"height\":176},{\"@type\":\"BreadcrumbList\",\"@id\":\"https:\/\/conexion23.com\/?p=18226#breadcrumb\",\"itemListElement\":[{\"@type\":\"ListItem\",\"position\":1,\"name\":\"Portada\",\"item\":\"https:\/\/conexion23.com\/\"},{\"@type\":\"ListItem\",\"position\":2,\"name\":\"El Tribunal Superior Electoral inicia juicio que podr\u00eda dejar inelegible a Jair Bolsonaro.\"}]},{\"@type\":\"WebSite\",\"@id\":\"https:\/\/conexion23.com\/#website\",\"url\":\"https:\/\/conexion23.com\/\",\"name\":\"Conexi\u00f3n 23\",\"description\":\"Peri\u00f3dico 100% Petromacorisano\",\"publisher\":{\"@id\":\"https:\/\/conexion23.com\/#organization\"},\"potentialAction\":[{\"@type\":\"SearchAction\",\"target\":{\"@type\":\"EntryPoint\",\"urlTemplate\":\"https:\/\/conexion23.com\/?s={search_term_string}\"},\"query-input\":{\"@type\":\"PropertyValueSpecification\",\"valueRequired\":true,\"valueName\":\"search_term_string\"}}],\"inLanguage\":\"es\"},{\"@type\":\"Organization\",\"@id\":\"https:\/\/conexion23.com\/#organization\",\"name\":\"Conexion 23\",\"url\":\"https:\/\/conexion23.com\/\",\"logo\":{\"@type\":\"ImageObject\",\"inLanguage\":\"es\",\"@id\":\"https:\/\/conexion23.com\/#\/schema\/logo\/image\/\",\"url\":\"https:\/\/conexion23.com\/wp-content\/uploads\/2021\/11\/Diseno-sin-titulo-2.png\",\"contentUrl\":\"https:\/\/conexion23.com\/wp-content\/uploads\/2021\/11\/Diseno-sin-titulo-2.png\",\"width\":541,\"height\":90,\"caption\":\"Conexion 23\"},\"image\":{\"@id\":\"https:\/\/conexion23.com\/#\/schema\/logo\/image\/\"},\"sameAs\":[\"https:\/\/www.facebook.com\/conexion23com\",\"https:\/\/www.instagram.com\/conexion23com\/\",\"https:\/\/www.youtube.com\/channel\/UCYc7vxxFZMYLIHNsHHxPZ3Q\"]},{\"@type\":\"Person\",\"@id\":\"https:\/\/conexion23.com\/#\/schema\/person\/03e36043331117e97a373299bbcd30a6\",\"name\":\"Raffy Ben\u00edtez\",\"image\":{\"@type\":\"ImageObject\",\"inLanguage\":\"es\",\"@id\":\"https:\/\/conexion23.com\/#\/schema\/person\/image\/\",\"url\":\"https:\/\/secure.gravatar.com\/avatar\/3190a6a6c5e1b0327500f7d6c56b6242472ee6cb974cf09b401ee6b3b0798f23?s=96&d=mm&r=g\",\"contentUrl\":\"https:\/\/secure.gravatar.com\/avatar\/3190a6a6c5e1b0327500f7d6c56b6242472ee6cb974cf09b401ee6b3b0798f23?s=96&d=mm&r=g\",\"caption\":\"Raffy Ben\u00edtez\"},\"url\":\"https:\/\/conexion23.com\/?author=15\"}]}<\/script>\n<!-- \/ Yoast SEO plugin. -->","yoast_head_json":{"title":"El Tribunal Superior Electoral inicia juicio que podr\u00eda dejar inelegible a Jair Bolsonaro. - Conexi\u00f3n 23","robots":{"index":"index","follow":"follow","max-snippet":"max-snippet:-1","max-image-preview":"max-image-preview:large","max-video-preview":"max-video-preview:-1"},"canonical":"https:\/\/conexion23.com\/?p=18226","og_locale":"es_ES","og_type":"article","og_title":"El Tribunal Superior Electoral inicia juicio que podr\u00eda dejar inelegible a Jair Bolsonaro. - Conexi\u00f3n 23","og_description":"El Tribunal Superior Electoral comenz\u00f3 a juzgar este jueves (22\/6) una de las acciones de investigaci\u00f3n judicial electoral (Aije) que acusan a Jair Bolsonaro (PL) de abuso de poder pol\u00edtico en las elecciones de 2022. puede volverse inelegible. Walter Braga Netto, candidato a vicepresidente de Bolsonaro en 2022, tambi\u00e9n es blanco de la acci\u00f3n. La [&hellip;]","og_url":"https:\/\/conexion23.com\/?p=18226","og_site_name":"Conexi\u00f3n 23","article_publisher":"https:\/\/www.facebook.com\/conexion23com","article_published_time":"2023-06-23T11:11:03+00:00","article_modified_time":"2023-06-23T11:11:06+00:00","og_image":[{"width":286,"height":176,"url":"https:\/\/conexion23.com\/wp-content\/uploads\/2023\/06\/download-21.jpg","type":"image\/jpeg"}],"author":"Raffy Ben\u00edtez","twitter_card":"summary_large_image","twitter_misc":{"Escrito por":"Raffy Ben\u00edtez","Tiempo de lectura":"3 minutos"},"schema":{"@context":"https:\/\/schema.org","@graph":[{"@type":"Article","@id":"https:\/\/conexion23.com\/?p=18226#article","isPartOf":{"@id":"https:\/\/conexion23.com\/?p=18226"},"author":{"name":"Raffy Ben\u00edtez","@id":"https:\/\/conexion23.com\/#\/schema\/person\/03e36043331117e97a373299bbcd30a6"},"headline":"El Tribunal Superior Electoral inicia juicio que podr\u00eda dejar inelegible a Jair Bolsonaro.","datePublished":"2023-06-23T11:11:03+00:00","dateModified":"2023-06-23T11:11:06+00:00","mainEntityOfPage":{"@id":"https:\/\/conexion23.com\/?p=18226"},"wordCount":508,"commentCount":0,"publisher":{"@id":"https:\/\/conexion23.com\/#organization"},"image":{"@id":"https:\/\/conexion23.com\/?p=18226#primaryimage"},"thumbnailUrl":"https:\/\/conexion23.com\/wp-content\/uploads\/2023\/06\/download-21.jpg","articleSection":["Uncategorized"],"inLanguage":"es","potentialAction":[{"@type":"CommentAction","name":"Comment","target":["https:\/\/conexion23.com\/?p=18226#respond"]}]},{"@type":"WebPage","@id":"https:\/\/conexion23.com\/?p=18226","url":"https:\/\/conexion23.com\/?p=18226","name":"El Tribunal Superior Electoral inicia juicio que podr\u00eda dejar inelegible a Jair Bolsonaro. - Conexi\u00f3n 23","isPartOf":{"@id":"https:\/\/conexion23.com\/#website"},"primaryImageOfPage":{"@id":"https:\/\/conexion23.com\/?p=18226#primaryimage"},"image":{"@id":"https:\/\/conexion23.com\/?p=18226#primaryimage"},"thumbnailUrl":"https:\/\/conexion23.com\/wp-content\/uploads\/2023\/06\/download-21.jpg","datePublished":"2023-06-23T11:11:03+00:00","dateModified":"2023-06-23T11:11:06+00:00","breadcrumb":{"@id":"https:\/\/conexion23.com\/?p=18226#breadcrumb"},"inLanguage":"es","potentialAction":[{"@type":"ReadAction","target":["https:\/\/conexion23.com\/?p=18226"]}]},{"@type":"ImageObject","inLanguage":"es","@id":"https:\/\/conexion23.com\/?p=18226#primaryimage","url":"https:\/\/conexion23.com\/wp-content\/uploads\/2023\/06\/download-21.jpg","contentUrl":"https:\/\/conexion23.com\/wp-content\/uploads\/2023\/06\/download-21.jpg","width":286,"height":176},{"@type":"BreadcrumbList","@id":"https:\/\/conexion23.com\/?p=18226#breadcrumb","itemListElement":[{"@type":"ListItem","position":1,"name":"Portada","item":"https:\/\/conexion23.com\/"},{"@type":"ListItem","position":2,"name":"El Tribunal Superior Electoral inicia juicio que podr\u00eda dejar inelegible a Jair Bolsonaro."}]},{"@type":"WebSite","@id":"https:\/\/conexion23.com\/#website","url":"https:\/\/conexion23.com\/","name":"Conexi\u00f3n 23","description":"Peri\u00f3dico 100% Petromacorisano","publisher":{"@id":"https:\/\/conexion23.com\/#organization"},"potentialAction":[{"@type":"SearchAction","target":{"@type":"EntryPoint","urlTemplate":"https:\/\/conexion23.com\/?s={search_term_string}"},"query-input":{"@type":"PropertyValueSpecification","valueRequired":true,"valueName":"search_term_string"}}],"inLanguage":"es"},{"@type":"Organization","@id":"https:\/\/conexion23.com\/#organization","name":"Conexion 23","url":"https:\/\/conexion23.com\/","logo":{"@type":"ImageObject","inLanguage":"es","@id":"https:\/\/conexion23.com\/#\/schema\/logo\/image\/","url":"https:\/\/conexion23.com\/wp-content\/uploads\/2021\/11\/Diseno-sin-titulo-2.png","contentUrl":"https:\/\/conexion23.com\/wp-content\/uploads\/2021\/11\/Diseno-sin-titulo-2.png","width":541,"height":90,"caption":"Conexion 23"},"image":{"@id":"https:\/\/conexion23.com\/#\/schema\/logo\/image\/"},"sameAs":["https:\/\/www.facebook.com\/conexion23com","https:\/\/www.instagram.com\/conexion23com\/","https:\/\/www.youtube.com\/channel\/UCYc7vxxFZMYLIHNsHHxPZ3Q"]},{"@type":"Person","@id":"https:\/\/conexion23.com\/#\/schema\/person\/03e36043331117e97a373299bbcd30a6","name":"Raffy Ben\u00edtez","image":{"@type":"ImageObject","inLanguage":"es","@id":"https:\/\/conexion23.com\/#\/schema\/person\/image\/","url":"https:\/\/secure.gravatar.com\/avatar\/3190a6a6c5e1b0327500f7d6c56b6242472ee6cb974cf09b401ee6b3b0798f23?s=96&d=mm&r=g","contentUrl":"https:\/\/secure.gravatar.com\/avatar\/3190a6a6c5e1b0327500f7d6c56b6242472ee6cb974cf09b401ee6b3b0798f23?s=96&d=mm&r=g","caption":"Raffy Ben\u00edtez"},"url":"https:\/\/conexion23.com\/?author=15"}]}},"_links":{"self":[{"href":"https:\/\/conexion23.com\/index.php?rest_route=\/wp\/v2\/posts\/18226","targetHints":{"allow":["GET"]}}],"collection":[{"href":"https:\/\/conexion23.com\/index.php?rest_route=\/wp\/v2\/posts"}],"about":[{"href":"https:\/\/conexion23.com\/index.php?rest_route=\/wp\/v2\/types\/post"}],"author":[{"embeddable":true,"href":"https:\/\/conexion23.com\/index.php?rest_route=\/wp\/v2\/users\/15"}],"replies":[{"embeddable":true,"href":"https:\/\/conexion23.com\/index.php?rest_route=%2Fwp%2Fv2%2Fcomments&post=18226"}],"version-history":[{"count":1,"href":"https:\/\/conexion23.com\/index.php?rest_route=\/wp\/v2\/posts\/18226\/revisions"}],"predecessor-version":[{"id":18228,"href":"https:\/\/conexion23.com\/index.php?rest_route=\/wp\/v2\/posts\/18226\/revisions\/18228"}],"wp:featuredmedia":[{"embeddable":true,"href":"https:\/\/conexion23.com\/index.php?rest_route=\/wp\/v2\/media\/18227"}],"wp:attachment":[{"href":"https:\/\/conexion23.com\/index.php?rest_route=%2Fwp%2Fv2%2Fmedia&parent=18226"}],"wp:term":[{"taxonomy":"category","embeddable":true,"href":"https:\/\/conexion23.com\/index.php?rest_route=%2Fwp%2Fv2%2Fcategories&post=18226"},{"taxonomy":"post_tag","embeddable":true,"href":"https:\/\/conexion23.com\/index.php?rest_route=%2Fwp%2Fv2%2Ftags&post=18226"}],"curies":[{"name":"wp","href":"https:\/\/api.w.org\/{rel}","templated":true}]}}