{"id":18263,"date":"2023-06-23T08:31:16","date_gmt":"2023-06-23T12:31:16","guid":{"rendered":"https:\/\/conexion23.com\/?p=18263"},"modified":"2023-06-23T08:31:18","modified_gmt":"2023-06-23T12:31:18","slug":"por-iniciativa-del-senador-franklin-pena-el-senado-aprueba-reconocimiento-al-cuerpo-de-bomberos-de-spm","status":"publish","type":"post","link":"https:\/\/conexion23.com\/?p=18263","title":{"rendered":"Por iniciativa del senador Franklin Pe\u00f1a, el senado aprueba reconocimiento al Cuerpo de Bomberos de SPM."},"content":{"rendered":"\n<p>El senado de la republica aprob\u00f3 una resoluci\u00f3n sometida por el senador Franklin Pe\u00f1a en la que solicita sea reconocido el Benem\u00e9rito Cuerpo de Bomberos de la Sultana del Este.<\/p>\n\n\n\n<p>Mediante la iniciativa 02151, el Senador Franklin Pe\u00f1a rese\u00f1a que el cuerpo de bomberos de San Pedro de Macor\u00eds fue el primero que se cre\u00f3 en el pa\u00eds y que hasta la fecha se mantiene brindando servicios.<\/p>\n\n\n\n<p>En la actualidad cuenta con dos estaciones de servicios, la tradicional BX-1, que se encuentra en la Calle Duarte donde se conserva en excelentes condiciones su edificaci\u00f3n como un tesoro de la arquitectura de la \u00e9poca de su formaci\u00f3n,&nbsp; y la BX-2 que est\u00e1 situada a la salida de San pedro de Macor\u00eds hacia La Romana, bajo la direcci\u00f3n de la Intendente Maritza Perez, primer mujer en ocupar ese cargo en el pa\u00eds<\/p>\n\n\n\n<p>En hora buena felicitaciones al Benem\u00e9rito Cuerpo de Bomberos de San Pedro de Macor\u00eds..<\/p>\n","protected":false},"excerpt":{"rendered":"<p>El senado de la republica aprob\u00f3 una resoluci\u00f3n sometida por el senador Franklin Pe\u00f1a en la que solicita sea reconocido el Benem\u00e9rito Cuerpo de Bomberos de la Sultana del Este. Mediante la iniciativa 02151, el Senador Franklin Pe\u00f1a rese\u00f1a que el cuerpo de bomberos de San Pedro de Macor\u00eds fue el primero que se cre\u00f3 [&hellip;]<\/p>\n","protected":false},"author":15,"featured_media":18266,"comment_status":"open","ping_status":"open","sticky":false,"template":"","format":"standard","meta":{"footnotes":""},"categories":[35],"tags":[],"class_list":{"0":"post-18263","1":"post","2":"type-post","3":"status-publish","4":"format-standard","5":"has-post-thumbnail","7":"category-spm"},"yoast_head":"<!-- This site is optimized with the Yoast SEO plugin v27.1.1 - https:\/\/yoast.com\/product\/yoast-seo-wordpress\/ -->\n<title>Por iniciativa del senador Franklin Pe\u00f1a, el senado aprueba reconocimiento al Cuerpo de Bomberos de SPM. - Conexi\u00f3n 23<\/title>\n<meta name=\"robots\" content=\"index, follow, max-snippet:-1, max-image-preview:large, max-video-preview:-1\" \/>\n<link rel=\"canonical\" href=\"https:\/\/conexion23.com\/?p=18263\" \/>\n<meta property=\"og:locale\" content=\"es_ES\" \/>\n<meta property=\"og:type\" content=\"article\" \/>\n<meta property=\"og:title\" content=\"Por iniciativa del senador Franklin Pe\u00f1a, el senado aprueba reconocimiento al Cuerpo de Bomberos de SPM. - Conexi\u00f3n 23\" \/>\n<meta property=\"og:description\" content=\"El senado de la republica aprob\u00f3 una resoluci\u00f3n sometida por el senador Franklin Pe\u00f1a en la que solicita sea reconocido el Benem\u00e9rito Cuerpo de Bomberos de la Sultana del Este. Mediante la iniciativa 02151, el Senador Franklin Pe\u00f1a rese\u00f1a que el cuerpo de bomberos de San Pedro de Macor\u00eds fue el primero que se cre\u00f3 [&hellip;]\" \/>\n<meta property=\"og:url\" content=\"https:\/\/conexion23.com\/?p=18263\" \/>\n<meta property=\"og:site_name\" content=\"Conexi\u00f3n 23\" \/>\n<meta property=\"article:publisher\" content=\"https:\/\/www.facebook.com\/conexion23com\" \/>\n<meta property=\"article:published_time\" content=\"2023-06-23T12:31:16+00:00\" \/>\n<meta property=\"article:modified_time\" content=\"2023-06-23T12:31:18+00:00\" \/>\n<meta property=\"og:image\" content=\"https:\/\/conexion23.com\/wp-content\/uploads\/2023\/06\/images-4.jpg\" \/>\n\t<meta property=\"og:image:width\" content=\"228\" \/>\n\t<meta property=\"og:image:height\" content=\"221\" \/>\n\t<meta property=\"og:image:type\" content=\"image\/jpeg\" \/>\n<meta name=\"author\" content=\"Raffy Ben\u00edtez\" \/>\n<meta name=\"twitter:card\" content=\"summary_large_image\" \/>\n<meta name=\"twitter:label1\" content=\"Escrito por\" \/>\n\t<meta name=\"twitter:data1\" content=\"Raffy Ben\u00edtez\" \/>\n\t<meta name=\"twitter:label2\" content=\"Tiempo de lectura\" \/>\n\t<meta name=\"twitter:data2\" content=\"1 minuto\" \/>\n<script type=\"application\/ld+json\" class=\"yoast-schema-graph\">{\"@context\":\"https:\/\/schema.org\",\"@graph\":[{\"@type\":\"Article\",\"@id\":\"https:\/\/conexion23.com\/?p=18263#article\",\"isPartOf\":{\"@id\":\"https:\/\/conexion23.com\/?p=18263\"},\"author\":{\"name\":\"Raffy Ben\u00edtez\",\"@id\":\"https:\/\/conexion23.com\/#\/schema\/person\/03e36043331117e97a373299bbcd30a6\"},\"headline\":\"Por iniciativa del senador Franklin Pe\u00f1a, el senado aprueba reconocimiento al Cuerpo de Bomberos de SPM.\",\"datePublished\":\"2023-06-23T12:31:16+00:00\",\"dateModified\":\"2023-06-23T12:31:18+00:00\",\"mainEntityOfPage\":{\"@id\":\"https:\/\/conexion23.com\/?p=18263\"},\"wordCount\":185,\"commentCount\":0,\"publisher\":{\"@id\":\"https:\/\/conexion23.com\/#organization\"},\"image\":{\"@id\":\"https:\/\/conexion23.com\/?p=18263#primaryimage\"},\"thumbnailUrl\":\"https:\/\/conexion23.com\/wp-content\/uploads\/2023\/06\/images-4.jpg\",\"articleSection\":[\"SPM\"],\"inLanguage\":\"es\",\"potentialAction\":[{\"@type\":\"CommentAction\",\"name\":\"Comment\",\"target\":[\"https:\/\/conexion23.com\/?p=18263#respond\"]}]},{\"@type\":\"WebPage\",\"@id\":\"https:\/\/conexion23.com\/?p=18263\",\"url\":\"https:\/\/conexion23.com\/?p=18263\",\"name\":\"Por iniciativa del senador Franklin Pe\u00f1a, el senado aprueba reconocimiento al Cuerpo de Bomberos de SPM. - Conexi\u00f3n 23\",\"isPartOf\":{\"@id\":\"https:\/\/conexion23.com\/#website\"},\"primaryImageOfPage\":{\"@id\":\"https:\/\/conexion23.com\/?p=18263#primaryimage\"},\"image\":{\"@id\":\"https:\/\/conexion23.com\/?p=18263#primaryimage\"},\"thumbnailUrl\":\"https:\/\/conexion23.com\/wp-content\/uploads\/2023\/06\/images-4.jpg\",\"datePublished\":\"2023-06-23T12:31:16+00:00\",\"dateModified\":\"2023-06-23T12:31:18+00:00\",\"breadcrumb\":{\"@id\":\"https:\/\/conexion23.com\/?p=18263#breadcrumb\"},\"inLanguage\":\"es\",\"potentialAction\":[{\"@type\":\"ReadAction\",\"target\":[\"https:\/\/conexion23.com\/?p=18263\"]}]},{\"@type\":\"ImageObject\",\"inLanguage\":\"es\",\"@id\":\"https:\/\/conexion23.com\/?p=18263#primaryimage\",\"url\":\"https:\/\/conexion23.com\/wp-content\/uploads\/2023\/06\/images-4.jpg\",\"contentUrl\":\"https:\/\/conexion23.com\/wp-content\/uploads\/2023\/06\/images-4.jpg\",\"width\":228,\"height\":221},{\"@type\":\"BreadcrumbList\",\"@id\":\"https:\/\/conexion23.com\/?p=18263#breadcrumb\",\"itemListElement\":[{\"@type\":\"ListItem\",\"position\":1,\"name\":\"Portada\",\"item\":\"https:\/\/conexion23.com\/\"},{\"@type\":\"ListItem\",\"position\":2,\"name\":\"Por iniciativa del senador Franklin Pe\u00f1a, el senado aprueba reconocimiento al Cuerpo de Bomberos de SPM.\"}]},{\"@type\":\"WebSite\",\"@id\":\"https:\/\/conexion23.com\/#website\",\"url\":\"https:\/\/conexion23.com\/\",\"name\":\"Conexi\u00f3n 23\",\"description\":\"Peri\u00f3dico 100% Petromacorisano\",\"publisher\":{\"@id\":\"https:\/\/conexion23.com\/#organization\"},\"potentialAction\":[{\"@type\":\"SearchAction\",\"target\":{\"@type\":\"EntryPoint\",\"urlTemplate\":\"https:\/\/conexion23.com\/?s={search_term_string}\"},\"query-input\":{\"@type\":\"PropertyValueSpecification\",\"valueRequired\":true,\"valueName\":\"search_term_string\"}}],\"inLanguage\":\"es\"},{\"@type\":\"Organization\",\"@id\":\"https:\/\/conexion23.com\/#organization\",\"name\":\"Conexion 23\",\"url\":\"https:\/\/conexion23.com\/\",\"logo\":{\"@type\":\"ImageObject\",\"inLanguage\":\"es\",\"@id\":\"https:\/\/conexion23.com\/#\/schema\/logo\/image\/\",\"url\":\"https:\/\/conexion23.com\/wp-content\/uploads\/2021\/11\/Diseno-sin-titulo-2.png\",\"contentUrl\":\"https:\/\/conexion23.com\/wp-content\/uploads\/2021\/11\/Diseno-sin-titulo-2.png\",\"width\":541,\"height\":90,\"caption\":\"Conexion 23\"},\"image\":{\"@id\":\"https:\/\/conexion23.com\/#\/schema\/logo\/image\/\"},\"sameAs\":[\"https:\/\/www.facebook.com\/conexion23com\",\"https:\/\/www.instagram.com\/conexion23com\/\",\"https:\/\/www.youtube.com\/channel\/UCYc7vxxFZMYLIHNsHHxPZ3Q\"]},{\"@type\":\"Person\",\"@id\":\"https:\/\/conexion23.com\/#\/schema\/person\/03e36043331117e97a373299bbcd30a6\",\"name\":\"Raffy Ben\u00edtez\",\"image\":{\"@type\":\"ImageObject\",\"inLanguage\":\"es\",\"@id\":\"https:\/\/conexion23.com\/#\/schema\/person\/image\/\",\"url\":\"https:\/\/secure.gravatar.com\/avatar\/3190a6a6c5e1b0327500f7d6c56b6242472ee6cb974cf09b401ee6b3b0798f23?s=96&d=mm&r=g\",\"contentUrl\":\"https:\/\/secure.gravatar.com\/avatar\/3190a6a6c5e1b0327500f7d6c56b6242472ee6cb974cf09b401ee6b3b0798f23?s=96&d=mm&r=g\",\"caption\":\"Raffy Ben\u00edtez\"},\"url\":\"https:\/\/conexion23.com\/?author=15\"}]}<\/script>\n<!-- \/ Yoast SEO plugin. -->","yoast_head_json":{"title":"Por iniciativa del senador Franklin Pe\u00f1a, el senado aprueba reconocimiento al Cuerpo de Bomberos de SPM. - Conexi\u00f3n 23","robots":{"index":"index","follow":"follow","max-snippet":"max-snippet:-1","max-image-preview":"max-image-preview:large","max-video-preview":"max-video-preview:-1"},"canonical":"https:\/\/conexion23.com\/?p=18263","og_locale":"es_ES","og_type":"article","og_title":"Por iniciativa del senador Franklin Pe\u00f1a, el senado aprueba reconocimiento al Cuerpo de Bomberos de SPM. - Conexi\u00f3n 23","og_description":"El senado de la republica aprob\u00f3 una resoluci\u00f3n sometida por el senador Franklin Pe\u00f1a en la que solicita sea reconocido el Benem\u00e9rito Cuerpo de Bomberos de la Sultana del Este. Mediante la iniciativa 02151, el Senador Franklin Pe\u00f1a rese\u00f1a que el cuerpo de bomberos de San Pedro de Macor\u00eds fue el primero que se cre\u00f3 [&hellip;]","og_url":"https:\/\/conexion23.com\/?p=18263","og_site_name":"Conexi\u00f3n 23","article_publisher":"https:\/\/www.facebook.com\/conexion23com","article_published_time":"2023-06-23T12:31:16+00:00","article_modified_time":"2023-06-23T12:31:18+00:00","og_image":[{"width":228,"height":221,"url":"https:\/\/conexion23.com\/wp-content\/uploads\/2023\/06\/images-4.jpg","type":"image\/jpeg"}],"author":"Raffy Ben\u00edtez","twitter_card":"summary_large_image","twitter_misc":{"Escrito por":"Raffy Ben\u00edtez","Tiempo de lectura":"1 minuto"},"schema":{"@context":"https:\/\/schema.org","@graph":[{"@type":"Article","@id":"https:\/\/conexion23.com\/?p=18263#article","isPartOf":{"@id":"https:\/\/conexion23.com\/?p=18263"},"author":{"name":"Raffy Ben\u00edtez","@id":"https:\/\/conexion23.com\/#\/schema\/person\/03e36043331117e97a373299bbcd30a6"},"headline":"Por iniciativa del senador Franklin Pe\u00f1a, el senado aprueba reconocimiento al Cuerpo de Bomberos de SPM.","datePublished":"2023-06-23T12:31:16+00:00","dateModified":"2023-06-23T12:31:18+00:00","mainEntityOfPage":{"@id":"https:\/\/conexion23.com\/?p=18263"},"wordCount":185,"commentCount":0,"publisher":{"@id":"https:\/\/conexion23.com\/#organization"},"image":{"@id":"https:\/\/conexion23.com\/?p=18263#primaryimage"},"thumbnailUrl":"https:\/\/conexion23.com\/wp-content\/uploads\/2023\/06\/images-4.jpg","articleSection":["SPM"],"inLanguage":"es","potentialAction":[{"@type":"CommentAction","name":"Comment","target":["https:\/\/conexion23.com\/?p=18263#respond"]}]},{"@type":"WebPage","@id":"https:\/\/conexion23.com\/?p=18263","url":"https:\/\/conexion23.com\/?p=18263","name":"Por iniciativa del senador Franklin Pe\u00f1a, el senado aprueba reconocimiento al Cuerpo de Bomberos de SPM. - Conexi\u00f3n 23","isPartOf":{"@id":"https:\/\/conexion23.com\/#website"},"primaryImageOfPage":{"@id":"https:\/\/conexion23.com\/?p=18263#primaryimage"},"image":{"@id":"https:\/\/conexion23.com\/?p=18263#primaryimage"},"thumbnailUrl":"https:\/\/conexion23.com\/wp-content\/uploads\/2023\/06\/images-4.jpg","datePublished":"2023-06-23T12:31:16+00:00","dateModified":"2023-06-23T12:31:18+00:00","breadcrumb":{"@id":"https:\/\/conexion23.com\/?p=18263#breadcrumb"},"inLanguage":"es","potentialAction":[{"@type":"ReadAction","target":["https:\/\/conexion23.com\/?p=18263"]}]},{"@type":"ImageObject","inLanguage":"es","@id":"https:\/\/conexion23.com\/?p=18263#primaryimage","url":"https:\/\/conexion23.com\/wp-content\/uploads\/2023\/06\/images-4.jpg","contentUrl":"https:\/\/conexion23.com\/wp-content\/uploads\/2023\/06\/images-4.jpg","width":228,"height":221},{"@type":"BreadcrumbList","@id":"https:\/\/conexion23.com\/?p=18263#breadcrumb","itemListElement":[{"@type":"ListItem","position":1,"name":"Portada","item":"https:\/\/conexion23.com\/"},{"@type":"ListItem","position":2,"name":"Por iniciativa del senador Franklin Pe\u00f1a, el senado aprueba reconocimiento al Cuerpo de Bomberos de SPM."}]},{"@type":"WebSite","@id":"https:\/\/conexion23.com\/#website","url":"https:\/\/conexion23.com\/","name":"Conexi\u00f3n 23","description":"Peri\u00f3dico 100% Petromacorisano","publisher":{"@id":"https:\/\/conexion23.com\/#organization"},"potentialAction":[{"@type":"SearchAction","target":{"@type":"EntryPoint","urlTemplate":"https:\/\/conexion23.com\/?s={search_term_string}"},"query-input":{"@type":"PropertyValueSpecification","valueRequired":true,"valueName":"search_term_string"}}],"inLanguage":"es"},{"@type":"Organization","@id":"https:\/\/conexion23.com\/#organization","name":"Conexion 23","url":"https:\/\/conexion23.com\/","logo":{"@type":"ImageObject","inLanguage":"es","@id":"https:\/\/conexion23.com\/#\/schema\/logo\/image\/","url":"https:\/\/conexion23.com\/wp-content\/uploads\/2021\/11\/Diseno-sin-titulo-2.png","contentUrl":"https:\/\/conexion23.com\/wp-content\/uploads\/2021\/11\/Diseno-sin-titulo-2.png","width":541,"height":90,"caption":"Conexion 23"},"image":{"@id":"https:\/\/conexion23.com\/#\/schema\/logo\/image\/"},"sameAs":["https:\/\/www.facebook.com\/conexion23com","https:\/\/www.instagram.com\/conexion23com\/","https:\/\/www.youtube.com\/channel\/UCYc7vxxFZMYLIHNsHHxPZ3Q"]},{"@type":"Person","@id":"https:\/\/conexion23.com\/#\/schema\/person\/03e36043331117e97a373299bbcd30a6","name":"Raffy Ben\u00edtez","image":{"@type":"ImageObject","inLanguage":"es","@id":"https:\/\/conexion23.com\/#\/schema\/person\/image\/","url":"https:\/\/secure.gravatar.com\/avatar\/3190a6a6c5e1b0327500f7d6c56b6242472ee6cb974cf09b401ee6b3b0798f23?s=96&d=mm&r=g","contentUrl":"https:\/\/secure.gravatar.com\/avatar\/3190a6a6c5e1b0327500f7d6c56b6242472ee6cb974cf09b401ee6b3b0798f23?s=96&d=mm&r=g","caption":"Raffy Ben\u00edtez"},"url":"https:\/\/conexion23.com\/?author=15"}]}},"_links":{"self":[{"href":"https:\/\/conexion23.com\/index.php?rest_route=\/wp\/v2\/posts\/18263","targetHints":{"allow":["GET"]}}],"collection":[{"href":"https:\/\/conexion23.com\/index.php?rest_route=\/wp\/v2\/posts"}],"about":[{"href":"https:\/\/conexion23.com\/index.php?rest_route=\/wp\/v2\/types\/post"}],"author":[{"embeddable":true,"href":"https:\/\/conexion23.com\/index.php?rest_route=\/wp\/v2\/users\/15"}],"replies":[{"embeddable":true,"href":"https:\/\/conexion23.com\/index.php?rest_route=%2Fwp%2Fv2%2Fcomments&post=18263"}],"version-history":[{"count":1,"href":"https:\/\/conexion23.com\/index.php?rest_route=\/wp\/v2\/posts\/18263\/revisions"}],"predecessor-version":[{"id":18267,"href":"https:\/\/conexion23.com\/index.php?rest_route=\/wp\/v2\/posts\/18263\/revisions\/18267"}],"wp:featuredmedia":[{"embeddable":true,"href":"https:\/\/conexion23.com\/index.php?rest_route=\/wp\/v2\/media\/18266"}],"wp:attachment":[{"href":"https:\/\/conexion23.com\/index.php?rest_route=%2Fwp%2Fv2%2Fmedia&parent=18263"}],"wp:term":[{"taxonomy":"category","embeddable":true,"href":"https:\/\/conexion23.com\/index.php?rest_route=%2Fwp%2Fv2%2Fcategories&post=18263"},{"taxonomy":"post_tag","embeddable":true,"href":"https:\/\/conexion23.com\/index.php?rest_route=%2Fwp%2Fv2%2Ftags&post=18263"}],"curies":[{"name":"wp","href":"https:\/\/api.w.org\/{rel}","templated":true}]}}