{"id":18287,"date":"2023-06-23T17:59:13","date_gmt":"2023-06-23T21:59:13","guid":{"rendered":"https:\/\/conexion23.com\/?p=18287"},"modified":"2023-06-23T17:59:15","modified_gmt":"2023-06-23T21:59:15","slug":"ser-sede-del-mundial-femenino-sub-17-es-la-noticia-del-siglo-para-el-futbol-dominicano","status":"publish","type":"post","link":"https:\/\/conexion23.com\/?p=18287","title":{"rendered":"Ser sede del Mundial Femenino Sub-17 es \u00abla noticia del siglo\u00bb para el f\u00fatbol dominicano."},"content":{"rendered":"\n<p class=\"wp-block-paragraph\">La elecci\u00f3n por parte de la FIFA de Rep\u00fablica Dominicana como<strong>&nbsp;sede del Mundial femenino Sub-17 en 2024<\/strong>&nbsp;es \u00abla noticia del siglo para el f\u00fatbol dominicano\u00bb, afirm\u00f3 este viernes el presidente de la Federaci\u00f3n Dominicana de F\u00fatbol (Fedof\u00fatbol), Rub\u00e9n Garc\u00eda Cipri\u00e1n.<\/p>\n\n\n\n<p class=\"wp-block-paragraph\">\u00abSin lugar a dudas es un hecho trascendental que nos llena de orgullo y emoci\u00f3n que Rep\u00fablica Dominicana siga destacando entre las de 211 naciones miembro de la FIFA. Esta es la noticia del siglo para el f\u00fatbol dominicano porque nos dar\u00e1 una proyecci\u00f3n internacional muy importante\u00bb, asegur\u00f3 Garc\u00eda Cipri\u00e1n, seg\u00fan un comunicado de Fedof\u00fatbol.<\/p>\n\n\n\n<p class=\"wp-block-paragraph\">En su opini\u00f3n, es \u00abun legado que durante nuestra gesti\u00f3n hayamos llegado a dos mundiales. Agradecemos a FIFA por la confianza en nuestra federaci\u00f3n y en nuestro pa\u00eds\u00bb.<\/p>\n\n\n\n<p class=\"wp-block-paragraph\">El pasado mayo, Rep\u00fablica Dominicana acudi\u00f3 al Mundial Sub-20 de la FIFA Argentina 2023, en el que se enfrent\u00f3 sin \u00e9xito con Nigeria, Brasil e Italia, lo que constituy\u00f3 un hecho in\u00e9dito para el pa\u00eds al participar por primera vez en una Copa Mundial de la FIFA.<\/p>\n\n\n\n<p class=\"wp-block-paragraph\">Este viernes, el Consejo de la FIFA anunci\u00f3 que Rep\u00fablica Dominicana acoger\u00e1 el Mundial femenino Sub-17 de f\u00fatbol en 2024, aunque todav\u00eda deben determinarse las fechas de celebraci\u00f3n.<\/p>\n\n\n\n<p class=\"wp-block-paragraph\">La FIFA tambi\u00e9n acord\u00f3 que Indonesia celebre el Mundial Sub-17 de este a\u00f1o, Colombia el Mundial femenino Sub-20 de 2024 y Uzbekist\u00e1n el Mundial de f\u00fatbol sala de 2024.<\/p>\n\n\n\n<p class=\"wp-block-paragraph\">Adem\u00e1s, el Consejo de la FIFA decidi\u00f3 aplazar hasta el \u00faltimo trimestre de este a\u00f1o la puesta en marcha del proceso de candidaturas al Mundial de 2030 y tambi\u00e9n la elecci\u00f3n definitiva de la sede por parte del Congreso, que se har\u00e1 en el \u00faltimo trimestre de 2024.<\/p>\n","protected":false},"excerpt":{"rendered":"<p>La elecci\u00f3n por parte de la FIFA de Rep\u00fablica Dominicana como&nbsp;sede del Mundial femenino Sub-17 en 2024&nbsp;es \u00abla noticia del siglo para el f\u00fatbol dominicano\u00bb, afirm\u00f3 este viernes el presidente de la Federaci\u00f3n Dominicana de F\u00fatbol (Fedof\u00fatbol), Rub\u00e9n Garc\u00eda Cipri\u00e1n. \u00abSin lugar a dudas es un hecho trascendental que nos llena de orgullo y emoci\u00f3n [&hellip;]<\/p>\n","protected":false},"author":15,"featured_media":18290,"comment_status":"open","ping_status":"open","sticky":false,"template":"","format":"standard","meta":{"footnotes":""},"categories":[6],"tags":[],"class_list":["post-18287","post","type-post","status-publish","format-standard","has-post-thumbnail","category-deportes"],"yoast_head":"<!-- This site is optimized with the Yoast SEO plugin v27.6 - https:\/\/yoast.com\/product\/yoast-seo-wordpress\/ -->\n<title>Ser sede del Mundial Femenino Sub-17 es &quot;la noticia del siglo&quot; para el f\u00fatbol dominicano. - Conexi\u00f3n 23<\/title>\n<meta name=\"robots\" content=\"index, follow, max-snippet:-1, max-image-preview:large, max-video-preview:-1\" \/>\n<link rel=\"canonical\" href=\"https:\/\/conexion23.com\/?p=18287\" \/>\n<meta property=\"og:locale\" content=\"es_ES\" \/>\n<meta property=\"og:type\" content=\"article\" \/>\n<meta property=\"og:title\" content=\"Ser sede del Mundial Femenino Sub-17 es &quot;la noticia del siglo&quot; para el f\u00fatbol dominicano. - Conexi\u00f3n 23\" \/>\n<meta property=\"og:description\" content=\"La elecci\u00f3n por parte de la FIFA de Rep\u00fablica Dominicana como&nbsp;sede del Mundial femenino Sub-17 en 2024&nbsp;es \u00abla noticia del siglo para el f\u00fatbol dominicano\u00bb, afirm\u00f3 este viernes el presidente de la Federaci\u00f3n Dominicana de F\u00fatbol (Fedof\u00fatbol), Rub\u00e9n Garc\u00eda Cipri\u00e1n. \u00abSin lugar a dudas es un hecho trascendental que nos llena de orgullo y emoci\u00f3n [&hellip;]\" \/>\n<meta property=\"og:url\" content=\"https:\/\/conexion23.com\/?p=18287\" \/>\n<meta property=\"og:site_name\" content=\"Conexi\u00f3n 23\" \/>\n<meta property=\"article:publisher\" content=\"https:\/\/www.facebook.com\/conexion23com\" \/>\n<meta property=\"article:published_time\" content=\"2023-06-23T21:59:13+00:00\" \/>\n<meta property=\"article:modified_time\" content=\"2023-06-23T21:59:15+00:00\" \/>\n<meta property=\"og:image\" content=\"https:\/\/conexion23.com\/wp-content\/uploads\/2023\/06\/6495facb4f3cf.jpg\" \/>\n\t<meta property=\"og:image:width\" content=\"950\" \/>\n\t<meta property=\"og:image:height\" content=\"465\" \/>\n\t<meta property=\"og:image:type\" content=\"image\/jpeg\" \/>\n<meta name=\"author\" content=\"Raffy Ben\u00edtez\" \/>\n<meta name=\"twitter:card\" content=\"summary_large_image\" \/>\n<meta name=\"twitter:label1\" content=\"Escrito por\" \/>\n\t<meta name=\"twitter:data1\" content=\"Raffy Ben\u00edtez\" \/>\n\t<meta name=\"twitter:label2\" content=\"Tiempo de lectura\" \/>\n\t<meta name=\"twitter:data2\" content=\"2 minutos\" \/>\n<script type=\"application\/ld+json\" class=\"yoast-schema-graph\">{\"@context\":\"https:\\\/\\\/schema.org\",\"@graph\":[{\"@type\":\"Article\",\"@id\":\"https:\\\/\\\/conexion23.com\\\/?p=18287#article\",\"isPartOf\":{\"@id\":\"https:\\\/\\\/conexion23.com\\\/?p=18287\"},\"author\":{\"name\":\"Raffy Ben\u00edtez\",\"@id\":\"https:\\\/\\\/conexion23.com\\\/#\\\/schema\\\/person\\\/5d6d767819503a4603e9fd070ecf3ac6\"},\"headline\":\"Ser sede del Mundial Femenino Sub-17 es \u00abla noticia del siglo\u00bb para el f\u00fatbol dominicano.\",\"datePublished\":\"2023-06-23T21:59:13+00:00\",\"dateModified\":\"2023-06-23T21:59:15+00:00\",\"mainEntityOfPage\":{\"@id\":\"https:\\\/\\\/conexion23.com\\\/?p=18287\"},\"wordCount\":323,\"commentCount\":0,\"publisher\":{\"@id\":\"https:\\\/\\\/conexion23.com\\\/#organization\"},\"image\":{\"@id\":\"https:\\\/\\\/conexion23.com\\\/?p=18287#primaryimage\"},\"thumbnailUrl\":\"https:\\\/\\\/conexion23.com\\\/wp-content\\\/uploads\\\/2023\\\/06\\\/6495facb4f3cf.jpg\",\"articleSection\":[\"Deportes\"],\"inLanguage\":\"es\",\"potentialAction\":[{\"@type\":\"CommentAction\",\"name\":\"Comment\",\"target\":[\"https:\\\/\\\/conexion23.com\\\/?p=18287#respond\"]}]},{\"@type\":\"WebPage\",\"@id\":\"https:\\\/\\\/conexion23.com\\\/?p=18287\",\"url\":\"https:\\\/\\\/conexion23.com\\\/?p=18287\",\"name\":\"Ser sede del Mundial Femenino Sub-17 es \\\"la noticia del siglo\\\" para el f\u00fatbol dominicano. - Conexi\u00f3n 23\",\"isPartOf\":{\"@id\":\"https:\\\/\\\/conexion23.com\\\/#website\"},\"primaryImageOfPage\":{\"@id\":\"https:\\\/\\\/conexion23.com\\\/?p=18287#primaryimage\"},\"image\":{\"@id\":\"https:\\\/\\\/conexion23.com\\\/?p=18287#primaryimage\"},\"thumbnailUrl\":\"https:\\\/\\\/conexion23.com\\\/wp-content\\\/uploads\\\/2023\\\/06\\\/6495facb4f3cf.jpg\",\"datePublished\":\"2023-06-23T21:59:13+00:00\",\"dateModified\":\"2023-06-23T21:59:15+00:00\",\"breadcrumb\":{\"@id\":\"https:\\\/\\\/conexion23.com\\\/?p=18287#breadcrumb\"},\"inLanguage\":\"es\",\"potentialAction\":[{\"@type\":\"ReadAction\",\"target\":[\"https:\\\/\\\/conexion23.com\\\/?p=18287\"]}]},{\"@type\":\"ImageObject\",\"inLanguage\":\"es\",\"@id\":\"https:\\\/\\\/conexion23.com\\\/?p=18287#primaryimage\",\"url\":\"https:\\\/\\\/conexion23.com\\\/wp-content\\\/uploads\\\/2023\\\/06\\\/6495facb4f3cf.jpg\",\"contentUrl\":\"https:\\\/\\\/conexion23.com\\\/wp-content\\\/uploads\\\/2023\\\/06\\\/6495facb4f3cf.jpg\",\"width\":950,\"height\":465},{\"@type\":\"BreadcrumbList\",\"@id\":\"https:\\\/\\\/conexion23.com\\\/?p=18287#breadcrumb\",\"itemListElement\":[{\"@type\":\"ListItem\",\"position\":1,\"name\":\"Portada\",\"item\":\"https:\\\/\\\/conexion23.com\\\/\"},{\"@type\":\"ListItem\",\"position\":2,\"name\":\"Ser sede del Mundial Femenino Sub-17 es \u00abla noticia del siglo\u00bb para el f\u00fatbol dominicano.\"}]},{\"@type\":\"WebSite\",\"@id\":\"https:\\\/\\\/conexion23.com\\\/#website\",\"url\":\"https:\\\/\\\/conexion23.com\\\/\",\"name\":\"Conexi\u00f3n 23\",\"description\":\"Peri\u00f3dico 100% Petromacorisano\",\"publisher\":{\"@id\":\"https:\\\/\\\/conexion23.com\\\/#organization\"},\"potentialAction\":[{\"@type\":\"SearchAction\",\"target\":{\"@type\":\"EntryPoint\",\"urlTemplate\":\"https:\\\/\\\/conexion23.com\\\/?s={search_term_string}\"},\"query-input\":{\"@type\":\"PropertyValueSpecification\",\"valueRequired\":true,\"valueName\":\"search_term_string\"}}],\"inLanguage\":\"es\"},{\"@type\":\"Organization\",\"@id\":\"https:\\\/\\\/conexion23.com\\\/#organization\",\"name\":\"Conexion 23\",\"url\":\"https:\\\/\\\/conexion23.com\\\/\",\"logo\":{\"@type\":\"ImageObject\",\"inLanguage\":\"es\",\"@id\":\"https:\\\/\\\/conexion23.com\\\/#\\\/schema\\\/logo\\\/image\\\/\",\"url\":\"https:\\\/\\\/conexion23.com\\\/wp-content\\\/uploads\\\/2021\\\/11\\\/Diseno-sin-titulo-2.png\",\"contentUrl\":\"https:\\\/\\\/conexion23.com\\\/wp-content\\\/uploads\\\/2021\\\/11\\\/Diseno-sin-titulo-2.png\",\"width\":541,\"height\":90,\"caption\":\"Conexion 23\"},\"image\":{\"@id\":\"https:\\\/\\\/conexion23.com\\\/#\\\/schema\\\/logo\\\/image\\\/\"},\"sameAs\":[\"https:\\\/\\\/www.facebook.com\\\/conexion23com\",\"https:\\\/\\\/www.instagram.com\\\/conexion23com\\\/\",\"https:\\\/\\\/www.youtube.com\\\/channel\\\/UCYc7vxxFZMYLIHNsHHxPZ3Q\"]},{\"@type\":\"Person\",\"@id\":\"https:\\\/\\\/conexion23.com\\\/#\\\/schema\\\/person\\\/5d6d767819503a4603e9fd070ecf3ac6\",\"name\":\"Raffy Ben\u00edtez\",\"image\":{\"@type\":\"ImageObject\",\"inLanguage\":\"es\",\"@id\":\"https:\\\/\\\/secure.gravatar.com\\\/avatar\\\/3190a6a6c5e1b0327500f7d6c56b6242472ee6cb974cf09b401ee6b3b0798f23?s=96&d=mm&r=g\",\"url\":\"https:\\\/\\\/secure.gravatar.com\\\/avatar\\\/3190a6a6c5e1b0327500f7d6c56b6242472ee6cb974cf09b401ee6b3b0798f23?s=96&d=mm&r=g\",\"contentUrl\":\"https:\\\/\\\/secure.gravatar.com\\\/avatar\\\/3190a6a6c5e1b0327500f7d6c56b6242472ee6cb974cf09b401ee6b3b0798f23?s=96&d=mm&r=g\",\"caption\":\"Raffy Ben\u00edtez\"},\"url\":\"https:\\\/\\\/conexion23.com\\\/?author=15\"}]}<\/script>\n<!-- \/ Yoast SEO plugin. -->","yoast_head_json":{"title":"Ser sede del Mundial Femenino Sub-17 es \"la noticia del siglo\" para el f\u00fatbol dominicano. - Conexi\u00f3n 23","robots":{"index":"index","follow":"follow","max-snippet":"max-snippet:-1","max-image-preview":"max-image-preview:large","max-video-preview":"max-video-preview:-1"},"canonical":"https:\/\/conexion23.com\/?p=18287","og_locale":"es_ES","og_type":"article","og_title":"Ser sede del Mundial Femenino Sub-17 es \"la noticia del siglo\" para el f\u00fatbol dominicano. - Conexi\u00f3n 23","og_description":"La elecci\u00f3n por parte de la FIFA de Rep\u00fablica Dominicana como&nbsp;sede del Mundial femenino Sub-17 en 2024&nbsp;es \u00abla noticia del siglo para el f\u00fatbol dominicano\u00bb, afirm\u00f3 este viernes el presidente de la Federaci\u00f3n Dominicana de F\u00fatbol (Fedof\u00fatbol), Rub\u00e9n Garc\u00eda Cipri\u00e1n. \u00abSin lugar a dudas es un hecho trascendental que nos llena de orgullo y emoci\u00f3n [&hellip;]","og_url":"https:\/\/conexion23.com\/?p=18287","og_site_name":"Conexi\u00f3n 23","article_publisher":"https:\/\/www.facebook.com\/conexion23com","article_published_time":"2023-06-23T21:59:13+00:00","article_modified_time":"2023-06-23T21:59:15+00:00","og_image":[{"width":950,"height":465,"url":"https:\/\/conexion23.com\/wp-content\/uploads\/2023\/06\/6495facb4f3cf.jpg","type":"image\/jpeg"}],"author":"Raffy Ben\u00edtez","twitter_card":"summary_large_image","twitter_misc":{"Escrito por":"Raffy Ben\u00edtez","Tiempo de lectura":"2 minutos"},"schema":{"@context":"https:\/\/schema.org","@graph":[{"@type":"Article","@id":"https:\/\/conexion23.com\/?p=18287#article","isPartOf":{"@id":"https:\/\/conexion23.com\/?p=18287"},"author":{"name":"Raffy Ben\u00edtez","@id":"https:\/\/conexion23.com\/#\/schema\/person\/5d6d767819503a4603e9fd070ecf3ac6"},"headline":"Ser sede del Mundial Femenino Sub-17 es \u00abla noticia del siglo\u00bb para el f\u00fatbol dominicano.","datePublished":"2023-06-23T21:59:13+00:00","dateModified":"2023-06-23T21:59:15+00:00","mainEntityOfPage":{"@id":"https:\/\/conexion23.com\/?p=18287"},"wordCount":323,"commentCount":0,"publisher":{"@id":"https:\/\/conexion23.com\/#organization"},"image":{"@id":"https:\/\/conexion23.com\/?p=18287#primaryimage"},"thumbnailUrl":"https:\/\/conexion23.com\/wp-content\/uploads\/2023\/06\/6495facb4f3cf.jpg","articleSection":["Deportes"],"inLanguage":"es","potentialAction":[{"@type":"CommentAction","name":"Comment","target":["https:\/\/conexion23.com\/?p=18287#respond"]}]},{"@type":"WebPage","@id":"https:\/\/conexion23.com\/?p=18287","url":"https:\/\/conexion23.com\/?p=18287","name":"Ser sede del Mundial Femenino Sub-17 es \"la noticia del siglo\" para el f\u00fatbol dominicano. - Conexi\u00f3n 23","isPartOf":{"@id":"https:\/\/conexion23.com\/#website"},"primaryImageOfPage":{"@id":"https:\/\/conexion23.com\/?p=18287#primaryimage"},"image":{"@id":"https:\/\/conexion23.com\/?p=18287#primaryimage"},"thumbnailUrl":"https:\/\/conexion23.com\/wp-content\/uploads\/2023\/06\/6495facb4f3cf.jpg","datePublished":"2023-06-23T21:59:13+00:00","dateModified":"2023-06-23T21:59:15+00:00","breadcrumb":{"@id":"https:\/\/conexion23.com\/?p=18287#breadcrumb"},"inLanguage":"es","potentialAction":[{"@type":"ReadAction","target":["https:\/\/conexion23.com\/?p=18287"]}]},{"@type":"ImageObject","inLanguage":"es","@id":"https:\/\/conexion23.com\/?p=18287#primaryimage","url":"https:\/\/conexion23.com\/wp-content\/uploads\/2023\/06\/6495facb4f3cf.jpg","contentUrl":"https:\/\/conexion23.com\/wp-content\/uploads\/2023\/06\/6495facb4f3cf.jpg","width":950,"height":465},{"@type":"BreadcrumbList","@id":"https:\/\/conexion23.com\/?p=18287#breadcrumb","itemListElement":[{"@type":"ListItem","position":1,"name":"Portada","item":"https:\/\/conexion23.com\/"},{"@type":"ListItem","position":2,"name":"Ser sede del Mundial Femenino Sub-17 es \u00abla noticia del siglo\u00bb para el f\u00fatbol dominicano."}]},{"@type":"WebSite","@id":"https:\/\/conexion23.com\/#website","url":"https:\/\/conexion23.com\/","name":"Conexi\u00f3n 23","description":"Peri\u00f3dico 100% Petromacorisano","publisher":{"@id":"https:\/\/conexion23.com\/#organization"},"potentialAction":[{"@type":"SearchAction","target":{"@type":"EntryPoint","urlTemplate":"https:\/\/conexion23.com\/?s={search_term_string}"},"query-input":{"@type":"PropertyValueSpecification","valueRequired":true,"valueName":"search_term_string"}}],"inLanguage":"es"},{"@type":"Organization","@id":"https:\/\/conexion23.com\/#organization","name":"Conexion 23","url":"https:\/\/conexion23.com\/","logo":{"@type":"ImageObject","inLanguage":"es","@id":"https:\/\/conexion23.com\/#\/schema\/logo\/image\/","url":"https:\/\/conexion23.com\/wp-content\/uploads\/2021\/11\/Diseno-sin-titulo-2.png","contentUrl":"https:\/\/conexion23.com\/wp-content\/uploads\/2021\/11\/Diseno-sin-titulo-2.png","width":541,"height":90,"caption":"Conexion 23"},"image":{"@id":"https:\/\/conexion23.com\/#\/schema\/logo\/image\/"},"sameAs":["https:\/\/www.facebook.com\/conexion23com","https:\/\/www.instagram.com\/conexion23com\/","https:\/\/www.youtube.com\/channel\/UCYc7vxxFZMYLIHNsHHxPZ3Q"]},{"@type":"Person","@id":"https:\/\/conexion23.com\/#\/schema\/person\/5d6d767819503a4603e9fd070ecf3ac6","name":"Raffy Ben\u00edtez","image":{"@type":"ImageObject","inLanguage":"es","@id":"https:\/\/secure.gravatar.com\/avatar\/3190a6a6c5e1b0327500f7d6c56b6242472ee6cb974cf09b401ee6b3b0798f23?s=96&d=mm&r=g","url":"https:\/\/secure.gravatar.com\/avatar\/3190a6a6c5e1b0327500f7d6c56b6242472ee6cb974cf09b401ee6b3b0798f23?s=96&d=mm&r=g","contentUrl":"https:\/\/secure.gravatar.com\/avatar\/3190a6a6c5e1b0327500f7d6c56b6242472ee6cb974cf09b401ee6b3b0798f23?s=96&d=mm&r=g","caption":"Raffy Ben\u00edtez"},"url":"https:\/\/conexion23.com\/?author=15"}]}},"_links":{"self":[{"href":"https:\/\/conexion23.com\/index.php?rest_route=\/wp\/v2\/posts\/18287","targetHints":{"allow":["GET"]}}],"collection":[{"href":"https:\/\/conexion23.com\/index.php?rest_route=\/wp\/v2\/posts"}],"about":[{"href":"https:\/\/conexion23.com\/index.php?rest_route=\/wp\/v2\/types\/post"}],"author":[{"embeddable":true,"href":"https:\/\/conexion23.com\/index.php?rest_route=\/wp\/v2\/users\/15"}],"replies":[{"embeddable":true,"href":"https:\/\/conexion23.com\/index.php?rest_route=%2Fwp%2Fv2%2Fcomments&post=18287"}],"version-history":[{"count":1,"href":"https:\/\/conexion23.com\/index.php?rest_route=\/wp\/v2\/posts\/18287\/revisions"}],"predecessor-version":[{"id":18291,"href":"https:\/\/conexion23.com\/index.php?rest_route=\/wp\/v2\/posts\/18287\/revisions\/18291"}],"wp:featuredmedia":[{"embeddable":true,"href":"https:\/\/conexion23.com\/index.php?rest_route=\/wp\/v2\/media\/18290"}],"wp:attachment":[{"href":"https:\/\/conexion23.com\/index.php?rest_route=%2Fwp%2Fv2%2Fmedia&parent=18287"}],"wp:term":[{"taxonomy":"category","embeddable":true,"href":"https:\/\/conexion23.com\/index.php?rest_route=%2Fwp%2Fv2%2Fcategories&post=18287"},{"taxonomy":"post_tag","embeddable":true,"href":"https:\/\/conexion23.com\/index.php?rest_route=%2Fwp%2Fv2%2Ftags&post=18287"}],"curies":[{"name":"wp","href":"https:\/\/api.w.org\/{rel}","templated":true}]}}