{"id":18298,"date":"2023-06-24T09:29:36","date_gmt":"2023-06-24T13:29:36","guid":{"rendered":"https:\/\/conexion23.com\/?p=18298"},"modified":"2023-06-24T09:29:38","modified_gmt":"2023-06-24T13:29:38","slug":"identifican-fallecido-en-choque-de-embarcaciones-en-bayahibe","status":"publish","type":"post","link":"https:\/\/conexion23.com\/?p=18298","title":{"rendered":"Identifican fallecido en choque de embarcaciones en Bayahibe."},"content":{"rendered":"\n<p class=\"wp-block-paragraph\">Fue identificado como el envejeciente Juan Carlos Miguel, de 81 a\u00f1os, de nacionalidad argentina, la v\u00edctima mortal del accidente acu\u00e1tico ocurrido la tarde ayer mi\u00e9rcoles en el distrito tur\u00edstico de Bayah\u00edbe, provincia La Altagracia.<\/p>\n\n\n\n<p class=\"wp-block-paragraph\">Se estableci\u00f3 que el turista hab\u00eda llegado al pa\u00eds a vacacional en compa\u00f1\u00eda de familiares.<\/p>\n\n\n\n<p class=\"wp-block-paragraph\">&nbsp;El cuerpo sin vida fue recuperado por buzos de la zona y trasladado al Instituto Nacional de Ciencias Forenses (INACIF), para fines de autopsia.<\/p>\n\n\n\n<p class=\"wp-block-paragraph\">Recibi\u00f3 m\u00faltiples golpes en su fr\u00e1gil anatom\u00eda con el impacto.<\/p>\n\n\n\n<p class=\"wp-block-paragraph\">De los heridos han sido&nbsp; identificados hasta el momento Mar\u00eda de los \u00c1ngeles, quien presenta trauma craneal. Marta Roolian tiene traumatismos diversos y Mar\u00eda Ester Muova, quien presenta trauma tor\u00e1xico, conforme&nbsp; datos del legista actuante.<\/p>\n\n\n\n<p class=\"wp-block-paragraph\">Se estableci\u00f3 que los heridos son de nacionalidad brasile\u00f1a&nbsp; y que una lancha se le habr\u00eda subido encima a otra a una muy alta velocidad.<\/p>\n\n\n\n<p class=\"wp-block-paragraph\">Las autoridades no han dado mayores detalles del accidente acu\u00e1tico.<\/p>\n\n\n\n<p class=\"wp-block-paragraph\">Los sobrevivientes y la victima fueron rescatados en el agua por otras embarcaciones y pescadores de la zona, que acudieron tras ser informados.<\/p>\n\n\n\n<p class=\"wp-block-paragraph\">A los heridos se les traslad\u00f3 a la Cl\u00ednica Canela de La Romana, por la cercan\u00eda con Bayah\u00edbe.<\/p>\n\n\n\n<p class=\"wp-block-paragraph\">En Bayah\u00edbe son frecuentes los accidentes acu\u00e1ticos, lo que se atribuyen a la alta velocidad que conducen los timoneles.<\/p>\n","protected":false},"excerpt":{"rendered":"<p>Fue identificado como el envejeciente Juan Carlos Miguel, de 81 a\u00f1os, de nacionalidad argentina, la v\u00edctima mortal del accidente acu\u00e1tico ocurrido la tarde ayer mi\u00e9rcoles en el distrito tur\u00edstico de Bayah\u00edbe, provincia La Altagracia. Se estableci\u00f3 que el turista hab\u00eda llegado al pa\u00eds a vacacional en compa\u00f1\u00eda de familiares. &nbsp;El cuerpo sin vida fue recuperado [&hellip;]<\/p>\n","protected":false},"author":15,"featured_media":18299,"comment_status":"open","ping_status":"open","sticky":false,"template":"","format":"standard","meta":{"footnotes":""},"categories":[2474],"tags":[],"class_list":["post-18298","post","type-post","status-publish","format-standard","has-post-thumbnail","category-la-altagracia"],"yoast_head":"<!-- This site is optimized with the Yoast SEO plugin v27.6 - https:\/\/yoast.com\/product\/yoast-seo-wordpress\/ -->\n<title>Identifican fallecido en choque de embarcaciones en Bayahibe. - Conexi\u00f3n 23<\/title>\n<meta name=\"robots\" content=\"index, follow, max-snippet:-1, max-image-preview:large, max-video-preview:-1\" \/>\n<link rel=\"canonical\" href=\"https:\/\/conexion23.com\/?p=18298\" \/>\n<meta property=\"og:locale\" content=\"es_ES\" \/>\n<meta property=\"og:type\" content=\"article\" \/>\n<meta property=\"og:title\" content=\"Identifican fallecido en choque de embarcaciones en Bayahibe. - Conexi\u00f3n 23\" \/>\n<meta property=\"og:description\" content=\"Fue identificado como el envejeciente Juan Carlos Miguel, de 81 a\u00f1os, de nacionalidad argentina, la v\u00edctima mortal del accidente acu\u00e1tico ocurrido la tarde ayer mi\u00e9rcoles en el distrito tur\u00edstico de Bayah\u00edbe, provincia La Altagracia. Se estableci\u00f3 que el turista hab\u00eda llegado al pa\u00eds a vacacional en compa\u00f1\u00eda de familiares. &nbsp;El cuerpo sin vida fue recuperado [&hellip;]\" \/>\n<meta property=\"og:url\" content=\"https:\/\/conexion23.com\/?p=18298\" \/>\n<meta property=\"og:site_name\" content=\"Conexi\u00f3n 23\" \/>\n<meta property=\"article:publisher\" content=\"https:\/\/www.facebook.com\/conexion23com\" \/>\n<meta property=\"article:published_time\" content=\"2023-06-24T13:29:36+00:00\" \/>\n<meta property=\"article:modified_time\" content=\"2023-06-24T13:29:38+00:00\" \/>\n<meta property=\"og:image\" content=\"https:\/\/conexion23.com\/wp-content\/uploads\/2023\/06\/IMG_20230621_211437.jpg\" \/>\n\t<meta property=\"og:image:width\" content=\"639\" \/>\n\t<meta property=\"og:image:height\" content=\"592\" \/>\n\t<meta property=\"og:image:type\" content=\"image\/jpeg\" \/>\n<meta name=\"author\" content=\"Raffy Ben\u00edtez\" \/>\n<meta name=\"twitter:card\" content=\"summary_large_image\" \/>\n<meta name=\"twitter:label1\" content=\"Escrito por\" \/>\n\t<meta name=\"twitter:data1\" content=\"Raffy Ben\u00edtez\" \/>\n\t<meta name=\"twitter:label2\" content=\"Tiempo de lectura\" \/>\n\t<meta name=\"twitter:data2\" content=\"1 minuto\" \/>\n<script type=\"application\/ld+json\" class=\"yoast-schema-graph\">{\"@context\":\"https:\\\/\\\/schema.org\",\"@graph\":[{\"@type\":\"Article\",\"@id\":\"https:\\\/\\\/conexion23.com\\\/?p=18298#article\",\"isPartOf\":{\"@id\":\"https:\\\/\\\/conexion23.com\\\/?p=18298\"},\"author\":{\"name\":\"Raffy Ben\u00edtez\",\"@id\":\"https:\\\/\\\/conexion23.com\\\/#\\\/schema\\\/person\\\/03e36043331117e97a373299bbcd30a6\"},\"headline\":\"Identifican fallecido en choque de embarcaciones en Bayahibe.\",\"datePublished\":\"2023-06-24T13:29:36+00:00\",\"dateModified\":\"2023-06-24T13:29:38+00:00\",\"mainEntityOfPage\":{\"@id\":\"https:\\\/\\\/conexion23.com\\\/?p=18298\"},\"wordCount\":247,\"commentCount\":0,\"publisher\":{\"@id\":\"https:\\\/\\\/conexion23.com\\\/#organization\"},\"image\":{\"@id\":\"https:\\\/\\\/conexion23.com\\\/?p=18298#primaryimage\"},\"thumbnailUrl\":\"https:\\\/\\\/conexion23.com\\\/wp-content\\\/uploads\\\/2023\\\/06\\\/IMG_20230621_211437.jpg\",\"articleSection\":[\"La Altagracia\"],\"inLanguage\":\"es\",\"potentialAction\":[{\"@type\":\"CommentAction\",\"name\":\"Comment\",\"target\":[\"https:\\\/\\\/conexion23.com\\\/?p=18298#respond\"]}]},{\"@type\":\"WebPage\",\"@id\":\"https:\\\/\\\/conexion23.com\\\/?p=18298\",\"url\":\"https:\\\/\\\/conexion23.com\\\/?p=18298\",\"name\":\"Identifican fallecido en choque de embarcaciones en Bayahibe. - Conexi\u00f3n 23\",\"isPartOf\":{\"@id\":\"https:\\\/\\\/conexion23.com\\\/#website\"},\"primaryImageOfPage\":{\"@id\":\"https:\\\/\\\/conexion23.com\\\/?p=18298#primaryimage\"},\"image\":{\"@id\":\"https:\\\/\\\/conexion23.com\\\/?p=18298#primaryimage\"},\"thumbnailUrl\":\"https:\\\/\\\/conexion23.com\\\/wp-content\\\/uploads\\\/2023\\\/06\\\/IMG_20230621_211437.jpg\",\"datePublished\":\"2023-06-24T13:29:36+00:00\",\"dateModified\":\"2023-06-24T13:29:38+00:00\",\"breadcrumb\":{\"@id\":\"https:\\\/\\\/conexion23.com\\\/?p=18298#breadcrumb\"},\"inLanguage\":\"es\",\"potentialAction\":[{\"@type\":\"ReadAction\",\"target\":[\"https:\\\/\\\/conexion23.com\\\/?p=18298\"]}]},{\"@type\":\"ImageObject\",\"inLanguage\":\"es\",\"@id\":\"https:\\\/\\\/conexion23.com\\\/?p=18298#primaryimage\",\"url\":\"https:\\\/\\\/conexion23.com\\\/wp-content\\\/uploads\\\/2023\\\/06\\\/IMG_20230621_211437.jpg\",\"contentUrl\":\"https:\\\/\\\/conexion23.com\\\/wp-content\\\/uploads\\\/2023\\\/06\\\/IMG_20230621_211437.jpg\",\"width\":639,\"height\":592},{\"@type\":\"BreadcrumbList\",\"@id\":\"https:\\\/\\\/conexion23.com\\\/?p=18298#breadcrumb\",\"itemListElement\":[{\"@type\":\"ListItem\",\"position\":1,\"name\":\"Portada\",\"item\":\"https:\\\/\\\/conexion23.com\\\/\"},{\"@type\":\"ListItem\",\"position\":2,\"name\":\"Identifican fallecido en choque de embarcaciones en Bayahibe.\"}]},{\"@type\":\"WebSite\",\"@id\":\"https:\\\/\\\/conexion23.com\\\/#website\",\"url\":\"https:\\\/\\\/conexion23.com\\\/\",\"name\":\"Conexi\u00f3n 23\",\"description\":\"Peri\u00f3dico 100% Petromacorisano\",\"publisher\":{\"@id\":\"https:\\\/\\\/conexion23.com\\\/#organization\"},\"potentialAction\":[{\"@type\":\"SearchAction\",\"target\":{\"@type\":\"EntryPoint\",\"urlTemplate\":\"https:\\\/\\\/conexion23.com\\\/?s={search_term_string}\"},\"query-input\":{\"@type\":\"PropertyValueSpecification\",\"valueRequired\":true,\"valueName\":\"search_term_string\"}}],\"inLanguage\":\"es\"},{\"@type\":\"Organization\",\"@id\":\"https:\\\/\\\/conexion23.com\\\/#organization\",\"name\":\"Conexion 23\",\"url\":\"https:\\\/\\\/conexion23.com\\\/\",\"logo\":{\"@type\":\"ImageObject\",\"inLanguage\":\"es\",\"@id\":\"https:\\\/\\\/conexion23.com\\\/#\\\/schema\\\/logo\\\/image\\\/\",\"url\":\"https:\\\/\\\/conexion23.com\\\/wp-content\\\/uploads\\\/2021\\\/11\\\/Diseno-sin-titulo-2.png\",\"contentUrl\":\"https:\\\/\\\/conexion23.com\\\/wp-content\\\/uploads\\\/2021\\\/11\\\/Diseno-sin-titulo-2.png\",\"width\":541,\"height\":90,\"caption\":\"Conexion 23\"},\"image\":{\"@id\":\"https:\\\/\\\/conexion23.com\\\/#\\\/schema\\\/logo\\\/image\\\/\"},\"sameAs\":[\"https:\\\/\\\/www.facebook.com\\\/conexion23com\",\"https:\\\/\\\/www.instagram.com\\\/conexion23com\\\/\",\"https:\\\/\\\/www.youtube.com\\\/channel\\\/UCYc7vxxFZMYLIHNsHHxPZ3Q\"]},{\"@type\":\"Person\",\"@id\":\"https:\\\/\\\/conexion23.com\\\/#\\\/schema\\\/person\\\/03e36043331117e97a373299bbcd30a6\",\"name\":\"Raffy Ben\u00edtez\",\"image\":{\"@type\":\"ImageObject\",\"inLanguage\":\"es\",\"@id\":\"https:\\\/\\\/secure.gravatar.com\\\/avatar\\\/3190a6a6c5e1b0327500f7d6c56b6242472ee6cb974cf09b401ee6b3b0798f23?s=96&d=mm&r=g\",\"url\":\"https:\\\/\\\/secure.gravatar.com\\\/avatar\\\/3190a6a6c5e1b0327500f7d6c56b6242472ee6cb974cf09b401ee6b3b0798f23?s=96&d=mm&r=g\",\"contentUrl\":\"https:\\\/\\\/secure.gravatar.com\\\/avatar\\\/3190a6a6c5e1b0327500f7d6c56b6242472ee6cb974cf09b401ee6b3b0798f23?s=96&d=mm&r=g\",\"caption\":\"Raffy Ben\u00edtez\"},\"url\":\"https:\\\/\\\/conexion23.com\\\/?author=15\"}]}<\/script>\n<!-- \/ Yoast SEO plugin. -->","yoast_head_json":{"title":"Identifican fallecido en choque de embarcaciones en Bayahibe. - Conexi\u00f3n 23","robots":{"index":"index","follow":"follow","max-snippet":"max-snippet:-1","max-image-preview":"max-image-preview:large","max-video-preview":"max-video-preview:-1"},"canonical":"https:\/\/conexion23.com\/?p=18298","og_locale":"es_ES","og_type":"article","og_title":"Identifican fallecido en choque de embarcaciones en Bayahibe. - Conexi\u00f3n 23","og_description":"Fue identificado como el envejeciente Juan Carlos Miguel, de 81 a\u00f1os, de nacionalidad argentina, la v\u00edctima mortal del accidente acu\u00e1tico ocurrido la tarde ayer mi\u00e9rcoles en el distrito tur\u00edstico de Bayah\u00edbe, provincia La Altagracia. Se estableci\u00f3 que el turista hab\u00eda llegado al pa\u00eds a vacacional en compa\u00f1\u00eda de familiares. &nbsp;El cuerpo sin vida fue recuperado [&hellip;]","og_url":"https:\/\/conexion23.com\/?p=18298","og_site_name":"Conexi\u00f3n 23","article_publisher":"https:\/\/www.facebook.com\/conexion23com","article_published_time":"2023-06-24T13:29:36+00:00","article_modified_time":"2023-06-24T13:29:38+00:00","og_image":[{"width":639,"height":592,"url":"https:\/\/conexion23.com\/wp-content\/uploads\/2023\/06\/IMG_20230621_211437.jpg","type":"image\/jpeg"}],"author":"Raffy Ben\u00edtez","twitter_card":"summary_large_image","twitter_misc":{"Escrito por":"Raffy Ben\u00edtez","Tiempo de lectura":"1 minuto"},"schema":{"@context":"https:\/\/schema.org","@graph":[{"@type":"Article","@id":"https:\/\/conexion23.com\/?p=18298#article","isPartOf":{"@id":"https:\/\/conexion23.com\/?p=18298"},"author":{"name":"Raffy Ben\u00edtez","@id":"https:\/\/conexion23.com\/#\/schema\/person\/03e36043331117e97a373299bbcd30a6"},"headline":"Identifican fallecido en choque de embarcaciones en Bayahibe.","datePublished":"2023-06-24T13:29:36+00:00","dateModified":"2023-06-24T13:29:38+00:00","mainEntityOfPage":{"@id":"https:\/\/conexion23.com\/?p=18298"},"wordCount":247,"commentCount":0,"publisher":{"@id":"https:\/\/conexion23.com\/#organization"},"image":{"@id":"https:\/\/conexion23.com\/?p=18298#primaryimage"},"thumbnailUrl":"https:\/\/conexion23.com\/wp-content\/uploads\/2023\/06\/IMG_20230621_211437.jpg","articleSection":["La Altagracia"],"inLanguage":"es","potentialAction":[{"@type":"CommentAction","name":"Comment","target":["https:\/\/conexion23.com\/?p=18298#respond"]}]},{"@type":"WebPage","@id":"https:\/\/conexion23.com\/?p=18298","url":"https:\/\/conexion23.com\/?p=18298","name":"Identifican fallecido en choque de embarcaciones en Bayahibe. - Conexi\u00f3n 23","isPartOf":{"@id":"https:\/\/conexion23.com\/#website"},"primaryImageOfPage":{"@id":"https:\/\/conexion23.com\/?p=18298#primaryimage"},"image":{"@id":"https:\/\/conexion23.com\/?p=18298#primaryimage"},"thumbnailUrl":"https:\/\/conexion23.com\/wp-content\/uploads\/2023\/06\/IMG_20230621_211437.jpg","datePublished":"2023-06-24T13:29:36+00:00","dateModified":"2023-06-24T13:29:38+00:00","breadcrumb":{"@id":"https:\/\/conexion23.com\/?p=18298#breadcrumb"},"inLanguage":"es","potentialAction":[{"@type":"ReadAction","target":["https:\/\/conexion23.com\/?p=18298"]}]},{"@type":"ImageObject","inLanguage":"es","@id":"https:\/\/conexion23.com\/?p=18298#primaryimage","url":"https:\/\/conexion23.com\/wp-content\/uploads\/2023\/06\/IMG_20230621_211437.jpg","contentUrl":"https:\/\/conexion23.com\/wp-content\/uploads\/2023\/06\/IMG_20230621_211437.jpg","width":639,"height":592},{"@type":"BreadcrumbList","@id":"https:\/\/conexion23.com\/?p=18298#breadcrumb","itemListElement":[{"@type":"ListItem","position":1,"name":"Portada","item":"https:\/\/conexion23.com\/"},{"@type":"ListItem","position":2,"name":"Identifican fallecido en choque de embarcaciones en Bayahibe."}]},{"@type":"WebSite","@id":"https:\/\/conexion23.com\/#website","url":"https:\/\/conexion23.com\/","name":"Conexi\u00f3n 23","description":"Peri\u00f3dico 100% Petromacorisano","publisher":{"@id":"https:\/\/conexion23.com\/#organization"},"potentialAction":[{"@type":"SearchAction","target":{"@type":"EntryPoint","urlTemplate":"https:\/\/conexion23.com\/?s={search_term_string}"},"query-input":{"@type":"PropertyValueSpecification","valueRequired":true,"valueName":"search_term_string"}}],"inLanguage":"es"},{"@type":"Organization","@id":"https:\/\/conexion23.com\/#organization","name":"Conexion 23","url":"https:\/\/conexion23.com\/","logo":{"@type":"ImageObject","inLanguage":"es","@id":"https:\/\/conexion23.com\/#\/schema\/logo\/image\/","url":"https:\/\/conexion23.com\/wp-content\/uploads\/2021\/11\/Diseno-sin-titulo-2.png","contentUrl":"https:\/\/conexion23.com\/wp-content\/uploads\/2021\/11\/Diseno-sin-titulo-2.png","width":541,"height":90,"caption":"Conexion 23"},"image":{"@id":"https:\/\/conexion23.com\/#\/schema\/logo\/image\/"},"sameAs":["https:\/\/www.facebook.com\/conexion23com","https:\/\/www.instagram.com\/conexion23com\/","https:\/\/www.youtube.com\/channel\/UCYc7vxxFZMYLIHNsHHxPZ3Q"]},{"@type":"Person","@id":"https:\/\/conexion23.com\/#\/schema\/person\/03e36043331117e97a373299bbcd30a6","name":"Raffy Ben\u00edtez","image":{"@type":"ImageObject","inLanguage":"es","@id":"https:\/\/secure.gravatar.com\/avatar\/3190a6a6c5e1b0327500f7d6c56b6242472ee6cb974cf09b401ee6b3b0798f23?s=96&d=mm&r=g","url":"https:\/\/secure.gravatar.com\/avatar\/3190a6a6c5e1b0327500f7d6c56b6242472ee6cb974cf09b401ee6b3b0798f23?s=96&d=mm&r=g","contentUrl":"https:\/\/secure.gravatar.com\/avatar\/3190a6a6c5e1b0327500f7d6c56b6242472ee6cb974cf09b401ee6b3b0798f23?s=96&d=mm&r=g","caption":"Raffy Ben\u00edtez"},"url":"https:\/\/conexion23.com\/?author=15"}]}},"_links":{"self":[{"href":"https:\/\/conexion23.com\/index.php?rest_route=\/wp\/v2\/posts\/18298","targetHints":{"allow":["GET"]}}],"collection":[{"href":"https:\/\/conexion23.com\/index.php?rest_route=\/wp\/v2\/posts"}],"about":[{"href":"https:\/\/conexion23.com\/index.php?rest_route=\/wp\/v2\/types\/post"}],"author":[{"embeddable":true,"href":"https:\/\/conexion23.com\/index.php?rest_route=\/wp\/v2\/users\/15"}],"replies":[{"embeddable":true,"href":"https:\/\/conexion23.com\/index.php?rest_route=%2Fwp%2Fv2%2Fcomments&post=18298"}],"version-history":[{"count":1,"href":"https:\/\/conexion23.com\/index.php?rest_route=\/wp\/v2\/posts\/18298\/revisions"}],"predecessor-version":[{"id":18300,"href":"https:\/\/conexion23.com\/index.php?rest_route=\/wp\/v2\/posts\/18298\/revisions\/18300"}],"wp:featuredmedia":[{"embeddable":true,"href":"https:\/\/conexion23.com\/index.php?rest_route=\/wp\/v2\/media\/18299"}],"wp:attachment":[{"href":"https:\/\/conexion23.com\/index.php?rest_route=%2Fwp%2Fv2%2Fmedia&parent=18298"}],"wp:term":[{"taxonomy":"category","embeddable":true,"href":"https:\/\/conexion23.com\/index.php?rest_route=%2Fwp%2Fv2%2Fcategories&post=18298"},{"taxonomy":"post_tag","embeddable":true,"href":"https:\/\/conexion23.com\/index.php?rest_route=%2Fwp%2Fv2%2Ftags&post=18298"}],"curies":[{"name":"wp","href":"https:\/\/api.w.org\/{rel}","templated":true}]}}