{"id":18365,"date":"2023-06-26T18:16:14","date_gmt":"2023-06-26T22:16:14","guid":{"rendered":"https:\/\/conexion23.com\/?p=18365"},"modified":"2023-06-26T18:16:18","modified_gmt":"2023-06-26T22:16:18","slug":"joven-se-quita-la-vida-por-el-amor-de-una-menor","status":"publish","type":"post","link":"https:\/\/conexion23.com\/?p=18365","title":{"rendered":"Joven se quita la vida por el amor de una menor."},"content":{"rendered":"\n<p>Una tragedia ha dejado a todos los moradores del distrito municipal Cana Chapet\u00f3n, en la provincia de Montecristi, esto tras difundirse por todas las calles la noticia de que el joven Luis David P\u00e9rez Jim\u00e9nez hab\u00eda puesto punto y final a su vida.<\/p>\n\n\n\n<p>El hoy occiso, quien hac\u00eda vida en esta referida localidad, manten\u00eda una relaci\u00f3n con una jovencita de 14 a\u00f1os, a quien conocen como la \u201cViki\u201c. Decimos que manten\u00eda, porque ella hab\u00eda tomado la decisi\u00f3n de romper el v\u00ednculo, hecho que dej\u00f3 en una profunda depresi\u00f3n a este muchacho que tom\u00f3 una terrible decisi\u00f3n.<\/p>\n\n\n\n<p>Pues el joven opt\u00f3 por ingerir una sustancia utilizada para fumigar gusanos.<\/p>\n\n\n\n<p>El veneno se llama \u201cDiazinon\u201d, el cual fue consumido por Luis David en gran proporci\u00f3n, a tal punto de que termin\u00f3 sin vida r\u00e1pidamente, siendo este llevado muerto hasta la casa.<\/p>\n\n\n\n<p>El fallecido era muy apreciado por toda la comunidad, y de hecho, sus compa\u00f1eros de estudios se refirieron a este como una persona humilde y una bella persona, aunque era un poco introvertido.<\/p>\n","protected":false},"excerpt":{"rendered":"<p>Una tragedia ha dejado a todos los moradores del distrito municipal Cana Chapet\u00f3n, en la provincia de Montecristi, esto tras difundirse por todas las calles la noticia de que el joven Luis David P\u00e9rez Jim\u00e9nez hab\u00eda puesto punto y final a su vida. El hoy occiso, quien hac\u00eda vida en esta referida localidad, manten\u00eda una [&hellip;]<\/p>\n","protected":false},"author":15,"featured_media":18366,"comment_status":"open","ping_status":"open","sticky":false,"template":"","format":"standard","meta":{"footnotes":""},"categories":[1],"tags":[],"class_list":{"0":"post-18365","1":"post","2":"type-post","3":"status-publish","4":"format-standard","5":"has-post-thumbnail","7":"category-uncategorized"},"yoast_head":"<!-- This site is optimized with the Yoast SEO plugin v27.1.1 - https:\/\/yoast.com\/product\/yoast-seo-wordpress\/ -->\n<title>Joven se quita la vida por el amor de una menor. - Conexi\u00f3n 23<\/title>\n<meta name=\"robots\" content=\"index, follow, max-snippet:-1, max-image-preview:large, max-video-preview:-1\" \/>\n<link rel=\"canonical\" href=\"https:\/\/conexion23.com\/?p=18365\" \/>\n<meta property=\"og:locale\" content=\"es_ES\" \/>\n<meta property=\"og:type\" content=\"article\" \/>\n<meta property=\"og:title\" content=\"Joven se quita la vida por el amor de una menor. - Conexi\u00f3n 23\" \/>\n<meta property=\"og:description\" content=\"Una tragedia ha dejado a todos los moradores del distrito municipal Cana Chapet\u00f3n, en la provincia de Montecristi, esto tras difundirse por todas las calles la noticia de que el joven Luis David P\u00e9rez Jim\u00e9nez hab\u00eda puesto punto y final a su vida. El hoy occiso, quien hac\u00eda vida en esta referida localidad, manten\u00eda una [&hellip;]\" \/>\n<meta property=\"og:url\" content=\"https:\/\/conexion23.com\/?p=18365\" \/>\n<meta property=\"og:site_name\" content=\"Conexi\u00f3n 23\" \/>\n<meta property=\"article:publisher\" content=\"https:\/\/www.facebook.com\/conexion23com\" \/>\n<meta property=\"article:published_time\" content=\"2023-06-26T22:16:14+00:00\" \/>\n<meta property=\"article:modified_time\" content=\"2023-06-26T22:16:18+00:00\" \/>\n<meta property=\"og:image\" content=\"https:\/\/conexion23.com\/wp-content\/uploads\/2023\/06\/355499364_6567872336582605_113065579128809248_n.jpg\" \/>\n\t<meta property=\"og:image:width\" content=\"267\" \/>\n\t<meta property=\"og:image:height\" content=\"320\" \/>\n\t<meta property=\"og:image:type\" content=\"image\/jpeg\" \/>\n<meta name=\"author\" content=\"Raffy Ben\u00edtez\" \/>\n<meta name=\"twitter:card\" content=\"summary_large_image\" \/>\n<meta name=\"twitter:label1\" content=\"Escrito por\" \/>\n\t<meta name=\"twitter:data1\" content=\"Raffy Ben\u00edtez\" \/>\n\t<meta name=\"twitter:label2\" content=\"Tiempo de lectura\" \/>\n\t<meta name=\"twitter:data2\" content=\"1 minuto\" \/>\n<script type=\"application\/ld+json\" class=\"yoast-schema-graph\">{\"@context\":\"https:\/\/schema.org\",\"@graph\":[{\"@type\":\"Article\",\"@id\":\"https:\/\/conexion23.com\/?p=18365#article\",\"isPartOf\":{\"@id\":\"https:\/\/conexion23.com\/?p=18365\"},\"author\":{\"name\":\"Raffy Ben\u00edtez\",\"@id\":\"https:\/\/conexion23.com\/#\/schema\/person\/03e36043331117e97a373299bbcd30a6\"},\"headline\":\"Joven se quita la vida por el amor de una menor.\",\"datePublished\":\"2023-06-26T22:16:14+00:00\",\"dateModified\":\"2023-06-26T22:16:18+00:00\",\"mainEntityOfPage\":{\"@id\":\"https:\/\/conexion23.com\/?p=18365\"},\"wordCount\":199,\"commentCount\":0,\"publisher\":{\"@id\":\"https:\/\/conexion23.com\/#organization\"},\"image\":{\"@id\":\"https:\/\/conexion23.com\/?p=18365#primaryimage\"},\"thumbnailUrl\":\"https:\/\/conexion23.com\/wp-content\/uploads\/2023\/06\/355499364_6567872336582605_113065579128809248_n.jpg\",\"articleSection\":[\"Uncategorized\"],\"inLanguage\":\"es\",\"potentialAction\":[{\"@type\":\"CommentAction\",\"name\":\"Comment\",\"target\":[\"https:\/\/conexion23.com\/?p=18365#respond\"]}]},{\"@type\":\"WebPage\",\"@id\":\"https:\/\/conexion23.com\/?p=18365\",\"url\":\"https:\/\/conexion23.com\/?p=18365\",\"name\":\"Joven se quita la vida por el amor de una menor. - Conexi\u00f3n 23\",\"isPartOf\":{\"@id\":\"https:\/\/conexion23.com\/#website\"},\"primaryImageOfPage\":{\"@id\":\"https:\/\/conexion23.com\/?p=18365#primaryimage\"},\"image\":{\"@id\":\"https:\/\/conexion23.com\/?p=18365#primaryimage\"},\"thumbnailUrl\":\"https:\/\/conexion23.com\/wp-content\/uploads\/2023\/06\/355499364_6567872336582605_113065579128809248_n.jpg\",\"datePublished\":\"2023-06-26T22:16:14+00:00\",\"dateModified\":\"2023-06-26T22:16:18+00:00\",\"breadcrumb\":{\"@id\":\"https:\/\/conexion23.com\/?p=18365#breadcrumb\"},\"inLanguage\":\"es\",\"potentialAction\":[{\"@type\":\"ReadAction\",\"target\":[\"https:\/\/conexion23.com\/?p=18365\"]}]},{\"@type\":\"ImageObject\",\"inLanguage\":\"es\",\"@id\":\"https:\/\/conexion23.com\/?p=18365#primaryimage\",\"url\":\"https:\/\/conexion23.com\/wp-content\/uploads\/2023\/06\/355499364_6567872336582605_113065579128809248_n.jpg\",\"contentUrl\":\"https:\/\/conexion23.com\/wp-content\/uploads\/2023\/06\/355499364_6567872336582605_113065579128809248_n.jpg\",\"width\":267,\"height\":320},{\"@type\":\"BreadcrumbList\",\"@id\":\"https:\/\/conexion23.com\/?p=18365#breadcrumb\",\"itemListElement\":[{\"@type\":\"ListItem\",\"position\":1,\"name\":\"Portada\",\"item\":\"https:\/\/conexion23.com\/\"},{\"@type\":\"ListItem\",\"position\":2,\"name\":\"Joven se quita la vida por el amor de una menor.\"}]},{\"@type\":\"WebSite\",\"@id\":\"https:\/\/conexion23.com\/#website\",\"url\":\"https:\/\/conexion23.com\/\",\"name\":\"Conexi\u00f3n 23\",\"description\":\"Peri\u00f3dico 100% Petromacorisano\",\"publisher\":{\"@id\":\"https:\/\/conexion23.com\/#organization\"},\"potentialAction\":[{\"@type\":\"SearchAction\",\"target\":{\"@type\":\"EntryPoint\",\"urlTemplate\":\"https:\/\/conexion23.com\/?s={search_term_string}\"},\"query-input\":{\"@type\":\"PropertyValueSpecification\",\"valueRequired\":true,\"valueName\":\"search_term_string\"}}],\"inLanguage\":\"es\"},{\"@type\":\"Organization\",\"@id\":\"https:\/\/conexion23.com\/#organization\",\"name\":\"Conexion 23\",\"url\":\"https:\/\/conexion23.com\/\",\"logo\":{\"@type\":\"ImageObject\",\"inLanguage\":\"es\",\"@id\":\"https:\/\/conexion23.com\/#\/schema\/logo\/image\/\",\"url\":\"https:\/\/conexion23.com\/wp-content\/uploads\/2021\/11\/Diseno-sin-titulo-2.png\",\"contentUrl\":\"https:\/\/conexion23.com\/wp-content\/uploads\/2021\/11\/Diseno-sin-titulo-2.png\",\"width\":541,\"height\":90,\"caption\":\"Conexion 23\"},\"image\":{\"@id\":\"https:\/\/conexion23.com\/#\/schema\/logo\/image\/\"},\"sameAs\":[\"https:\/\/www.facebook.com\/conexion23com\",\"https:\/\/www.instagram.com\/conexion23com\/\",\"https:\/\/www.youtube.com\/channel\/UCYc7vxxFZMYLIHNsHHxPZ3Q\"]},{\"@type\":\"Person\",\"@id\":\"https:\/\/conexion23.com\/#\/schema\/person\/03e36043331117e97a373299bbcd30a6\",\"name\":\"Raffy Ben\u00edtez\",\"image\":{\"@type\":\"ImageObject\",\"inLanguage\":\"es\",\"@id\":\"https:\/\/conexion23.com\/#\/schema\/person\/image\/\",\"url\":\"https:\/\/secure.gravatar.com\/avatar\/3190a6a6c5e1b0327500f7d6c56b6242472ee6cb974cf09b401ee6b3b0798f23?s=96&d=mm&r=g\",\"contentUrl\":\"https:\/\/secure.gravatar.com\/avatar\/3190a6a6c5e1b0327500f7d6c56b6242472ee6cb974cf09b401ee6b3b0798f23?s=96&d=mm&r=g\",\"caption\":\"Raffy Ben\u00edtez\"},\"url\":\"https:\/\/conexion23.com\/?author=15\"}]}<\/script>\n<!-- \/ Yoast SEO plugin. -->","yoast_head_json":{"title":"Joven se quita la vida por el amor de una menor. - Conexi\u00f3n 23","robots":{"index":"index","follow":"follow","max-snippet":"max-snippet:-1","max-image-preview":"max-image-preview:large","max-video-preview":"max-video-preview:-1"},"canonical":"https:\/\/conexion23.com\/?p=18365","og_locale":"es_ES","og_type":"article","og_title":"Joven se quita la vida por el amor de una menor. - Conexi\u00f3n 23","og_description":"Una tragedia ha dejado a todos los moradores del distrito municipal Cana Chapet\u00f3n, en la provincia de Montecristi, esto tras difundirse por todas las calles la noticia de que el joven Luis David P\u00e9rez Jim\u00e9nez hab\u00eda puesto punto y final a su vida. El hoy occiso, quien hac\u00eda vida en esta referida localidad, manten\u00eda una [&hellip;]","og_url":"https:\/\/conexion23.com\/?p=18365","og_site_name":"Conexi\u00f3n 23","article_publisher":"https:\/\/www.facebook.com\/conexion23com","article_published_time":"2023-06-26T22:16:14+00:00","article_modified_time":"2023-06-26T22:16:18+00:00","og_image":[{"width":267,"height":320,"url":"https:\/\/conexion23.com\/wp-content\/uploads\/2023\/06\/355499364_6567872336582605_113065579128809248_n.jpg","type":"image\/jpeg"}],"author":"Raffy Ben\u00edtez","twitter_card":"summary_large_image","twitter_misc":{"Escrito por":"Raffy Ben\u00edtez","Tiempo de lectura":"1 minuto"},"schema":{"@context":"https:\/\/schema.org","@graph":[{"@type":"Article","@id":"https:\/\/conexion23.com\/?p=18365#article","isPartOf":{"@id":"https:\/\/conexion23.com\/?p=18365"},"author":{"name":"Raffy Ben\u00edtez","@id":"https:\/\/conexion23.com\/#\/schema\/person\/03e36043331117e97a373299bbcd30a6"},"headline":"Joven se quita la vida por el amor de una menor.","datePublished":"2023-06-26T22:16:14+00:00","dateModified":"2023-06-26T22:16:18+00:00","mainEntityOfPage":{"@id":"https:\/\/conexion23.com\/?p=18365"},"wordCount":199,"commentCount":0,"publisher":{"@id":"https:\/\/conexion23.com\/#organization"},"image":{"@id":"https:\/\/conexion23.com\/?p=18365#primaryimage"},"thumbnailUrl":"https:\/\/conexion23.com\/wp-content\/uploads\/2023\/06\/355499364_6567872336582605_113065579128809248_n.jpg","articleSection":["Uncategorized"],"inLanguage":"es","potentialAction":[{"@type":"CommentAction","name":"Comment","target":["https:\/\/conexion23.com\/?p=18365#respond"]}]},{"@type":"WebPage","@id":"https:\/\/conexion23.com\/?p=18365","url":"https:\/\/conexion23.com\/?p=18365","name":"Joven se quita la vida por el amor de una menor. - Conexi\u00f3n 23","isPartOf":{"@id":"https:\/\/conexion23.com\/#website"},"primaryImageOfPage":{"@id":"https:\/\/conexion23.com\/?p=18365#primaryimage"},"image":{"@id":"https:\/\/conexion23.com\/?p=18365#primaryimage"},"thumbnailUrl":"https:\/\/conexion23.com\/wp-content\/uploads\/2023\/06\/355499364_6567872336582605_113065579128809248_n.jpg","datePublished":"2023-06-26T22:16:14+00:00","dateModified":"2023-06-26T22:16:18+00:00","breadcrumb":{"@id":"https:\/\/conexion23.com\/?p=18365#breadcrumb"},"inLanguage":"es","potentialAction":[{"@type":"ReadAction","target":["https:\/\/conexion23.com\/?p=18365"]}]},{"@type":"ImageObject","inLanguage":"es","@id":"https:\/\/conexion23.com\/?p=18365#primaryimage","url":"https:\/\/conexion23.com\/wp-content\/uploads\/2023\/06\/355499364_6567872336582605_113065579128809248_n.jpg","contentUrl":"https:\/\/conexion23.com\/wp-content\/uploads\/2023\/06\/355499364_6567872336582605_113065579128809248_n.jpg","width":267,"height":320},{"@type":"BreadcrumbList","@id":"https:\/\/conexion23.com\/?p=18365#breadcrumb","itemListElement":[{"@type":"ListItem","position":1,"name":"Portada","item":"https:\/\/conexion23.com\/"},{"@type":"ListItem","position":2,"name":"Joven se quita la vida por el amor de una menor."}]},{"@type":"WebSite","@id":"https:\/\/conexion23.com\/#website","url":"https:\/\/conexion23.com\/","name":"Conexi\u00f3n 23","description":"Peri\u00f3dico 100% Petromacorisano","publisher":{"@id":"https:\/\/conexion23.com\/#organization"},"potentialAction":[{"@type":"SearchAction","target":{"@type":"EntryPoint","urlTemplate":"https:\/\/conexion23.com\/?s={search_term_string}"},"query-input":{"@type":"PropertyValueSpecification","valueRequired":true,"valueName":"search_term_string"}}],"inLanguage":"es"},{"@type":"Organization","@id":"https:\/\/conexion23.com\/#organization","name":"Conexion 23","url":"https:\/\/conexion23.com\/","logo":{"@type":"ImageObject","inLanguage":"es","@id":"https:\/\/conexion23.com\/#\/schema\/logo\/image\/","url":"https:\/\/conexion23.com\/wp-content\/uploads\/2021\/11\/Diseno-sin-titulo-2.png","contentUrl":"https:\/\/conexion23.com\/wp-content\/uploads\/2021\/11\/Diseno-sin-titulo-2.png","width":541,"height":90,"caption":"Conexion 23"},"image":{"@id":"https:\/\/conexion23.com\/#\/schema\/logo\/image\/"},"sameAs":["https:\/\/www.facebook.com\/conexion23com","https:\/\/www.instagram.com\/conexion23com\/","https:\/\/www.youtube.com\/channel\/UCYc7vxxFZMYLIHNsHHxPZ3Q"]},{"@type":"Person","@id":"https:\/\/conexion23.com\/#\/schema\/person\/03e36043331117e97a373299bbcd30a6","name":"Raffy Ben\u00edtez","image":{"@type":"ImageObject","inLanguage":"es","@id":"https:\/\/conexion23.com\/#\/schema\/person\/image\/","url":"https:\/\/secure.gravatar.com\/avatar\/3190a6a6c5e1b0327500f7d6c56b6242472ee6cb974cf09b401ee6b3b0798f23?s=96&d=mm&r=g","contentUrl":"https:\/\/secure.gravatar.com\/avatar\/3190a6a6c5e1b0327500f7d6c56b6242472ee6cb974cf09b401ee6b3b0798f23?s=96&d=mm&r=g","caption":"Raffy Ben\u00edtez"},"url":"https:\/\/conexion23.com\/?author=15"}]}},"_links":{"self":[{"href":"https:\/\/conexion23.com\/index.php?rest_route=\/wp\/v2\/posts\/18365","targetHints":{"allow":["GET"]}}],"collection":[{"href":"https:\/\/conexion23.com\/index.php?rest_route=\/wp\/v2\/posts"}],"about":[{"href":"https:\/\/conexion23.com\/index.php?rest_route=\/wp\/v2\/types\/post"}],"author":[{"embeddable":true,"href":"https:\/\/conexion23.com\/index.php?rest_route=\/wp\/v2\/users\/15"}],"replies":[{"embeddable":true,"href":"https:\/\/conexion23.com\/index.php?rest_route=%2Fwp%2Fv2%2Fcomments&post=18365"}],"version-history":[{"count":1,"href":"https:\/\/conexion23.com\/index.php?rest_route=\/wp\/v2\/posts\/18365\/revisions"}],"predecessor-version":[{"id":18367,"href":"https:\/\/conexion23.com\/index.php?rest_route=\/wp\/v2\/posts\/18365\/revisions\/18367"}],"wp:featuredmedia":[{"embeddable":true,"href":"https:\/\/conexion23.com\/index.php?rest_route=\/wp\/v2\/media\/18366"}],"wp:attachment":[{"href":"https:\/\/conexion23.com\/index.php?rest_route=%2Fwp%2Fv2%2Fmedia&parent=18365"}],"wp:term":[{"taxonomy":"category","embeddable":true,"href":"https:\/\/conexion23.com\/index.php?rest_route=%2Fwp%2Fv2%2Fcategories&post=18365"},{"taxonomy":"post_tag","embeddable":true,"href":"https:\/\/conexion23.com\/index.php?rest_route=%2Fwp%2Fv2%2Ftags&post=18365"}],"curies":[{"name":"wp","href":"https:\/\/api.w.org\/{rel}","templated":true}]}}