{"id":18412,"date":"2023-06-27T18:33:01","date_gmt":"2023-06-27T22:33:01","guid":{"rendered":"https:\/\/conexion23.com\/?p=18412"},"modified":"2023-06-27T18:33:04","modified_gmt":"2023-06-27T22:33:04","slug":"detienen-a-seis-dominicanos-que-se-dedicaban-a-introducir-y-vender-cocaina-en-espana","status":"publish","type":"post","link":"https:\/\/conexion23.com\/?p=18412","title":{"rendered":"Detienen a seis dominicanos que se dedicaban a introducir y vender coca\u00edna en Espa\u00f1a."},"content":{"rendered":"\n<p class=\"wp-block-paragraph\">La Polic\u00eda Nacional, en el marco de la operaci\u00f3n &#8216;Madriguera&#8217;, desmantel\u00f3 a un grupo criminal de origen dominicano encargado de la introducci\u00f3n, elaboraci\u00f3n y venta de coca\u00edna en la ciudad de Huesca, en Espa\u00f1a y ha detenido a siete personas.<\/p>\n\n\n\n<p class=\"wp-block-paragraph\">La investigaci\u00f3n se inici\u00f3 hace nueve meses al detectarse un incremento de la venta de coca\u00edna en la localidad, averiguando que la distribuci\u00f3n de la misma se estaba llevando a cabo desde dos domicilios, as\u00ed como en el bar regentado por uno de los ahora detenidos, ha informado la Comisar\u00eda Provincial de Huesca en una nota de prensa.<\/p>\n\n\n\n<p class=\"wp-block-paragraph\">En una primera fase de la operaci\u00f3n, se desmantel\u00f3 uno de los puntos de venta, trat\u00e1ndose este de una vivienda regentada por tres hermanos que escond\u00edan la droga en huecos ocultos que habilitaban en las zonas comunes del edificio en el que resid\u00edan, tratando de evitar as\u00ed la incautaci\u00f3n de la misma en caso de registros domiciliarios.<\/p>\n\n\n\n<p class=\"wp-block-paragraph\">Durante el registro realizado, los agentes localizaron 21 gramos en dosis ya preparadas para su venta directa en un hueco habilitado en el ascensor, as\u00ed como medio kilogramo de coca\u00edna en una caleta bajo el suelo del patio com\u00fan del edificio.<\/p>\n\n\n\n<p class=\"wp-block-paragraph\">Los agentes procedieron a la detenci\u00f3n de los tres hermanos y, asimismo, intervinieron 7,960 euros, as\u00ed como diversos \u00fatiles para su preparaci\u00f3n para la venta al por menor. Tambi\u00e9n durante esta fase se detuvo a un narcorepartidor que distribu\u00eda los encargos a distintas partes de la ciudad en patinete.<\/p>\n","protected":false},"excerpt":{"rendered":"<p>La Polic\u00eda Nacional, en el marco de la operaci\u00f3n &#8216;Madriguera&#8217;, desmantel\u00f3 a un grupo criminal de origen dominicano encargado de la introducci\u00f3n, elaboraci\u00f3n y venta de coca\u00edna en la ciudad de Huesca, en Espa\u00f1a y ha detenido a siete personas. La investigaci\u00f3n se inici\u00f3 hace nueve meses al detectarse un incremento de la venta de [&hellip;]<\/p>\n","protected":false},"author":15,"featured_media":18413,"comment_status":"open","ping_status":"open","sticky":false,"template":"","format":"standard","meta":{"footnotes":""},"categories":[1],"tags":[],"class_list":["post-18412","post","type-post","status-publish","format-standard","has-post-thumbnail","category-uncategorized"],"yoast_head":"<!-- This site is optimized with the Yoast SEO plugin v27.6 - https:\/\/yoast.com\/product\/yoast-seo-wordpress\/ -->\n<title>Detienen a seis dominicanos que se dedicaban a introducir y vender coca\u00edna en Espa\u00f1a. - Conexi\u00f3n 23<\/title>\n<meta name=\"robots\" content=\"index, follow, max-snippet:-1, max-image-preview:large, max-video-preview:-1\" \/>\n<link rel=\"canonical\" href=\"https:\/\/conexion23.com\/?p=18412\" \/>\n<meta property=\"og:locale\" content=\"es_ES\" \/>\n<meta property=\"og:type\" content=\"article\" \/>\n<meta property=\"og:title\" content=\"Detienen a seis dominicanos que se dedicaban a introducir y vender coca\u00edna en Espa\u00f1a. - Conexi\u00f3n 23\" \/>\n<meta property=\"og:description\" content=\"La Polic\u00eda Nacional, en el marco de la operaci\u00f3n &#8216;Madriguera&#8217;, desmantel\u00f3 a un grupo criminal de origen dominicano encargado de la introducci\u00f3n, elaboraci\u00f3n y venta de coca\u00edna en la ciudad de Huesca, en Espa\u00f1a y ha detenido a siete personas. La investigaci\u00f3n se inici\u00f3 hace nueve meses al detectarse un incremento de la venta de [&hellip;]\" \/>\n<meta property=\"og:url\" content=\"https:\/\/conexion23.com\/?p=18412\" \/>\n<meta property=\"og:site_name\" content=\"Conexi\u00f3n 23\" \/>\n<meta property=\"article:publisher\" content=\"https:\/\/www.facebook.com\/conexion23com\" \/>\n<meta property=\"article:published_time\" content=\"2023-06-27T22:33:01+00:00\" \/>\n<meta property=\"article:modified_time\" content=\"2023-06-27T22:33:04+00:00\" \/>\n<meta property=\"og:image\" content=\"https:\/\/conexion23.com\/wp-content\/uploads\/2023\/06\/649b4c099ac6d.r_d.857-843.jpeg\" \/>\n\t<meta property=\"og:image:width\" content=\"800\" \/>\n\t<meta property=\"og:image:height\" content=\"487\" \/>\n\t<meta property=\"og:image:type\" content=\"image\/jpeg\" \/>\n<meta name=\"author\" content=\"Raffy Ben\u00edtez\" \/>\n<meta name=\"twitter:card\" content=\"summary_large_image\" \/>\n<meta name=\"twitter:label1\" content=\"Escrito por\" \/>\n\t<meta name=\"twitter:data1\" content=\"Raffy Ben\u00edtez\" \/>\n\t<meta name=\"twitter:label2\" content=\"Tiempo de lectura\" \/>\n\t<meta name=\"twitter:data2\" content=\"2 minutos\" \/>\n<script type=\"application\/ld+json\" class=\"yoast-schema-graph\">{\"@context\":\"https:\\\/\\\/schema.org\",\"@graph\":[{\"@type\":\"Article\",\"@id\":\"https:\\\/\\\/conexion23.com\\\/?p=18412#article\",\"isPartOf\":{\"@id\":\"https:\\\/\\\/conexion23.com\\\/?p=18412\"},\"author\":{\"name\":\"Raffy Ben\u00edtez\",\"@id\":\"https:\\\/\\\/conexion23.com\\\/#\\\/schema\\\/person\\\/5d6d767819503a4603e9fd070ecf3ac6\"},\"headline\":\"Detienen a seis dominicanos que se dedicaban a introducir y vender coca\u00edna en Espa\u00f1a.\",\"datePublished\":\"2023-06-27T22:33:01+00:00\",\"dateModified\":\"2023-06-27T22:33:04+00:00\",\"mainEntityOfPage\":{\"@id\":\"https:\\\/\\\/conexion23.com\\\/?p=18412\"},\"wordCount\":280,\"commentCount\":0,\"publisher\":{\"@id\":\"https:\\\/\\\/conexion23.com\\\/#organization\"},\"image\":{\"@id\":\"https:\\\/\\\/conexion23.com\\\/?p=18412#primaryimage\"},\"thumbnailUrl\":\"https:\\\/\\\/conexion23.com\\\/wp-content\\\/uploads\\\/2023\\\/06\\\/649b4c099ac6d.r_d.857-843.jpeg\",\"articleSection\":[\"Uncategorized\"],\"inLanguage\":\"es\",\"potentialAction\":[{\"@type\":\"CommentAction\",\"name\":\"Comment\",\"target\":[\"https:\\\/\\\/conexion23.com\\\/?p=18412#respond\"]}]},{\"@type\":\"WebPage\",\"@id\":\"https:\\\/\\\/conexion23.com\\\/?p=18412\",\"url\":\"https:\\\/\\\/conexion23.com\\\/?p=18412\",\"name\":\"Detienen a seis dominicanos que se dedicaban a introducir y vender coca\u00edna en Espa\u00f1a. - Conexi\u00f3n 23\",\"isPartOf\":{\"@id\":\"https:\\\/\\\/conexion23.com\\\/#website\"},\"primaryImageOfPage\":{\"@id\":\"https:\\\/\\\/conexion23.com\\\/?p=18412#primaryimage\"},\"image\":{\"@id\":\"https:\\\/\\\/conexion23.com\\\/?p=18412#primaryimage\"},\"thumbnailUrl\":\"https:\\\/\\\/conexion23.com\\\/wp-content\\\/uploads\\\/2023\\\/06\\\/649b4c099ac6d.r_d.857-843.jpeg\",\"datePublished\":\"2023-06-27T22:33:01+00:00\",\"dateModified\":\"2023-06-27T22:33:04+00:00\",\"breadcrumb\":{\"@id\":\"https:\\\/\\\/conexion23.com\\\/?p=18412#breadcrumb\"},\"inLanguage\":\"es\",\"potentialAction\":[{\"@type\":\"ReadAction\",\"target\":[\"https:\\\/\\\/conexion23.com\\\/?p=18412\"]}]},{\"@type\":\"ImageObject\",\"inLanguage\":\"es\",\"@id\":\"https:\\\/\\\/conexion23.com\\\/?p=18412#primaryimage\",\"url\":\"https:\\\/\\\/conexion23.com\\\/wp-content\\\/uploads\\\/2023\\\/06\\\/649b4c099ac6d.r_d.857-843.jpeg\",\"contentUrl\":\"https:\\\/\\\/conexion23.com\\\/wp-content\\\/uploads\\\/2023\\\/06\\\/649b4c099ac6d.r_d.857-843.jpeg\",\"width\":800,\"height\":487},{\"@type\":\"BreadcrumbList\",\"@id\":\"https:\\\/\\\/conexion23.com\\\/?p=18412#breadcrumb\",\"itemListElement\":[{\"@type\":\"ListItem\",\"position\":1,\"name\":\"Portada\",\"item\":\"https:\\\/\\\/conexion23.com\\\/\"},{\"@type\":\"ListItem\",\"position\":2,\"name\":\"Detienen a seis dominicanos que se dedicaban a introducir y vender coca\u00edna en Espa\u00f1a.\"}]},{\"@type\":\"WebSite\",\"@id\":\"https:\\\/\\\/conexion23.com\\\/#website\",\"url\":\"https:\\\/\\\/conexion23.com\\\/\",\"name\":\"Conexi\u00f3n 23\",\"description\":\"Peri\u00f3dico 100% Petromacorisano\",\"publisher\":{\"@id\":\"https:\\\/\\\/conexion23.com\\\/#organization\"},\"potentialAction\":[{\"@type\":\"SearchAction\",\"target\":{\"@type\":\"EntryPoint\",\"urlTemplate\":\"https:\\\/\\\/conexion23.com\\\/?s={search_term_string}\"},\"query-input\":{\"@type\":\"PropertyValueSpecification\",\"valueRequired\":true,\"valueName\":\"search_term_string\"}}],\"inLanguage\":\"es\"},{\"@type\":\"Organization\",\"@id\":\"https:\\\/\\\/conexion23.com\\\/#organization\",\"name\":\"Conexion 23\",\"url\":\"https:\\\/\\\/conexion23.com\\\/\",\"logo\":{\"@type\":\"ImageObject\",\"inLanguage\":\"es\",\"@id\":\"https:\\\/\\\/conexion23.com\\\/#\\\/schema\\\/logo\\\/image\\\/\",\"url\":\"https:\\\/\\\/conexion23.com\\\/wp-content\\\/uploads\\\/2021\\\/11\\\/Diseno-sin-titulo-2.png\",\"contentUrl\":\"https:\\\/\\\/conexion23.com\\\/wp-content\\\/uploads\\\/2021\\\/11\\\/Diseno-sin-titulo-2.png\",\"width\":541,\"height\":90,\"caption\":\"Conexion 23\"},\"image\":{\"@id\":\"https:\\\/\\\/conexion23.com\\\/#\\\/schema\\\/logo\\\/image\\\/\"},\"sameAs\":[\"https:\\\/\\\/www.facebook.com\\\/conexion23com\",\"https:\\\/\\\/www.instagram.com\\\/conexion23com\\\/\",\"https:\\\/\\\/www.youtube.com\\\/channel\\\/UCYc7vxxFZMYLIHNsHHxPZ3Q\"]},{\"@type\":\"Person\",\"@id\":\"https:\\\/\\\/conexion23.com\\\/#\\\/schema\\\/person\\\/5d6d767819503a4603e9fd070ecf3ac6\",\"name\":\"Raffy Ben\u00edtez\",\"image\":{\"@type\":\"ImageObject\",\"inLanguage\":\"es\",\"@id\":\"https:\\\/\\\/secure.gravatar.com\\\/avatar\\\/3190a6a6c5e1b0327500f7d6c56b6242472ee6cb974cf09b401ee6b3b0798f23?s=96&d=mm&r=g\",\"url\":\"https:\\\/\\\/secure.gravatar.com\\\/avatar\\\/3190a6a6c5e1b0327500f7d6c56b6242472ee6cb974cf09b401ee6b3b0798f23?s=96&d=mm&r=g\",\"contentUrl\":\"https:\\\/\\\/secure.gravatar.com\\\/avatar\\\/3190a6a6c5e1b0327500f7d6c56b6242472ee6cb974cf09b401ee6b3b0798f23?s=96&d=mm&r=g\",\"caption\":\"Raffy Ben\u00edtez\"},\"url\":\"https:\\\/\\\/conexion23.com\\\/?author=15\"}]}<\/script>\n<!-- \/ Yoast SEO plugin. -->","yoast_head_json":{"title":"Detienen a seis dominicanos que se dedicaban a introducir y vender coca\u00edna en Espa\u00f1a. - Conexi\u00f3n 23","robots":{"index":"index","follow":"follow","max-snippet":"max-snippet:-1","max-image-preview":"max-image-preview:large","max-video-preview":"max-video-preview:-1"},"canonical":"https:\/\/conexion23.com\/?p=18412","og_locale":"es_ES","og_type":"article","og_title":"Detienen a seis dominicanos que se dedicaban a introducir y vender coca\u00edna en Espa\u00f1a. - Conexi\u00f3n 23","og_description":"La Polic\u00eda Nacional, en el marco de la operaci\u00f3n &#8216;Madriguera&#8217;, desmantel\u00f3 a un grupo criminal de origen dominicano encargado de la introducci\u00f3n, elaboraci\u00f3n y venta de coca\u00edna en la ciudad de Huesca, en Espa\u00f1a y ha detenido a siete personas. La investigaci\u00f3n se inici\u00f3 hace nueve meses al detectarse un incremento de la venta de [&hellip;]","og_url":"https:\/\/conexion23.com\/?p=18412","og_site_name":"Conexi\u00f3n 23","article_publisher":"https:\/\/www.facebook.com\/conexion23com","article_published_time":"2023-06-27T22:33:01+00:00","article_modified_time":"2023-06-27T22:33:04+00:00","og_image":[{"width":800,"height":487,"url":"https:\/\/conexion23.com\/wp-content\/uploads\/2023\/06\/649b4c099ac6d.r_d.857-843.jpeg","type":"image\/jpeg"}],"author":"Raffy Ben\u00edtez","twitter_card":"summary_large_image","twitter_misc":{"Escrito por":"Raffy Ben\u00edtez","Tiempo de lectura":"2 minutos"},"schema":{"@context":"https:\/\/schema.org","@graph":[{"@type":"Article","@id":"https:\/\/conexion23.com\/?p=18412#article","isPartOf":{"@id":"https:\/\/conexion23.com\/?p=18412"},"author":{"name":"Raffy Ben\u00edtez","@id":"https:\/\/conexion23.com\/#\/schema\/person\/5d6d767819503a4603e9fd070ecf3ac6"},"headline":"Detienen a seis dominicanos que se dedicaban a introducir y vender coca\u00edna en Espa\u00f1a.","datePublished":"2023-06-27T22:33:01+00:00","dateModified":"2023-06-27T22:33:04+00:00","mainEntityOfPage":{"@id":"https:\/\/conexion23.com\/?p=18412"},"wordCount":280,"commentCount":0,"publisher":{"@id":"https:\/\/conexion23.com\/#organization"},"image":{"@id":"https:\/\/conexion23.com\/?p=18412#primaryimage"},"thumbnailUrl":"https:\/\/conexion23.com\/wp-content\/uploads\/2023\/06\/649b4c099ac6d.r_d.857-843.jpeg","articleSection":["Uncategorized"],"inLanguage":"es","potentialAction":[{"@type":"CommentAction","name":"Comment","target":["https:\/\/conexion23.com\/?p=18412#respond"]}]},{"@type":"WebPage","@id":"https:\/\/conexion23.com\/?p=18412","url":"https:\/\/conexion23.com\/?p=18412","name":"Detienen a seis dominicanos que se dedicaban a introducir y vender coca\u00edna en Espa\u00f1a. - Conexi\u00f3n 23","isPartOf":{"@id":"https:\/\/conexion23.com\/#website"},"primaryImageOfPage":{"@id":"https:\/\/conexion23.com\/?p=18412#primaryimage"},"image":{"@id":"https:\/\/conexion23.com\/?p=18412#primaryimage"},"thumbnailUrl":"https:\/\/conexion23.com\/wp-content\/uploads\/2023\/06\/649b4c099ac6d.r_d.857-843.jpeg","datePublished":"2023-06-27T22:33:01+00:00","dateModified":"2023-06-27T22:33:04+00:00","breadcrumb":{"@id":"https:\/\/conexion23.com\/?p=18412#breadcrumb"},"inLanguage":"es","potentialAction":[{"@type":"ReadAction","target":["https:\/\/conexion23.com\/?p=18412"]}]},{"@type":"ImageObject","inLanguage":"es","@id":"https:\/\/conexion23.com\/?p=18412#primaryimage","url":"https:\/\/conexion23.com\/wp-content\/uploads\/2023\/06\/649b4c099ac6d.r_d.857-843.jpeg","contentUrl":"https:\/\/conexion23.com\/wp-content\/uploads\/2023\/06\/649b4c099ac6d.r_d.857-843.jpeg","width":800,"height":487},{"@type":"BreadcrumbList","@id":"https:\/\/conexion23.com\/?p=18412#breadcrumb","itemListElement":[{"@type":"ListItem","position":1,"name":"Portada","item":"https:\/\/conexion23.com\/"},{"@type":"ListItem","position":2,"name":"Detienen a seis dominicanos que se dedicaban a introducir y vender coca\u00edna en Espa\u00f1a."}]},{"@type":"WebSite","@id":"https:\/\/conexion23.com\/#website","url":"https:\/\/conexion23.com\/","name":"Conexi\u00f3n 23","description":"Peri\u00f3dico 100% Petromacorisano","publisher":{"@id":"https:\/\/conexion23.com\/#organization"},"potentialAction":[{"@type":"SearchAction","target":{"@type":"EntryPoint","urlTemplate":"https:\/\/conexion23.com\/?s={search_term_string}"},"query-input":{"@type":"PropertyValueSpecification","valueRequired":true,"valueName":"search_term_string"}}],"inLanguage":"es"},{"@type":"Organization","@id":"https:\/\/conexion23.com\/#organization","name":"Conexion 23","url":"https:\/\/conexion23.com\/","logo":{"@type":"ImageObject","inLanguage":"es","@id":"https:\/\/conexion23.com\/#\/schema\/logo\/image\/","url":"https:\/\/conexion23.com\/wp-content\/uploads\/2021\/11\/Diseno-sin-titulo-2.png","contentUrl":"https:\/\/conexion23.com\/wp-content\/uploads\/2021\/11\/Diseno-sin-titulo-2.png","width":541,"height":90,"caption":"Conexion 23"},"image":{"@id":"https:\/\/conexion23.com\/#\/schema\/logo\/image\/"},"sameAs":["https:\/\/www.facebook.com\/conexion23com","https:\/\/www.instagram.com\/conexion23com\/","https:\/\/www.youtube.com\/channel\/UCYc7vxxFZMYLIHNsHHxPZ3Q"]},{"@type":"Person","@id":"https:\/\/conexion23.com\/#\/schema\/person\/5d6d767819503a4603e9fd070ecf3ac6","name":"Raffy Ben\u00edtez","image":{"@type":"ImageObject","inLanguage":"es","@id":"https:\/\/secure.gravatar.com\/avatar\/3190a6a6c5e1b0327500f7d6c56b6242472ee6cb974cf09b401ee6b3b0798f23?s=96&d=mm&r=g","url":"https:\/\/secure.gravatar.com\/avatar\/3190a6a6c5e1b0327500f7d6c56b6242472ee6cb974cf09b401ee6b3b0798f23?s=96&d=mm&r=g","contentUrl":"https:\/\/secure.gravatar.com\/avatar\/3190a6a6c5e1b0327500f7d6c56b6242472ee6cb974cf09b401ee6b3b0798f23?s=96&d=mm&r=g","caption":"Raffy Ben\u00edtez"},"url":"https:\/\/conexion23.com\/?author=15"}]}},"_links":{"self":[{"href":"https:\/\/conexion23.com\/index.php?rest_route=\/wp\/v2\/posts\/18412","targetHints":{"allow":["GET"]}}],"collection":[{"href":"https:\/\/conexion23.com\/index.php?rest_route=\/wp\/v2\/posts"}],"about":[{"href":"https:\/\/conexion23.com\/index.php?rest_route=\/wp\/v2\/types\/post"}],"author":[{"embeddable":true,"href":"https:\/\/conexion23.com\/index.php?rest_route=\/wp\/v2\/users\/15"}],"replies":[{"embeddable":true,"href":"https:\/\/conexion23.com\/index.php?rest_route=%2Fwp%2Fv2%2Fcomments&post=18412"}],"version-history":[{"count":1,"href":"https:\/\/conexion23.com\/index.php?rest_route=\/wp\/v2\/posts\/18412\/revisions"}],"predecessor-version":[{"id":18414,"href":"https:\/\/conexion23.com\/index.php?rest_route=\/wp\/v2\/posts\/18412\/revisions\/18414"}],"wp:featuredmedia":[{"embeddable":true,"href":"https:\/\/conexion23.com\/index.php?rest_route=\/wp\/v2\/media\/18413"}],"wp:attachment":[{"href":"https:\/\/conexion23.com\/index.php?rest_route=%2Fwp%2Fv2%2Fmedia&parent=18412"}],"wp:term":[{"taxonomy":"category","embeddable":true,"href":"https:\/\/conexion23.com\/index.php?rest_route=%2Fwp%2Fv2%2Fcategories&post=18412"},{"taxonomy":"post_tag","embeddable":true,"href":"https:\/\/conexion23.com\/index.php?rest_route=%2Fwp%2Fv2%2Ftags&post=18412"}],"curies":[{"name":"wp","href":"https:\/\/api.w.org\/{rel}","templated":true}]}}