{"id":18427,"date":"2023-06-28T08:00:47","date_gmt":"2023-06-28T12:00:47","guid":{"rendered":"https:\/\/conexion23.com\/?p=18427"},"modified":"2023-06-28T08:00:49","modified_gmt":"2023-06-28T12:00:49","slug":"pn-recupera-motocicletas-y-desmantela-banda-dedicada-al-despojo-de-las-mismas-en-spm","status":"publish","type":"post","link":"https:\/\/conexion23.com\/?p=18427","title":{"rendered":"PN recupera motocicletas y desmantela banda dedicada al despojo de las mismas en SPM."},"content":{"rendered":"\n<p class=\"wp-block-paragraph\">Agentes adscritos al Departamento de Recuperaci\u00f3n de Veh\u00edculos Robados del Dicrim, mediante recuperaron tres motocicletas las cuales hab\u00edan sido reportadas robadas en&nbsp; distintas fechas y sectores&nbsp; de esta ciudad.<\/p>\n\n\n\n<p class=\"wp-block-paragraph\">Por el hecho fueron apresados&nbsp; Elvis Zorrilla Tiburcio (a) Negro, de 22 a\u00f1os y Rainel Tolentino Ram\u00edrez (a) Cristian, de 21 a\u00f1os,&nbsp; ambos residentes en Barrio Lindo. Los mismos est\u00e1n siendo acusados de ser los responsables de realizar el despojo de estas motocicletas.<\/p>\n\n\n\n<p class=\"wp-block-paragraph\">Las motocicletas&nbsp; recuperadas fueron una Bajaj, Platina 100, color negro, la cual le hab\u00edan sido sustra\u00edda al se\u00f1or Valent\u00edn Esp\u00edritud, de su residencia en el sector Loma del Cochero en la madrugada, del d\u00eda&nbsp; 21\/06\/2023,&nbsp;<\/p>\n\n\n\n<p class=\"wp-block-paragraph\">Una Honda Lead 100, sin pl\u00e1sticos, despojada al se\u00f1or&nbsp; Jorge Luis Cesin Ventura, del interior de su residencia en el sector las Caobas, en fecha 09\/05\/2023, y la motocicleta Marca Suzuki AX 100, color azul, sustra\u00edda al Sargento Feliciano Brito, P.N., en el sector de Juan Pablo Duarte en horas de la madrugada, del d\u00eda 25\/01\/2023.<\/p>\n\n\n\n<p class=\"wp-block-paragraph\">Con el arresto de&nbsp; Elvis y Rainel&nbsp; queda desmantelada la supuesta banda dedicada al robo de motocicletas en horas de la madrugada en diferentes sectores de la ciudad.<\/p>\n\n\n\n<p class=\"wp-block-paragraph\">Los detenidos fueron enviados al Ministerio P\u00fablico para los fines legales correspondientes.<\/p>\n","protected":false},"excerpt":{"rendered":"<p>Agentes adscritos al Departamento de Recuperaci\u00f3n de Veh\u00edculos Robados del Dicrim, mediante recuperaron tres motocicletas las cuales hab\u00edan sido reportadas robadas en&nbsp; distintas fechas y sectores&nbsp; de esta ciudad. Por el hecho fueron apresados&nbsp; Elvis Zorrilla Tiburcio (a) Negro, de 22 a\u00f1os y Rainel Tolentino Ram\u00edrez (a) Cristian, de 21 a\u00f1os,&nbsp; ambos residentes en Barrio [&hellip;]<\/p>\n","protected":false},"author":15,"featured_media":18428,"comment_status":"open","ping_status":"open","sticky":false,"template":"","format":"standard","meta":{"footnotes":""},"categories":[35],"tags":[],"class_list":["post-18427","post","type-post","status-publish","format-standard","has-post-thumbnail","category-spm"],"yoast_head":"<!-- This site is optimized with the Yoast SEO plugin v27.6 - https:\/\/yoast.com\/product\/yoast-seo-wordpress\/ -->\n<title>PN recupera motocicletas y desmantela banda dedicada al despojo de las mismas en SPM. - Conexi\u00f3n 23<\/title>\n<meta name=\"robots\" content=\"index, follow, max-snippet:-1, max-image-preview:large, max-video-preview:-1\" \/>\n<link rel=\"canonical\" href=\"https:\/\/conexion23.com\/?p=18427\" \/>\n<meta property=\"og:locale\" content=\"es_ES\" \/>\n<meta property=\"og:type\" content=\"article\" \/>\n<meta property=\"og:title\" content=\"PN recupera motocicletas y desmantela banda dedicada al despojo de las mismas en SPM. - Conexi\u00f3n 23\" \/>\n<meta property=\"og:description\" content=\"Agentes adscritos al Departamento de Recuperaci\u00f3n de Veh\u00edculos Robados del Dicrim, mediante recuperaron tres motocicletas las cuales hab\u00edan sido reportadas robadas en&nbsp; distintas fechas y sectores&nbsp; de esta ciudad. Por el hecho fueron apresados&nbsp; Elvis Zorrilla Tiburcio (a) Negro, de 22 a\u00f1os y Rainel Tolentino Ram\u00edrez (a) Cristian, de 21 a\u00f1os,&nbsp; ambos residentes en Barrio [&hellip;]\" \/>\n<meta property=\"og:url\" content=\"https:\/\/conexion23.com\/?p=18427\" \/>\n<meta property=\"og:site_name\" content=\"Conexi\u00f3n 23\" \/>\n<meta property=\"article:publisher\" content=\"https:\/\/www.facebook.com\/conexion23com\" \/>\n<meta property=\"article:published_time\" content=\"2023-06-28T12:00:47+00:00\" \/>\n<meta property=\"article:modified_time\" content=\"2023-06-28T12:00:49+00:00\" \/>\n<meta property=\"og:image\" content=\"https:\/\/conexion23.com\/wp-content\/uploads\/2023\/06\/c1d1abd8-b40e-4cb3-8cbd-1cb1b2d2ce6d.jpg\" \/>\n\t<meta property=\"og:image:width\" content=\"1280\" \/>\n\t<meta property=\"og:image:height\" content=\"1280\" \/>\n\t<meta property=\"og:image:type\" content=\"image\/jpeg\" \/>\n<meta name=\"author\" content=\"Raffy Ben\u00edtez\" \/>\n<meta name=\"twitter:card\" content=\"summary_large_image\" \/>\n<meta name=\"twitter:label1\" content=\"Escrito por\" \/>\n\t<meta name=\"twitter:data1\" content=\"Raffy Ben\u00edtez\" \/>\n\t<meta name=\"twitter:label2\" content=\"Tiempo de lectura\" \/>\n\t<meta name=\"twitter:data2\" content=\"1 minuto\" \/>\n<script type=\"application\/ld+json\" class=\"yoast-schema-graph\">{\"@context\":\"https:\\\/\\\/schema.org\",\"@graph\":[{\"@type\":\"Article\",\"@id\":\"https:\\\/\\\/conexion23.com\\\/?p=18427#article\",\"isPartOf\":{\"@id\":\"https:\\\/\\\/conexion23.com\\\/?p=18427\"},\"author\":{\"name\":\"Raffy Ben\u00edtez\",\"@id\":\"https:\\\/\\\/conexion23.com\\\/#\\\/schema\\\/person\\\/03e36043331117e97a373299bbcd30a6\"},\"headline\":\"PN recupera motocicletas y desmantela banda dedicada al despojo de las mismas en SPM.\",\"datePublished\":\"2023-06-28T12:00:47+00:00\",\"dateModified\":\"2023-06-28T12:00:49+00:00\",\"mainEntityOfPage\":{\"@id\":\"https:\\\/\\\/conexion23.com\\\/?p=18427\"},\"wordCount\":238,\"commentCount\":0,\"publisher\":{\"@id\":\"https:\\\/\\\/conexion23.com\\\/#organization\"},\"image\":{\"@id\":\"https:\\\/\\\/conexion23.com\\\/?p=18427#primaryimage\"},\"thumbnailUrl\":\"https:\\\/\\\/conexion23.com\\\/wp-content\\\/uploads\\\/2023\\\/06\\\/c1d1abd8-b40e-4cb3-8cbd-1cb1b2d2ce6d.jpg\",\"articleSection\":[\"SPM\"],\"inLanguage\":\"es\",\"potentialAction\":[{\"@type\":\"CommentAction\",\"name\":\"Comment\",\"target\":[\"https:\\\/\\\/conexion23.com\\\/?p=18427#respond\"]}]},{\"@type\":\"WebPage\",\"@id\":\"https:\\\/\\\/conexion23.com\\\/?p=18427\",\"url\":\"https:\\\/\\\/conexion23.com\\\/?p=18427\",\"name\":\"PN recupera motocicletas y desmantela banda dedicada al despojo de las mismas en SPM. - Conexi\u00f3n 23\",\"isPartOf\":{\"@id\":\"https:\\\/\\\/conexion23.com\\\/#website\"},\"primaryImageOfPage\":{\"@id\":\"https:\\\/\\\/conexion23.com\\\/?p=18427#primaryimage\"},\"image\":{\"@id\":\"https:\\\/\\\/conexion23.com\\\/?p=18427#primaryimage\"},\"thumbnailUrl\":\"https:\\\/\\\/conexion23.com\\\/wp-content\\\/uploads\\\/2023\\\/06\\\/c1d1abd8-b40e-4cb3-8cbd-1cb1b2d2ce6d.jpg\",\"datePublished\":\"2023-06-28T12:00:47+00:00\",\"dateModified\":\"2023-06-28T12:00:49+00:00\",\"breadcrumb\":{\"@id\":\"https:\\\/\\\/conexion23.com\\\/?p=18427#breadcrumb\"},\"inLanguage\":\"es\",\"potentialAction\":[{\"@type\":\"ReadAction\",\"target\":[\"https:\\\/\\\/conexion23.com\\\/?p=18427\"]}]},{\"@type\":\"ImageObject\",\"inLanguage\":\"es\",\"@id\":\"https:\\\/\\\/conexion23.com\\\/?p=18427#primaryimage\",\"url\":\"https:\\\/\\\/conexion23.com\\\/wp-content\\\/uploads\\\/2023\\\/06\\\/c1d1abd8-b40e-4cb3-8cbd-1cb1b2d2ce6d.jpg\",\"contentUrl\":\"https:\\\/\\\/conexion23.com\\\/wp-content\\\/uploads\\\/2023\\\/06\\\/c1d1abd8-b40e-4cb3-8cbd-1cb1b2d2ce6d.jpg\",\"width\":1280,\"height\":1280},{\"@type\":\"BreadcrumbList\",\"@id\":\"https:\\\/\\\/conexion23.com\\\/?p=18427#breadcrumb\",\"itemListElement\":[{\"@type\":\"ListItem\",\"position\":1,\"name\":\"Portada\",\"item\":\"https:\\\/\\\/conexion23.com\\\/\"},{\"@type\":\"ListItem\",\"position\":2,\"name\":\"PN recupera motocicletas y desmantela banda dedicada al despojo de las mismas en SPM.\"}]},{\"@type\":\"WebSite\",\"@id\":\"https:\\\/\\\/conexion23.com\\\/#website\",\"url\":\"https:\\\/\\\/conexion23.com\\\/\",\"name\":\"Conexi\u00f3n 23\",\"description\":\"Peri\u00f3dico 100% Petromacorisano\",\"publisher\":{\"@id\":\"https:\\\/\\\/conexion23.com\\\/#organization\"},\"potentialAction\":[{\"@type\":\"SearchAction\",\"target\":{\"@type\":\"EntryPoint\",\"urlTemplate\":\"https:\\\/\\\/conexion23.com\\\/?s={search_term_string}\"},\"query-input\":{\"@type\":\"PropertyValueSpecification\",\"valueRequired\":true,\"valueName\":\"search_term_string\"}}],\"inLanguage\":\"es\"},{\"@type\":\"Organization\",\"@id\":\"https:\\\/\\\/conexion23.com\\\/#organization\",\"name\":\"Conexion 23\",\"url\":\"https:\\\/\\\/conexion23.com\\\/\",\"logo\":{\"@type\":\"ImageObject\",\"inLanguage\":\"es\",\"@id\":\"https:\\\/\\\/conexion23.com\\\/#\\\/schema\\\/logo\\\/image\\\/\",\"url\":\"https:\\\/\\\/conexion23.com\\\/wp-content\\\/uploads\\\/2021\\\/11\\\/Diseno-sin-titulo-2.png\",\"contentUrl\":\"https:\\\/\\\/conexion23.com\\\/wp-content\\\/uploads\\\/2021\\\/11\\\/Diseno-sin-titulo-2.png\",\"width\":541,\"height\":90,\"caption\":\"Conexion 23\"},\"image\":{\"@id\":\"https:\\\/\\\/conexion23.com\\\/#\\\/schema\\\/logo\\\/image\\\/\"},\"sameAs\":[\"https:\\\/\\\/www.facebook.com\\\/conexion23com\",\"https:\\\/\\\/www.instagram.com\\\/conexion23com\\\/\",\"https:\\\/\\\/www.youtube.com\\\/channel\\\/UCYc7vxxFZMYLIHNsHHxPZ3Q\"]},{\"@type\":\"Person\",\"@id\":\"https:\\\/\\\/conexion23.com\\\/#\\\/schema\\\/person\\\/03e36043331117e97a373299bbcd30a6\",\"name\":\"Raffy Ben\u00edtez\",\"image\":{\"@type\":\"ImageObject\",\"inLanguage\":\"es\",\"@id\":\"https:\\\/\\\/secure.gravatar.com\\\/avatar\\\/3190a6a6c5e1b0327500f7d6c56b6242472ee6cb974cf09b401ee6b3b0798f23?s=96&d=mm&r=g\",\"url\":\"https:\\\/\\\/secure.gravatar.com\\\/avatar\\\/3190a6a6c5e1b0327500f7d6c56b6242472ee6cb974cf09b401ee6b3b0798f23?s=96&d=mm&r=g\",\"contentUrl\":\"https:\\\/\\\/secure.gravatar.com\\\/avatar\\\/3190a6a6c5e1b0327500f7d6c56b6242472ee6cb974cf09b401ee6b3b0798f23?s=96&d=mm&r=g\",\"caption\":\"Raffy Ben\u00edtez\"},\"url\":\"https:\\\/\\\/conexion23.com\\\/?author=15\"}]}<\/script>\n<!-- \/ Yoast SEO plugin. -->","yoast_head_json":{"title":"PN recupera motocicletas y desmantela banda dedicada al despojo de las mismas en SPM. - Conexi\u00f3n 23","robots":{"index":"index","follow":"follow","max-snippet":"max-snippet:-1","max-image-preview":"max-image-preview:large","max-video-preview":"max-video-preview:-1"},"canonical":"https:\/\/conexion23.com\/?p=18427","og_locale":"es_ES","og_type":"article","og_title":"PN recupera motocicletas y desmantela banda dedicada al despojo de las mismas en SPM. - Conexi\u00f3n 23","og_description":"Agentes adscritos al Departamento de Recuperaci\u00f3n de Veh\u00edculos Robados del Dicrim, mediante recuperaron tres motocicletas las cuales hab\u00edan sido reportadas robadas en&nbsp; distintas fechas y sectores&nbsp; de esta ciudad. Por el hecho fueron apresados&nbsp; Elvis Zorrilla Tiburcio (a) Negro, de 22 a\u00f1os y Rainel Tolentino Ram\u00edrez (a) Cristian, de 21 a\u00f1os,&nbsp; ambos residentes en Barrio [&hellip;]","og_url":"https:\/\/conexion23.com\/?p=18427","og_site_name":"Conexi\u00f3n 23","article_publisher":"https:\/\/www.facebook.com\/conexion23com","article_published_time":"2023-06-28T12:00:47+00:00","article_modified_time":"2023-06-28T12:00:49+00:00","og_image":[{"width":1280,"height":1280,"url":"https:\/\/conexion23.com\/wp-content\/uploads\/2023\/06\/c1d1abd8-b40e-4cb3-8cbd-1cb1b2d2ce6d.jpg","type":"image\/jpeg"}],"author":"Raffy Ben\u00edtez","twitter_card":"summary_large_image","twitter_misc":{"Escrito por":"Raffy Ben\u00edtez","Tiempo de lectura":"1 minuto"},"schema":{"@context":"https:\/\/schema.org","@graph":[{"@type":"Article","@id":"https:\/\/conexion23.com\/?p=18427#article","isPartOf":{"@id":"https:\/\/conexion23.com\/?p=18427"},"author":{"name":"Raffy Ben\u00edtez","@id":"https:\/\/conexion23.com\/#\/schema\/person\/03e36043331117e97a373299bbcd30a6"},"headline":"PN recupera motocicletas y desmantela banda dedicada al despojo de las mismas en SPM.","datePublished":"2023-06-28T12:00:47+00:00","dateModified":"2023-06-28T12:00:49+00:00","mainEntityOfPage":{"@id":"https:\/\/conexion23.com\/?p=18427"},"wordCount":238,"commentCount":0,"publisher":{"@id":"https:\/\/conexion23.com\/#organization"},"image":{"@id":"https:\/\/conexion23.com\/?p=18427#primaryimage"},"thumbnailUrl":"https:\/\/conexion23.com\/wp-content\/uploads\/2023\/06\/c1d1abd8-b40e-4cb3-8cbd-1cb1b2d2ce6d.jpg","articleSection":["SPM"],"inLanguage":"es","potentialAction":[{"@type":"CommentAction","name":"Comment","target":["https:\/\/conexion23.com\/?p=18427#respond"]}]},{"@type":"WebPage","@id":"https:\/\/conexion23.com\/?p=18427","url":"https:\/\/conexion23.com\/?p=18427","name":"PN recupera motocicletas y desmantela banda dedicada al despojo de las mismas en SPM. - Conexi\u00f3n 23","isPartOf":{"@id":"https:\/\/conexion23.com\/#website"},"primaryImageOfPage":{"@id":"https:\/\/conexion23.com\/?p=18427#primaryimage"},"image":{"@id":"https:\/\/conexion23.com\/?p=18427#primaryimage"},"thumbnailUrl":"https:\/\/conexion23.com\/wp-content\/uploads\/2023\/06\/c1d1abd8-b40e-4cb3-8cbd-1cb1b2d2ce6d.jpg","datePublished":"2023-06-28T12:00:47+00:00","dateModified":"2023-06-28T12:00:49+00:00","breadcrumb":{"@id":"https:\/\/conexion23.com\/?p=18427#breadcrumb"},"inLanguage":"es","potentialAction":[{"@type":"ReadAction","target":["https:\/\/conexion23.com\/?p=18427"]}]},{"@type":"ImageObject","inLanguage":"es","@id":"https:\/\/conexion23.com\/?p=18427#primaryimage","url":"https:\/\/conexion23.com\/wp-content\/uploads\/2023\/06\/c1d1abd8-b40e-4cb3-8cbd-1cb1b2d2ce6d.jpg","contentUrl":"https:\/\/conexion23.com\/wp-content\/uploads\/2023\/06\/c1d1abd8-b40e-4cb3-8cbd-1cb1b2d2ce6d.jpg","width":1280,"height":1280},{"@type":"BreadcrumbList","@id":"https:\/\/conexion23.com\/?p=18427#breadcrumb","itemListElement":[{"@type":"ListItem","position":1,"name":"Portada","item":"https:\/\/conexion23.com\/"},{"@type":"ListItem","position":2,"name":"PN recupera motocicletas y desmantela banda dedicada al despojo de las mismas en SPM."}]},{"@type":"WebSite","@id":"https:\/\/conexion23.com\/#website","url":"https:\/\/conexion23.com\/","name":"Conexi\u00f3n 23","description":"Peri\u00f3dico 100% Petromacorisano","publisher":{"@id":"https:\/\/conexion23.com\/#organization"},"potentialAction":[{"@type":"SearchAction","target":{"@type":"EntryPoint","urlTemplate":"https:\/\/conexion23.com\/?s={search_term_string}"},"query-input":{"@type":"PropertyValueSpecification","valueRequired":true,"valueName":"search_term_string"}}],"inLanguage":"es"},{"@type":"Organization","@id":"https:\/\/conexion23.com\/#organization","name":"Conexion 23","url":"https:\/\/conexion23.com\/","logo":{"@type":"ImageObject","inLanguage":"es","@id":"https:\/\/conexion23.com\/#\/schema\/logo\/image\/","url":"https:\/\/conexion23.com\/wp-content\/uploads\/2021\/11\/Diseno-sin-titulo-2.png","contentUrl":"https:\/\/conexion23.com\/wp-content\/uploads\/2021\/11\/Diseno-sin-titulo-2.png","width":541,"height":90,"caption":"Conexion 23"},"image":{"@id":"https:\/\/conexion23.com\/#\/schema\/logo\/image\/"},"sameAs":["https:\/\/www.facebook.com\/conexion23com","https:\/\/www.instagram.com\/conexion23com\/","https:\/\/www.youtube.com\/channel\/UCYc7vxxFZMYLIHNsHHxPZ3Q"]},{"@type":"Person","@id":"https:\/\/conexion23.com\/#\/schema\/person\/03e36043331117e97a373299bbcd30a6","name":"Raffy Ben\u00edtez","image":{"@type":"ImageObject","inLanguage":"es","@id":"https:\/\/secure.gravatar.com\/avatar\/3190a6a6c5e1b0327500f7d6c56b6242472ee6cb974cf09b401ee6b3b0798f23?s=96&d=mm&r=g","url":"https:\/\/secure.gravatar.com\/avatar\/3190a6a6c5e1b0327500f7d6c56b6242472ee6cb974cf09b401ee6b3b0798f23?s=96&d=mm&r=g","contentUrl":"https:\/\/secure.gravatar.com\/avatar\/3190a6a6c5e1b0327500f7d6c56b6242472ee6cb974cf09b401ee6b3b0798f23?s=96&d=mm&r=g","caption":"Raffy Ben\u00edtez"},"url":"https:\/\/conexion23.com\/?author=15"}]}},"_links":{"self":[{"href":"https:\/\/conexion23.com\/index.php?rest_route=\/wp\/v2\/posts\/18427","targetHints":{"allow":["GET"]}}],"collection":[{"href":"https:\/\/conexion23.com\/index.php?rest_route=\/wp\/v2\/posts"}],"about":[{"href":"https:\/\/conexion23.com\/index.php?rest_route=\/wp\/v2\/types\/post"}],"author":[{"embeddable":true,"href":"https:\/\/conexion23.com\/index.php?rest_route=\/wp\/v2\/users\/15"}],"replies":[{"embeddable":true,"href":"https:\/\/conexion23.com\/index.php?rest_route=%2Fwp%2Fv2%2Fcomments&post=18427"}],"version-history":[{"count":1,"href":"https:\/\/conexion23.com\/index.php?rest_route=\/wp\/v2\/posts\/18427\/revisions"}],"predecessor-version":[{"id":18429,"href":"https:\/\/conexion23.com\/index.php?rest_route=\/wp\/v2\/posts\/18427\/revisions\/18429"}],"wp:featuredmedia":[{"embeddable":true,"href":"https:\/\/conexion23.com\/index.php?rest_route=\/wp\/v2\/media\/18428"}],"wp:attachment":[{"href":"https:\/\/conexion23.com\/index.php?rest_route=%2Fwp%2Fv2%2Fmedia&parent=18427"}],"wp:term":[{"taxonomy":"category","embeddable":true,"href":"https:\/\/conexion23.com\/index.php?rest_route=%2Fwp%2Fv2%2Fcategories&post=18427"},{"taxonomy":"post_tag","embeddable":true,"href":"https:\/\/conexion23.com\/index.php?rest_route=%2Fwp%2Fv2%2Ftags&post=18427"}],"curies":[{"name":"wp","href":"https:\/\/api.w.org\/{rel}","templated":true}]}}