{"id":18479,"date":"2023-06-29T07:54:45","date_gmt":"2023-06-29T11:54:45","guid":{"rendered":"https:\/\/conexion23.com\/?p=18479"},"modified":"2023-06-29T07:54:48","modified_gmt":"2023-06-29T11:54:48","slug":"hombre-choca-motocicleta-con-puerta-de-carro-en-spm","status":"publish","type":"post","link":"https:\/\/conexion23.com\/?p=18479","title":{"rendered":"Hombre choca motocicleta con puerta de carro en SPM."},"content":{"rendered":"\n<p>Un hombre fue llevado al hospital Regional Doctor Antonio Musa de San Pedro de Macor\u00eds, luego de chocar la motocicleta que conduc\u00eda con la puerta de un carro en la calle S\u00e1nchez de esta ciudad.<\/p>\n\n\n\n<p>Se trata de Natalio Jos\u00e9 Mej\u00eda Cede\u00f1o de 37 a\u00f1os, con residencia en el barrio Placer Bonito.<\/p>\n\n\n\n<p>El mismo result\u00f3 con trauma y laceraciones en diversas partes de su cuerpo.<\/p>\n","protected":false},"excerpt":{"rendered":"<p>Un hombre fue llevado al hospital Regional Doctor Antonio Musa de San Pedro de Macor\u00eds, luego de chocar la motocicleta que conduc\u00eda con la puerta de un carro en la calle S\u00e1nchez de esta ciudad. Se trata de Natalio Jos\u00e9 Mej\u00eda Cede\u00f1o de 37 a\u00f1os, con residencia en el barrio Placer Bonito. El mismo result\u00f3 [&hellip;]<\/p>\n","protected":false},"author":15,"featured_media":18480,"comment_status":"open","ping_status":"open","sticky":false,"template":"","format":"standard","meta":{"footnotes":""},"categories":[35],"tags":[],"class_list":{"0":"post-18479","1":"post","2":"type-post","3":"status-publish","4":"format-standard","5":"has-post-thumbnail","7":"category-spm"},"yoast_head":"<!-- This site is optimized with the Yoast SEO plugin v27.1.1 - https:\/\/yoast.com\/product\/yoast-seo-wordpress\/ -->\n<title>Hombre choca motocicleta con puerta de carro en SPM. - Conexi\u00f3n 23<\/title>\n<meta name=\"robots\" content=\"index, follow, max-snippet:-1, max-image-preview:large, max-video-preview:-1\" \/>\n<link rel=\"canonical\" href=\"https:\/\/conexion23.com\/?p=18479\" \/>\n<meta property=\"og:locale\" content=\"es_ES\" \/>\n<meta property=\"og:type\" content=\"article\" \/>\n<meta property=\"og:title\" content=\"Hombre choca motocicleta con puerta de carro en SPM. - Conexi\u00f3n 23\" \/>\n<meta property=\"og:description\" content=\"Un hombre fue llevado al hospital Regional Doctor Antonio Musa de San Pedro de Macor\u00eds, luego de chocar la motocicleta que conduc\u00eda con la puerta de un carro en la calle S\u00e1nchez de esta ciudad. Se trata de Natalio Jos\u00e9 Mej\u00eda Cede\u00f1o de 37 a\u00f1os, con residencia en el barrio Placer Bonito. El mismo result\u00f3 [&hellip;]\" \/>\n<meta property=\"og:url\" content=\"https:\/\/conexion23.com\/?p=18479\" \/>\n<meta property=\"og:site_name\" content=\"Conexi\u00f3n 23\" \/>\n<meta property=\"article:publisher\" content=\"https:\/\/www.facebook.com\/conexion23com\" \/>\n<meta property=\"article:published_time\" content=\"2023-06-29T11:54:45+00:00\" \/>\n<meta property=\"article:modified_time\" content=\"2023-06-29T11:54:48+00:00\" \/>\n<meta property=\"og:image\" content=\"https:\/\/conexion23.com\/wp-content\/uploads\/2023\/06\/download-28.jpg\" \/>\n\t<meta property=\"og:image:width\" content=\"262\" \/>\n\t<meta property=\"og:image:height\" content=\"192\" \/>\n\t<meta property=\"og:image:type\" content=\"image\/jpeg\" \/>\n<meta name=\"author\" content=\"Raffy Ben\u00edtez\" \/>\n<meta name=\"twitter:card\" content=\"summary_large_image\" \/>\n<meta name=\"twitter:label1\" content=\"Escrito por\" \/>\n\t<meta name=\"twitter:data1\" content=\"Raffy Ben\u00edtez\" \/>\n\t<meta name=\"twitter:label2\" content=\"Tiempo de lectura\" \/>\n\t<meta name=\"twitter:data2\" content=\"1 minuto\" \/>\n<script type=\"application\/ld+json\" class=\"yoast-schema-graph\">{\"@context\":\"https:\/\/schema.org\",\"@graph\":[{\"@type\":\"Article\",\"@id\":\"https:\/\/conexion23.com\/?p=18479#article\",\"isPartOf\":{\"@id\":\"https:\/\/conexion23.com\/?p=18479\"},\"author\":{\"name\":\"Raffy Ben\u00edtez\",\"@id\":\"https:\/\/conexion23.com\/#\/schema\/person\/03e36043331117e97a373299bbcd30a6\"},\"headline\":\"Hombre choca motocicleta con puerta de carro en SPM.\",\"datePublished\":\"2023-06-29T11:54:45+00:00\",\"dateModified\":\"2023-06-29T11:54:48+00:00\",\"mainEntityOfPage\":{\"@id\":\"https:\/\/conexion23.com\/?p=18479\"},\"wordCount\":79,\"commentCount\":0,\"publisher\":{\"@id\":\"https:\/\/conexion23.com\/#organization\"},\"image\":{\"@id\":\"https:\/\/conexion23.com\/?p=18479#primaryimage\"},\"thumbnailUrl\":\"https:\/\/conexion23.com\/wp-content\/uploads\/2023\/06\/download-28.jpg\",\"articleSection\":[\"SPM\"],\"inLanguage\":\"es\",\"potentialAction\":[{\"@type\":\"CommentAction\",\"name\":\"Comment\",\"target\":[\"https:\/\/conexion23.com\/?p=18479#respond\"]}]},{\"@type\":\"WebPage\",\"@id\":\"https:\/\/conexion23.com\/?p=18479\",\"url\":\"https:\/\/conexion23.com\/?p=18479\",\"name\":\"Hombre choca motocicleta con puerta de carro en SPM. - Conexi\u00f3n 23\",\"isPartOf\":{\"@id\":\"https:\/\/conexion23.com\/#website\"},\"primaryImageOfPage\":{\"@id\":\"https:\/\/conexion23.com\/?p=18479#primaryimage\"},\"image\":{\"@id\":\"https:\/\/conexion23.com\/?p=18479#primaryimage\"},\"thumbnailUrl\":\"https:\/\/conexion23.com\/wp-content\/uploads\/2023\/06\/download-28.jpg\",\"datePublished\":\"2023-06-29T11:54:45+00:00\",\"dateModified\":\"2023-06-29T11:54:48+00:00\",\"breadcrumb\":{\"@id\":\"https:\/\/conexion23.com\/?p=18479#breadcrumb\"},\"inLanguage\":\"es\",\"potentialAction\":[{\"@type\":\"ReadAction\",\"target\":[\"https:\/\/conexion23.com\/?p=18479\"]}]},{\"@type\":\"ImageObject\",\"inLanguage\":\"es\",\"@id\":\"https:\/\/conexion23.com\/?p=18479#primaryimage\",\"url\":\"https:\/\/conexion23.com\/wp-content\/uploads\/2023\/06\/download-28.jpg\",\"contentUrl\":\"https:\/\/conexion23.com\/wp-content\/uploads\/2023\/06\/download-28.jpg\",\"width\":262,\"height\":192},{\"@type\":\"BreadcrumbList\",\"@id\":\"https:\/\/conexion23.com\/?p=18479#breadcrumb\",\"itemListElement\":[{\"@type\":\"ListItem\",\"position\":1,\"name\":\"Portada\",\"item\":\"https:\/\/conexion23.com\/\"},{\"@type\":\"ListItem\",\"position\":2,\"name\":\"Hombre choca motocicleta con puerta de carro en SPM.\"}]},{\"@type\":\"WebSite\",\"@id\":\"https:\/\/conexion23.com\/#website\",\"url\":\"https:\/\/conexion23.com\/\",\"name\":\"Conexi\u00f3n 23\",\"description\":\"Peri\u00f3dico 100% Petromacorisano\",\"publisher\":{\"@id\":\"https:\/\/conexion23.com\/#organization\"},\"potentialAction\":[{\"@type\":\"SearchAction\",\"target\":{\"@type\":\"EntryPoint\",\"urlTemplate\":\"https:\/\/conexion23.com\/?s={search_term_string}\"},\"query-input\":{\"@type\":\"PropertyValueSpecification\",\"valueRequired\":true,\"valueName\":\"search_term_string\"}}],\"inLanguage\":\"es\"},{\"@type\":\"Organization\",\"@id\":\"https:\/\/conexion23.com\/#organization\",\"name\":\"Conexion 23\",\"url\":\"https:\/\/conexion23.com\/\",\"logo\":{\"@type\":\"ImageObject\",\"inLanguage\":\"es\",\"@id\":\"https:\/\/conexion23.com\/#\/schema\/logo\/image\/\",\"url\":\"https:\/\/conexion23.com\/wp-content\/uploads\/2021\/11\/Diseno-sin-titulo-2.png\",\"contentUrl\":\"https:\/\/conexion23.com\/wp-content\/uploads\/2021\/11\/Diseno-sin-titulo-2.png\",\"width\":541,\"height\":90,\"caption\":\"Conexion 23\"},\"image\":{\"@id\":\"https:\/\/conexion23.com\/#\/schema\/logo\/image\/\"},\"sameAs\":[\"https:\/\/www.facebook.com\/conexion23com\",\"https:\/\/www.instagram.com\/conexion23com\/\",\"https:\/\/www.youtube.com\/channel\/UCYc7vxxFZMYLIHNsHHxPZ3Q\"]},{\"@type\":\"Person\",\"@id\":\"https:\/\/conexion23.com\/#\/schema\/person\/03e36043331117e97a373299bbcd30a6\",\"name\":\"Raffy Ben\u00edtez\",\"image\":{\"@type\":\"ImageObject\",\"inLanguage\":\"es\",\"@id\":\"https:\/\/conexion23.com\/#\/schema\/person\/image\/\",\"url\":\"https:\/\/secure.gravatar.com\/avatar\/3190a6a6c5e1b0327500f7d6c56b6242472ee6cb974cf09b401ee6b3b0798f23?s=96&d=mm&r=g\",\"contentUrl\":\"https:\/\/secure.gravatar.com\/avatar\/3190a6a6c5e1b0327500f7d6c56b6242472ee6cb974cf09b401ee6b3b0798f23?s=96&d=mm&r=g\",\"caption\":\"Raffy Ben\u00edtez\"},\"url\":\"https:\/\/conexion23.com\/?author=15\"}]}<\/script>\n<!-- \/ Yoast SEO plugin. -->","yoast_head_json":{"title":"Hombre choca motocicleta con puerta de carro en SPM. - Conexi\u00f3n 23","robots":{"index":"index","follow":"follow","max-snippet":"max-snippet:-1","max-image-preview":"max-image-preview:large","max-video-preview":"max-video-preview:-1"},"canonical":"https:\/\/conexion23.com\/?p=18479","og_locale":"es_ES","og_type":"article","og_title":"Hombre choca motocicleta con puerta de carro en SPM. - Conexi\u00f3n 23","og_description":"Un hombre fue llevado al hospital Regional Doctor Antonio Musa de San Pedro de Macor\u00eds, luego de chocar la motocicleta que conduc\u00eda con la puerta de un carro en la calle S\u00e1nchez de esta ciudad. Se trata de Natalio Jos\u00e9 Mej\u00eda Cede\u00f1o de 37 a\u00f1os, con residencia en el barrio Placer Bonito. El mismo result\u00f3 [&hellip;]","og_url":"https:\/\/conexion23.com\/?p=18479","og_site_name":"Conexi\u00f3n 23","article_publisher":"https:\/\/www.facebook.com\/conexion23com","article_published_time":"2023-06-29T11:54:45+00:00","article_modified_time":"2023-06-29T11:54:48+00:00","og_image":[{"width":262,"height":192,"url":"https:\/\/conexion23.com\/wp-content\/uploads\/2023\/06\/download-28.jpg","type":"image\/jpeg"}],"author":"Raffy Ben\u00edtez","twitter_card":"summary_large_image","twitter_misc":{"Escrito por":"Raffy Ben\u00edtez","Tiempo de lectura":"1 minuto"},"schema":{"@context":"https:\/\/schema.org","@graph":[{"@type":"Article","@id":"https:\/\/conexion23.com\/?p=18479#article","isPartOf":{"@id":"https:\/\/conexion23.com\/?p=18479"},"author":{"name":"Raffy Ben\u00edtez","@id":"https:\/\/conexion23.com\/#\/schema\/person\/03e36043331117e97a373299bbcd30a6"},"headline":"Hombre choca motocicleta con puerta de carro en SPM.","datePublished":"2023-06-29T11:54:45+00:00","dateModified":"2023-06-29T11:54:48+00:00","mainEntityOfPage":{"@id":"https:\/\/conexion23.com\/?p=18479"},"wordCount":79,"commentCount":0,"publisher":{"@id":"https:\/\/conexion23.com\/#organization"},"image":{"@id":"https:\/\/conexion23.com\/?p=18479#primaryimage"},"thumbnailUrl":"https:\/\/conexion23.com\/wp-content\/uploads\/2023\/06\/download-28.jpg","articleSection":["SPM"],"inLanguage":"es","potentialAction":[{"@type":"CommentAction","name":"Comment","target":["https:\/\/conexion23.com\/?p=18479#respond"]}]},{"@type":"WebPage","@id":"https:\/\/conexion23.com\/?p=18479","url":"https:\/\/conexion23.com\/?p=18479","name":"Hombre choca motocicleta con puerta de carro en SPM. - Conexi\u00f3n 23","isPartOf":{"@id":"https:\/\/conexion23.com\/#website"},"primaryImageOfPage":{"@id":"https:\/\/conexion23.com\/?p=18479#primaryimage"},"image":{"@id":"https:\/\/conexion23.com\/?p=18479#primaryimage"},"thumbnailUrl":"https:\/\/conexion23.com\/wp-content\/uploads\/2023\/06\/download-28.jpg","datePublished":"2023-06-29T11:54:45+00:00","dateModified":"2023-06-29T11:54:48+00:00","breadcrumb":{"@id":"https:\/\/conexion23.com\/?p=18479#breadcrumb"},"inLanguage":"es","potentialAction":[{"@type":"ReadAction","target":["https:\/\/conexion23.com\/?p=18479"]}]},{"@type":"ImageObject","inLanguage":"es","@id":"https:\/\/conexion23.com\/?p=18479#primaryimage","url":"https:\/\/conexion23.com\/wp-content\/uploads\/2023\/06\/download-28.jpg","contentUrl":"https:\/\/conexion23.com\/wp-content\/uploads\/2023\/06\/download-28.jpg","width":262,"height":192},{"@type":"BreadcrumbList","@id":"https:\/\/conexion23.com\/?p=18479#breadcrumb","itemListElement":[{"@type":"ListItem","position":1,"name":"Portada","item":"https:\/\/conexion23.com\/"},{"@type":"ListItem","position":2,"name":"Hombre choca motocicleta con puerta de carro en SPM."}]},{"@type":"WebSite","@id":"https:\/\/conexion23.com\/#website","url":"https:\/\/conexion23.com\/","name":"Conexi\u00f3n 23","description":"Peri\u00f3dico 100% Petromacorisano","publisher":{"@id":"https:\/\/conexion23.com\/#organization"},"potentialAction":[{"@type":"SearchAction","target":{"@type":"EntryPoint","urlTemplate":"https:\/\/conexion23.com\/?s={search_term_string}"},"query-input":{"@type":"PropertyValueSpecification","valueRequired":true,"valueName":"search_term_string"}}],"inLanguage":"es"},{"@type":"Organization","@id":"https:\/\/conexion23.com\/#organization","name":"Conexion 23","url":"https:\/\/conexion23.com\/","logo":{"@type":"ImageObject","inLanguage":"es","@id":"https:\/\/conexion23.com\/#\/schema\/logo\/image\/","url":"https:\/\/conexion23.com\/wp-content\/uploads\/2021\/11\/Diseno-sin-titulo-2.png","contentUrl":"https:\/\/conexion23.com\/wp-content\/uploads\/2021\/11\/Diseno-sin-titulo-2.png","width":541,"height":90,"caption":"Conexion 23"},"image":{"@id":"https:\/\/conexion23.com\/#\/schema\/logo\/image\/"},"sameAs":["https:\/\/www.facebook.com\/conexion23com","https:\/\/www.instagram.com\/conexion23com\/","https:\/\/www.youtube.com\/channel\/UCYc7vxxFZMYLIHNsHHxPZ3Q"]},{"@type":"Person","@id":"https:\/\/conexion23.com\/#\/schema\/person\/03e36043331117e97a373299bbcd30a6","name":"Raffy Ben\u00edtez","image":{"@type":"ImageObject","inLanguage":"es","@id":"https:\/\/conexion23.com\/#\/schema\/person\/image\/","url":"https:\/\/secure.gravatar.com\/avatar\/3190a6a6c5e1b0327500f7d6c56b6242472ee6cb974cf09b401ee6b3b0798f23?s=96&d=mm&r=g","contentUrl":"https:\/\/secure.gravatar.com\/avatar\/3190a6a6c5e1b0327500f7d6c56b6242472ee6cb974cf09b401ee6b3b0798f23?s=96&d=mm&r=g","caption":"Raffy Ben\u00edtez"},"url":"https:\/\/conexion23.com\/?author=15"}]}},"_links":{"self":[{"href":"https:\/\/conexion23.com\/index.php?rest_route=\/wp\/v2\/posts\/18479","targetHints":{"allow":["GET"]}}],"collection":[{"href":"https:\/\/conexion23.com\/index.php?rest_route=\/wp\/v2\/posts"}],"about":[{"href":"https:\/\/conexion23.com\/index.php?rest_route=\/wp\/v2\/types\/post"}],"author":[{"embeddable":true,"href":"https:\/\/conexion23.com\/index.php?rest_route=\/wp\/v2\/users\/15"}],"replies":[{"embeddable":true,"href":"https:\/\/conexion23.com\/index.php?rest_route=%2Fwp%2Fv2%2Fcomments&post=18479"}],"version-history":[{"count":1,"href":"https:\/\/conexion23.com\/index.php?rest_route=\/wp\/v2\/posts\/18479\/revisions"}],"predecessor-version":[{"id":18481,"href":"https:\/\/conexion23.com\/index.php?rest_route=\/wp\/v2\/posts\/18479\/revisions\/18481"}],"wp:featuredmedia":[{"embeddable":true,"href":"https:\/\/conexion23.com\/index.php?rest_route=\/wp\/v2\/media\/18480"}],"wp:attachment":[{"href":"https:\/\/conexion23.com\/index.php?rest_route=%2Fwp%2Fv2%2Fmedia&parent=18479"}],"wp:term":[{"taxonomy":"category","embeddable":true,"href":"https:\/\/conexion23.com\/index.php?rest_route=%2Fwp%2Fv2%2Fcategories&post=18479"},{"taxonomy":"post_tag","embeddable":true,"href":"https:\/\/conexion23.com\/index.php?rest_route=%2Fwp%2Fv2%2Ftags&post=18479"}],"curies":[{"name":"wp","href":"https:\/\/api.w.org\/{rel}","templated":true}]}}