{"id":1848,"date":"2022-01-03T16:01:33","date_gmt":"2022-01-03T20:01:33","guid":{"rendered":"https:\/\/conexion23.com\/?p=1848"},"modified":"2022-01-03T16:01:38","modified_gmt":"2022-01-03T20:01:38","slug":"gobierno-incrementara-pensiones-a-mas-de-90-mil-dominicanos","status":"publish","type":"post","link":"https:\/\/conexion23.com\/?p=1848","title":{"rendered":"Gobierno incrementar\u00e1 pensiones a m\u00e1s de 90 mil dominicanos"},"content":{"rendered":"\n<p>M\u00e1s de 90,000 dominicanos ver\u00e1n incrementadas sus pensiones en virtud de nueve decretos presidenciales emitidos en los \u00faltimos d\u00edas de 2021 con el objetivo de nivelar estas retribuciones a los jubilados, inform\u00f3 este lunes el Gobierno en una ruda de prensa.<\/p>\n\n\n\n<p>\u201cHoy hemos dispuesto que con efectividad inmediata se nivele a 10,000 pesos todas la pensiones que se encuentren por debajo de dicho monto\u201d, expuso el presidente Luis Abinader, en un acto celebrado en el Palacio Nacional.<\/p>\n\n\n\n<p>Igualmente, se est\u00e1 incrementando el n\u00famero de beneficiarios, lo que supondr\u00e1 una inversi\u00f3n de 772 millones de pesos adicionales del presupuesto, lo que equivale a un aumento del 27 % con relaci\u00f3n al a\u00f1o 2021, dijo el mandatario.<\/p>\n\n\n\n<p>Uno de los decretos, firmado este lunes, beneficia con el aumento de pensiones a 4,133 afiliados al antiguo Instituto Dominicano de Seguros Sociales.<\/p>\n\n\n\n<p>El presidente record\u00f3 que la nivelaci\u00f3n ya se aplic\u00f3 a las pensiones policiales pagadas a cargo del presupuesto nacional con 145 millones de pesos adicionales, que benefician a 6,537 pensionistas de la Polic\u00eda Nacional, y tambi\u00e9n se dispusieron subsidios para los trabajadores ca\u00f1eros jubilados.<\/p>\n\n\n\n<p>Abinader destac\u00f3 la importancia del di\u00e1logo con los agentes sociales para atender juntos las demandas, \u201cpromoviendo el crecimiento con inclusi\u00f3n y distribuci\u00f3n justa, lo que nos lleva al verdadero desarrollo\u201d, dijo.<\/p>\n\n\n\n<p>\u201cSomos el pa\u00eds de la regi\u00f3n y de los primeros del mundo que m\u00e1s confianza genera para inversionistas de capital local y extranjero. Estas inversiones significan m\u00e1s trabajo para la gente, por eso hoy tenemos m\u00e1s empleo del que ten\u00edamos\u201d antes de la pandemia, afirm\u00f3.<\/p>\n\n\n\n<p>Tanto el presidente de la Asociaci\u00f3n Nacional de Pensionados del (IDSS), Emilio L\u00f3pez, como el presidente del Consejo Nacional de Unidad Sindical, Rafael Pepe Abreu, reconocieron la trascendencia de esta medida para el colectivo, al intervenir en el acto.<\/p>\n","protected":false},"excerpt":{"rendered":"<p>M\u00e1s de 90,000 dominicanos ver\u00e1n incrementadas sus pensiones en virtud de nueve decretos presidenciales emitidos en los \u00faltimos d\u00edas de 2021 con el objetivo de nivelar estas retribuciones a los jubilados, inform\u00f3 este lunes el Gobierno en una ruda de prensa. \u201cHoy hemos dispuesto que con efectividad inmediata se nivele a 10,000 pesos todas la [&hellip;]<\/p>\n","protected":false},"author":7,"featured_media":0,"comment_status":"open","ping_status":"open","sticky":false,"template":"","format":"standard","meta":{"footnotes":""},"categories":[1],"tags":[179,190],"class_list":{"0":"post-1848","1":"post","2":"type-post","3":"status-publish","4":"format-standard","6":"category-uncategorized","7":"tag-actualidad","8":"tag-luis-abinader"},"yoast_head":"<!-- This site is optimized with the Yoast SEO plugin v27.1.1 - https:\/\/yoast.com\/product\/yoast-seo-wordpress\/ -->\n<title>Gobierno incrementar\u00e1 pensiones a m\u00e1s de 90 mil dominicanos - Conexi\u00f3n 23<\/title>\n<meta name=\"description\" content=\"Uno de los decretos, firmado este lunes, beneficia con el aumento de pensiones a 4,133 afiliados al antiguo Instituto Dominicano de Seguros Sociales.\" \/>\n<meta name=\"robots\" content=\"index, follow, max-snippet:-1, max-image-preview:large, max-video-preview:-1\" \/>\n<link rel=\"canonical\" href=\"https:\/\/conexion23.com\/?p=1848\" \/>\n<meta property=\"og:locale\" content=\"es_ES\" \/>\n<meta property=\"og:type\" content=\"article\" \/>\n<meta property=\"og:title\" content=\"Gobierno incrementar\u00e1 pensiones a m\u00e1s de 90 mil dominicanos - Conexi\u00f3n 23\" \/>\n<meta property=\"og:description\" content=\"Uno de los decretos, firmado este lunes, beneficia con el aumento de pensiones a 4,133 afiliados al antiguo Instituto Dominicano de Seguros Sociales.\" \/>\n<meta property=\"og:url\" content=\"https:\/\/conexion23.com\/?p=1848\" \/>\n<meta property=\"og:site_name\" content=\"Conexi\u00f3n 23\" \/>\n<meta property=\"article:publisher\" content=\"https:\/\/www.facebook.com\/conexion23com\" \/>\n<meta property=\"article:published_time\" content=\"2022-01-03T20:01:33+00:00\" \/>\n<meta property=\"article:modified_time\" content=\"2022-01-03T20:01:38+00:00\" \/>\n<meta name=\"author\" content=\"Benjam\u00edn Rosario\" \/>\n<meta name=\"twitter:card\" content=\"summary_large_image\" \/>\n<meta name=\"twitter:label1\" content=\"Escrito por\" \/>\n\t<meta name=\"twitter:data1\" content=\"Benjam\u00edn Rosario\" \/>\n\t<meta name=\"twitter:label2\" content=\"Tiempo de lectura\" \/>\n\t<meta name=\"twitter:data2\" content=\"2 minutos\" \/>\n<script type=\"application\/ld+json\" class=\"yoast-schema-graph\">{\"@context\":\"https:\/\/schema.org\",\"@graph\":[{\"@type\":\"Article\",\"@id\":\"https:\/\/conexion23.com\/?p=1848#article\",\"isPartOf\":{\"@id\":\"https:\/\/conexion23.com\/?p=1848\"},\"author\":{\"name\":\"Benjam\u00edn Rosario\",\"@id\":\"https:\/\/conexion23.com\/#\/schema\/person\/c0b7ce1f0e7a915d08fa289072b8353a\"},\"headline\":\"Gobierno incrementar\u00e1 pensiones a m\u00e1s de 90 mil dominicanos\",\"datePublished\":\"2022-01-03T20:01:33+00:00\",\"dateModified\":\"2022-01-03T20:01:38+00:00\",\"mainEntityOfPage\":{\"@id\":\"https:\/\/conexion23.com\/?p=1848\"},\"wordCount\":318,\"commentCount\":0,\"publisher\":{\"@id\":\"https:\/\/conexion23.com\/#organization\"},\"keywords\":[\"actualidad\",\"luis abinader\"],\"articleSection\":[\"Uncategorized\"],\"inLanguage\":\"es\",\"potentialAction\":[{\"@type\":\"CommentAction\",\"name\":\"Comment\",\"target\":[\"https:\/\/conexion23.com\/?p=1848#respond\"]}]},{\"@type\":\"WebPage\",\"@id\":\"https:\/\/conexion23.com\/?p=1848\",\"url\":\"https:\/\/conexion23.com\/?p=1848\",\"name\":\"Gobierno incrementar\u00e1 pensiones a m\u00e1s de 90 mil dominicanos - Conexi\u00f3n 23\",\"isPartOf\":{\"@id\":\"https:\/\/conexion23.com\/#website\"},\"datePublished\":\"2022-01-03T20:01:33+00:00\",\"dateModified\":\"2022-01-03T20:01:38+00:00\",\"description\":\"Uno de los decretos, firmado este lunes, beneficia con el aumento de pensiones a 4,133 afiliados al antiguo Instituto Dominicano de Seguros Sociales.\",\"breadcrumb\":{\"@id\":\"https:\/\/conexion23.com\/?p=1848#breadcrumb\"},\"inLanguage\":\"es\",\"potentialAction\":[{\"@type\":\"ReadAction\",\"target\":[\"https:\/\/conexion23.com\/?p=1848\"]}]},{\"@type\":\"BreadcrumbList\",\"@id\":\"https:\/\/conexion23.com\/?p=1848#breadcrumb\",\"itemListElement\":[{\"@type\":\"ListItem\",\"position\":1,\"name\":\"Portada\",\"item\":\"https:\/\/conexion23.com\/\"},{\"@type\":\"ListItem\",\"position\":2,\"name\":\"Gobierno incrementar\u00e1 pensiones a m\u00e1s de 90 mil dominicanos\"}]},{\"@type\":\"WebSite\",\"@id\":\"https:\/\/conexion23.com\/#website\",\"url\":\"https:\/\/conexion23.com\/\",\"name\":\"Conexi\u00f3n 23\",\"description\":\"Peri\u00f3dico 100% Petromacorisano\",\"publisher\":{\"@id\":\"https:\/\/conexion23.com\/#organization\"},\"potentialAction\":[{\"@type\":\"SearchAction\",\"target\":{\"@type\":\"EntryPoint\",\"urlTemplate\":\"https:\/\/conexion23.com\/?s={search_term_string}\"},\"query-input\":{\"@type\":\"PropertyValueSpecification\",\"valueRequired\":true,\"valueName\":\"search_term_string\"}}],\"inLanguage\":\"es\"},{\"@type\":\"Organization\",\"@id\":\"https:\/\/conexion23.com\/#organization\",\"name\":\"Conexion 23\",\"url\":\"https:\/\/conexion23.com\/\",\"logo\":{\"@type\":\"ImageObject\",\"inLanguage\":\"es\",\"@id\":\"https:\/\/conexion23.com\/#\/schema\/logo\/image\/\",\"url\":\"https:\/\/conexion23.com\/wp-content\/uploads\/2021\/11\/Diseno-sin-titulo-2.png\",\"contentUrl\":\"https:\/\/conexion23.com\/wp-content\/uploads\/2021\/11\/Diseno-sin-titulo-2.png\",\"width\":541,\"height\":90,\"caption\":\"Conexion 23\"},\"image\":{\"@id\":\"https:\/\/conexion23.com\/#\/schema\/logo\/image\/\"},\"sameAs\":[\"https:\/\/www.facebook.com\/conexion23com\",\"https:\/\/www.instagram.com\/conexion23com\/\",\"https:\/\/www.youtube.com\/channel\/UCYc7vxxFZMYLIHNsHHxPZ3Q\"]},{\"@type\":\"Person\",\"@id\":\"https:\/\/conexion23.com\/#\/schema\/person\/c0b7ce1f0e7a915d08fa289072b8353a\",\"name\":\"Benjam\u00edn Rosario\",\"image\":{\"@type\":\"ImageObject\",\"inLanguage\":\"es\",\"@id\":\"https:\/\/conexion23.com\/#\/schema\/person\/image\/\",\"url\":\"https:\/\/secure.gravatar.com\/avatar\/62e1b2539b49cdeb50ee302e2a5f2bd31dc7fdba412bbac67e2a2a6e0c89bb2a?s=96&d=mm&r=g\",\"contentUrl\":\"https:\/\/secure.gravatar.com\/avatar\/62e1b2539b49cdeb50ee302e2a5f2bd31dc7fdba412bbac67e2a2a6e0c89bb2a?s=96&d=mm&r=g\",\"caption\":\"Benjam\u00edn Rosario\"},\"url\":\"https:\/\/conexion23.com\/?author=7\"}]}<\/script>\n<!-- \/ Yoast SEO plugin. -->","yoast_head_json":{"title":"Gobierno incrementar\u00e1 pensiones a m\u00e1s de 90 mil dominicanos - Conexi\u00f3n 23","description":"Uno de los decretos, firmado este lunes, beneficia con el aumento de pensiones a 4,133 afiliados al antiguo Instituto Dominicano de Seguros Sociales.","robots":{"index":"index","follow":"follow","max-snippet":"max-snippet:-1","max-image-preview":"max-image-preview:large","max-video-preview":"max-video-preview:-1"},"canonical":"https:\/\/conexion23.com\/?p=1848","og_locale":"es_ES","og_type":"article","og_title":"Gobierno incrementar\u00e1 pensiones a m\u00e1s de 90 mil dominicanos - Conexi\u00f3n 23","og_description":"Uno de los decretos, firmado este lunes, beneficia con el aumento de pensiones a 4,133 afiliados al antiguo Instituto Dominicano de Seguros Sociales.","og_url":"https:\/\/conexion23.com\/?p=1848","og_site_name":"Conexi\u00f3n 23","article_publisher":"https:\/\/www.facebook.com\/conexion23com","article_published_time":"2022-01-03T20:01:33+00:00","article_modified_time":"2022-01-03T20:01:38+00:00","author":"Benjam\u00edn Rosario","twitter_card":"summary_large_image","twitter_misc":{"Escrito por":"Benjam\u00edn Rosario","Tiempo de lectura":"2 minutos"},"schema":{"@context":"https:\/\/schema.org","@graph":[{"@type":"Article","@id":"https:\/\/conexion23.com\/?p=1848#article","isPartOf":{"@id":"https:\/\/conexion23.com\/?p=1848"},"author":{"name":"Benjam\u00edn Rosario","@id":"https:\/\/conexion23.com\/#\/schema\/person\/c0b7ce1f0e7a915d08fa289072b8353a"},"headline":"Gobierno incrementar\u00e1 pensiones a m\u00e1s de 90 mil dominicanos","datePublished":"2022-01-03T20:01:33+00:00","dateModified":"2022-01-03T20:01:38+00:00","mainEntityOfPage":{"@id":"https:\/\/conexion23.com\/?p=1848"},"wordCount":318,"commentCount":0,"publisher":{"@id":"https:\/\/conexion23.com\/#organization"},"keywords":["actualidad","luis abinader"],"articleSection":["Uncategorized"],"inLanguage":"es","potentialAction":[{"@type":"CommentAction","name":"Comment","target":["https:\/\/conexion23.com\/?p=1848#respond"]}]},{"@type":"WebPage","@id":"https:\/\/conexion23.com\/?p=1848","url":"https:\/\/conexion23.com\/?p=1848","name":"Gobierno incrementar\u00e1 pensiones a m\u00e1s de 90 mil dominicanos - Conexi\u00f3n 23","isPartOf":{"@id":"https:\/\/conexion23.com\/#website"},"datePublished":"2022-01-03T20:01:33+00:00","dateModified":"2022-01-03T20:01:38+00:00","description":"Uno de los decretos, firmado este lunes, beneficia con el aumento de pensiones a 4,133 afiliados al antiguo Instituto Dominicano de Seguros Sociales.","breadcrumb":{"@id":"https:\/\/conexion23.com\/?p=1848#breadcrumb"},"inLanguage":"es","potentialAction":[{"@type":"ReadAction","target":["https:\/\/conexion23.com\/?p=1848"]}]},{"@type":"BreadcrumbList","@id":"https:\/\/conexion23.com\/?p=1848#breadcrumb","itemListElement":[{"@type":"ListItem","position":1,"name":"Portada","item":"https:\/\/conexion23.com\/"},{"@type":"ListItem","position":2,"name":"Gobierno incrementar\u00e1 pensiones a m\u00e1s de 90 mil dominicanos"}]},{"@type":"WebSite","@id":"https:\/\/conexion23.com\/#website","url":"https:\/\/conexion23.com\/","name":"Conexi\u00f3n 23","description":"Peri\u00f3dico 100% Petromacorisano","publisher":{"@id":"https:\/\/conexion23.com\/#organization"},"potentialAction":[{"@type":"SearchAction","target":{"@type":"EntryPoint","urlTemplate":"https:\/\/conexion23.com\/?s={search_term_string}"},"query-input":{"@type":"PropertyValueSpecification","valueRequired":true,"valueName":"search_term_string"}}],"inLanguage":"es"},{"@type":"Organization","@id":"https:\/\/conexion23.com\/#organization","name":"Conexion 23","url":"https:\/\/conexion23.com\/","logo":{"@type":"ImageObject","inLanguage":"es","@id":"https:\/\/conexion23.com\/#\/schema\/logo\/image\/","url":"https:\/\/conexion23.com\/wp-content\/uploads\/2021\/11\/Diseno-sin-titulo-2.png","contentUrl":"https:\/\/conexion23.com\/wp-content\/uploads\/2021\/11\/Diseno-sin-titulo-2.png","width":541,"height":90,"caption":"Conexion 23"},"image":{"@id":"https:\/\/conexion23.com\/#\/schema\/logo\/image\/"},"sameAs":["https:\/\/www.facebook.com\/conexion23com","https:\/\/www.instagram.com\/conexion23com\/","https:\/\/www.youtube.com\/channel\/UCYc7vxxFZMYLIHNsHHxPZ3Q"]},{"@type":"Person","@id":"https:\/\/conexion23.com\/#\/schema\/person\/c0b7ce1f0e7a915d08fa289072b8353a","name":"Benjam\u00edn Rosario","image":{"@type":"ImageObject","inLanguage":"es","@id":"https:\/\/conexion23.com\/#\/schema\/person\/image\/","url":"https:\/\/secure.gravatar.com\/avatar\/62e1b2539b49cdeb50ee302e2a5f2bd31dc7fdba412bbac67e2a2a6e0c89bb2a?s=96&d=mm&r=g","contentUrl":"https:\/\/secure.gravatar.com\/avatar\/62e1b2539b49cdeb50ee302e2a5f2bd31dc7fdba412bbac67e2a2a6e0c89bb2a?s=96&d=mm&r=g","caption":"Benjam\u00edn Rosario"},"url":"https:\/\/conexion23.com\/?author=7"}]}},"_links":{"self":[{"href":"https:\/\/conexion23.com\/index.php?rest_route=\/wp\/v2\/posts\/1848","targetHints":{"allow":["GET"]}}],"collection":[{"href":"https:\/\/conexion23.com\/index.php?rest_route=\/wp\/v2\/posts"}],"about":[{"href":"https:\/\/conexion23.com\/index.php?rest_route=\/wp\/v2\/types\/post"}],"author":[{"embeddable":true,"href":"https:\/\/conexion23.com\/index.php?rest_route=\/wp\/v2\/users\/7"}],"replies":[{"embeddable":true,"href":"https:\/\/conexion23.com\/index.php?rest_route=%2Fwp%2Fv2%2Fcomments&post=1848"}],"version-history":[{"count":1,"href":"https:\/\/conexion23.com\/index.php?rest_route=\/wp\/v2\/posts\/1848\/revisions"}],"predecessor-version":[{"id":1850,"href":"https:\/\/conexion23.com\/index.php?rest_route=\/wp\/v2\/posts\/1848\/revisions\/1850"}],"wp:attachment":[{"href":"https:\/\/conexion23.com\/index.php?rest_route=%2Fwp%2Fv2%2Fmedia&parent=1848"}],"wp:term":[{"taxonomy":"category","embeddable":true,"href":"https:\/\/conexion23.com\/index.php?rest_route=%2Fwp%2Fv2%2Fcategories&post=1848"},{"taxonomy":"post_tag","embeddable":true,"href":"https:\/\/conexion23.com\/index.php?rest_route=%2Fwp%2Fv2%2Ftags&post=1848"}],"curies":[{"name":"wp","href":"https:\/\/api.w.org\/{rel}","templated":true}]}}