{"id":18485,"date":"2023-06-29T08:15:21","date_gmt":"2023-06-29T12:15:21","guid":{"rendered":"https:\/\/conexion23.com\/?p=18485"},"modified":"2023-06-29T08:15:23","modified_gmt":"2023-06-29T12:15:23","slug":"delincuentes-matan-comerciantes-cuando-este-se-disponia-a-cerrar-su-negocio-en-san-cristobal","status":"publish","type":"post","link":"https:\/\/conexion23.com\/?p=18485","title":{"rendered":"Delincuentes matan comerciantes cuando este se dispon\u00eda a cerrar su negocio en San Crist\u00f3bal."},"content":{"rendered":"\n<p class=\"wp-block-paragraph\">Un comerciante fue muerto a tiros mientras cerraba un negocio de su pertenencia en el barrio fundaci\u00f3n de la referida provincia, la noche del pasado martes.<\/p>\n\n\n\n<p class=\"wp-block-paragraph\">Se trata de<strong>&nbsp;Rafelito Calder\u00f3n<\/strong>, de 47 a\u00f1os, fue ultimado alrededor de las 10:00 de la noche se dispon\u00eda a cerrar el colmado Ara\u00fajo de su propiedad, cuando fue sorprendido por desconocidos que le quitaron la vida para asaltarlo.<\/p>\n\n\n\n<p class=\"wp-block-paragraph\">Calder\u00f3n se dedicaba al comercio desde su adolescencia. Sus cercanos lo definen como un hombre dedicado, responsable y con \u201clas mejores cualidades que pueda tener un ser humano\u201d. El occiso ten\u00eda tres hijos.<\/p>\n\n\n\n<p class=\"wp-block-paragraph\">Sus restos permanecen en la morgue del hospital Juan Pablo Pina, en San Crist\u00f3bal. Trasladar\u00e1n su cuerpo al Instituto Nacional de Ciencias Forenses (Inacif) ubicado en el cementerio Cristo Redentor para realizarse los estudios correspondientes.<\/p>\n\n\n\n<p class=\"wp-block-paragraph\">Ser\u00e1 velado en su residencia de Cambita Garabito, San Crist\u00f3bal, de donde era oriundo y posteriormente sepultado en el cementerio municipal de la provincia.<\/p>\n\n\n\n<p class=\"wp-block-paragraph\">La tragedia ha causado consternaci\u00f3n entre los comunitarios del barrio, por la bondad que caracterizaba al comerciante en sus acciones. Los familiares del fenecido piden a la Polic\u00eda Nacional, dar con el paradero de los responsables del hecho cometido.<\/p>\n","protected":false},"excerpt":{"rendered":"<p>Un comerciante fue muerto a tiros mientras cerraba un negocio de su pertenencia en el barrio fundaci\u00f3n de la referida provincia, la noche del pasado martes. Se trata de&nbsp;Rafelito Calder\u00f3n, de 47 a\u00f1os, fue ultimado alrededor de las 10:00 de la noche se dispon\u00eda a cerrar el colmado Ara\u00fajo de su propiedad, cuando fue sorprendido [&hellip;]<\/p>\n","protected":false},"author":15,"featured_media":18486,"comment_status":"open","ping_status":"open","sticky":false,"template":"","format":"standard","meta":{"footnotes":""},"categories":[1],"tags":[],"class_list":["post-18485","post","type-post","status-publish","format-standard","has-post-thumbnail","category-uncategorized"],"yoast_head":"<!-- This site is optimized with the Yoast SEO plugin v27.6 - https:\/\/yoast.com\/product\/yoast-seo-wordpress\/ -->\n<title>Delincuentes matan comerciantes cuando este se dispon\u00eda a cerrar su negocio en San Crist\u00f3bal. - Conexi\u00f3n 23<\/title>\n<meta name=\"robots\" content=\"index, follow, max-snippet:-1, max-image-preview:large, max-video-preview:-1\" \/>\n<link rel=\"canonical\" href=\"https:\/\/conexion23.com\/?p=18485\" \/>\n<meta property=\"og:locale\" content=\"es_ES\" \/>\n<meta property=\"og:type\" content=\"article\" \/>\n<meta property=\"og:title\" content=\"Delincuentes matan comerciantes cuando este se dispon\u00eda a cerrar su negocio en San Crist\u00f3bal. - Conexi\u00f3n 23\" \/>\n<meta property=\"og:description\" content=\"Un comerciante fue muerto a tiros mientras cerraba un negocio de su pertenencia en el barrio fundaci\u00f3n de la referida provincia, la noche del pasado martes. Se trata de&nbsp;Rafelito Calder\u00f3n, de 47 a\u00f1os, fue ultimado alrededor de las 10:00 de la noche se dispon\u00eda a cerrar el colmado Ara\u00fajo de su propiedad, cuando fue sorprendido [&hellip;]\" \/>\n<meta property=\"og:url\" content=\"https:\/\/conexion23.com\/?p=18485\" \/>\n<meta property=\"og:site_name\" content=\"Conexi\u00f3n 23\" \/>\n<meta property=\"article:publisher\" content=\"https:\/\/www.facebook.com\/conexion23com\" \/>\n<meta property=\"article:published_time\" content=\"2023-06-29T12:15:21+00:00\" \/>\n<meta property=\"article:modified_time\" content=\"2023-06-29T12:15:23+00:00\" \/>\n<meta property=\"og:image\" content=\"https:\/\/conexion23.com\/wp-content\/uploads\/2023\/06\/matan-comerciante-en-sc.jpg\" \/>\n\t<meta property=\"og:image:width\" content=\"672\" \/>\n\t<meta property=\"og:image:height\" content=\"627\" \/>\n\t<meta property=\"og:image:type\" content=\"image\/jpeg\" \/>\n<meta name=\"author\" content=\"Raffy Ben\u00edtez\" \/>\n<meta name=\"twitter:card\" content=\"summary_large_image\" \/>\n<meta name=\"twitter:label1\" content=\"Escrito por\" \/>\n\t<meta name=\"twitter:data1\" content=\"Raffy Ben\u00edtez\" \/>\n\t<meta name=\"twitter:label2\" content=\"Tiempo de lectura\" \/>\n\t<meta name=\"twitter:data2\" content=\"1 minuto\" \/>\n<script type=\"application\/ld+json\" class=\"yoast-schema-graph\">{\"@context\":\"https:\\\/\\\/schema.org\",\"@graph\":[{\"@type\":\"Article\",\"@id\":\"https:\\\/\\\/conexion23.com\\\/?p=18485#article\",\"isPartOf\":{\"@id\":\"https:\\\/\\\/conexion23.com\\\/?p=18485\"},\"author\":{\"name\":\"Raffy Ben\u00edtez\",\"@id\":\"https:\\\/\\\/conexion23.com\\\/#\\\/schema\\\/person\\\/5d6d767819503a4603e9fd070ecf3ac6\"},\"headline\":\"Delincuentes matan comerciantes cuando este se dispon\u00eda a cerrar su negocio en San Crist\u00f3bal.\",\"datePublished\":\"2023-06-29T12:15:21+00:00\",\"dateModified\":\"2023-06-29T12:15:23+00:00\",\"mainEntityOfPage\":{\"@id\":\"https:\\\/\\\/conexion23.com\\\/?p=18485\"},\"wordCount\":223,\"commentCount\":0,\"publisher\":{\"@id\":\"https:\\\/\\\/conexion23.com\\\/#organization\"},\"image\":{\"@id\":\"https:\\\/\\\/conexion23.com\\\/?p=18485#primaryimage\"},\"thumbnailUrl\":\"https:\\\/\\\/conexion23.com\\\/wp-content\\\/uploads\\\/2023\\\/06\\\/matan-comerciante-en-sc.jpg\",\"articleSection\":[\"Uncategorized\"],\"inLanguage\":\"es\",\"potentialAction\":[{\"@type\":\"CommentAction\",\"name\":\"Comment\",\"target\":[\"https:\\\/\\\/conexion23.com\\\/?p=18485#respond\"]}]},{\"@type\":\"WebPage\",\"@id\":\"https:\\\/\\\/conexion23.com\\\/?p=18485\",\"url\":\"https:\\\/\\\/conexion23.com\\\/?p=18485\",\"name\":\"Delincuentes matan comerciantes cuando este se dispon\u00eda a cerrar su negocio en San Crist\u00f3bal. - Conexi\u00f3n 23\",\"isPartOf\":{\"@id\":\"https:\\\/\\\/conexion23.com\\\/#website\"},\"primaryImageOfPage\":{\"@id\":\"https:\\\/\\\/conexion23.com\\\/?p=18485#primaryimage\"},\"image\":{\"@id\":\"https:\\\/\\\/conexion23.com\\\/?p=18485#primaryimage\"},\"thumbnailUrl\":\"https:\\\/\\\/conexion23.com\\\/wp-content\\\/uploads\\\/2023\\\/06\\\/matan-comerciante-en-sc.jpg\",\"datePublished\":\"2023-06-29T12:15:21+00:00\",\"dateModified\":\"2023-06-29T12:15:23+00:00\",\"breadcrumb\":{\"@id\":\"https:\\\/\\\/conexion23.com\\\/?p=18485#breadcrumb\"},\"inLanguage\":\"es\",\"potentialAction\":[{\"@type\":\"ReadAction\",\"target\":[\"https:\\\/\\\/conexion23.com\\\/?p=18485\"]}]},{\"@type\":\"ImageObject\",\"inLanguage\":\"es\",\"@id\":\"https:\\\/\\\/conexion23.com\\\/?p=18485#primaryimage\",\"url\":\"https:\\\/\\\/conexion23.com\\\/wp-content\\\/uploads\\\/2023\\\/06\\\/matan-comerciante-en-sc.jpg\",\"contentUrl\":\"https:\\\/\\\/conexion23.com\\\/wp-content\\\/uploads\\\/2023\\\/06\\\/matan-comerciante-en-sc.jpg\",\"width\":672,\"height\":627},{\"@type\":\"BreadcrumbList\",\"@id\":\"https:\\\/\\\/conexion23.com\\\/?p=18485#breadcrumb\",\"itemListElement\":[{\"@type\":\"ListItem\",\"position\":1,\"name\":\"Portada\",\"item\":\"https:\\\/\\\/conexion23.com\\\/\"},{\"@type\":\"ListItem\",\"position\":2,\"name\":\"Delincuentes matan comerciantes cuando este se dispon\u00eda a cerrar su negocio en San Crist\u00f3bal.\"}]},{\"@type\":\"WebSite\",\"@id\":\"https:\\\/\\\/conexion23.com\\\/#website\",\"url\":\"https:\\\/\\\/conexion23.com\\\/\",\"name\":\"Conexi\u00f3n 23\",\"description\":\"Peri\u00f3dico 100% Petromacorisano\",\"publisher\":{\"@id\":\"https:\\\/\\\/conexion23.com\\\/#organization\"},\"potentialAction\":[{\"@type\":\"SearchAction\",\"target\":{\"@type\":\"EntryPoint\",\"urlTemplate\":\"https:\\\/\\\/conexion23.com\\\/?s={search_term_string}\"},\"query-input\":{\"@type\":\"PropertyValueSpecification\",\"valueRequired\":true,\"valueName\":\"search_term_string\"}}],\"inLanguage\":\"es\"},{\"@type\":\"Organization\",\"@id\":\"https:\\\/\\\/conexion23.com\\\/#organization\",\"name\":\"Conexion 23\",\"url\":\"https:\\\/\\\/conexion23.com\\\/\",\"logo\":{\"@type\":\"ImageObject\",\"inLanguage\":\"es\",\"@id\":\"https:\\\/\\\/conexion23.com\\\/#\\\/schema\\\/logo\\\/image\\\/\",\"url\":\"https:\\\/\\\/conexion23.com\\\/wp-content\\\/uploads\\\/2021\\\/11\\\/Diseno-sin-titulo-2.png\",\"contentUrl\":\"https:\\\/\\\/conexion23.com\\\/wp-content\\\/uploads\\\/2021\\\/11\\\/Diseno-sin-titulo-2.png\",\"width\":541,\"height\":90,\"caption\":\"Conexion 23\"},\"image\":{\"@id\":\"https:\\\/\\\/conexion23.com\\\/#\\\/schema\\\/logo\\\/image\\\/\"},\"sameAs\":[\"https:\\\/\\\/www.facebook.com\\\/conexion23com\",\"https:\\\/\\\/www.instagram.com\\\/conexion23com\\\/\",\"https:\\\/\\\/www.youtube.com\\\/channel\\\/UCYc7vxxFZMYLIHNsHHxPZ3Q\"]},{\"@type\":\"Person\",\"@id\":\"https:\\\/\\\/conexion23.com\\\/#\\\/schema\\\/person\\\/5d6d767819503a4603e9fd070ecf3ac6\",\"name\":\"Raffy Ben\u00edtez\",\"image\":{\"@type\":\"ImageObject\",\"inLanguage\":\"es\",\"@id\":\"https:\\\/\\\/secure.gravatar.com\\\/avatar\\\/3190a6a6c5e1b0327500f7d6c56b6242472ee6cb974cf09b401ee6b3b0798f23?s=96&d=mm&r=g\",\"url\":\"https:\\\/\\\/secure.gravatar.com\\\/avatar\\\/3190a6a6c5e1b0327500f7d6c56b6242472ee6cb974cf09b401ee6b3b0798f23?s=96&d=mm&r=g\",\"contentUrl\":\"https:\\\/\\\/secure.gravatar.com\\\/avatar\\\/3190a6a6c5e1b0327500f7d6c56b6242472ee6cb974cf09b401ee6b3b0798f23?s=96&d=mm&r=g\",\"caption\":\"Raffy Ben\u00edtez\"},\"url\":\"https:\\\/\\\/conexion23.com\\\/?author=15\"}]}<\/script>\n<!-- \/ Yoast SEO plugin. -->","yoast_head_json":{"title":"Delincuentes matan comerciantes cuando este se dispon\u00eda a cerrar su negocio en San Crist\u00f3bal. - Conexi\u00f3n 23","robots":{"index":"index","follow":"follow","max-snippet":"max-snippet:-1","max-image-preview":"max-image-preview:large","max-video-preview":"max-video-preview:-1"},"canonical":"https:\/\/conexion23.com\/?p=18485","og_locale":"es_ES","og_type":"article","og_title":"Delincuentes matan comerciantes cuando este se dispon\u00eda a cerrar su negocio en San Crist\u00f3bal. - Conexi\u00f3n 23","og_description":"Un comerciante fue muerto a tiros mientras cerraba un negocio de su pertenencia en el barrio fundaci\u00f3n de la referida provincia, la noche del pasado martes. Se trata de&nbsp;Rafelito Calder\u00f3n, de 47 a\u00f1os, fue ultimado alrededor de las 10:00 de la noche se dispon\u00eda a cerrar el colmado Ara\u00fajo de su propiedad, cuando fue sorprendido [&hellip;]","og_url":"https:\/\/conexion23.com\/?p=18485","og_site_name":"Conexi\u00f3n 23","article_publisher":"https:\/\/www.facebook.com\/conexion23com","article_published_time":"2023-06-29T12:15:21+00:00","article_modified_time":"2023-06-29T12:15:23+00:00","og_image":[{"width":672,"height":627,"url":"https:\/\/conexion23.com\/wp-content\/uploads\/2023\/06\/matan-comerciante-en-sc.jpg","type":"image\/jpeg"}],"author":"Raffy Ben\u00edtez","twitter_card":"summary_large_image","twitter_misc":{"Escrito por":"Raffy Ben\u00edtez","Tiempo de lectura":"1 minuto"},"schema":{"@context":"https:\/\/schema.org","@graph":[{"@type":"Article","@id":"https:\/\/conexion23.com\/?p=18485#article","isPartOf":{"@id":"https:\/\/conexion23.com\/?p=18485"},"author":{"name":"Raffy Ben\u00edtez","@id":"https:\/\/conexion23.com\/#\/schema\/person\/5d6d767819503a4603e9fd070ecf3ac6"},"headline":"Delincuentes matan comerciantes cuando este se dispon\u00eda a cerrar su negocio en San Crist\u00f3bal.","datePublished":"2023-06-29T12:15:21+00:00","dateModified":"2023-06-29T12:15:23+00:00","mainEntityOfPage":{"@id":"https:\/\/conexion23.com\/?p=18485"},"wordCount":223,"commentCount":0,"publisher":{"@id":"https:\/\/conexion23.com\/#organization"},"image":{"@id":"https:\/\/conexion23.com\/?p=18485#primaryimage"},"thumbnailUrl":"https:\/\/conexion23.com\/wp-content\/uploads\/2023\/06\/matan-comerciante-en-sc.jpg","articleSection":["Uncategorized"],"inLanguage":"es","potentialAction":[{"@type":"CommentAction","name":"Comment","target":["https:\/\/conexion23.com\/?p=18485#respond"]}]},{"@type":"WebPage","@id":"https:\/\/conexion23.com\/?p=18485","url":"https:\/\/conexion23.com\/?p=18485","name":"Delincuentes matan comerciantes cuando este se dispon\u00eda a cerrar su negocio en San Crist\u00f3bal. - Conexi\u00f3n 23","isPartOf":{"@id":"https:\/\/conexion23.com\/#website"},"primaryImageOfPage":{"@id":"https:\/\/conexion23.com\/?p=18485#primaryimage"},"image":{"@id":"https:\/\/conexion23.com\/?p=18485#primaryimage"},"thumbnailUrl":"https:\/\/conexion23.com\/wp-content\/uploads\/2023\/06\/matan-comerciante-en-sc.jpg","datePublished":"2023-06-29T12:15:21+00:00","dateModified":"2023-06-29T12:15:23+00:00","breadcrumb":{"@id":"https:\/\/conexion23.com\/?p=18485#breadcrumb"},"inLanguage":"es","potentialAction":[{"@type":"ReadAction","target":["https:\/\/conexion23.com\/?p=18485"]}]},{"@type":"ImageObject","inLanguage":"es","@id":"https:\/\/conexion23.com\/?p=18485#primaryimage","url":"https:\/\/conexion23.com\/wp-content\/uploads\/2023\/06\/matan-comerciante-en-sc.jpg","contentUrl":"https:\/\/conexion23.com\/wp-content\/uploads\/2023\/06\/matan-comerciante-en-sc.jpg","width":672,"height":627},{"@type":"BreadcrumbList","@id":"https:\/\/conexion23.com\/?p=18485#breadcrumb","itemListElement":[{"@type":"ListItem","position":1,"name":"Portada","item":"https:\/\/conexion23.com\/"},{"@type":"ListItem","position":2,"name":"Delincuentes matan comerciantes cuando este se dispon\u00eda a cerrar su negocio en San Crist\u00f3bal."}]},{"@type":"WebSite","@id":"https:\/\/conexion23.com\/#website","url":"https:\/\/conexion23.com\/","name":"Conexi\u00f3n 23","description":"Peri\u00f3dico 100% Petromacorisano","publisher":{"@id":"https:\/\/conexion23.com\/#organization"},"potentialAction":[{"@type":"SearchAction","target":{"@type":"EntryPoint","urlTemplate":"https:\/\/conexion23.com\/?s={search_term_string}"},"query-input":{"@type":"PropertyValueSpecification","valueRequired":true,"valueName":"search_term_string"}}],"inLanguage":"es"},{"@type":"Organization","@id":"https:\/\/conexion23.com\/#organization","name":"Conexion 23","url":"https:\/\/conexion23.com\/","logo":{"@type":"ImageObject","inLanguage":"es","@id":"https:\/\/conexion23.com\/#\/schema\/logo\/image\/","url":"https:\/\/conexion23.com\/wp-content\/uploads\/2021\/11\/Diseno-sin-titulo-2.png","contentUrl":"https:\/\/conexion23.com\/wp-content\/uploads\/2021\/11\/Diseno-sin-titulo-2.png","width":541,"height":90,"caption":"Conexion 23"},"image":{"@id":"https:\/\/conexion23.com\/#\/schema\/logo\/image\/"},"sameAs":["https:\/\/www.facebook.com\/conexion23com","https:\/\/www.instagram.com\/conexion23com\/","https:\/\/www.youtube.com\/channel\/UCYc7vxxFZMYLIHNsHHxPZ3Q"]},{"@type":"Person","@id":"https:\/\/conexion23.com\/#\/schema\/person\/5d6d767819503a4603e9fd070ecf3ac6","name":"Raffy Ben\u00edtez","image":{"@type":"ImageObject","inLanguage":"es","@id":"https:\/\/secure.gravatar.com\/avatar\/3190a6a6c5e1b0327500f7d6c56b6242472ee6cb974cf09b401ee6b3b0798f23?s=96&d=mm&r=g","url":"https:\/\/secure.gravatar.com\/avatar\/3190a6a6c5e1b0327500f7d6c56b6242472ee6cb974cf09b401ee6b3b0798f23?s=96&d=mm&r=g","contentUrl":"https:\/\/secure.gravatar.com\/avatar\/3190a6a6c5e1b0327500f7d6c56b6242472ee6cb974cf09b401ee6b3b0798f23?s=96&d=mm&r=g","caption":"Raffy Ben\u00edtez"},"url":"https:\/\/conexion23.com\/?author=15"}]}},"_links":{"self":[{"href":"https:\/\/conexion23.com\/index.php?rest_route=\/wp\/v2\/posts\/18485","targetHints":{"allow":["GET"]}}],"collection":[{"href":"https:\/\/conexion23.com\/index.php?rest_route=\/wp\/v2\/posts"}],"about":[{"href":"https:\/\/conexion23.com\/index.php?rest_route=\/wp\/v2\/types\/post"}],"author":[{"embeddable":true,"href":"https:\/\/conexion23.com\/index.php?rest_route=\/wp\/v2\/users\/15"}],"replies":[{"embeddable":true,"href":"https:\/\/conexion23.com\/index.php?rest_route=%2Fwp%2Fv2%2Fcomments&post=18485"}],"version-history":[{"count":1,"href":"https:\/\/conexion23.com\/index.php?rest_route=\/wp\/v2\/posts\/18485\/revisions"}],"predecessor-version":[{"id":18487,"href":"https:\/\/conexion23.com\/index.php?rest_route=\/wp\/v2\/posts\/18485\/revisions\/18487"}],"wp:featuredmedia":[{"embeddable":true,"href":"https:\/\/conexion23.com\/index.php?rest_route=\/wp\/v2\/media\/18486"}],"wp:attachment":[{"href":"https:\/\/conexion23.com\/index.php?rest_route=%2Fwp%2Fv2%2Fmedia&parent=18485"}],"wp:term":[{"taxonomy":"category","embeddable":true,"href":"https:\/\/conexion23.com\/index.php?rest_route=%2Fwp%2Fv2%2Fcategories&post=18485"},{"taxonomy":"post_tag","embeddable":true,"href":"https:\/\/conexion23.com\/index.php?rest_route=%2Fwp%2Fv2%2Ftags&post=18485"}],"curies":[{"name":"wp","href":"https:\/\/api.w.org\/{rel}","templated":true}]}}