{"id":18492,"date":"2023-06-29T08:36:55","date_gmt":"2023-06-29T12:36:55","guid":{"rendered":"https:\/\/conexion23.com\/?p=18492"},"modified":"2023-06-29T08:36:58","modified_gmt":"2023-06-29T12:36:58","slug":"onu-situacion-de-los-ddhh-es-dramatica","status":"publish","type":"post","link":"https:\/\/conexion23.com\/?p=18492","title":{"rendered":"ONU: Situaci\u00f3n de los DDHH es \u201cdram\u00e1tica\u201d."},"content":{"rendered":"\n<p class=\"wp-block-paragraph\">El experto independiente de Naciones Unidas sobre la situaci\u00f3n de los derechos humanos en Hait\u00ed, William O&#8217;Neill, calific\u00f3 ayer mi\u00e9rcoles de \u00abdram\u00e1tica\u00bb la situaci\u00f3n de las libertades fundamentales en este pa\u00eds, un asunto sobre el que \u00abqueda mucho por hacer\u00bb.<\/p>\n\n\n\n<p class=\"wp-block-paragraph\">\u00abDesgraciadamente, encontr\u00e9 un pa\u00eds marcado por la violencia, la miseria, el miedo y el sufrimiento. La situaci\u00f3n de los derechos humanos es dram\u00e1tica, con todos los derechos pisoteados\u00bb, dijo a la prensa O&#8217;Neill al t\u00e9rmino de una misi\u00f3n de diez d\u00edas en Hait\u00ed, donde se entrevist\u00f3 con autoridades, miembros de la sociedad civil e intelectuales y visit\u00f3 la Penitenciar\u00eda Nacional y la prisi\u00f3n civil de Cabo Haitiano.<\/p>\n\n\n\n<p class=\"wp-block-paragraph\">Ante los periodistas, O&#8217;Neill denunci\u00f3 la violencia de las bandas que siguen sembrando el terror, en especial en m\u00e1s de la mitad de Puerto Pr\u00edncipe, convertida en una zona sin ley.<\/p>\n\n\n\n<p class=\"wp-block-paragraph\">Se refiri\u00f3 a las violaciones de mujeres y ni\u00f1as, a menudo colectivas, por parte de miembros de estos grupos armados como modo de reafirmar su control sobre la poblaci\u00f3n.<\/p>\n\n\n\n<p class=\"wp-block-paragraph\">En su opini\u00f3n, para poner freno a la violencia de las bandas, debe aplicarse inmediatamente el embargo de armas, principalmente de Estados Unidos, establecido por el Consejo de Seguridad de Naciones Unidas.<\/p>\n\n\n\n<p class=\"wp-block-paragraph\">\u00abHay muchos problemas y queda mucho por hacer por los derechos humanos en Hait\u00ed\u00bb, afirm\u00f3 el experto, quien se\u00f1al\u00f3 que en este contexto de inseguridad las autoridades haitianas se enfrentan a grandes desaf\u00edos.<\/p>\n","protected":false},"excerpt":{"rendered":"<p>El experto independiente de Naciones Unidas sobre la situaci\u00f3n de los derechos humanos en Hait\u00ed, William O&#8217;Neill, calific\u00f3 ayer mi\u00e9rcoles de \u00abdram\u00e1tica\u00bb la situaci\u00f3n de las libertades fundamentales en este pa\u00eds, un asunto sobre el que \u00abqueda mucho por hacer\u00bb. \u00abDesgraciadamente, encontr\u00e9 un pa\u00eds marcado por la violencia, la miseria, el miedo y el sufrimiento. [&hellip;]<\/p>\n","protected":false},"author":15,"featured_media":18493,"comment_status":"open","ping_status":"open","sticky":false,"template":"","format":"standard","meta":{"footnotes":""},"categories":[1],"tags":[],"class_list":["post-18492","post","type-post","status-publish","format-standard","has-post-thumbnail","category-uncategorized"],"yoast_head":"<!-- This site is optimized with the Yoast SEO plugin v28.4 - https:\/\/yoast.com\/product\/yoast-seo-wordpress\/ -->\n<title>ONU: Situaci\u00f3n de los DDHH es \u201cdram\u00e1tica\u201d. - Conexi\u00f3n 23<\/title>\n<meta name=\"robots\" content=\"index, follow, max-snippet:-1, max-image-preview:large, max-video-preview:-1\" \/>\n<link rel=\"canonical\" href=\"https:\/\/conexion23.com\/?p=18492\" \/>\n<meta property=\"og:locale\" content=\"es_ES\" \/>\n<meta property=\"og:type\" content=\"article\" \/>\n<meta property=\"og:title\" content=\"ONU: Situaci\u00f3n de los DDHH es \u201cdram\u00e1tica\u201d. - Conexi\u00f3n 23\" \/>\n<meta property=\"og:description\" content=\"El experto independiente de Naciones Unidas sobre la situaci\u00f3n de los derechos humanos en Hait\u00ed, William O&#8217;Neill, calific\u00f3 ayer mi\u00e9rcoles de \u00abdram\u00e1tica\u00bb la situaci\u00f3n de las libertades fundamentales en este pa\u00eds, un asunto sobre el que \u00abqueda mucho por hacer\u00bb. \u00abDesgraciadamente, encontr\u00e9 un pa\u00eds marcado por la violencia, la miseria, el miedo y el sufrimiento. [&hellip;]\" \/>\n<meta property=\"og:url\" content=\"https:\/\/conexion23.com\/?p=18492\" \/>\n<meta property=\"og:site_name\" content=\"Conexi\u00f3n 23\" \/>\n<meta property=\"article:publisher\" content=\"https:\/\/www.facebook.com\/conexion23com\" \/>\n<meta property=\"article:published_time\" content=\"2023-06-29T12:36:55+00:00\" \/>\n<meta property=\"article:modified_time\" content=\"2023-06-29T12:36:58+00:00\" \/>\n<meta property=\"og:image\" content=\"https:\/\/conexion23.com\/wp-content\/uploads\/2023\/06\/649ce1fb4925c.jpeg\" \/>\n\t<meta property=\"og:image:width\" content=\"950\" \/>\n\t<meta property=\"og:image:height\" content=\"465\" \/>\n\t<meta property=\"og:image:type\" content=\"image\/jpeg\" \/>\n<meta name=\"author\" content=\"Raffy Ben\u00edtez\" \/>\n<meta name=\"twitter:card\" content=\"summary_large_image\" \/>\n<meta name=\"twitter:label1\" content=\"Escrito por\" \/>\n\t<meta name=\"twitter:data1\" content=\"Raffy Ben\u00edtez\" \/>\n\t<meta name=\"twitter:label2\" content=\"Tiempo de lectura\" \/>\n\t<meta name=\"twitter:data2\" content=\"2 minutos\" \/>\n<script type=\"application\/ld+json\" class=\"yoast-schema-graph\">{\"@context\":\"https:\\\/\\\/schema.org\",\"@graph\":[{\"@type\":\"Article\",\"@id\":\"https:\\\/\\\/conexion23.com\\\/?p=18492#article\",\"isPartOf\":{\"@id\":\"https:\\\/\\\/conexion23.com\\\/?p=18492\"},\"author\":{\"name\":\"Raffy Ben\u00edtez\",\"@id\":\"https:\\\/\\\/conexion23.com\\\/#\\\/schema\\\/person\\\/5d6d767819503a4603e9fd070ecf3ac6\"},\"headline\":\"ONU: Situaci\u00f3n de los DDHH es \u201cdram\u00e1tica\u201d.\",\"datePublished\":\"2023-06-29T12:36:55+00:00\",\"dateModified\":\"2023-06-29T12:36:58+00:00\",\"mainEntityOfPage\":{\"@id\":\"https:\\\/\\\/conexion23.com\\\/?p=18492\"},\"wordCount\":264,\"commentCount\":0,\"publisher\":{\"@id\":\"https:\\\/\\\/conexion23.com\\\/#organization\"},\"image\":{\"@id\":\"https:\\\/\\\/conexion23.com\\\/?p=18492#primaryimage\"},\"thumbnailUrl\":\"https:\\\/\\\/conexion23.com\\\/wp-content\\\/uploads\\\/2023\\\/06\\\/649ce1fb4925c.jpeg\",\"articleSection\":[\"Uncategorized\"],\"inLanguage\":\"es\",\"potentialAction\":[{\"@type\":\"CommentAction\",\"name\":\"Comment\",\"target\":[\"https:\\\/\\\/conexion23.com\\\/?p=18492#respond\"]}]},{\"@type\":\"WebPage\",\"@id\":\"https:\\\/\\\/conexion23.com\\\/?p=18492\",\"url\":\"https:\\\/\\\/conexion23.com\\\/?p=18492\",\"name\":\"ONU: Situaci\u00f3n de los DDHH es \u201cdram\u00e1tica\u201d. - Conexi\u00f3n 23\",\"isPartOf\":{\"@id\":\"https:\\\/\\\/conexion23.com\\\/#website\"},\"primaryImageOfPage\":{\"@id\":\"https:\\\/\\\/conexion23.com\\\/?p=18492#primaryimage\"},\"image\":{\"@id\":\"https:\\\/\\\/conexion23.com\\\/?p=18492#primaryimage\"},\"thumbnailUrl\":\"https:\\\/\\\/conexion23.com\\\/wp-content\\\/uploads\\\/2023\\\/06\\\/649ce1fb4925c.jpeg\",\"datePublished\":\"2023-06-29T12:36:55+00:00\",\"dateModified\":\"2023-06-29T12:36:58+00:00\",\"breadcrumb\":{\"@id\":\"https:\\\/\\\/conexion23.com\\\/?p=18492#breadcrumb\"},\"inLanguage\":\"es\",\"potentialAction\":[{\"@type\":\"ReadAction\",\"target\":[\"https:\\\/\\\/conexion23.com\\\/?p=18492\"]}]},{\"@type\":\"ImageObject\",\"inLanguage\":\"es\",\"@id\":\"https:\\\/\\\/conexion23.com\\\/?p=18492#primaryimage\",\"url\":\"https:\\\/\\\/conexion23.com\\\/wp-content\\\/uploads\\\/2023\\\/06\\\/649ce1fb4925c.jpeg\",\"contentUrl\":\"https:\\\/\\\/conexion23.com\\\/wp-content\\\/uploads\\\/2023\\\/06\\\/649ce1fb4925c.jpeg\",\"width\":950,\"height\":465},{\"@type\":\"BreadcrumbList\",\"@id\":\"https:\\\/\\\/conexion23.com\\\/?p=18492#breadcrumb\",\"itemListElement\":[{\"@type\":\"ListItem\",\"position\":1,\"name\":\"Portada\",\"item\":\"https:\\\/\\\/conexion23.com\\\/\"},{\"@type\":\"ListItem\",\"position\":2,\"name\":\"ONU: Situaci\u00f3n de los DDHH es \u201cdram\u00e1tica\u201d.\"}]},{\"@type\":\"WebSite\",\"@id\":\"https:\\\/\\\/conexion23.com\\\/#website\",\"url\":\"https:\\\/\\\/conexion23.com\\\/\",\"name\":\"Conexi\u00f3n 23\",\"description\":\"Peri\u00f3dico 100% Petromacorisano\",\"publisher\":{\"@id\":\"https:\\\/\\\/conexion23.com\\\/#organization\"},\"potentialAction\":[{\"@type\":\"SearchAction\",\"target\":{\"@type\":\"EntryPoint\",\"urlTemplate\":\"https:\\\/\\\/conexion23.com\\\/?s={search_term_string}\"},\"query-input\":{\"@type\":\"PropertyValueSpecification\",\"valueRequired\":true,\"valueName\":\"search_term_string\"}}],\"inLanguage\":\"es\"},{\"@type\":\"Organization\",\"@id\":\"https:\\\/\\\/conexion23.com\\\/#organization\",\"name\":\"Conexion 23\",\"url\":\"https:\\\/\\\/conexion23.com\\\/\",\"logo\":{\"@type\":\"ImageObject\",\"inLanguage\":\"es\",\"@id\":\"https:\\\/\\\/conexion23.com\\\/#\\\/schema\\\/logo\\\/image\\\/\",\"url\":\"https:\\\/\\\/conexion23.com\\\/wp-content\\\/uploads\\\/2021\\\/11\\\/Diseno-sin-titulo-2.png\",\"contentUrl\":\"https:\\\/\\\/conexion23.com\\\/wp-content\\\/uploads\\\/2021\\\/11\\\/Diseno-sin-titulo-2.png\",\"width\":541,\"height\":90,\"caption\":\"Conexion 23\"},\"image\":{\"@id\":\"https:\\\/\\\/conexion23.com\\\/#\\\/schema\\\/logo\\\/image\\\/\"},\"sameAs\":[\"https:\\\/\\\/www.facebook.com\\\/conexion23com\",\"https:\\\/\\\/www.instagram.com\\\/conexion23com\\\/\",\"https:\\\/\\\/www.youtube.com\\\/channel\\\/UCYc7vxxFZMYLIHNsHHxPZ3Q\"]},{\"@type\":\"Person\",\"@id\":\"https:\\\/\\\/conexion23.com\\\/#\\\/schema\\\/person\\\/5d6d767819503a4603e9fd070ecf3ac6\",\"name\":\"Raffy Ben\u00edtez\",\"image\":{\"@type\":\"ImageObject\",\"inLanguage\":\"es\",\"@id\":\"https:\\\/\\\/secure.gravatar.com\\\/avatar\\\/3190a6a6c5e1b0327500f7d6c56b6242472ee6cb974cf09b401ee6b3b0798f23?s=96&d=mm&r=g\",\"url\":\"https:\\\/\\\/secure.gravatar.com\\\/avatar\\\/3190a6a6c5e1b0327500f7d6c56b6242472ee6cb974cf09b401ee6b3b0798f23?s=96&d=mm&r=g\",\"contentUrl\":\"https:\\\/\\\/secure.gravatar.com\\\/avatar\\\/3190a6a6c5e1b0327500f7d6c56b6242472ee6cb974cf09b401ee6b3b0798f23?s=96&d=mm&r=g\",\"caption\":\"Raffy Ben\u00edtez\"},\"url\":\"https:\\\/\\\/conexion23.com\\\/?author=15\"}]}<\/script>\n<!-- \/ Yoast SEO plugin. -->","yoast_head_json":{"title":"ONU: Situaci\u00f3n de los DDHH es \u201cdram\u00e1tica\u201d. - Conexi\u00f3n 23","robots":{"index":"index","follow":"follow","max-snippet":"max-snippet:-1","max-image-preview":"max-image-preview:large","max-video-preview":"max-video-preview:-1"},"canonical":"https:\/\/conexion23.com\/?p=18492","og_locale":"es_ES","og_type":"article","og_title":"ONU: Situaci\u00f3n de los DDHH es \u201cdram\u00e1tica\u201d. - Conexi\u00f3n 23","og_description":"El experto independiente de Naciones Unidas sobre la situaci\u00f3n de los derechos humanos en Hait\u00ed, William O&#8217;Neill, calific\u00f3 ayer mi\u00e9rcoles de \u00abdram\u00e1tica\u00bb la situaci\u00f3n de las libertades fundamentales en este pa\u00eds, un asunto sobre el que \u00abqueda mucho por hacer\u00bb. \u00abDesgraciadamente, encontr\u00e9 un pa\u00eds marcado por la violencia, la miseria, el miedo y el sufrimiento. [&hellip;]","og_url":"https:\/\/conexion23.com\/?p=18492","og_site_name":"Conexi\u00f3n 23","article_publisher":"https:\/\/www.facebook.com\/conexion23com","article_published_time":"2023-06-29T12:36:55+00:00","article_modified_time":"2023-06-29T12:36:58+00:00","og_image":[{"width":950,"height":465,"url":"https:\/\/conexion23.com\/wp-content\/uploads\/2023\/06\/649ce1fb4925c.jpeg","type":"image\/jpeg"}],"author":"Raffy Ben\u00edtez","twitter_card":"summary_large_image","twitter_misc":{"Escrito por":"Raffy Ben\u00edtez","Tiempo de lectura":"2 minutos"},"schema":{"@context":"https:\/\/schema.org","@graph":[{"@type":"Article","@id":"https:\/\/conexion23.com\/?p=18492#article","isPartOf":{"@id":"https:\/\/conexion23.com\/?p=18492"},"author":{"name":"Raffy Ben\u00edtez","@id":"https:\/\/conexion23.com\/#\/schema\/person\/5d6d767819503a4603e9fd070ecf3ac6"},"headline":"ONU: Situaci\u00f3n de los DDHH es \u201cdram\u00e1tica\u201d.","datePublished":"2023-06-29T12:36:55+00:00","dateModified":"2023-06-29T12:36:58+00:00","mainEntityOfPage":{"@id":"https:\/\/conexion23.com\/?p=18492"},"wordCount":264,"commentCount":0,"publisher":{"@id":"https:\/\/conexion23.com\/#organization"},"image":{"@id":"https:\/\/conexion23.com\/?p=18492#primaryimage"},"thumbnailUrl":"https:\/\/conexion23.com\/wp-content\/uploads\/2023\/06\/649ce1fb4925c.jpeg","articleSection":["Uncategorized"],"inLanguage":"es","potentialAction":[{"@type":"CommentAction","name":"Comment","target":["https:\/\/conexion23.com\/?p=18492#respond"]}]},{"@type":"WebPage","@id":"https:\/\/conexion23.com\/?p=18492","url":"https:\/\/conexion23.com\/?p=18492","name":"ONU: Situaci\u00f3n de los DDHH es \u201cdram\u00e1tica\u201d. - Conexi\u00f3n 23","isPartOf":{"@id":"https:\/\/conexion23.com\/#website"},"primaryImageOfPage":{"@id":"https:\/\/conexion23.com\/?p=18492#primaryimage"},"image":{"@id":"https:\/\/conexion23.com\/?p=18492#primaryimage"},"thumbnailUrl":"https:\/\/conexion23.com\/wp-content\/uploads\/2023\/06\/649ce1fb4925c.jpeg","datePublished":"2023-06-29T12:36:55+00:00","dateModified":"2023-06-29T12:36:58+00:00","breadcrumb":{"@id":"https:\/\/conexion23.com\/?p=18492#breadcrumb"},"inLanguage":"es","potentialAction":[{"@type":"ReadAction","target":["https:\/\/conexion23.com\/?p=18492"]}]},{"@type":"ImageObject","inLanguage":"es","@id":"https:\/\/conexion23.com\/?p=18492#primaryimage","url":"https:\/\/conexion23.com\/wp-content\/uploads\/2023\/06\/649ce1fb4925c.jpeg","contentUrl":"https:\/\/conexion23.com\/wp-content\/uploads\/2023\/06\/649ce1fb4925c.jpeg","width":950,"height":465},{"@type":"BreadcrumbList","@id":"https:\/\/conexion23.com\/?p=18492#breadcrumb","itemListElement":[{"@type":"ListItem","position":1,"name":"Portada","item":"https:\/\/conexion23.com\/"},{"@type":"ListItem","position":2,"name":"ONU: Situaci\u00f3n de los DDHH es \u201cdram\u00e1tica\u201d."}]},{"@type":"WebSite","@id":"https:\/\/conexion23.com\/#website","url":"https:\/\/conexion23.com\/","name":"Conexi\u00f3n 23","description":"Peri\u00f3dico 100% Petromacorisano","publisher":{"@id":"https:\/\/conexion23.com\/#organization"},"potentialAction":[{"@type":"SearchAction","target":{"@type":"EntryPoint","urlTemplate":"https:\/\/conexion23.com\/?s={search_term_string}"},"query-input":{"@type":"PropertyValueSpecification","valueRequired":true,"valueName":"search_term_string"}}],"inLanguage":"es"},{"@type":"Organization","@id":"https:\/\/conexion23.com\/#organization","name":"Conexion 23","url":"https:\/\/conexion23.com\/","logo":{"@type":"ImageObject","inLanguage":"es","@id":"https:\/\/conexion23.com\/#\/schema\/logo\/image\/","url":"https:\/\/conexion23.com\/wp-content\/uploads\/2021\/11\/Diseno-sin-titulo-2.png","contentUrl":"https:\/\/conexion23.com\/wp-content\/uploads\/2021\/11\/Diseno-sin-titulo-2.png","width":541,"height":90,"caption":"Conexion 23"},"image":{"@id":"https:\/\/conexion23.com\/#\/schema\/logo\/image\/"},"sameAs":["https:\/\/www.facebook.com\/conexion23com","https:\/\/www.instagram.com\/conexion23com\/","https:\/\/www.youtube.com\/channel\/UCYc7vxxFZMYLIHNsHHxPZ3Q"]},{"@type":"Person","@id":"https:\/\/conexion23.com\/#\/schema\/person\/5d6d767819503a4603e9fd070ecf3ac6","name":"Raffy Ben\u00edtez","image":{"@type":"ImageObject","inLanguage":"es","@id":"https:\/\/secure.gravatar.com\/avatar\/3190a6a6c5e1b0327500f7d6c56b6242472ee6cb974cf09b401ee6b3b0798f23?s=96&d=mm&r=g","url":"https:\/\/secure.gravatar.com\/avatar\/3190a6a6c5e1b0327500f7d6c56b6242472ee6cb974cf09b401ee6b3b0798f23?s=96&d=mm&r=g","contentUrl":"https:\/\/secure.gravatar.com\/avatar\/3190a6a6c5e1b0327500f7d6c56b6242472ee6cb974cf09b401ee6b3b0798f23?s=96&d=mm&r=g","caption":"Raffy Ben\u00edtez"},"url":"https:\/\/conexion23.com\/?author=15"}]}},"_links":{"self":[{"href":"https:\/\/conexion23.com\/index.php?rest_route=\/wp\/v2\/posts\/18492","targetHints":{"allow":["GET"]}}],"collection":[{"href":"https:\/\/conexion23.com\/index.php?rest_route=\/wp\/v2\/posts"}],"about":[{"href":"https:\/\/conexion23.com\/index.php?rest_route=\/wp\/v2\/types\/post"}],"author":[{"embeddable":true,"href":"https:\/\/conexion23.com\/index.php?rest_route=\/wp\/v2\/users\/15"}],"replies":[{"embeddable":true,"href":"https:\/\/conexion23.com\/index.php?rest_route=%2Fwp%2Fv2%2Fcomments&post=18492"}],"version-history":[{"count":1,"href":"https:\/\/conexion23.com\/index.php?rest_route=\/wp\/v2\/posts\/18492\/revisions"}],"predecessor-version":[{"id":18494,"href":"https:\/\/conexion23.com\/index.php?rest_route=\/wp\/v2\/posts\/18492\/revisions\/18494"}],"wp:featuredmedia":[{"embeddable":true,"href":"https:\/\/conexion23.com\/index.php?rest_route=\/wp\/v2\/media\/18493"}],"wp:attachment":[{"href":"https:\/\/conexion23.com\/index.php?rest_route=%2Fwp%2Fv2%2Fmedia&parent=18492"}],"wp:term":[{"taxonomy":"category","embeddable":true,"href":"https:\/\/conexion23.com\/index.php?rest_route=%2Fwp%2Fv2%2Fcategories&post=18492"},{"taxonomy":"post_tag","embeddable":true,"href":"https:\/\/conexion23.com\/index.php?rest_route=%2Fwp%2Fv2%2Ftags&post=18492"}],"curies":[{"name":"wp","href":"https:\/\/api.w.org\/{rel}","templated":true}]}}