{"id":18495,"date":"2023-06-29T08:46:33","date_gmt":"2023-06-29T12:46:33","guid":{"rendered":"https:\/\/conexion23.com\/?p=18495"},"modified":"2023-06-29T08:46:36","modified_gmt":"2023-06-29T12:46:36","slug":"llegan-a-tierra-los-restos-del-titan-recuperados-del-atlantico-2","status":"publish","type":"post","link":"https:\/\/conexion23.com\/llegan-a-tierra-los-restos-del-titan-recuperados-del-atlantico-2\/","title":{"rendered":"Llegan a tierra los restos del Tit\u00e1n recuperados del Atl\u00e1ntico."},"content":{"rendered":"\n<p class=\"wp-block-paragraph\">El barco canadiense Horizon Arctic deposit\u00f3 este mi\u00e9rcoles en el puerto de San Juan de Terranova (Canad\u00e1)<a href=\"https:\/\/listindiario.com\/videos\/20230625\/ocho-curiosidades-implosiono-titan-oceangate_760450.html\" rel=\"noreferrer noopener\" target=\"_blank\">&nbsp;los restos del sumergible Tit\u00e1n<\/a>, que implosion\u00f3 el pasado 18 de junio cuando descend\u00eda hacia los restos del Titanic, con cinco ocupantes a bordo.<\/p>\n\n\n\n<p class=\"wp-block-paragraph\">Im\u00e1genes captadas por la radiotelevisi\u00f3n p\u00fablica canadiense CBC muestran las gr\u00faas del Horizon Arctic descargando a primera hora del mi\u00e9rcoles grandes piezas del Titan en el puerto de San Juan de Terranova.<\/p>\n\n\n\n<p class=\"wp-block-paragraph\">El Horizon Arctic, operado por la compa\u00f1\u00eda canadiense a la que tambi\u00e9n pertenece el Polar Prince, el barco nodriza del Tit\u00e1n,&nbsp;<strong>recuper\u00f3 los restos del fondo del Atl\u00e1ntico con el veh\u00edculo operado de forma remota Odysseus.<\/strong><\/p>\n\n\n\n<p class=\"wp-block-paragraph\">La empresa due\u00f1a del Odysseus, Pelagic Research Services, inform\u00f3 hoy a trav\u00e9s de un comunicado que el equipo ha completado \u00abcon \u00e9xito\u00bb las operaciones en alta mar y que ahora se encuentra llevando a cabo su \u00abproceso de desmovilizaci\u00f3n\u00bb del Horizon Arctic, despu\u00e9s de diez d\u00edas de trabajo.<\/p>\n\n\n\n<p class=\"wp-block-paragraph\"><strong>Entre las im\u00e1genes publicadas por CBC se puede observar intacta la proa del sumergible<\/strong>, una pieza semiesf\u00e9rica gris con un peque\u00f1o ojo de buey por el que los ocupantes de la embarcaci\u00f3n pod\u00edan observar el exterior.<\/p>\n\n\n\n<p class=\"wp-block-paragraph\">El ojo de buey parece haber perdido la pieza de material transparente que lo cubr\u00eda.<\/p>\n\n\n\n<p class=\"wp-block-paragraph\">Otra pieza del Titan descargada por Horizon Arctic es una zona de grandes dimensiones de lo que parece ser la maquinaria situada en la parte trasera del veh\u00edculo.<\/p>\n","protected":false},"excerpt":{"rendered":"<p>El barco canadiense Horizon Arctic deposit\u00f3 este mi\u00e9rcoles en el puerto de San Juan de Terranova (Canad\u00e1)&nbsp;los restos del sumergible Tit\u00e1n, que implosion\u00f3 el pasado 18 de junio cuando descend\u00eda hacia los restos del Titanic, con cinco ocupantes a bordo. Im\u00e1genes captadas por la radiotelevisi\u00f3n p\u00fablica canadiense CBC muestran las gr\u00faas del Horizon Arctic descargando [&hellip;]<\/p>\n","protected":false},"author":15,"featured_media":18496,"comment_status":"open","ping_status":"open","sticky":false,"template":"","format":"standard","meta":{"footnotes":""},"categories":[1],"tags":[],"class_list":["post-18495","post","type-post","status-publish","format-standard","has-post-thumbnail","category-uncategorized"],"yoast_head":"<!-- This site is optimized with the Yoast SEO plugin v28.4 - https:\/\/yoast.com\/product\/yoast-seo-wordpress\/ -->\n<title>Llegan a tierra los restos del Tit\u00e1n recuperados del Atl\u00e1ntico. - Conexi\u00f3n 23<\/title>\n<meta name=\"robots\" content=\"index, follow, max-snippet:-1, max-image-preview:large, max-video-preview:-1\" \/>\n<link rel=\"canonical\" href=\"https:\/\/conexion23.com\/llegan-a-tierra-los-restos-del-titan-recuperados-del-atlantico-2\/\" \/>\n<meta property=\"og:locale\" content=\"es_ES\" \/>\n<meta property=\"og:type\" content=\"article\" \/>\n<meta property=\"og:title\" content=\"Llegan a tierra los restos del Tit\u00e1n recuperados del Atl\u00e1ntico. - Conexi\u00f3n 23\" \/>\n<meta property=\"og:description\" content=\"El barco canadiense Horizon Arctic deposit\u00f3 este mi\u00e9rcoles en el puerto de San Juan de Terranova (Canad\u00e1)&nbsp;los restos del sumergible Tit\u00e1n, que implosion\u00f3 el pasado 18 de junio cuando descend\u00eda hacia los restos del Titanic, con cinco ocupantes a bordo. Im\u00e1genes captadas por la radiotelevisi\u00f3n p\u00fablica canadiense CBC muestran las gr\u00faas del Horizon Arctic descargando [&hellip;]\" \/>\n<meta property=\"og:url\" content=\"https:\/\/conexion23.com\/llegan-a-tierra-los-restos-del-titan-recuperados-del-atlantico-2\/\" \/>\n<meta property=\"og:site_name\" content=\"Conexi\u00f3n 23\" \/>\n<meta property=\"article:publisher\" content=\"https:\/\/www.facebook.com\/conexion23com\" \/>\n<meta property=\"article:published_time\" content=\"2023-06-29T12:46:33+00:00\" \/>\n<meta property=\"article:modified_time\" content=\"2023-06-29T12:46:36+00:00\" \/>\n<meta property=\"og:image\" content=\"https:\/\/conexion23.com\/wp-content\/uploads\/2023\/06\/649c88d22a158-1.jpeg\" \/>\n\t<meta property=\"og:image:width\" content=\"950\" \/>\n\t<meta property=\"og:image:height\" content=\"465\" \/>\n\t<meta property=\"og:image:type\" content=\"image\/jpeg\" \/>\n<meta name=\"author\" content=\"Raffy Ben\u00edtez\" \/>\n<meta name=\"twitter:card\" content=\"summary_large_image\" \/>\n<meta name=\"twitter:label1\" content=\"Escrito por\" \/>\n\t<meta name=\"twitter:data1\" content=\"Raffy Ben\u00edtez\" \/>\n\t<meta name=\"twitter:label2\" content=\"Tiempo de lectura\" \/>\n\t<meta name=\"twitter:data2\" content=\"2 minutos\" \/>\n<script type=\"application\/ld+json\" class=\"yoast-schema-graph\">{\"@context\":\"https:\\\/\\\/schema.org\",\"@graph\":[{\"@type\":\"Article\",\"@id\":\"https:\\\/\\\/conexion23.com\\\/llegan-a-tierra-los-restos-del-titan-recuperados-del-atlantico-2\\\/#article\",\"isPartOf\":{\"@id\":\"https:\\\/\\\/conexion23.com\\\/llegan-a-tierra-los-restos-del-titan-recuperados-del-atlantico-2\\\/\"},\"author\":{\"name\":\"Raffy Ben\u00edtez\",\"@id\":\"https:\\\/\\\/conexion23.com\\\/#\\\/schema\\\/person\\\/5d6d767819503a4603e9fd070ecf3ac6\"},\"headline\":\"Llegan a tierra los restos del Tit\u00e1n recuperados del Atl\u00e1ntico.\",\"datePublished\":\"2023-06-29T12:46:33+00:00\",\"dateModified\":\"2023-06-29T12:46:36+00:00\",\"mainEntityOfPage\":{\"@id\":\"https:\\\/\\\/conexion23.com\\\/llegan-a-tierra-los-restos-del-titan-recuperados-del-atlantico-2\\\/\"},\"wordCount\":274,\"commentCount\":0,\"publisher\":{\"@id\":\"https:\\\/\\\/conexion23.com\\\/#organization\"},\"image\":{\"@id\":\"https:\\\/\\\/conexion23.com\\\/llegan-a-tierra-los-restos-del-titan-recuperados-del-atlantico-2\\\/#primaryimage\"},\"thumbnailUrl\":\"https:\\\/\\\/conexion23.com\\\/wp-content\\\/uploads\\\/2023\\\/06\\\/649c88d22a158-1.jpeg\",\"articleSection\":[\"Uncategorized\"],\"inLanguage\":\"es\",\"potentialAction\":[{\"@type\":\"CommentAction\",\"name\":\"Comment\",\"target\":[\"https:\\\/\\\/conexion23.com\\\/llegan-a-tierra-los-restos-del-titan-recuperados-del-atlantico-2\\\/#respond\"]}]},{\"@type\":\"WebPage\",\"@id\":\"https:\\\/\\\/conexion23.com\\\/llegan-a-tierra-los-restos-del-titan-recuperados-del-atlantico-2\\\/\",\"url\":\"https:\\\/\\\/conexion23.com\\\/llegan-a-tierra-los-restos-del-titan-recuperados-del-atlantico-2\\\/\",\"name\":\"Llegan a tierra los restos del Tit\u00e1n recuperados del Atl\u00e1ntico. - Conexi\u00f3n 23\",\"isPartOf\":{\"@id\":\"https:\\\/\\\/conexion23.com\\\/#website\"},\"primaryImageOfPage\":{\"@id\":\"https:\\\/\\\/conexion23.com\\\/llegan-a-tierra-los-restos-del-titan-recuperados-del-atlantico-2\\\/#primaryimage\"},\"image\":{\"@id\":\"https:\\\/\\\/conexion23.com\\\/llegan-a-tierra-los-restos-del-titan-recuperados-del-atlantico-2\\\/#primaryimage\"},\"thumbnailUrl\":\"https:\\\/\\\/conexion23.com\\\/wp-content\\\/uploads\\\/2023\\\/06\\\/649c88d22a158-1.jpeg\",\"datePublished\":\"2023-06-29T12:46:33+00:00\",\"dateModified\":\"2023-06-29T12:46:36+00:00\",\"breadcrumb\":{\"@id\":\"https:\\\/\\\/conexion23.com\\\/llegan-a-tierra-los-restos-del-titan-recuperados-del-atlantico-2\\\/#breadcrumb\"},\"inLanguage\":\"es\",\"potentialAction\":[{\"@type\":\"ReadAction\",\"target\":[\"https:\\\/\\\/conexion23.com\\\/llegan-a-tierra-los-restos-del-titan-recuperados-del-atlantico-2\\\/\"]}]},{\"@type\":\"ImageObject\",\"inLanguage\":\"es\",\"@id\":\"https:\\\/\\\/conexion23.com\\\/llegan-a-tierra-los-restos-del-titan-recuperados-del-atlantico-2\\\/#primaryimage\",\"url\":\"https:\\\/\\\/conexion23.com\\\/wp-content\\\/uploads\\\/2023\\\/06\\\/649c88d22a158-1.jpeg\",\"contentUrl\":\"https:\\\/\\\/conexion23.com\\\/wp-content\\\/uploads\\\/2023\\\/06\\\/649c88d22a158-1.jpeg\",\"width\":950,\"height\":465},{\"@type\":\"BreadcrumbList\",\"@id\":\"https:\\\/\\\/conexion23.com\\\/llegan-a-tierra-los-restos-del-titan-recuperados-del-atlantico-2\\\/#breadcrumb\",\"itemListElement\":[{\"@type\":\"ListItem\",\"position\":1,\"name\":\"Portada\",\"item\":\"https:\\\/\\\/conexion23.com\\\/\"},{\"@type\":\"ListItem\",\"position\":2,\"name\":\"Llegan a tierra los restos del Tit\u00e1n recuperados del Atl\u00e1ntico.\"}]},{\"@type\":\"WebSite\",\"@id\":\"https:\\\/\\\/conexion23.com\\\/#website\",\"url\":\"https:\\\/\\\/conexion23.com\\\/\",\"name\":\"Conexi\u00f3n 23\",\"description\":\"Peri\u00f3dico 100% Petromacorisano\",\"publisher\":{\"@id\":\"https:\\\/\\\/conexion23.com\\\/#organization\"},\"potentialAction\":[{\"@type\":\"SearchAction\",\"target\":{\"@type\":\"EntryPoint\",\"urlTemplate\":\"https:\\\/\\\/conexion23.com\\\/?s={search_term_string}\"},\"query-input\":{\"@type\":\"PropertyValueSpecification\",\"valueRequired\":true,\"valueName\":\"search_term_string\"}}],\"inLanguage\":\"es\"},{\"@type\":\"Organization\",\"@id\":\"https:\\\/\\\/conexion23.com\\\/#organization\",\"name\":\"Conexion 23\",\"url\":\"https:\\\/\\\/conexion23.com\\\/\",\"logo\":{\"@type\":\"ImageObject\",\"inLanguage\":\"es\",\"@id\":\"https:\\\/\\\/conexion23.com\\\/#\\\/schema\\\/logo\\\/image\\\/\",\"url\":\"https:\\\/\\\/conexion23.com\\\/wp-content\\\/uploads\\\/2021\\\/11\\\/Diseno-sin-titulo-2.png\",\"contentUrl\":\"https:\\\/\\\/conexion23.com\\\/wp-content\\\/uploads\\\/2021\\\/11\\\/Diseno-sin-titulo-2.png\",\"width\":541,\"height\":90,\"caption\":\"Conexion 23\"},\"image\":{\"@id\":\"https:\\\/\\\/conexion23.com\\\/#\\\/schema\\\/logo\\\/image\\\/\"},\"sameAs\":[\"https:\\\/\\\/www.facebook.com\\\/conexion23com\",\"https:\\\/\\\/www.instagram.com\\\/conexion23com\\\/\",\"https:\\\/\\\/www.youtube.com\\\/channel\\\/UCYc7vxxFZMYLIHNsHHxPZ3Q\"]},{\"@type\":\"Person\",\"@id\":\"https:\\\/\\\/conexion23.com\\\/#\\\/schema\\\/person\\\/5d6d767819503a4603e9fd070ecf3ac6\",\"name\":\"Raffy Ben\u00edtez\",\"image\":{\"@type\":\"ImageObject\",\"inLanguage\":\"es\",\"@id\":\"https:\\\/\\\/secure.gravatar.com\\\/avatar\\\/3190a6a6c5e1b0327500f7d6c56b6242472ee6cb974cf09b401ee6b3b0798f23?s=96&d=mm&r=g\",\"url\":\"https:\\\/\\\/secure.gravatar.com\\\/avatar\\\/3190a6a6c5e1b0327500f7d6c56b6242472ee6cb974cf09b401ee6b3b0798f23?s=96&d=mm&r=g\",\"contentUrl\":\"https:\\\/\\\/secure.gravatar.com\\\/avatar\\\/3190a6a6c5e1b0327500f7d6c56b6242472ee6cb974cf09b401ee6b3b0798f23?s=96&d=mm&r=g\",\"caption\":\"Raffy Ben\u00edtez\"},\"url\":\"https:\\\/\\\/conexion23.com\\\/author\\\/raffy-benitez\\\/\"}]}<\/script>\n<!-- \/ Yoast SEO plugin. -->","yoast_head_json":{"title":"Llegan a tierra los restos del Tit\u00e1n recuperados del Atl\u00e1ntico. - Conexi\u00f3n 23","robots":{"index":"index","follow":"follow","max-snippet":"max-snippet:-1","max-image-preview":"max-image-preview:large","max-video-preview":"max-video-preview:-1"},"canonical":"https:\/\/conexion23.com\/llegan-a-tierra-los-restos-del-titan-recuperados-del-atlantico-2\/","og_locale":"es_ES","og_type":"article","og_title":"Llegan a tierra los restos del Tit\u00e1n recuperados del Atl\u00e1ntico. - Conexi\u00f3n 23","og_description":"El barco canadiense Horizon Arctic deposit\u00f3 este mi\u00e9rcoles en el puerto de San Juan de Terranova (Canad\u00e1)&nbsp;los restos del sumergible Tit\u00e1n, que implosion\u00f3 el pasado 18 de junio cuando descend\u00eda hacia los restos del Titanic, con cinco ocupantes a bordo. Im\u00e1genes captadas por la radiotelevisi\u00f3n p\u00fablica canadiense CBC muestran las gr\u00faas del Horizon Arctic descargando [&hellip;]","og_url":"https:\/\/conexion23.com\/llegan-a-tierra-los-restos-del-titan-recuperados-del-atlantico-2\/","og_site_name":"Conexi\u00f3n 23","article_publisher":"https:\/\/www.facebook.com\/conexion23com","article_published_time":"2023-06-29T12:46:33+00:00","article_modified_time":"2023-06-29T12:46:36+00:00","og_image":[{"width":950,"height":465,"url":"https:\/\/conexion23.com\/wp-content\/uploads\/2023\/06\/649c88d22a158-1.jpeg","type":"image\/jpeg"}],"author":"Raffy Ben\u00edtez","twitter_card":"summary_large_image","twitter_misc":{"Escrito por":"Raffy Ben\u00edtez","Tiempo de lectura":"2 minutos"},"schema":{"@context":"https:\/\/schema.org","@graph":[{"@type":"Article","@id":"https:\/\/conexion23.com\/llegan-a-tierra-los-restos-del-titan-recuperados-del-atlantico-2\/#article","isPartOf":{"@id":"https:\/\/conexion23.com\/llegan-a-tierra-los-restos-del-titan-recuperados-del-atlantico-2\/"},"author":{"name":"Raffy Ben\u00edtez","@id":"https:\/\/conexion23.com\/#\/schema\/person\/5d6d767819503a4603e9fd070ecf3ac6"},"headline":"Llegan a tierra los restos del Tit\u00e1n recuperados del Atl\u00e1ntico.","datePublished":"2023-06-29T12:46:33+00:00","dateModified":"2023-06-29T12:46:36+00:00","mainEntityOfPage":{"@id":"https:\/\/conexion23.com\/llegan-a-tierra-los-restos-del-titan-recuperados-del-atlantico-2\/"},"wordCount":274,"commentCount":0,"publisher":{"@id":"https:\/\/conexion23.com\/#organization"},"image":{"@id":"https:\/\/conexion23.com\/llegan-a-tierra-los-restos-del-titan-recuperados-del-atlantico-2\/#primaryimage"},"thumbnailUrl":"https:\/\/conexion23.com\/wp-content\/uploads\/2023\/06\/649c88d22a158-1.jpeg","articleSection":["Uncategorized"],"inLanguage":"es","potentialAction":[{"@type":"CommentAction","name":"Comment","target":["https:\/\/conexion23.com\/llegan-a-tierra-los-restos-del-titan-recuperados-del-atlantico-2\/#respond"]}]},{"@type":"WebPage","@id":"https:\/\/conexion23.com\/llegan-a-tierra-los-restos-del-titan-recuperados-del-atlantico-2\/","url":"https:\/\/conexion23.com\/llegan-a-tierra-los-restos-del-titan-recuperados-del-atlantico-2\/","name":"Llegan a tierra los restos del Tit\u00e1n recuperados del Atl\u00e1ntico. - Conexi\u00f3n 23","isPartOf":{"@id":"https:\/\/conexion23.com\/#website"},"primaryImageOfPage":{"@id":"https:\/\/conexion23.com\/llegan-a-tierra-los-restos-del-titan-recuperados-del-atlantico-2\/#primaryimage"},"image":{"@id":"https:\/\/conexion23.com\/llegan-a-tierra-los-restos-del-titan-recuperados-del-atlantico-2\/#primaryimage"},"thumbnailUrl":"https:\/\/conexion23.com\/wp-content\/uploads\/2023\/06\/649c88d22a158-1.jpeg","datePublished":"2023-06-29T12:46:33+00:00","dateModified":"2023-06-29T12:46:36+00:00","breadcrumb":{"@id":"https:\/\/conexion23.com\/llegan-a-tierra-los-restos-del-titan-recuperados-del-atlantico-2\/#breadcrumb"},"inLanguage":"es","potentialAction":[{"@type":"ReadAction","target":["https:\/\/conexion23.com\/llegan-a-tierra-los-restos-del-titan-recuperados-del-atlantico-2\/"]}]},{"@type":"ImageObject","inLanguage":"es","@id":"https:\/\/conexion23.com\/llegan-a-tierra-los-restos-del-titan-recuperados-del-atlantico-2\/#primaryimage","url":"https:\/\/conexion23.com\/wp-content\/uploads\/2023\/06\/649c88d22a158-1.jpeg","contentUrl":"https:\/\/conexion23.com\/wp-content\/uploads\/2023\/06\/649c88d22a158-1.jpeg","width":950,"height":465},{"@type":"BreadcrumbList","@id":"https:\/\/conexion23.com\/llegan-a-tierra-los-restos-del-titan-recuperados-del-atlantico-2\/#breadcrumb","itemListElement":[{"@type":"ListItem","position":1,"name":"Portada","item":"https:\/\/conexion23.com\/"},{"@type":"ListItem","position":2,"name":"Llegan a tierra los restos del Tit\u00e1n recuperados del Atl\u00e1ntico."}]},{"@type":"WebSite","@id":"https:\/\/conexion23.com\/#website","url":"https:\/\/conexion23.com\/","name":"Conexi\u00f3n 23","description":"Peri\u00f3dico 100% Petromacorisano","publisher":{"@id":"https:\/\/conexion23.com\/#organization"},"potentialAction":[{"@type":"SearchAction","target":{"@type":"EntryPoint","urlTemplate":"https:\/\/conexion23.com\/?s={search_term_string}"},"query-input":{"@type":"PropertyValueSpecification","valueRequired":true,"valueName":"search_term_string"}}],"inLanguage":"es"},{"@type":"Organization","@id":"https:\/\/conexion23.com\/#organization","name":"Conexion 23","url":"https:\/\/conexion23.com\/","logo":{"@type":"ImageObject","inLanguage":"es","@id":"https:\/\/conexion23.com\/#\/schema\/logo\/image\/","url":"https:\/\/conexion23.com\/wp-content\/uploads\/2021\/11\/Diseno-sin-titulo-2.png","contentUrl":"https:\/\/conexion23.com\/wp-content\/uploads\/2021\/11\/Diseno-sin-titulo-2.png","width":541,"height":90,"caption":"Conexion 23"},"image":{"@id":"https:\/\/conexion23.com\/#\/schema\/logo\/image\/"},"sameAs":["https:\/\/www.facebook.com\/conexion23com","https:\/\/www.instagram.com\/conexion23com\/","https:\/\/www.youtube.com\/channel\/UCYc7vxxFZMYLIHNsHHxPZ3Q"]},{"@type":"Person","@id":"https:\/\/conexion23.com\/#\/schema\/person\/5d6d767819503a4603e9fd070ecf3ac6","name":"Raffy Ben\u00edtez","image":{"@type":"ImageObject","inLanguage":"es","@id":"https:\/\/secure.gravatar.com\/avatar\/3190a6a6c5e1b0327500f7d6c56b6242472ee6cb974cf09b401ee6b3b0798f23?s=96&d=mm&r=g","url":"https:\/\/secure.gravatar.com\/avatar\/3190a6a6c5e1b0327500f7d6c56b6242472ee6cb974cf09b401ee6b3b0798f23?s=96&d=mm&r=g","contentUrl":"https:\/\/secure.gravatar.com\/avatar\/3190a6a6c5e1b0327500f7d6c56b6242472ee6cb974cf09b401ee6b3b0798f23?s=96&d=mm&r=g","caption":"Raffy Ben\u00edtez"},"url":"https:\/\/conexion23.com\/author\/raffy-benitez\/"}]}},"_links":{"self":[{"href":"https:\/\/conexion23.com\/wp-json\/wp\/v2\/posts\/18495","targetHints":{"allow":["GET"]}}],"collection":[{"href":"https:\/\/conexion23.com\/wp-json\/wp\/v2\/posts"}],"about":[{"href":"https:\/\/conexion23.com\/wp-json\/wp\/v2\/types\/post"}],"author":[{"embeddable":true,"href":"https:\/\/conexion23.com\/wp-json\/wp\/v2\/users\/15"}],"replies":[{"embeddable":true,"href":"https:\/\/conexion23.com\/wp-json\/wp\/v2\/comments?post=18495"}],"version-history":[{"count":1,"href":"https:\/\/conexion23.com\/wp-json\/wp\/v2\/posts\/18495\/revisions"}],"predecessor-version":[{"id":18497,"href":"https:\/\/conexion23.com\/wp-json\/wp\/v2\/posts\/18495\/revisions\/18497"}],"wp:featuredmedia":[{"embeddable":true,"href":"https:\/\/conexion23.com\/wp-json\/wp\/v2\/media\/18496"}],"wp:attachment":[{"href":"https:\/\/conexion23.com\/wp-json\/wp\/v2\/media?parent=18495"}],"wp:term":[{"taxonomy":"category","embeddable":true,"href":"https:\/\/conexion23.com\/wp-json\/wp\/v2\/categories?post=18495"},{"taxonomy":"post_tag","embeddable":true,"href":"https:\/\/conexion23.com\/wp-json\/wp\/v2\/tags?post=18495"}],"curies":[{"name":"wp","href":"https:\/\/api.w.org\/{rel}","templated":true}]}}