{"id":18563,"date":"2023-07-01T07:42:55","date_gmt":"2023-07-01T11:42:55","guid":{"rendered":"https:\/\/conexion23.com\/?p=18563"},"modified":"2023-07-01T07:42:58","modified_gmt":"2023-07-01T11:42:58","slug":"leonel-estara-en-la-vega-y-san-francisco-de-macoris-juramentando-nuevos-miembros-de-la-fp-este-domingo","status":"publish","type":"post","link":"https:\/\/conexion23.com\/?p=18563","title":{"rendered":"Leonel estar\u00e1 en La Vega y San Francisco de Macor\u00eds juramentando nuevos miembros de la FP este domingo."},"content":{"rendered":"\n<p class=\"wp-block-paragraph\">Pastores evang\u00e9licos se integran a la Fuerza del Pueblo este s\u00e1bado<\/p>\n\n\n\n<p class=\"wp-block-paragraph\">El presidente del\u00a0partido Fuerza del Pueblo, Leonel Fern\u00e1ndez, continua este fin de semana su jornada de juramentaciones de nuevos miembros y asambleas de dirigentes en la organizaci\u00f3n pol\u00edtica que preside. Estas actividades son parte del proceso para lograr los dos millones de afiliados que se ha propuesto como meta para este a\u00f1o.<\/p>\n\n\n\n<p class=\"wp-block-paragraph\">Este s\u00e1bado, Fern\u00e1ndez encabezar\u00e1 a las 11:00 a.m. una asamblea interna de dirigentes en el&nbsp;Pabell\u00f3n de la Fama del Deporte Dominicano, en el Centro Ol\u00edmpico Juan Pablo Duarte, con la finalidad de pasar balance a la meta de afiliaci\u00f3n&nbsp;de nuevos integrantes de la organizaci\u00f3n.&nbsp;<\/p>\n\n\n\n<p class=\"wp-block-paragraph\">A las 4:00 p.m., el presidente de la FP juramentar\u00e1&nbsp;un grupo de pastores evang\u00e9licos que han decidido sumarse a la Fuerza del Pueblo, en un acto que se realizar\u00e1 en la Casa del Pueblo Johnny Ventura.<\/p>\n\n\n\n<p class=\"wp-block-paragraph\">El domingo<\/p>\n\n\n\n<p class=\"wp-block-paragraph\">El Pabell\u00f3n de Baloncesto Fernando Teruel, de la provincia de La Vega, acoger\u00e1 este domingo a los nuevos miembros de la Fuerza del Pueblo que ser\u00e1n juramentados por su presidente, Leonel Fern\u00e1ndez.<\/p>\n\n\n\n<p class=\"wp-block-paragraph\">El masivo acto bajo techo que se est\u00e1 convocando para las 11:30 a.m., ser\u00e1 la primera actividad de este domingo en la agenda del l\u00edder de la oposici\u00f3n pol\u00edtica dominicana.<\/p>\n\n\n\n<p class=\"wp-block-paragraph\">Luego de la juramentaci\u00f3n, Fern\u00e1ndez ir\u00e1 a cortar la cinta para dejar inaugurado el local provincial de la Fuerza del Pueblo, ubicado en la calle Jos\u00e9 Horacio Rodr\u00edguez, en La Vega.<\/p>\n\n\n\n<p class=\"wp-block-paragraph\">A las 4:00 p.m. de este mismo d\u00eda ser\u00e1n juramentados los nuevos miembros de San Francisco de Macor\u00eds, en el Club de Mayoristas de esta ciudad.<\/p>\n","protected":false},"excerpt":{"rendered":"<p>Pastores evang\u00e9licos se integran a la Fuerza del Pueblo este s\u00e1bado El presidente del\u00a0partido Fuerza del Pueblo, Leonel Fern\u00e1ndez, continua este fin de semana su jornada de juramentaciones de nuevos miembros y asambleas de dirigentes en la organizaci\u00f3n pol\u00edtica que preside. Estas actividades son parte del proceso para lograr los dos millones de afiliados que [&hellip;]<\/p>\n","protected":false},"author":15,"featured_media":18564,"comment_status":"open","ping_status":"open","sticky":false,"template":"","format":"standard","meta":{"footnotes":""},"categories":[1],"tags":[],"class_list":["post-18563","post","type-post","status-publish","format-standard","has-post-thumbnail","category-uncategorized"],"yoast_head":"<!-- This site is optimized with the Yoast SEO plugin v27.6 - https:\/\/yoast.com\/product\/yoast-seo-wordpress\/ -->\n<title>Leonel estar\u00e1 en La Vega y San Francisco de Macor\u00eds juramentando nuevos miembros de la FP este domingo. - Conexi\u00f3n 23<\/title>\n<meta name=\"robots\" content=\"index, follow, max-snippet:-1, max-image-preview:large, max-video-preview:-1\" \/>\n<link rel=\"canonical\" href=\"https:\/\/conexion23.com\/?p=18563\" \/>\n<meta property=\"og:locale\" content=\"es_ES\" \/>\n<meta property=\"og:type\" content=\"article\" \/>\n<meta property=\"og:title\" content=\"Leonel estar\u00e1 en La Vega y San Francisco de Macor\u00eds juramentando nuevos miembros de la FP este domingo. - Conexi\u00f3n 23\" \/>\n<meta property=\"og:description\" content=\"Pastores evang\u00e9licos se integran a la Fuerza del Pueblo este s\u00e1bado El presidente del\u00a0partido Fuerza del Pueblo, Leonel Fern\u00e1ndez, continua este fin de semana su jornada de juramentaciones de nuevos miembros y asambleas de dirigentes en la organizaci\u00f3n pol\u00edtica que preside. Estas actividades son parte del proceso para lograr los dos millones de afiliados que [&hellip;]\" \/>\n<meta property=\"og:url\" content=\"https:\/\/conexion23.com\/?p=18563\" \/>\n<meta property=\"og:site_name\" content=\"Conexi\u00f3n 23\" \/>\n<meta property=\"article:publisher\" content=\"https:\/\/www.facebook.com\/conexion23com\" \/>\n<meta property=\"article:published_time\" content=\"2023-07-01T11:42:55+00:00\" \/>\n<meta property=\"article:modified_time\" content=\"2023-07-01T11:42:58+00:00\" \/>\n<meta property=\"og:image\" content=\"https:\/\/conexion23.com\/wp-content\/uploads\/2023\/07\/e81411e8-67c5-4a73-b2fb-f157071264c8.jpg\" \/>\n\t<meta property=\"og:image:width\" content=\"1280\" \/>\n\t<meta property=\"og:image:height\" content=\"756\" \/>\n\t<meta property=\"og:image:type\" content=\"image\/jpeg\" \/>\n<meta name=\"author\" content=\"Raffy Ben\u00edtez\" \/>\n<meta name=\"twitter:card\" content=\"summary_large_image\" \/>\n<meta name=\"twitter:label1\" content=\"Escrito por\" \/>\n\t<meta name=\"twitter:data1\" content=\"Raffy Ben\u00edtez\" \/>\n\t<meta name=\"twitter:label2\" content=\"Tiempo de lectura\" \/>\n\t<meta name=\"twitter:data2\" content=\"2 minutos\" \/>\n<script type=\"application\/ld+json\" class=\"yoast-schema-graph\">{\"@context\":\"https:\\\/\\\/schema.org\",\"@graph\":[{\"@type\":\"Article\",\"@id\":\"https:\\\/\\\/conexion23.com\\\/?p=18563#article\",\"isPartOf\":{\"@id\":\"https:\\\/\\\/conexion23.com\\\/?p=18563\"},\"author\":{\"name\":\"Raffy Ben\u00edtez\",\"@id\":\"https:\\\/\\\/conexion23.com\\\/#\\\/schema\\\/person\\\/5d6d767819503a4603e9fd070ecf3ac6\"},\"headline\":\"Leonel estar\u00e1 en La Vega y San Francisco de Macor\u00eds juramentando nuevos miembros de la FP este domingo.\",\"datePublished\":\"2023-07-01T11:42:55+00:00\",\"dateModified\":\"2023-07-01T11:42:58+00:00\",\"mainEntityOfPage\":{\"@id\":\"https:\\\/\\\/conexion23.com\\\/?p=18563\"},\"wordCount\":316,\"commentCount\":0,\"publisher\":{\"@id\":\"https:\\\/\\\/conexion23.com\\\/#organization\"},\"image\":{\"@id\":\"https:\\\/\\\/conexion23.com\\\/?p=18563#primaryimage\"},\"thumbnailUrl\":\"https:\\\/\\\/conexion23.com\\\/wp-content\\\/uploads\\\/2023\\\/07\\\/e81411e8-67c5-4a73-b2fb-f157071264c8.jpg\",\"articleSection\":[\"Uncategorized\"],\"inLanguage\":\"es\",\"potentialAction\":[{\"@type\":\"CommentAction\",\"name\":\"Comment\",\"target\":[\"https:\\\/\\\/conexion23.com\\\/?p=18563#respond\"]}]},{\"@type\":\"WebPage\",\"@id\":\"https:\\\/\\\/conexion23.com\\\/?p=18563\",\"url\":\"https:\\\/\\\/conexion23.com\\\/?p=18563\",\"name\":\"Leonel estar\u00e1 en La Vega y San Francisco de Macor\u00eds juramentando nuevos miembros de la FP este domingo. - Conexi\u00f3n 23\",\"isPartOf\":{\"@id\":\"https:\\\/\\\/conexion23.com\\\/#website\"},\"primaryImageOfPage\":{\"@id\":\"https:\\\/\\\/conexion23.com\\\/?p=18563#primaryimage\"},\"image\":{\"@id\":\"https:\\\/\\\/conexion23.com\\\/?p=18563#primaryimage\"},\"thumbnailUrl\":\"https:\\\/\\\/conexion23.com\\\/wp-content\\\/uploads\\\/2023\\\/07\\\/e81411e8-67c5-4a73-b2fb-f157071264c8.jpg\",\"datePublished\":\"2023-07-01T11:42:55+00:00\",\"dateModified\":\"2023-07-01T11:42:58+00:00\",\"breadcrumb\":{\"@id\":\"https:\\\/\\\/conexion23.com\\\/?p=18563#breadcrumb\"},\"inLanguage\":\"es\",\"potentialAction\":[{\"@type\":\"ReadAction\",\"target\":[\"https:\\\/\\\/conexion23.com\\\/?p=18563\"]}]},{\"@type\":\"ImageObject\",\"inLanguage\":\"es\",\"@id\":\"https:\\\/\\\/conexion23.com\\\/?p=18563#primaryimage\",\"url\":\"https:\\\/\\\/conexion23.com\\\/wp-content\\\/uploads\\\/2023\\\/07\\\/e81411e8-67c5-4a73-b2fb-f157071264c8.jpg\",\"contentUrl\":\"https:\\\/\\\/conexion23.com\\\/wp-content\\\/uploads\\\/2023\\\/07\\\/e81411e8-67c5-4a73-b2fb-f157071264c8.jpg\",\"width\":1280,\"height\":756},{\"@type\":\"BreadcrumbList\",\"@id\":\"https:\\\/\\\/conexion23.com\\\/?p=18563#breadcrumb\",\"itemListElement\":[{\"@type\":\"ListItem\",\"position\":1,\"name\":\"Portada\",\"item\":\"https:\\\/\\\/conexion23.com\\\/\"},{\"@type\":\"ListItem\",\"position\":2,\"name\":\"Leonel estar\u00e1 en La Vega y San Francisco de Macor\u00eds juramentando nuevos miembros de la FP este domingo.\"}]},{\"@type\":\"WebSite\",\"@id\":\"https:\\\/\\\/conexion23.com\\\/#website\",\"url\":\"https:\\\/\\\/conexion23.com\\\/\",\"name\":\"Conexi\u00f3n 23\",\"description\":\"Peri\u00f3dico 100% Petromacorisano\",\"publisher\":{\"@id\":\"https:\\\/\\\/conexion23.com\\\/#organization\"},\"potentialAction\":[{\"@type\":\"SearchAction\",\"target\":{\"@type\":\"EntryPoint\",\"urlTemplate\":\"https:\\\/\\\/conexion23.com\\\/?s={search_term_string}\"},\"query-input\":{\"@type\":\"PropertyValueSpecification\",\"valueRequired\":true,\"valueName\":\"search_term_string\"}}],\"inLanguage\":\"es\"},{\"@type\":\"Organization\",\"@id\":\"https:\\\/\\\/conexion23.com\\\/#organization\",\"name\":\"Conexion 23\",\"url\":\"https:\\\/\\\/conexion23.com\\\/\",\"logo\":{\"@type\":\"ImageObject\",\"inLanguage\":\"es\",\"@id\":\"https:\\\/\\\/conexion23.com\\\/#\\\/schema\\\/logo\\\/image\\\/\",\"url\":\"https:\\\/\\\/conexion23.com\\\/wp-content\\\/uploads\\\/2021\\\/11\\\/Diseno-sin-titulo-2.png\",\"contentUrl\":\"https:\\\/\\\/conexion23.com\\\/wp-content\\\/uploads\\\/2021\\\/11\\\/Diseno-sin-titulo-2.png\",\"width\":541,\"height\":90,\"caption\":\"Conexion 23\"},\"image\":{\"@id\":\"https:\\\/\\\/conexion23.com\\\/#\\\/schema\\\/logo\\\/image\\\/\"},\"sameAs\":[\"https:\\\/\\\/www.facebook.com\\\/conexion23com\",\"https:\\\/\\\/www.instagram.com\\\/conexion23com\\\/\",\"https:\\\/\\\/www.youtube.com\\\/channel\\\/UCYc7vxxFZMYLIHNsHHxPZ3Q\"]},{\"@type\":\"Person\",\"@id\":\"https:\\\/\\\/conexion23.com\\\/#\\\/schema\\\/person\\\/5d6d767819503a4603e9fd070ecf3ac6\",\"name\":\"Raffy Ben\u00edtez\",\"image\":{\"@type\":\"ImageObject\",\"inLanguage\":\"es\",\"@id\":\"https:\\\/\\\/secure.gravatar.com\\\/avatar\\\/3190a6a6c5e1b0327500f7d6c56b6242472ee6cb974cf09b401ee6b3b0798f23?s=96&d=mm&r=g\",\"url\":\"https:\\\/\\\/secure.gravatar.com\\\/avatar\\\/3190a6a6c5e1b0327500f7d6c56b6242472ee6cb974cf09b401ee6b3b0798f23?s=96&d=mm&r=g\",\"contentUrl\":\"https:\\\/\\\/secure.gravatar.com\\\/avatar\\\/3190a6a6c5e1b0327500f7d6c56b6242472ee6cb974cf09b401ee6b3b0798f23?s=96&d=mm&r=g\",\"caption\":\"Raffy Ben\u00edtez\"},\"url\":\"https:\\\/\\\/conexion23.com\\\/?author=15\"}]}<\/script>\n<!-- \/ Yoast SEO plugin. -->","yoast_head_json":{"title":"Leonel estar\u00e1 en La Vega y San Francisco de Macor\u00eds juramentando nuevos miembros de la FP este domingo. - Conexi\u00f3n 23","robots":{"index":"index","follow":"follow","max-snippet":"max-snippet:-1","max-image-preview":"max-image-preview:large","max-video-preview":"max-video-preview:-1"},"canonical":"https:\/\/conexion23.com\/?p=18563","og_locale":"es_ES","og_type":"article","og_title":"Leonel estar\u00e1 en La Vega y San Francisco de Macor\u00eds juramentando nuevos miembros de la FP este domingo. - Conexi\u00f3n 23","og_description":"Pastores evang\u00e9licos se integran a la Fuerza del Pueblo este s\u00e1bado El presidente del\u00a0partido Fuerza del Pueblo, Leonel Fern\u00e1ndez, continua este fin de semana su jornada de juramentaciones de nuevos miembros y asambleas de dirigentes en la organizaci\u00f3n pol\u00edtica que preside. Estas actividades son parte del proceso para lograr los dos millones de afiliados que [&hellip;]","og_url":"https:\/\/conexion23.com\/?p=18563","og_site_name":"Conexi\u00f3n 23","article_publisher":"https:\/\/www.facebook.com\/conexion23com","article_published_time":"2023-07-01T11:42:55+00:00","article_modified_time":"2023-07-01T11:42:58+00:00","og_image":[{"width":1280,"height":756,"url":"https:\/\/conexion23.com\/wp-content\/uploads\/2023\/07\/e81411e8-67c5-4a73-b2fb-f157071264c8.jpg","type":"image\/jpeg"}],"author":"Raffy Ben\u00edtez","twitter_card":"summary_large_image","twitter_misc":{"Escrito por":"Raffy Ben\u00edtez","Tiempo de lectura":"2 minutos"},"schema":{"@context":"https:\/\/schema.org","@graph":[{"@type":"Article","@id":"https:\/\/conexion23.com\/?p=18563#article","isPartOf":{"@id":"https:\/\/conexion23.com\/?p=18563"},"author":{"name":"Raffy Ben\u00edtez","@id":"https:\/\/conexion23.com\/#\/schema\/person\/5d6d767819503a4603e9fd070ecf3ac6"},"headline":"Leonel estar\u00e1 en La Vega y San Francisco de Macor\u00eds juramentando nuevos miembros de la FP este domingo.","datePublished":"2023-07-01T11:42:55+00:00","dateModified":"2023-07-01T11:42:58+00:00","mainEntityOfPage":{"@id":"https:\/\/conexion23.com\/?p=18563"},"wordCount":316,"commentCount":0,"publisher":{"@id":"https:\/\/conexion23.com\/#organization"},"image":{"@id":"https:\/\/conexion23.com\/?p=18563#primaryimage"},"thumbnailUrl":"https:\/\/conexion23.com\/wp-content\/uploads\/2023\/07\/e81411e8-67c5-4a73-b2fb-f157071264c8.jpg","articleSection":["Uncategorized"],"inLanguage":"es","potentialAction":[{"@type":"CommentAction","name":"Comment","target":["https:\/\/conexion23.com\/?p=18563#respond"]}]},{"@type":"WebPage","@id":"https:\/\/conexion23.com\/?p=18563","url":"https:\/\/conexion23.com\/?p=18563","name":"Leonel estar\u00e1 en La Vega y San Francisco de Macor\u00eds juramentando nuevos miembros de la FP este domingo. - Conexi\u00f3n 23","isPartOf":{"@id":"https:\/\/conexion23.com\/#website"},"primaryImageOfPage":{"@id":"https:\/\/conexion23.com\/?p=18563#primaryimage"},"image":{"@id":"https:\/\/conexion23.com\/?p=18563#primaryimage"},"thumbnailUrl":"https:\/\/conexion23.com\/wp-content\/uploads\/2023\/07\/e81411e8-67c5-4a73-b2fb-f157071264c8.jpg","datePublished":"2023-07-01T11:42:55+00:00","dateModified":"2023-07-01T11:42:58+00:00","breadcrumb":{"@id":"https:\/\/conexion23.com\/?p=18563#breadcrumb"},"inLanguage":"es","potentialAction":[{"@type":"ReadAction","target":["https:\/\/conexion23.com\/?p=18563"]}]},{"@type":"ImageObject","inLanguage":"es","@id":"https:\/\/conexion23.com\/?p=18563#primaryimage","url":"https:\/\/conexion23.com\/wp-content\/uploads\/2023\/07\/e81411e8-67c5-4a73-b2fb-f157071264c8.jpg","contentUrl":"https:\/\/conexion23.com\/wp-content\/uploads\/2023\/07\/e81411e8-67c5-4a73-b2fb-f157071264c8.jpg","width":1280,"height":756},{"@type":"BreadcrumbList","@id":"https:\/\/conexion23.com\/?p=18563#breadcrumb","itemListElement":[{"@type":"ListItem","position":1,"name":"Portada","item":"https:\/\/conexion23.com\/"},{"@type":"ListItem","position":2,"name":"Leonel estar\u00e1 en La Vega y San Francisco de Macor\u00eds juramentando nuevos miembros de la FP este domingo."}]},{"@type":"WebSite","@id":"https:\/\/conexion23.com\/#website","url":"https:\/\/conexion23.com\/","name":"Conexi\u00f3n 23","description":"Peri\u00f3dico 100% Petromacorisano","publisher":{"@id":"https:\/\/conexion23.com\/#organization"},"potentialAction":[{"@type":"SearchAction","target":{"@type":"EntryPoint","urlTemplate":"https:\/\/conexion23.com\/?s={search_term_string}"},"query-input":{"@type":"PropertyValueSpecification","valueRequired":true,"valueName":"search_term_string"}}],"inLanguage":"es"},{"@type":"Organization","@id":"https:\/\/conexion23.com\/#organization","name":"Conexion 23","url":"https:\/\/conexion23.com\/","logo":{"@type":"ImageObject","inLanguage":"es","@id":"https:\/\/conexion23.com\/#\/schema\/logo\/image\/","url":"https:\/\/conexion23.com\/wp-content\/uploads\/2021\/11\/Diseno-sin-titulo-2.png","contentUrl":"https:\/\/conexion23.com\/wp-content\/uploads\/2021\/11\/Diseno-sin-titulo-2.png","width":541,"height":90,"caption":"Conexion 23"},"image":{"@id":"https:\/\/conexion23.com\/#\/schema\/logo\/image\/"},"sameAs":["https:\/\/www.facebook.com\/conexion23com","https:\/\/www.instagram.com\/conexion23com\/","https:\/\/www.youtube.com\/channel\/UCYc7vxxFZMYLIHNsHHxPZ3Q"]},{"@type":"Person","@id":"https:\/\/conexion23.com\/#\/schema\/person\/5d6d767819503a4603e9fd070ecf3ac6","name":"Raffy Ben\u00edtez","image":{"@type":"ImageObject","inLanguage":"es","@id":"https:\/\/secure.gravatar.com\/avatar\/3190a6a6c5e1b0327500f7d6c56b6242472ee6cb974cf09b401ee6b3b0798f23?s=96&d=mm&r=g","url":"https:\/\/secure.gravatar.com\/avatar\/3190a6a6c5e1b0327500f7d6c56b6242472ee6cb974cf09b401ee6b3b0798f23?s=96&d=mm&r=g","contentUrl":"https:\/\/secure.gravatar.com\/avatar\/3190a6a6c5e1b0327500f7d6c56b6242472ee6cb974cf09b401ee6b3b0798f23?s=96&d=mm&r=g","caption":"Raffy Ben\u00edtez"},"url":"https:\/\/conexion23.com\/?author=15"}]}},"_links":{"self":[{"href":"https:\/\/conexion23.com\/index.php?rest_route=\/wp\/v2\/posts\/18563","targetHints":{"allow":["GET"]}}],"collection":[{"href":"https:\/\/conexion23.com\/index.php?rest_route=\/wp\/v2\/posts"}],"about":[{"href":"https:\/\/conexion23.com\/index.php?rest_route=\/wp\/v2\/types\/post"}],"author":[{"embeddable":true,"href":"https:\/\/conexion23.com\/index.php?rest_route=\/wp\/v2\/users\/15"}],"replies":[{"embeddable":true,"href":"https:\/\/conexion23.com\/index.php?rest_route=%2Fwp%2Fv2%2Fcomments&post=18563"}],"version-history":[{"count":1,"href":"https:\/\/conexion23.com\/index.php?rest_route=\/wp\/v2\/posts\/18563\/revisions"}],"predecessor-version":[{"id":18565,"href":"https:\/\/conexion23.com\/index.php?rest_route=\/wp\/v2\/posts\/18563\/revisions\/18565"}],"wp:featuredmedia":[{"embeddable":true,"href":"https:\/\/conexion23.com\/index.php?rest_route=\/wp\/v2\/media\/18564"}],"wp:attachment":[{"href":"https:\/\/conexion23.com\/index.php?rest_route=%2Fwp%2Fv2%2Fmedia&parent=18563"}],"wp:term":[{"taxonomy":"category","embeddable":true,"href":"https:\/\/conexion23.com\/index.php?rest_route=%2Fwp%2Fv2%2Fcategories&post=18563"},{"taxonomy":"post_tag","embeddable":true,"href":"https:\/\/conexion23.com\/index.php?rest_route=%2Fwp%2Fv2%2Ftags&post=18563"}],"curies":[{"name":"wp","href":"https:\/\/api.w.org\/{rel}","templated":true}]}}