{"id":18575,"date":"2023-07-01T08:12:53","date_gmt":"2023-07-01T12:12:53","guid":{"rendered":"https:\/\/conexion23.com\/?p=18575"},"modified":"2023-07-01T08:12:55","modified_gmt":"2023-07-01T12:12:55","slug":"francia-en-llamas-por-multiples-protestas","status":"publish","type":"post","link":"https:\/\/conexion23.com\/?p=18575","title":{"rendered":"Francia en llamas por m\u00faltiples protestas."},"content":{"rendered":"\n<p>Francia anunci\u00f3 este viernes el despliegue de blindados y 45,000 polic\u00edas para contener los violentos disturbios que en las \u00faltimas tres noches se extendieron a varias ciudades en respuesta a la muerte de un joven baleado por un agente.<\/p>\n\n\n\n<p>Despu\u00e9s de otra noche con edificios p\u00fablicos atacados, tiendas saqueadas y veh\u00edculos incendiados, el presidente centrista Emmanuel Macron reforz\u00f3 las medidas de seguridad y apel\u00f3 directamente a los padres de los menores que participan en las protestas.<\/p>\n\n\n\n<p>El ministro del Interior, G\u00e9rald Darmanin, anunci\u00f3 el despliegue de 45,000 agentes en el pa\u00eds, 5,000 m\u00e1s que la v\u00edspera.<\/p>\n\n\n\n<p>\u00abEstas pr\u00f3ximas horas ser\u00e1n cruciales\u00bb, declar\u00f3, dirigi\u00e9ndose a las fuerzas del orden y a los bomberos. Francia \u00abse enfrenta a unos disturbios de una violencia inusitada\u00bb, agreg\u00f3.<\/p>\n\n\n\n<p>Los altercados estallaron el martes en los suburbios de Par\u00eds y se extendieron por el pa\u00eds tras la muerte de Nahel, de 17 a\u00f1os, por un disparo a quemarropa de un agente durante un control de tr\u00e1nsito en Nanterre, al oeste de la capital.<\/p>\n\n\n\n<p>El balance de los enfrentamientos en la \u00faltima noche fue elevado. El gobierno inform\u00f3 de la detenci\u00f3n de 875 personas (408 en Par\u00eds y sus suburbios) y de 249 agentes heridos, as\u00ed como de 492 edificios atacados y de 2.000 veh\u00edculos calcinados.<\/p>\n\n\n\n<p>La primera ministra, \u00c9lisabeth Borne, dijo que se estudiar\u00edan \u00abtodas las opciones\u00bb, entre ellas el estado de emergencia que piden la derecha y la ultraderecha.<\/p>\n\n\n\n<p>Pero finalmente el gobierno opt\u00f3 por reforzar el n\u00famero de agentes y autorizar el despliegue de blindados de la gendarmer\u00eda, un cuerpo militar que tiene competencias de seguridad p\u00fablica, sobre todo en zonas rurales.<\/p>\n\n\n\n<p>Macron apel\u00f3 a la \u00abresponsabilidad\u00bb de los padres de menores que participan en los disturbios para evitar que salgan a la calle; y de las redes sociales, para que retiren contenidos vinculados con las protestas e identifiquen a sus usuarios.<\/p>\n\n\n\n<p>Darmanin pidi\u00f3 adem\u00e1s la suspensi\u00f3n de grandes eventos como conciertos, del servicio p\u00fablico de tranv\u00edas y autobuses a partir de las 21H00 y la venta de cohetes, bidones de combustible y productos inflamables.<\/p>\n","protected":false},"excerpt":{"rendered":"<p>Francia anunci\u00f3 este viernes el despliegue de blindados y 45,000 polic\u00edas para contener los violentos disturbios que en las \u00faltimas tres noches se extendieron a varias ciudades en respuesta a la muerte de un joven baleado por un agente. Despu\u00e9s de otra noche con edificios p\u00fablicos atacados, tiendas saqueadas y veh\u00edculos incendiados, el presidente centrista [&hellip;]<\/p>\n","protected":false},"author":15,"featured_media":18576,"comment_status":"open","ping_status":"open","sticky":false,"template":"","format":"standard","meta":{"footnotes":""},"categories":[1],"tags":[],"class_list":{"0":"post-18575","1":"post","2":"type-post","3":"status-publish","4":"format-standard","5":"has-post-thumbnail","7":"category-uncategorized"},"yoast_head":"<!-- This site is optimized with the Yoast SEO plugin v27.1.1 - https:\/\/yoast.com\/product\/yoast-seo-wordpress\/ -->\n<title>Francia en llamas por m\u00faltiples protestas. - Conexi\u00f3n 23<\/title>\n<meta name=\"robots\" content=\"index, follow, max-snippet:-1, max-image-preview:large, max-video-preview:-1\" \/>\n<link rel=\"canonical\" href=\"https:\/\/conexion23.com\/?p=18575\" \/>\n<meta property=\"og:locale\" content=\"es_ES\" \/>\n<meta property=\"og:type\" content=\"article\" \/>\n<meta property=\"og:title\" content=\"Francia en llamas por m\u00faltiples protestas. - Conexi\u00f3n 23\" \/>\n<meta property=\"og:description\" content=\"Francia anunci\u00f3 este viernes el despliegue de blindados y 45,000 polic\u00edas para contener los violentos disturbios que en las \u00faltimas tres noches se extendieron a varias ciudades en respuesta a la muerte de un joven baleado por un agente. Despu\u00e9s de otra noche con edificios p\u00fablicos atacados, tiendas saqueadas y veh\u00edculos incendiados, el presidente centrista [&hellip;]\" \/>\n<meta property=\"og:url\" content=\"https:\/\/conexion23.com\/?p=18575\" \/>\n<meta property=\"og:site_name\" content=\"Conexi\u00f3n 23\" \/>\n<meta property=\"article:publisher\" content=\"https:\/\/www.facebook.com\/conexion23com\" \/>\n<meta property=\"article:published_time\" content=\"2023-07-01T12:12:53+00:00\" \/>\n<meta property=\"article:modified_time\" content=\"2023-07-01T12:12:55+00:00\" \/>\n<meta property=\"og:image\" content=\"https:\/\/conexion23.com\/wp-content\/uploads\/2023\/07\/649f96f3ce553.jpeg\" \/>\n\t<meta property=\"og:image:width\" content=\"800\" \/>\n\t<meta property=\"og:image:height\" content=\"533\" \/>\n\t<meta property=\"og:image:type\" content=\"image\/jpeg\" \/>\n<meta name=\"author\" content=\"Raffy Ben\u00edtez\" \/>\n<meta name=\"twitter:card\" content=\"summary_large_image\" \/>\n<meta name=\"twitter:label1\" content=\"Escrito por\" \/>\n\t<meta name=\"twitter:data1\" content=\"Raffy Ben\u00edtez\" \/>\n\t<meta name=\"twitter:label2\" content=\"Tiempo de lectura\" \/>\n\t<meta name=\"twitter:data2\" content=\"2 minutos\" \/>\n<script type=\"application\/ld+json\" class=\"yoast-schema-graph\">{\"@context\":\"https:\/\/schema.org\",\"@graph\":[{\"@type\":\"Article\",\"@id\":\"https:\/\/conexion23.com\/?p=18575#article\",\"isPartOf\":{\"@id\":\"https:\/\/conexion23.com\/?p=18575\"},\"author\":{\"name\":\"Raffy Ben\u00edtez\",\"@id\":\"https:\/\/conexion23.com\/#\/schema\/person\/03e36043331117e97a373299bbcd30a6\"},\"headline\":\"Francia en llamas por m\u00faltiples protestas.\",\"datePublished\":\"2023-07-01T12:12:53+00:00\",\"dateModified\":\"2023-07-01T12:12:55+00:00\",\"mainEntityOfPage\":{\"@id\":\"https:\/\/conexion23.com\/?p=18575\"},\"wordCount\":365,\"commentCount\":0,\"publisher\":{\"@id\":\"https:\/\/conexion23.com\/#organization\"},\"image\":{\"@id\":\"https:\/\/conexion23.com\/?p=18575#primaryimage\"},\"thumbnailUrl\":\"https:\/\/conexion23.com\/wp-content\/uploads\/2023\/07\/649f96f3ce553.jpeg\",\"articleSection\":[\"Uncategorized\"],\"inLanguage\":\"es\",\"potentialAction\":[{\"@type\":\"CommentAction\",\"name\":\"Comment\",\"target\":[\"https:\/\/conexion23.com\/?p=18575#respond\"]}]},{\"@type\":\"WebPage\",\"@id\":\"https:\/\/conexion23.com\/?p=18575\",\"url\":\"https:\/\/conexion23.com\/?p=18575\",\"name\":\"Francia en llamas por m\u00faltiples protestas. - Conexi\u00f3n 23\",\"isPartOf\":{\"@id\":\"https:\/\/conexion23.com\/#website\"},\"primaryImageOfPage\":{\"@id\":\"https:\/\/conexion23.com\/?p=18575#primaryimage\"},\"image\":{\"@id\":\"https:\/\/conexion23.com\/?p=18575#primaryimage\"},\"thumbnailUrl\":\"https:\/\/conexion23.com\/wp-content\/uploads\/2023\/07\/649f96f3ce553.jpeg\",\"datePublished\":\"2023-07-01T12:12:53+00:00\",\"dateModified\":\"2023-07-01T12:12:55+00:00\",\"breadcrumb\":{\"@id\":\"https:\/\/conexion23.com\/?p=18575#breadcrumb\"},\"inLanguage\":\"es\",\"potentialAction\":[{\"@type\":\"ReadAction\",\"target\":[\"https:\/\/conexion23.com\/?p=18575\"]}]},{\"@type\":\"ImageObject\",\"inLanguage\":\"es\",\"@id\":\"https:\/\/conexion23.com\/?p=18575#primaryimage\",\"url\":\"https:\/\/conexion23.com\/wp-content\/uploads\/2023\/07\/649f96f3ce553.jpeg\",\"contentUrl\":\"https:\/\/conexion23.com\/wp-content\/uploads\/2023\/07\/649f96f3ce553.jpeg\",\"width\":800,\"height\":533},{\"@type\":\"BreadcrumbList\",\"@id\":\"https:\/\/conexion23.com\/?p=18575#breadcrumb\",\"itemListElement\":[{\"@type\":\"ListItem\",\"position\":1,\"name\":\"Portada\",\"item\":\"https:\/\/conexion23.com\/\"},{\"@type\":\"ListItem\",\"position\":2,\"name\":\"Francia en llamas por m\u00faltiples protestas.\"}]},{\"@type\":\"WebSite\",\"@id\":\"https:\/\/conexion23.com\/#website\",\"url\":\"https:\/\/conexion23.com\/\",\"name\":\"Conexi\u00f3n 23\",\"description\":\"Peri\u00f3dico 100% Petromacorisano\",\"publisher\":{\"@id\":\"https:\/\/conexion23.com\/#organization\"},\"potentialAction\":[{\"@type\":\"SearchAction\",\"target\":{\"@type\":\"EntryPoint\",\"urlTemplate\":\"https:\/\/conexion23.com\/?s={search_term_string}\"},\"query-input\":{\"@type\":\"PropertyValueSpecification\",\"valueRequired\":true,\"valueName\":\"search_term_string\"}}],\"inLanguage\":\"es\"},{\"@type\":\"Organization\",\"@id\":\"https:\/\/conexion23.com\/#organization\",\"name\":\"Conexion 23\",\"url\":\"https:\/\/conexion23.com\/\",\"logo\":{\"@type\":\"ImageObject\",\"inLanguage\":\"es\",\"@id\":\"https:\/\/conexion23.com\/#\/schema\/logo\/image\/\",\"url\":\"https:\/\/conexion23.com\/wp-content\/uploads\/2021\/11\/Diseno-sin-titulo-2.png\",\"contentUrl\":\"https:\/\/conexion23.com\/wp-content\/uploads\/2021\/11\/Diseno-sin-titulo-2.png\",\"width\":541,\"height\":90,\"caption\":\"Conexion 23\"},\"image\":{\"@id\":\"https:\/\/conexion23.com\/#\/schema\/logo\/image\/\"},\"sameAs\":[\"https:\/\/www.facebook.com\/conexion23com\",\"https:\/\/www.instagram.com\/conexion23com\/\",\"https:\/\/www.youtube.com\/channel\/UCYc7vxxFZMYLIHNsHHxPZ3Q\"]},{\"@type\":\"Person\",\"@id\":\"https:\/\/conexion23.com\/#\/schema\/person\/03e36043331117e97a373299bbcd30a6\",\"name\":\"Raffy Ben\u00edtez\",\"image\":{\"@type\":\"ImageObject\",\"inLanguage\":\"es\",\"@id\":\"https:\/\/conexion23.com\/#\/schema\/person\/image\/\",\"url\":\"https:\/\/secure.gravatar.com\/avatar\/3190a6a6c5e1b0327500f7d6c56b6242472ee6cb974cf09b401ee6b3b0798f23?s=96&d=mm&r=g\",\"contentUrl\":\"https:\/\/secure.gravatar.com\/avatar\/3190a6a6c5e1b0327500f7d6c56b6242472ee6cb974cf09b401ee6b3b0798f23?s=96&d=mm&r=g\",\"caption\":\"Raffy Ben\u00edtez\"},\"url\":\"https:\/\/conexion23.com\/?author=15\"}]}<\/script>\n<!-- \/ Yoast SEO plugin. -->","yoast_head_json":{"title":"Francia en llamas por m\u00faltiples protestas. - Conexi\u00f3n 23","robots":{"index":"index","follow":"follow","max-snippet":"max-snippet:-1","max-image-preview":"max-image-preview:large","max-video-preview":"max-video-preview:-1"},"canonical":"https:\/\/conexion23.com\/?p=18575","og_locale":"es_ES","og_type":"article","og_title":"Francia en llamas por m\u00faltiples protestas. - Conexi\u00f3n 23","og_description":"Francia anunci\u00f3 este viernes el despliegue de blindados y 45,000 polic\u00edas para contener los violentos disturbios que en las \u00faltimas tres noches se extendieron a varias ciudades en respuesta a la muerte de un joven baleado por un agente. Despu\u00e9s de otra noche con edificios p\u00fablicos atacados, tiendas saqueadas y veh\u00edculos incendiados, el presidente centrista [&hellip;]","og_url":"https:\/\/conexion23.com\/?p=18575","og_site_name":"Conexi\u00f3n 23","article_publisher":"https:\/\/www.facebook.com\/conexion23com","article_published_time":"2023-07-01T12:12:53+00:00","article_modified_time":"2023-07-01T12:12:55+00:00","og_image":[{"width":800,"height":533,"url":"https:\/\/conexion23.com\/wp-content\/uploads\/2023\/07\/649f96f3ce553.jpeg","type":"image\/jpeg"}],"author":"Raffy Ben\u00edtez","twitter_card":"summary_large_image","twitter_misc":{"Escrito por":"Raffy Ben\u00edtez","Tiempo de lectura":"2 minutos"},"schema":{"@context":"https:\/\/schema.org","@graph":[{"@type":"Article","@id":"https:\/\/conexion23.com\/?p=18575#article","isPartOf":{"@id":"https:\/\/conexion23.com\/?p=18575"},"author":{"name":"Raffy Ben\u00edtez","@id":"https:\/\/conexion23.com\/#\/schema\/person\/03e36043331117e97a373299bbcd30a6"},"headline":"Francia en llamas por m\u00faltiples protestas.","datePublished":"2023-07-01T12:12:53+00:00","dateModified":"2023-07-01T12:12:55+00:00","mainEntityOfPage":{"@id":"https:\/\/conexion23.com\/?p=18575"},"wordCount":365,"commentCount":0,"publisher":{"@id":"https:\/\/conexion23.com\/#organization"},"image":{"@id":"https:\/\/conexion23.com\/?p=18575#primaryimage"},"thumbnailUrl":"https:\/\/conexion23.com\/wp-content\/uploads\/2023\/07\/649f96f3ce553.jpeg","articleSection":["Uncategorized"],"inLanguage":"es","potentialAction":[{"@type":"CommentAction","name":"Comment","target":["https:\/\/conexion23.com\/?p=18575#respond"]}]},{"@type":"WebPage","@id":"https:\/\/conexion23.com\/?p=18575","url":"https:\/\/conexion23.com\/?p=18575","name":"Francia en llamas por m\u00faltiples protestas. - Conexi\u00f3n 23","isPartOf":{"@id":"https:\/\/conexion23.com\/#website"},"primaryImageOfPage":{"@id":"https:\/\/conexion23.com\/?p=18575#primaryimage"},"image":{"@id":"https:\/\/conexion23.com\/?p=18575#primaryimage"},"thumbnailUrl":"https:\/\/conexion23.com\/wp-content\/uploads\/2023\/07\/649f96f3ce553.jpeg","datePublished":"2023-07-01T12:12:53+00:00","dateModified":"2023-07-01T12:12:55+00:00","breadcrumb":{"@id":"https:\/\/conexion23.com\/?p=18575#breadcrumb"},"inLanguage":"es","potentialAction":[{"@type":"ReadAction","target":["https:\/\/conexion23.com\/?p=18575"]}]},{"@type":"ImageObject","inLanguage":"es","@id":"https:\/\/conexion23.com\/?p=18575#primaryimage","url":"https:\/\/conexion23.com\/wp-content\/uploads\/2023\/07\/649f96f3ce553.jpeg","contentUrl":"https:\/\/conexion23.com\/wp-content\/uploads\/2023\/07\/649f96f3ce553.jpeg","width":800,"height":533},{"@type":"BreadcrumbList","@id":"https:\/\/conexion23.com\/?p=18575#breadcrumb","itemListElement":[{"@type":"ListItem","position":1,"name":"Portada","item":"https:\/\/conexion23.com\/"},{"@type":"ListItem","position":2,"name":"Francia en llamas por m\u00faltiples protestas."}]},{"@type":"WebSite","@id":"https:\/\/conexion23.com\/#website","url":"https:\/\/conexion23.com\/","name":"Conexi\u00f3n 23","description":"Peri\u00f3dico 100% Petromacorisano","publisher":{"@id":"https:\/\/conexion23.com\/#organization"},"potentialAction":[{"@type":"SearchAction","target":{"@type":"EntryPoint","urlTemplate":"https:\/\/conexion23.com\/?s={search_term_string}"},"query-input":{"@type":"PropertyValueSpecification","valueRequired":true,"valueName":"search_term_string"}}],"inLanguage":"es"},{"@type":"Organization","@id":"https:\/\/conexion23.com\/#organization","name":"Conexion 23","url":"https:\/\/conexion23.com\/","logo":{"@type":"ImageObject","inLanguage":"es","@id":"https:\/\/conexion23.com\/#\/schema\/logo\/image\/","url":"https:\/\/conexion23.com\/wp-content\/uploads\/2021\/11\/Diseno-sin-titulo-2.png","contentUrl":"https:\/\/conexion23.com\/wp-content\/uploads\/2021\/11\/Diseno-sin-titulo-2.png","width":541,"height":90,"caption":"Conexion 23"},"image":{"@id":"https:\/\/conexion23.com\/#\/schema\/logo\/image\/"},"sameAs":["https:\/\/www.facebook.com\/conexion23com","https:\/\/www.instagram.com\/conexion23com\/","https:\/\/www.youtube.com\/channel\/UCYc7vxxFZMYLIHNsHHxPZ3Q"]},{"@type":"Person","@id":"https:\/\/conexion23.com\/#\/schema\/person\/03e36043331117e97a373299bbcd30a6","name":"Raffy Ben\u00edtez","image":{"@type":"ImageObject","inLanguage":"es","@id":"https:\/\/conexion23.com\/#\/schema\/person\/image\/","url":"https:\/\/secure.gravatar.com\/avatar\/3190a6a6c5e1b0327500f7d6c56b6242472ee6cb974cf09b401ee6b3b0798f23?s=96&d=mm&r=g","contentUrl":"https:\/\/secure.gravatar.com\/avatar\/3190a6a6c5e1b0327500f7d6c56b6242472ee6cb974cf09b401ee6b3b0798f23?s=96&d=mm&r=g","caption":"Raffy Ben\u00edtez"},"url":"https:\/\/conexion23.com\/?author=15"}]}},"_links":{"self":[{"href":"https:\/\/conexion23.com\/index.php?rest_route=\/wp\/v2\/posts\/18575","targetHints":{"allow":["GET"]}}],"collection":[{"href":"https:\/\/conexion23.com\/index.php?rest_route=\/wp\/v2\/posts"}],"about":[{"href":"https:\/\/conexion23.com\/index.php?rest_route=\/wp\/v2\/types\/post"}],"author":[{"embeddable":true,"href":"https:\/\/conexion23.com\/index.php?rest_route=\/wp\/v2\/users\/15"}],"replies":[{"embeddable":true,"href":"https:\/\/conexion23.com\/index.php?rest_route=%2Fwp%2Fv2%2Fcomments&post=18575"}],"version-history":[{"count":1,"href":"https:\/\/conexion23.com\/index.php?rest_route=\/wp\/v2\/posts\/18575\/revisions"}],"predecessor-version":[{"id":18577,"href":"https:\/\/conexion23.com\/index.php?rest_route=\/wp\/v2\/posts\/18575\/revisions\/18577"}],"wp:featuredmedia":[{"embeddable":true,"href":"https:\/\/conexion23.com\/index.php?rest_route=\/wp\/v2\/media\/18576"}],"wp:attachment":[{"href":"https:\/\/conexion23.com\/index.php?rest_route=%2Fwp%2Fv2%2Fmedia&parent=18575"}],"wp:term":[{"taxonomy":"category","embeddable":true,"href":"https:\/\/conexion23.com\/index.php?rest_route=%2Fwp%2Fv2%2Fcategories&post=18575"},{"taxonomy":"post_tag","embeddable":true,"href":"https:\/\/conexion23.com\/index.php?rest_route=%2Fwp%2Fv2%2Ftags&post=18575"}],"curies":[{"name":"wp","href":"https:\/\/api.w.org\/{rel}","templated":true}]}}