{"id":18584,"date":"2023-07-01T08:33:13","date_gmt":"2023-07-01T12:33:13","guid":{"rendered":"https:\/\/conexion23.com\/?p=18584"},"modified":"2023-07-01T08:34:13","modified_gmt":"2023-07-01T12:34:13","slug":"destituyen-al-gerente-de-edeeste","status":"publish","type":"post","link":"https:\/\/conexion23.com\/?p=18584","title":{"rendered":"ABINADER DESTITUYE AL GERENTE DE EDEESTE."},"content":{"rendered":"\n<p>El presidente de la Rep\u00fablica Luis Abinader, destituy\u00f3 hoy viernes al gerente general de la Empresa Distribuidora de Electricidad del Este (EDEESTE), el ingeniero Andr\u00e9s Portes.<\/p>\n\n\n\n<p>La cancelaci\u00f3n de Portes surge a ra\u00edz de las constantes quejas y cr\u00edticas a la referida empresa, por parte de ciudadanos, comerciantes y poblaciones, que pertenecen a las \u00e1reas de acci\u00f3n de EDEESTE, por el deficiente y odioso servicio que ha estado recibiendo la ciudadan\u00eda, con frecuentes y prolongados apagones.<\/p>\n","protected":false},"excerpt":{"rendered":"<p>El presidente de la Rep\u00fablica Luis Abinader, destituy\u00f3 hoy viernes al gerente general de la Empresa Distribuidora de Electricidad del Este (EDEESTE), el ingeniero Andr\u00e9s Portes. La cancelaci\u00f3n de Portes surge a ra\u00edz de las constantes quejas y cr\u00edticas a la referida empresa, por parte de ciudadanos, comerciantes y poblaciones, que pertenecen a las \u00e1reas [&hellip;]<\/p>\n","protected":false},"author":15,"featured_media":18585,"comment_status":"open","ping_status":"open","sticky":false,"template":"","format":"standard","meta":{"footnotes":""},"categories":[1],"tags":[],"class_list":{"0":"post-18584","1":"post","2":"type-post","3":"status-publish","4":"format-standard","5":"has-post-thumbnail","7":"category-uncategorized"},"yoast_head":"<!-- This site is optimized with the Yoast SEO plugin v27.1.1 - https:\/\/yoast.com\/product\/yoast-seo-wordpress\/ -->\n<title>ABINADER DESTITUYE AL GERENTE DE EDEESTE. - Conexi\u00f3n 23<\/title>\n<meta name=\"robots\" content=\"index, follow, max-snippet:-1, max-image-preview:large, max-video-preview:-1\" \/>\n<link rel=\"canonical\" href=\"https:\/\/conexion23.com\/?p=18584\" \/>\n<meta property=\"og:locale\" content=\"es_ES\" \/>\n<meta property=\"og:type\" content=\"article\" \/>\n<meta property=\"og:title\" content=\"ABINADER DESTITUYE AL GERENTE DE EDEESTE. - Conexi\u00f3n 23\" \/>\n<meta property=\"og:description\" content=\"El presidente de la Rep\u00fablica Luis Abinader, destituy\u00f3 hoy viernes al gerente general de la Empresa Distribuidora de Electricidad del Este (EDEESTE), el ingeniero Andr\u00e9s Portes. La cancelaci\u00f3n de Portes surge a ra\u00edz de las constantes quejas y cr\u00edticas a la referida empresa, por parte de ciudadanos, comerciantes y poblaciones, que pertenecen a las \u00e1reas [&hellip;]\" \/>\n<meta property=\"og:url\" content=\"https:\/\/conexion23.com\/?p=18584\" \/>\n<meta property=\"og:site_name\" content=\"Conexi\u00f3n 23\" \/>\n<meta property=\"article:publisher\" content=\"https:\/\/www.facebook.com\/conexion23com\" \/>\n<meta property=\"article:published_time\" content=\"2023-07-01T12:33:13+00:00\" \/>\n<meta property=\"article:modified_time\" content=\"2023-07-01T12:34:13+00:00\" \/>\n<meta property=\"og:image\" content=\"https:\/\/conexion23.com\/wp-content\/uploads\/2023\/07\/8c7c6a3e-2fd8-4630-aa8e-70ec11e0f6b9.jpg\" \/>\n\t<meta property=\"og:image:width\" content=\"1599\" \/>\n\t<meta property=\"og:image:height\" content=\"894\" \/>\n\t<meta property=\"og:image:type\" content=\"image\/jpeg\" \/>\n<meta name=\"author\" content=\"Raffy Ben\u00edtez\" \/>\n<meta name=\"twitter:card\" content=\"summary_large_image\" \/>\n<meta name=\"twitter:label1\" content=\"Escrito por\" \/>\n\t<meta name=\"twitter:data1\" content=\"Raffy Ben\u00edtez\" \/>\n\t<meta name=\"twitter:label2\" content=\"Tiempo de lectura\" \/>\n\t<meta name=\"twitter:data2\" content=\"1 minuto\" \/>\n<script type=\"application\/ld+json\" class=\"yoast-schema-graph\">{\"@context\":\"https:\/\/schema.org\",\"@graph\":[{\"@type\":\"Article\",\"@id\":\"https:\/\/conexion23.com\/?p=18584#article\",\"isPartOf\":{\"@id\":\"https:\/\/conexion23.com\/?p=18584\"},\"author\":{\"name\":\"Raffy Ben\u00edtez\",\"@id\":\"https:\/\/conexion23.com\/#\/schema\/person\/03e36043331117e97a373299bbcd30a6\"},\"headline\":\"ABINADER DESTITUYE AL GERENTE DE EDEESTE.\",\"datePublished\":\"2023-07-01T12:33:13+00:00\",\"dateModified\":\"2023-07-01T12:34:13+00:00\",\"mainEntityOfPage\":{\"@id\":\"https:\/\/conexion23.com\/?p=18584\"},\"wordCount\":89,\"commentCount\":0,\"publisher\":{\"@id\":\"https:\/\/conexion23.com\/#organization\"},\"image\":{\"@id\":\"https:\/\/conexion23.com\/?p=18584#primaryimage\"},\"thumbnailUrl\":\"https:\/\/conexion23.com\/wp-content\/uploads\/2023\/07\/8c7c6a3e-2fd8-4630-aa8e-70ec11e0f6b9.jpg\",\"articleSection\":[\"Uncategorized\"],\"inLanguage\":\"es\",\"potentialAction\":[{\"@type\":\"CommentAction\",\"name\":\"Comment\",\"target\":[\"https:\/\/conexion23.com\/?p=18584#respond\"]}]},{\"@type\":\"WebPage\",\"@id\":\"https:\/\/conexion23.com\/?p=18584\",\"url\":\"https:\/\/conexion23.com\/?p=18584\",\"name\":\"ABINADER DESTITUYE AL GERENTE DE EDEESTE. - Conexi\u00f3n 23\",\"isPartOf\":{\"@id\":\"https:\/\/conexion23.com\/#website\"},\"primaryImageOfPage\":{\"@id\":\"https:\/\/conexion23.com\/?p=18584#primaryimage\"},\"image\":{\"@id\":\"https:\/\/conexion23.com\/?p=18584#primaryimage\"},\"thumbnailUrl\":\"https:\/\/conexion23.com\/wp-content\/uploads\/2023\/07\/8c7c6a3e-2fd8-4630-aa8e-70ec11e0f6b9.jpg\",\"datePublished\":\"2023-07-01T12:33:13+00:00\",\"dateModified\":\"2023-07-01T12:34:13+00:00\",\"breadcrumb\":{\"@id\":\"https:\/\/conexion23.com\/?p=18584#breadcrumb\"},\"inLanguage\":\"es\",\"potentialAction\":[{\"@type\":\"ReadAction\",\"target\":[\"https:\/\/conexion23.com\/?p=18584\"]}]},{\"@type\":\"ImageObject\",\"inLanguage\":\"es\",\"@id\":\"https:\/\/conexion23.com\/?p=18584#primaryimage\",\"url\":\"https:\/\/conexion23.com\/wp-content\/uploads\/2023\/07\/8c7c6a3e-2fd8-4630-aa8e-70ec11e0f6b9.jpg\",\"contentUrl\":\"https:\/\/conexion23.com\/wp-content\/uploads\/2023\/07\/8c7c6a3e-2fd8-4630-aa8e-70ec11e0f6b9.jpg\",\"width\":1599,\"height\":894},{\"@type\":\"BreadcrumbList\",\"@id\":\"https:\/\/conexion23.com\/?p=18584#breadcrumb\",\"itemListElement\":[{\"@type\":\"ListItem\",\"position\":1,\"name\":\"Portada\",\"item\":\"https:\/\/conexion23.com\/\"},{\"@type\":\"ListItem\",\"position\":2,\"name\":\"ABINADER DESTITUYE AL GERENTE DE EDEESTE.\"}]},{\"@type\":\"WebSite\",\"@id\":\"https:\/\/conexion23.com\/#website\",\"url\":\"https:\/\/conexion23.com\/\",\"name\":\"Conexi\u00f3n 23\",\"description\":\"Peri\u00f3dico 100% Petromacorisano\",\"publisher\":{\"@id\":\"https:\/\/conexion23.com\/#organization\"},\"potentialAction\":[{\"@type\":\"SearchAction\",\"target\":{\"@type\":\"EntryPoint\",\"urlTemplate\":\"https:\/\/conexion23.com\/?s={search_term_string}\"},\"query-input\":{\"@type\":\"PropertyValueSpecification\",\"valueRequired\":true,\"valueName\":\"search_term_string\"}}],\"inLanguage\":\"es\"},{\"@type\":\"Organization\",\"@id\":\"https:\/\/conexion23.com\/#organization\",\"name\":\"Conexion 23\",\"url\":\"https:\/\/conexion23.com\/\",\"logo\":{\"@type\":\"ImageObject\",\"inLanguage\":\"es\",\"@id\":\"https:\/\/conexion23.com\/#\/schema\/logo\/image\/\",\"url\":\"https:\/\/conexion23.com\/wp-content\/uploads\/2021\/11\/Diseno-sin-titulo-2.png\",\"contentUrl\":\"https:\/\/conexion23.com\/wp-content\/uploads\/2021\/11\/Diseno-sin-titulo-2.png\",\"width\":541,\"height\":90,\"caption\":\"Conexion 23\"},\"image\":{\"@id\":\"https:\/\/conexion23.com\/#\/schema\/logo\/image\/\"},\"sameAs\":[\"https:\/\/www.facebook.com\/conexion23com\",\"https:\/\/www.instagram.com\/conexion23com\/\",\"https:\/\/www.youtube.com\/channel\/UCYc7vxxFZMYLIHNsHHxPZ3Q\"]},{\"@type\":\"Person\",\"@id\":\"https:\/\/conexion23.com\/#\/schema\/person\/03e36043331117e97a373299bbcd30a6\",\"name\":\"Raffy Ben\u00edtez\",\"image\":{\"@type\":\"ImageObject\",\"inLanguage\":\"es\",\"@id\":\"https:\/\/conexion23.com\/#\/schema\/person\/image\/\",\"url\":\"https:\/\/secure.gravatar.com\/avatar\/3190a6a6c5e1b0327500f7d6c56b6242472ee6cb974cf09b401ee6b3b0798f23?s=96&d=mm&r=g\",\"contentUrl\":\"https:\/\/secure.gravatar.com\/avatar\/3190a6a6c5e1b0327500f7d6c56b6242472ee6cb974cf09b401ee6b3b0798f23?s=96&d=mm&r=g\",\"caption\":\"Raffy Ben\u00edtez\"},\"url\":\"https:\/\/conexion23.com\/?author=15\"}]}<\/script>\n<!-- \/ Yoast SEO plugin. -->","yoast_head_json":{"title":"ABINADER DESTITUYE AL GERENTE DE EDEESTE. - Conexi\u00f3n 23","robots":{"index":"index","follow":"follow","max-snippet":"max-snippet:-1","max-image-preview":"max-image-preview:large","max-video-preview":"max-video-preview:-1"},"canonical":"https:\/\/conexion23.com\/?p=18584","og_locale":"es_ES","og_type":"article","og_title":"ABINADER DESTITUYE AL GERENTE DE EDEESTE. - Conexi\u00f3n 23","og_description":"El presidente de la Rep\u00fablica Luis Abinader, destituy\u00f3 hoy viernes al gerente general de la Empresa Distribuidora de Electricidad del Este (EDEESTE), el ingeniero Andr\u00e9s Portes. La cancelaci\u00f3n de Portes surge a ra\u00edz de las constantes quejas y cr\u00edticas a la referida empresa, por parte de ciudadanos, comerciantes y poblaciones, que pertenecen a las \u00e1reas [&hellip;]","og_url":"https:\/\/conexion23.com\/?p=18584","og_site_name":"Conexi\u00f3n 23","article_publisher":"https:\/\/www.facebook.com\/conexion23com","article_published_time":"2023-07-01T12:33:13+00:00","article_modified_time":"2023-07-01T12:34:13+00:00","og_image":[{"width":1599,"height":894,"url":"https:\/\/conexion23.com\/wp-content\/uploads\/2023\/07\/8c7c6a3e-2fd8-4630-aa8e-70ec11e0f6b9.jpg","type":"image\/jpeg"}],"author":"Raffy Ben\u00edtez","twitter_card":"summary_large_image","twitter_misc":{"Escrito por":"Raffy Ben\u00edtez","Tiempo de lectura":"1 minuto"},"schema":{"@context":"https:\/\/schema.org","@graph":[{"@type":"Article","@id":"https:\/\/conexion23.com\/?p=18584#article","isPartOf":{"@id":"https:\/\/conexion23.com\/?p=18584"},"author":{"name":"Raffy Ben\u00edtez","@id":"https:\/\/conexion23.com\/#\/schema\/person\/03e36043331117e97a373299bbcd30a6"},"headline":"ABINADER DESTITUYE AL GERENTE DE EDEESTE.","datePublished":"2023-07-01T12:33:13+00:00","dateModified":"2023-07-01T12:34:13+00:00","mainEntityOfPage":{"@id":"https:\/\/conexion23.com\/?p=18584"},"wordCount":89,"commentCount":0,"publisher":{"@id":"https:\/\/conexion23.com\/#organization"},"image":{"@id":"https:\/\/conexion23.com\/?p=18584#primaryimage"},"thumbnailUrl":"https:\/\/conexion23.com\/wp-content\/uploads\/2023\/07\/8c7c6a3e-2fd8-4630-aa8e-70ec11e0f6b9.jpg","articleSection":["Uncategorized"],"inLanguage":"es","potentialAction":[{"@type":"CommentAction","name":"Comment","target":["https:\/\/conexion23.com\/?p=18584#respond"]}]},{"@type":"WebPage","@id":"https:\/\/conexion23.com\/?p=18584","url":"https:\/\/conexion23.com\/?p=18584","name":"ABINADER DESTITUYE AL GERENTE DE EDEESTE. - Conexi\u00f3n 23","isPartOf":{"@id":"https:\/\/conexion23.com\/#website"},"primaryImageOfPage":{"@id":"https:\/\/conexion23.com\/?p=18584#primaryimage"},"image":{"@id":"https:\/\/conexion23.com\/?p=18584#primaryimage"},"thumbnailUrl":"https:\/\/conexion23.com\/wp-content\/uploads\/2023\/07\/8c7c6a3e-2fd8-4630-aa8e-70ec11e0f6b9.jpg","datePublished":"2023-07-01T12:33:13+00:00","dateModified":"2023-07-01T12:34:13+00:00","breadcrumb":{"@id":"https:\/\/conexion23.com\/?p=18584#breadcrumb"},"inLanguage":"es","potentialAction":[{"@type":"ReadAction","target":["https:\/\/conexion23.com\/?p=18584"]}]},{"@type":"ImageObject","inLanguage":"es","@id":"https:\/\/conexion23.com\/?p=18584#primaryimage","url":"https:\/\/conexion23.com\/wp-content\/uploads\/2023\/07\/8c7c6a3e-2fd8-4630-aa8e-70ec11e0f6b9.jpg","contentUrl":"https:\/\/conexion23.com\/wp-content\/uploads\/2023\/07\/8c7c6a3e-2fd8-4630-aa8e-70ec11e0f6b9.jpg","width":1599,"height":894},{"@type":"BreadcrumbList","@id":"https:\/\/conexion23.com\/?p=18584#breadcrumb","itemListElement":[{"@type":"ListItem","position":1,"name":"Portada","item":"https:\/\/conexion23.com\/"},{"@type":"ListItem","position":2,"name":"ABINADER DESTITUYE AL GERENTE DE EDEESTE."}]},{"@type":"WebSite","@id":"https:\/\/conexion23.com\/#website","url":"https:\/\/conexion23.com\/","name":"Conexi\u00f3n 23","description":"Peri\u00f3dico 100% Petromacorisano","publisher":{"@id":"https:\/\/conexion23.com\/#organization"},"potentialAction":[{"@type":"SearchAction","target":{"@type":"EntryPoint","urlTemplate":"https:\/\/conexion23.com\/?s={search_term_string}"},"query-input":{"@type":"PropertyValueSpecification","valueRequired":true,"valueName":"search_term_string"}}],"inLanguage":"es"},{"@type":"Organization","@id":"https:\/\/conexion23.com\/#organization","name":"Conexion 23","url":"https:\/\/conexion23.com\/","logo":{"@type":"ImageObject","inLanguage":"es","@id":"https:\/\/conexion23.com\/#\/schema\/logo\/image\/","url":"https:\/\/conexion23.com\/wp-content\/uploads\/2021\/11\/Diseno-sin-titulo-2.png","contentUrl":"https:\/\/conexion23.com\/wp-content\/uploads\/2021\/11\/Diseno-sin-titulo-2.png","width":541,"height":90,"caption":"Conexion 23"},"image":{"@id":"https:\/\/conexion23.com\/#\/schema\/logo\/image\/"},"sameAs":["https:\/\/www.facebook.com\/conexion23com","https:\/\/www.instagram.com\/conexion23com\/","https:\/\/www.youtube.com\/channel\/UCYc7vxxFZMYLIHNsHHxPZ3Q"]},{"@type":"Person","@id":"https:\/\/conexion23.com\/#\/schema\/person\/03e36043331117e97a373299bbcd30a6","name":"Raffy Ben\u00edtez","image":{"@type":"ImageObject","inLanguage":"es","@id":"https:\/\/conexion23.com\/#\/schema\/person\/image\/","url":"https:\/\/secure.gravatar.com\/avatar\/3190a6a6c5e1b0327500f7d6c56b6242472ee6cb974cf09b401ee6b3b0798f23?s=96&d=mm&r=g","contentUrl":"https:\/\/secure.gravatar.com\/avatar\/3190a6a6c5e1b0327500f7d6c56b6242472ee6cb974cf09b401ee6b3b0798f23?s=96&d=mm&r=g","caption":"Raffy Ben\u00edtez"},"url":"https:\/\/conexion23.com\/?author=15"}]}},"_links":{"self":[{"href":"https:\/\/conexion23.com\/index.php?rest_route=\/wp\/v2\/posts\/18584","targetHints":{"allow":["GET"]}}],"collection":[{"href":"https:\/\/conexion23.com\/index.php?rest_route=\/wp\/v2\/posts"}],"about":[{"href":"https:\/\/conexion23.com\/index.php?rest_route=\/wp\/v2\/types\/post"}],"author":[{"embeddable":true,"href":"https:\/\/conexion23.com\/index.php?rest_route=\/wp\/v2\/users\/15"}],"replies":[{"embeddable":true,"href":"https:\/\/conexion23.com\/index.php?rest_route=%2Fwp%2Fv2%2Fcomments&post=18584"}],"version-history":[{"count":2,"href":"https:\/\/conexion23.com\/index.php?rest_route=\/wp\/v2\/posts\/18584\/revisions"}],"predecessor-version":[{"id":18588,"href":"https:\/\/conexion23.com\/index.php?rest_route=\/wp\/v2\/posts\/18584\/revisions\/18588"}],"wp:featuredmedia":[{"embeddable":true,"href":"https:\/\/conexion23.com\/index.php?rest_route=\/wp\/v2\/media\/18585"}],"wp:attachment":[{"href":"https:\/\/conexion23.com\/index.php?rest_route=%2Fwp%2Fv2%2Fmedia&parent=18584"}],"wp:term":[{"taxonomy":"category","embeddable":true,"href":"https:\/\/conexion23.com\/index.php?rest_route=%2Fwp%2Fv2%2Fcategories&post=18584"},{"taxonomy":"post_tag","embeddable":true,"href":"https:\/\/conexion23.com\/index.php?rest_route=%2Fwp%2Fv2%2Ftags&post=18584"}],"curies":[{"name":"wp","href":"https:\/\/api.w.org\/{rel}","templated":true}]}}