{"id":18595,"date":"2023-07-02T09:34:09","date_gmt":"2023-07-02T13:34:09","guid":{"rendered":"https:\/\/conexion23.com\/?p=18595"},"modified":"2023-07-02T09:34:12","modified_gmt":"2023-07-02T13:34:12","slug":"el-senador-franklin-pena-lleva-alegria-a-su-pueblo-en-las-patronales","status":"publish","type":"post","link":"https:\/\/conexion23.com\/?p=18595","title":{"rendered":"El SENADOR FRANKLIN PE\u00d1A LLEVA ALEGR\u00cdA A SU PUEBLO EN LAS PATRONALES."},"content":{"rendered":"\n<p>San Pedro de Macor\u00eds est\u00e1 de patronales y el Senador Franklin Pe\u00f1a a trav\u00e9s de la Oficina de Gesti\u00f3n Senatorial llev\u00f3 alegr\u00eda y diversi\u00f3n al pueblo petromacorisano con diversas actividades en la provincia cabecera.<\/p>\n\n\n\n<p>Las mismas iniciaron a las 2:00 de la tarde en la Playa Municipal El Faro (Playa de Muertos), con actividades recreativas: Juego de Baloncesto 3&#215;3, Juegos de Voleibol, Torneo de Domin\u00f3, Carreras de Sacos, entre otras actividades deportivas.<\/p>\n\n\n\n<figure class=\"wp-block-image size-large\"><img loading=\"lazy\" decoding=\"async\" width=\"1024\" height=\"779\" src=\"https:\/\/conexion23.com\/wp-content\/uploads\/2023\/07\/0148de32-b21d-46b3-9210-6b4ed63d4956-1024x779.jpg\" alt=\"\" class=\"wp-image-18597\" srcset=\"https:\/\/conexion23.com\/wp-content\/uploads\/2023\/07\/0148de32-b21d-46b3-9210-6b4ed63d4956-1024x779.jpg 1024w, https:\/\/conexion23.com\/wp-content\/uploads\/2023\/07\/0148de32-b21d-46b3-9210-6b4ed63d4956-300x228.jpg 300w, https:\/\/conexion23.com\/wp-content\/uploads\/2023\/07\/0148de32-b21d-46b3-9210-6b4ed63d4956-768x584.jpg 768w, https:\/\/conexion23.com\/wp-content\/uploads\/2023\/07\/0148de32-b21d-46b3-9210-6b4ed63d4956-1080x822.jpg 1080w, https:\/\/conexion23.com\/wp-content\/uploads\/2023\/07\/0148de32-b21d-46b3-9210-6b4ed63d4956-980x746.jpg 980w, https:\/\/conexion23.com\/wp-content\/uploads\/2023\/07\/0148de32-b21d-46b3-9210-6b4ed63d4956-480x365.jpg 480w, https:\/\/conexion23.com\/wp-content\/uploads\/2023\/07\/0148de32-b21d-46b3-9210-6b4ed63d4956.jpg 1280w\" sizes=\"auto, (max-width: 1024px) 100vw, 1024px\" \/><\/figure>\n\n\n\n<p>A las 5:00 de la tarde desde el Complejo Deportivo sali\u00f3 un interesante desfile con Los Caballistas, Motocross y Los Patinadores, abarcando los diferentes barrios de la Sultana del Este y terminando en el Estadio Tetelo Vargas lugar de la tarima oficial.<\/p>\n\n\n\n<p>A las 8:00 de la noche en el lugar se realiz\u00f3 un Fashion Show con las modelos de la Escuela de Arte y Modelaje Dr. Franklin Pe\u00f1a, organizado por su director el comunicador Jhon Carmelo Hil.<\/p>\n\n\n\n<figure class=\"wp-block-gallery has-nested-images columns-default is-cropped wp-block-gallery-1 is-layout-flex wp-block-gallery-is-layout-flex\">\n<figure class=\"wp-block-image size-large\"><img loading=\"lazy\" decoding=\"async\" width=\"1024\" height=\"682\" data-id=\"18598\" src=\"https:\/\/conexion23.com\/wp-content\/uploads\/2023\/07\/8d59b83a-877a-43c6-89af-99a5d1874adf-1-1024x682.jpg\" alt=\"\" class=\"wp-image-18598\" srcset=\"https:\/\/conexion23.com\/wp-content\/uploads\/2023\/07\/8d59b83a-877a-43c6-89af-99a5d1874adf-1-1024x682.jpg 1024w, https:\/\/conexion23.com\/wp-content\/uploads\/2023\/07\/8d59b83a-877a-43c6-89af-99a5d1874adf-1-300x200.jpg 300w, https:\/\/conexion23.com\/wp-content\/uploads\/2023\/07\/8d59b83a-877a-43c6-89af-99a5d1874adf-1-768x512.jpg 768w, https:\/\/conexion23.com\/wp-content\/uploads\/2023\/07\/8d59b83a-877a-43c6-89af-99a5d1874adf-1-1080x720.jpg 1080w, https:\/\/conexion23.com\/wp-content\/uploads\/2023\/07\/8d59b83a-877a-43c6-89af-99a5d1874adf-1-980x653.jpg 980w, https:\/\/conexion23.com\/wp-content\/uploads\/2023\/07\/8d59b83a-877a-43c6-89af-99a5d1874adf-1-480x320.jpg 480w, https:\/\/conexion23.com\/wp-content\/uploads\/2023\/07\/8d59b83a-877a-43c6-89af-99a5d1874adf-1.jpg 1280w\" sizes=\"auto, (max-width: 1024px) 100vw, 1024px\" \/><\/figure>\n<\/figure>\n\n\n\n<p>Y para cerrar con broche de oro a las 9:00 de la noche cortes\u00eda del senador Franklin Pe\u00f1a en la tarima del Comit\u00e9 Organizador de Las Patronales se presentaron los artistas: DJ, Marcial, El Bateyero uno A, El Caramelito Jhonny Rijo y El Quimico Ultra Mega.<\/p>\n\n\n\n<p>Toda una descarga de alegr\u00eda y adrenalina se vivi\u00f3 en las patronales de san pedro de macor\u00eds el s\u00e1bado uno de julio gracias al senador Franklin Pe\u00f1a.<\/p>\n","protected":false},"excerpt":{"rendered":"<p>San Pedro de Macor\u00eds est\u00e1 de patronales y el Senador Franklin Pe\u00f1a a trav\u00e9s de la Oficina de Gesti\u00f3n Senatorial llev\u00f3 alegr\u00eda y diversi\u00f3n al pueblo petromacorisano con diversas actividades en la provincia cabecera. Las mismas iniciaron a las 2:00 de la tarde en la Playa Municipal El Faro (Playa de Muertos), con actividades recreativas: [&hellip;]<\/p>\n","protected":false},"author":15,"featured_media":18596,"comment_status":"open","ping_status":"open","sticky":false,"template":"","format":"standard","meta":{"footnotes":""},"categories":[35],"tags":[],"class_list":{"0":"post-18595","1":"post","2":"type-post","3":"status-publish","4":"format-standard","5":"has-post-thumbnail","7":"category-spm"},"yoast_head":"<!-- This site is optimized with the Yoast SEO plugin v27.1.1 - https:\/\/yoast.com\/product\/yoast-seo-wordpress\/ -->\n<title>El SENADOR FRANKLIN PE\u00d1A LLEVA ALEGR\u00cdA A SU PUEBLO EN LAS PATRONALES. - Conexi\u00f3n 23<\/title>\n<meta name=\"robots\" content=\"index, follow, max-snippet:-1, max-image-preview:large, max-video-preview:-1\" \/>\n<link rel=\"canonical\" href=\"https:\/\/conexion23.com\/?p=18595\" \/>\n<meta property=\"og:locale\" content=\"es_ES\" \/>\n<meta property=\"og:type\" content=\"article\" \/>\n<meta property=\"og:title\" content=\"El SENADOR FRANKLIN PE\u00d1A LLEVA ALEGR\u00cdA A SU PUEBLO EN LAS PATRONALES. - Conexi\u00f3n 23\" \/>\n<meta property=\"og:description\" content=\"San Pedro de Macor\u00eds est\u00e1 de patronales y el Senador Franklin Pe\u00f1a a trav\u00e9s de la Oficina de Gesti\u00f3n Senatorial llev\u00f3 alegr\u00eda y diversi\u00f3n al pueblo petromacorisano con diversas actividades en la provincia cabecera. Las mismas iniciaron a las 2:00 de la tarde en la Playa Municipal El Faro (Playa de Muertos), con actividades recreativas: [&hellip;]\" \/>\n<meta property=\"og:url\" content=\"https:\/\/conexion23.com\/?p=18595\" \/>\n<meta property=\"og:site_name\" content=\"Conexi\u00f3n 23\" \/>\n<meta property=\"article:publisher\" content=\"https:\/\/www.facebook.com\/conexion23com\" \/>\n<meta property=\"article:published_time\" content=\"2023-07-02T13:34:09+00:00\" \/>\n<meta property=\"article:modified_time\" content=\"2023-07-02T13:34:12+00:00\" \/>\n<meta property=\"og:image\" content=\"https:\/\/conexion23.com\/wp-content\/uploads\/2023\/07\/243579e7-7a95-418c-9364-ea0d0a5b6e6b.jpg\" \/>\n\t<meta property=\"og:image:width\" content=\"1280\" \/>\n\t<meta property=\"og:image:height\" content=\"575\" \/>\n\t<meta property=\"og:image:type\" content=\"image\/jpeg\" \/>\n<meta name=\"author\" content=\"Raffy Ben\u00edtez\" \/>\n<meta name=\"twitter:card\" content=\"summary_large_image\" \/>\n<meta name=\"twitter:label1\" content=\"Escrito por\" \/>\n\t<meta name=\"twitter:data1\" content=\"Raffy Ben\u00edtez\" \/>\n\t<meta name=\"twitter:label2\" content=\"Tiempo de lectura\" \/>\n\t<meta name=\"twitter:data2\" content=\"2 minutos\" \/>\n<script type=\"application\/ld+json\" class=\"yoast-schema-graph\">{\"@context\":\"https:\/\/schema.org\",\"@graph\":[{\"@type\":\"Article\",\"@id\":\"https:\/\/conexion23.com\/?p=18595#article\",\"isPartOf\":{\"@id\":\"https:\/\/conexion23.com\/?p=18595\"},\"author\":{\"name\":\"Raffy Ben\u00edtez\",\"@id\":\"https:\/\/conexion23.com\/#\/schema\/person\/03e36043331117e97a373299bbcd30a6\"},\"headline\":\"El SENADOR FRANKLIN PE\u00d1A LLEVA ALEGR\u00cdA A SU PUEBLO EN LAS PATRONALES.\",\"datePublished\":\"2023-07-02T13:34:09+00:00\",\"dateModified\":\"2023-07-02T13:34:12+00:00\",\"mainEntityOfPage\":{\"@id\":\"https:\/\/conexion23.com\/?p=18595\"},\"wordCount\":246,\"commentCount\":0,\"publisher\":{\"@id\":\"https:\/\/conexion23.com\/#organization\"},\"image\":{\"@id\":\"https:\/\/conexion23.com\/?p=18595#primaryimage\"},\"thumbnailUrl\":\"https:\/\/conexion23.com\/wp-content\/uploads\/2023\/07\/243579e7-7a95-418c-9364-ea0d0a5b6e6b.jpg\",\"articleSection\":[\"SPM\"],\"inLanguage\":\"es\",\"potentialAction\":[{\"@type\":\"CommentAction\",\"name\":\"Comment\",\"target\":[\"https:\/\/conexion23.com\/?p=18595#respond\"]}]},{\"@type\":\"WebPage\",\"@id\":\"https:\/\/conexion23.com\/?p=18595\",\"url\":\"https:\/\/conexion23.com\/?p=18595\",\"name\":\"El SENADOR FRANKLIN PE\u00d1A LLEVA ALEGR\u00cdA A SU PUEBLO EN LAS PATRONALES. - Conexi\u00f3n 23\",\"isPartOf\":{\"@id\":\"https:\/\/conexion23.com\/#website\"},\"primaryImageOfPage\":{\"@id\":\"https:\/\/conexion23.com\/?p=18595#primaryimage\"},\"image\":{\"@id\":\"https:\/\/conexion23.com\/?p=18595#primaryimage\"},\"thumbnailUrl\":\"https:\/\/conexion23.com\/wp-content\/uploads\/2023\/07\/243579e7-7a95-418c-9364-ea0d0a5b6e6b.jpg\",\"datePublished\":\"2023-07-02T13:34:09+00:00\",\"dateModified\":\"2023-07-02T13:34:12+00:00\",\"breadcrumb\":{\"@id\":\"https:\/\/conexion23.com\/?p=18595#breadcrumb\"},\"inLanguage\":\"es\",\"potentialAction\":[{\"@type\":\"ReadAction\",\"target\":[\"https:\/\/conexion23.com\/?p=18595\"]}]},{\"@type\":\"ImageObject\",\"inLanguage\":\"es\",\"@id\":\"https:\/\/conexion23.com\/?p=18595#primaryimage\",\"url\":\"https:\/\/conexion23.com\/wp-content\/uploads\/2023\/07\/243579e7-7a95-418c-9364-ea0d0a5b6e6b.jpg\",\"contentUrl\":\"https:\/\/conexion23.com\/wp-content\/uploads\/2023\/07\/243579e7-7a95-418c-9364-ea0d0a5b6e6b.jpg\",\"width\":1280,\"height\":575},{\"@type\":\"BreadcrumbList\",\"@id\":\"https:\/\/conexion23.com\/?p=18595#breadcrumb\",\"itemListElement\":[{\"@type\":\"ListItem\",\"position\":1,\"name\":\"Portada\",\"item\":\"https:\/\/conexion23.com\/\"},{\"@type\":\"ListItem\",\"position\":2,\"name\":\"El SENADOR FRANKLIN PE\u00d1A LLEVA ALEGR\u00cdA A SU PUEBLO EN LAS PATRONALES.\"}]},{\"@type\":\"WebSite\",\"@id\":\"https:\/\/conexion23.com\/#website\",\"url\":\"https:\/\/conexion23.com\/\",\"name\":\"Conexi\u00f3n 23\",\"description\":\"Peri\u00f3dico 100% Petromacorisano\",\"publisher\":{\"@id\":\"https:\/\/conexion23.com\/#organization\"},\"potentialAction\":[{\"@type\":\"SearchAction\",\"target\":{\"@type\":\"EntryPoint\",\"urlTemplate\":\"https:\/\/conexion23.com\/?s={search_term_string}\"},\"query-input\":{\"@type\":\"PropertyValueSpecification\",\"valueRequired\":true,\"valueName\":\"search_term_string\"}}],\"inLanguage\":\"es\"},{\"@type\":\"Organization\",\"@id\":\"https:\/\/conexion23.com\/#organization\",\"name\":\"Conexion 23\",\"url\":\"https:\/\/conexion23.com\/\",\"logo\":{\"@type\":\"ImageObject\",\"inLanguage\":\"es\",\"@id\":\"https:\/\/conexion23.com\/#\/schema\/logo\/image\/\",\"url\":\"https:\/\/conexion23.com\/wp-content\/uploads\/2021\/11\/Diseno-sin-titulo-2.png\",\"contentUrl\":\"https:\/\/conexion23.com\/wp-content\/uploads\/2021\/11\/Diseno-sin-titulo-2.png\",\"width\":541,\"height\":90,\"caption\":\"Conexion 23\"},\"image\":{\"@id\":\"https:\/\/conexion23.com\/#\/schema\/logo\/image\/\"},\"sameAs\":[\"https:\/\/www.facebook.com\/conexion23com\",\"https:\/\/www.instagram.com\/conexion23com\/\",\"https:\/\/www.youtube.com\/channel\/UCYc7vxxFZMYLIHNsHHxPZ3Q\"]},{\"@type\":\"Person\",\"@id\":\"https:\/\/conexion23.com\/#\/schema\/person\/03e36043331117e97a373299bbcd30a6\",\"name\":\"Raffy Ben\u00edtez\",\"image\":{\"@type\":\"ImageObject\",\"inLanguage\":\"es\",\"@id\":\"https:\/\/conexion23.com\/#\/schema\/person\/image\/\",\"url\":\"https:\/\/secure.gravatar.com\/avatar\/3190a6a6c5e1b0327500f7d6c56b6242472ee6cb974cf09b401ee6b3b0798f23?s=96&d=mm&r=g\",\"contentUrl\":\"https:\/\/secure.gravatar.com\/avatar\/3190a6a6c5e1b0327500f7d6c56b6242472ee6cb974cf09b401ee6b3b0798f23?s=96&d=mm&r=g\",\"caption\":\"Raffy Ben\u00edtez\"},\"url\":\"https:\/\/conexion23.com\/?author=15\"}]}<\/script>\n<!-- \/ Yoast SEO plugin. -->","yoast_head_json":{"title":"El SENADOR FRANKLIN PE\u00d1A LLEVA ALEGR\u00cdA A SU PUEBLO EN LAS PATRONALES. - Conexi\u00f3n 23","robots":{"index":"index","follow":"follow","max-snippet":"max-snippet:-1","max-image-preview":"max-image-preview:large","max-video-preview":"max-video-preview:-1"},"canonical":"https:\/\/conexion23.com\/?p=18595","og_locale":"es_ES","og_type":"article","og_title":"El SENADOR FRANKLIN PE\u00d1A LLEVA ALEGR\u00cdA A SU PUEBLO EN LAS PATRONALES. - Conexi\u00f3n 23","og_description":"San Pedro de Macor\u00eds est\u00e1 de patronales y el Senador Franklin Pe\u00f1a a trav\u00e9s de la Oficina de Gesti\u00f3n Senatorial llev\u00f3 alegr\u00eda y diversi\u00f3n al pueblo petromacorisano con diversas actividades en la provincia cabecera. Las mismas iniciaron a las 2:00 de la tarde en la Playa Municipal El Faro (Playa de Muertos), con actividades recreativas: [&hellip;]","og_url":"https:\/\/conexion23.com\/?p=18595","og_site_name":"Conexi\u00f3n 23","article_publisher":"https:\/\/www.facebook.com\/conexion23com","article_published_time":"2023-07-02T13:34:09+00:00","article_modified_time":"2023-07-02T13:34:12+00:00","og_image":[{"width":1280,"height":575,"url":"https:\/\/conexion23.com\/wp-content\/uploads\/2023\/07\/243579e7-7a95-418c-9364-ea0d0a5b6e6b.jpg","type":"image\/jpeg"}],"author":"Raffy Ben\u00edtez","twitter_card":"summary_large_image","twitter_misc":{"Escrito por":"Raffy Ben\u00edtez","Tiempo de lectura":"2 minutos"},"schema":{"@context":"https:\/\/schema.org","@graph":[{"@type":"Article","@id":"https:\/\/conexion23.com\/?p=18595#article","isPartOf":{"@id":"https:\/\/conexion23.com\/?p=18595"},"author":{"name":"Raffy Ben\u00edtez","@id":"https:\/\/conexion23.com\/#\/schema\/person\/03e36043331117e97a373299bbcd30a6"},"headline":"El SENADOR FRANKLIN PE\u00d1A LLEVA ALEGR\u00cdA A SU PUEBLO EN LAS PATRONALES.","datePublished":"2023-07-02T13:34:09+00:00","dateModified":"2023-07-02T13:34:12+00:00","mainEntityOfPage":{"@id":"https:\/\/conexion23.com\/?p=18595"},"wordCount":246,"commentCount":0,"publisher":{"@id":"https:\/\/conexion23.com\/#organization"},"image":{"@id":"https:\/\/conexion23.com\/?p=18595#primaryimage"},"thumbnailUrl":"https:\/\/conexion23.com\/wp-content\/uploads\/2023\/07\/243579e7-7a95-418c-9364-ea0d0a5b6e6b.jpg","articleSection":["SPM"],"inLanguage":"es","potentialAction":[{"@type":"CommentAction","name":"Comment","target":["https:\/\/conexion23.com\/?p=18595#respond"]}]},{"@type":"WebPage","@id":"https:\/\/conexion23.com\/?p=18595","url":"https:\/\/conexion23.com\/?p=18595","name":"El SENADOR FRANKLIN PE\u00d1A LLEVA ALEGR\u00cdA A SU PUEBLO EN LAS PATRONALES. - Conexi\u00f3n 23","isPartOf":{"@id":"https:\/\/conexion23.com\/#website"},"primaryImageOfPage":{"@id":"https:\/\/conexion23.com\/?p=18595#primaryimage"},"image":{"@id":"https:\/\/conexion23.com\/?p=18595#primaryimage"},"thumbnailUrl":"https:\/\/conexion23.com\/wp-content\/uploads\/2023\/07\/243579e7-7a95-418c-9364-ea0d0a5b6e6b.jpg","datePublished":"2023-07-02T13:34:09+00:00","dateModified":"2023-07-02T13:34:12+00:00","breadcrumb":{"@id":"https:\/\/conexion23.com\/?p=18595#breadcrumb"},"inLanguage":"es","potentialAction":[{"@type":"ReadAction","target":["https:\/\/conexion23.com\/?p=18595"]}]},{"@type":"ImageObject","inLanguage":"es","@id":"https:\/\/conexion23.com\/?p=18595#primaryimage","url":"https:\/\/conexion23.com\/wp-content\/uploads\/2023\/07\/243579e7-7a95-418c-9364-ea0d0a5b6e6b.jpg","contentUrl":"https:\/\/conexion23.com\/wp-content\/uploads\/2023\/07\/243579e7-7a95-418c-9364-ea0d0a5b6e6b.jpg","width":1280,"height":575},{"@type":"BreadcrumbList","@id":"https:\/\/conexion23.com\/?p=18595#breadcrumb","itemListElement":[{"@type":"ListItem","position":1,"name":"Portada","item":"https:\/\/conexion23.com\/"},{"@type":"ListItem","position":2,"name":"El SENADOR FRANKLIN PE\u00d1A LLEVA ALEGR\u00cdA A SU PUEBLO EN LAS PATRONALES."}]},{"@type":"WebSite","@id":"https:\/\/conexion23.com\/#website","url":"https:\/\/conexion23.com\/","name":"Conexi\u00f3n 23","description":"Peri\u00f3dico 100% Petromacorisano","publisher":{"@id":"https:\/\/conexion23.com\/#organization"},"potentialAction":[{"@type":"SearchAction","target":{"@type":"EntryPoint","urlTemplate":"https:\/\/conexion23.com\/?s={search_term_string}"},"query-input":{"@type":"PropertyValueSpecification","valueRequired":true,"valueName":"search_term_string"}}],"inLanguage":"es"},{"@type":"Organization","@id":"https:\/\/conexion23.com\/#organization","name":"Conexion 23","url":"https:\/\/conexion23.com\/","logo":{"@type":"ImageObject","inLanguage":"es","@id":"https:\/\/conexion23.com\/#\/schema\/logo\/image\/","url":"https:\/\/conexion23.com\/wp-content\/uploads\/2021\/11\/Diseno-sin-titulo-2.png","contentUrl":"https:\/\/conexion23.com\/wp-content\/uploads\/2021\/11\/Diseno-sin-titulo-2.png","width":541,"height":90,"caption":"Conexion 23"},"image":{"@id":"https:\/\/conexion23.com\/#\/schema\/logo\/image\/"},"sameAs":["https:\/\/www.facebook.com\/conexion23com","https:\/\/www.instagram.com\/conexion23com\/","https:\/\/www.youtube.com\/channel\/UCYc7vxxFZMYLIHNsHHxPZ3Q"]},{"@type":"Person","@id":"https:\/\/conexion23.com\/#\/schema\/person\/03e36043331117e97a373299bbcd30a6","name":"Raffy Ben\u00edtez","image":{"@type":"ImageObject","inLanguage":"es","@id":"https:\/\/conexion23.com\/#\/schema\/person\/image\/","url":"https:\/\/secure.gravatar.com\/avatar\/3190a6a6c5e1b0327500f7d6c56b6242472ee6cb974cf09b401ee6b3b0798f23?s=96&d=mm&r=g","contentUrl":"https:\/\/secure.gravatar.com\/avatar\/3190a6a6c5e1b0327500f7d6c56b6242472ee6cb974cf09b401ee6b3b0798f23?s=96&d=mm&r=g","caption":"Raffy Ben\u00edtez"},"url":"https:\/\/conexion23.com\/?author=15"}]}},"_links":{"self":[{"href":"https:\/\/conexion23.com\/index.php?rest_route=\/wp\/v2\/posts\/18595","targetHints":{"allow":["GET"]}}],"collection":[{"href":"https:\/\/conexion23.com\/index.php?rest_route=\/wp\/v2\/posts"}],"about":[{"href":"https:\/\/conexion23.com\/index.php?rest_route=\/wp\/v2\/types\/post"}],"author":[{"embeddable":true,"href":"https:\/\/conexion23.com\/index.php?rest_route=\/wp\/v2\/users\/15"}],"replies":[{"embeddable":true,"href":"https:\/\/conexion23.com\/index.php?rest_route=%2Fwp%2Fv2%2Fcomments&post=18595"}],"version-history":[{"count":1,"href":"https:\/\/conexion23.com\/index.php?rest_route=\/wp\/v2\/posts\/18595\/revisions"}],"predecessor-version":[{"id":18599,"href":"https:\/\/conexion23.com\/index.php?rest_route=\/wp\/v2\/posts\/18595\/revisions\/18599"}],"wp:featuredmedia":[{"embeddable":true,"href":"https:\/\/conexion23.com\/index.php?rest_route=\/wp\/v2\/media\/18596"}],"wp:attachment":[{"href":"https:\/\/conexion23.com\/index.php?rest_route=%2Fwp%2Fv2%2Fmedia&parent=18595"}],"wp:term":[{"taxonomy":"category","embeddable":true,"href":"https:\/\/conexion23.com\/index.php?rest_route=%2Fwp%2Fv2%2Fcategories&post=18595"},{"taxonomy":"post_tag","embeddable":true,"href":"https:\/\/conexion23.com\/index.php?rest_route=%2Fwp%2Fv2%2Ftags&post=18595"}],"curies":[{"name":"wp","href":"https:\/\/api.w.org\/{rel}","templated":true}]}}