{"id":186,"date":"2021-11-25T11:08:32","date_gmt":"2021-11-25T15:08:32","guid":{"rendered":"https:\/\/conexion23.com\/?p=186"},"modified":"2021-11-25T11:39:48","modified_gmt":"2021-11-25T15:39:48","slug":"nuestra-razon-de-ser","status":"publish","type":"post","link":"https:\/\/conexion23.com\/?p=186","title":{"rendered":"NUESTRA RAZ\u00d3N DE SER"},"content":{"rendered":"\n<p>Acaba de nacer un nuevo medio de comunicaci\u00f3n en la Rep\u00fablica Dominicana, que tendr\u00e1 como punto principal de anclaje, la provincia de San Pedro de Macor\u00eds.<\/p>\n\n\n\n<p>Conexi\u00f3n 23 no ser\u00e1 un medio m\u00e1s.<\/p>\n\n\n\n<p>Desde su anclaje local, har\u00e1 una amplia labor informativa, cubriendo con informaciones novedosas, de inter\u00e9s humano y reportajes de investigaci\u00f3n, todo el territorio nacional y los principales acontecimientos internacionales.<\/p>\n\n\n\n<p>Este medio nace para hacer periodismo responsable y veraz.<\/p>\n\n\n\n<p>Nuestro norte ser\u00e1 servir con valent\u00eda,&nbsp; a los ciudadanos y ciudadanas, presentando los hechos noticiosos tal y como ocurren, porque la verdad y la transparencia ser\u00e1n nuestro norte.<\/p>\n\n\n\n<p>Conexi\u00f3n 23 re\u00fane a un amplio equipo de profesionales del periodismo, las redes sociales y la comunicaci\u00f3n en sentido general, con formaci\u00f3n en distintas \u00e1reas del ejercicio period\u00edstico.<\/p>\n\n\n\n<p>En el dise\u00f1o de la plataforma informativa, habr\u00e1 una permanente vinculaci\u00f3n entre el periodismo digital y el periodismo impreso. Estamos en una etapa de prueba y de ajustes y en enero del 2022, venimos con una edici\u00f3n impresa quincenal que complementar\u00e1 la edici\u00f3n diaria digital.<\/p>\n\n\n\n<p>Conexi\u00f3n 23 har\u00e1 uso de las nuevas tecnolog\u00edas que est\u00e1n transformando el ejercicio del periodismo en todo el mundo. Nuestro lector podr\u00e1 estar en contacto con los mejores avances tecnol\u00f3gicos y las mejores pr\u00e1cticas del periodismo de nuestra era.<\/p>\n\n\n\n<p>Estamos a su servicio y esperamos convertirnos en el medio por excelencia para que usted est\u00e9 enterado de todo lo que acontezca y que tenga valor period\u00edstico.<\/p>\n","protected":false},"excerpt":{"rendered":"<p>Acaba de nacer un nuevo medio de comunicaci\u00f3n en la Rep\u00fablica Dominicana, que tendr\u00e1 como punto principal de anclaje, la provincia de San Pedro de Macor\u00eds. Conexi\u00f3n 23 no ser\u00e1 un medio m\u00e1s. Desde su anclaje local, har\u00e1 una amplia labor informativa, cubriendo con informaciones novedosas, de inter\u00e9s humano y reportajes de investigaci\u00f3n, todo el [&hellip;]<\/p>\n","protected":false},"author":7,"featured_media":25,"comment_status":"open","ping_status":"open","sticky":true,"template":"","format":"standard","meta":{"footnotes":""},"categories":[1],"tags":[55,54,56,57],"class_list":{"0":"post-186","1":"post","2":"type-post","3":"status-publish","4":"format-standard","5":"has-post-thumbnail","7":"category-uncategorized","8":"tag-conexion23","9":"tag-editorial","10":"tag-republica-dominicana","11":"tag-san-pedro-de-macoris"},"yoast_head":"<!-- This site is optimized with the Yoast SEO plugin v27.1.1 - https:\/\/yoast.com\/product\/yoast-seo-wordpress\/ -->\n<title>NUESTRA RAZ\u00d3N DE SER - Conexi\u00f3n 23<\/title>\n<meta name=\"robots\" content=\"index, follow, max-snippet:-1, max-image-preview:large, max-video-preview:-1\" \/>\n<link rel=\"canonical\" href=\"https:\/\/conexion23.com\/?p=186\" \/>\n<meta property=\"og:locale\" content=\"es_ES\" \/>\n<meta property=\"og:type\" content=\"article\" \/>\n<meta property=\"og:title\" content=\"NUESTRA RAZ\u00d3N DE SER - Conexi\u00f3n 23\" \/>\n<meta property=\"og:description\" content=\"Acaba de nacer un nuevo medio de comunicaci\u00f3n en la Rep\u00fablica Dominicana, que tendr\u00e1 como punto principal de anclaje, la provincia de San Pedro de Macor\u00eds. Conexi\u00f3n 23 no ser\u00e1 un medio m\u00e1s. Desde su anclaje local, har\u00e1 una amplia labor informativa, cubriendo con informaciones novedosas, de inter\u00e9s humano y reportajes de investigaci\u00f3n, todo el [&hellip;]\" \/>\n<meta property=\"og:url\" content=\"https:\/\/conexion23.com\/?p=186\" \/>\n<meta property=\"og:site_name\" content=\"Conexi\u00f3n 23\" \/>\n<meta property=\"article:publisher\" content=\"https:\/\/www.facebook.com\/conexion23com\" \/>\n<meta property=\"article:published_time\" content=\"2021-11-25T15:08:32+00:00\" \/>\n<meta property=\"article:modified_time\" content=\"2021-11-25T15:39:48+00:00\" \/>\n<meta property=\"og:image\" content=\"https:\/\/conexion23.com\/wp-content\/uploads\/2021\/11\/Isotipo.png\" \/>\n\t<meta property=\"og:image:width\" content=\"500\" \/>\n\t<meta property=\"og:image:height\" content=\"500\" \/>\n\t<meta property=\"og:image:type\" content=\"image\/png\" \/>\n<meta name=\"author\" content=\"Benjam\u00edn Rosario\" \/>\n<meta name=\"twitter:card\" content=\"summary_large_image\" \/>\n<meta name=\"twitter:label1\" content=\"Escrito por\" \/>\n\t<meta name=\"twitter:data1\" content=\"Benjam\u00edn Rosario\" \/>\n\t<meta name=\"twitter:label2\" content=\"Tiempo de lectura\" \/>\n\t<meta name=\"twitter:data2\" content=\"1 minuto\" \/>\n<script type=\"application\/ld+json\" class=\"yoast-schema-graph\">{\"@context\":\"https:\/\/schema.org\",\"@graph\":[{\"@type\":\"Article\",\"@id\":\"https:\/\/conexion23.com\/?p=186#article\",\"isPartOf\":{\"@id\":\"https:\/\/conexion23.com\/?p=186\"},\"author\":{\"name\":\"Benjam\u00edn Rosario\",\"@id\":\"https:\/\/conexion23.com\/#\/schema\/person\/c0b7ce1f0e7a915d08fa289072b8353a\"},\"headline\":\"NUESTRA RAZ\u00d3N DE SER\",\"datePublished\":\"2021-11-25T15:08:32+00:00\",\"dateModified\":\"2021-11-25T15:39:48+00:00\",\"mainEntityOfPage\":{\"@id\":\"https:\/\/conexion23.com\/?p=186\"},\"wordCount\":264,\"commentCount\":0,\"publisher\":{\"@id\":\"https:\/\/conexion23.com\/#organization\"},\"image\":{\"@id\":\"https:\/\/conexion23.com\/?p=186#primaryimage\"},\"thumbnailUrl\":\"https:\/\/conexion23.com\/wp-content\/uploads\/2021\/11\/Isotipo.png\",\"keywords\":[\"conexion23\",\"editorial\",\"republica dominicana\",\"san pedro de macoris\"],\"articleSection\":[\"Uncategorized\"],\"inLanguage\":\"es\",\"potentialAction\":[{\"@type\":\"CommentAction\",\"name\":\"Comment\",\"target\":[\"https:\/\/conexion23.com\/?p=186#respond\"]}]},{\"@type\":\"WebPage\",\"@id\":\"https:\/\/conexion23.com\/?p=186\",\"url\":\"https:\/\/conexion23.com\/?p=186\",\"name\":\"NUESTRA RAZ\u00d3N DE SER - Conexi\u00f3n 23\",\"isPartOf\":{\"@id\":\"https:\/\/conexion23.com\/#website\"},\"primaryImageOfPage\":{\"@id\":\"https:\/\/conexion23.com\/?p=186#primaryimage\"},\"image\":{\"@id\":\"https:\/\/conexion23.com\/?p=186#primaryimage\"},\"thumbnailUrl\":\"https:\/\/conexion23.com\/wp-content\/uploads\/2021\/11\/Isotipo.png\",\"datePublished\":\"2021-11-25T15:08:32+00:00\",\"dateModified\":\"2021-11-25T15:39:48+00:00\",\"breadcrumb\":{\"@id\":\"https:\/\/conexion23.com\/?p=186#breadcrumb\"},\"inLanguage\":\"es\",\"potentialAction\":[{\"@type\":\"ReadAction\",\"target\":[\"https:\/\/conexion23.com\/?p=186\"]}]},{\"@type\":\"ImageObject\",\"inLanguage\":\"es\",\"@id\":\"https:\/\/conexion23.com\/?p=186#primaryimage\",\"url\":\"https:\/\/conexion23.com\/wp-content\/uploads\/2021\/11\/Isotipo.png\",\"contentUrl\":\"https:\/\/conexion23.com\/wp-content\/uploads\/2021\/11\/Isotipo.png\",\"width\":500,\"height\":500},{\"@type\":\"BreadcrumbList\",\"@id\":\"https:\/\/conexion23.com\/?p=186#breadcrumb\",\"itemListElement\":[{\"@type\":\"ListItem\",\"position\":1,\"name\":\"Portada\",\"item\":\"https:\/\/conexion23.com\/\"},{\"@type\":\"ListItem\",\"position\":2,\"name\":\"NUESTRA RAZ\u00d3N DE SER\"}]},{\"@type\":\"WebSite\",\"@id\":\"https:\/\/conexion23.com\/#website\",\"url\":\"https:\/\/conexion23.com\/\",\"name\":\"Conexi\u00f3n 23\",\"description\":\"Peri\u00f3dico 100% Petromacorisano\",\"publisher\":{\"@id\":\"https:\/\/conexion23.com\/#organization\"},\"potentialAction\":[{\"@type\":\"SearchAction\",\"target\":{\"@type\":\"EntryPoint\",\"urlTemplate\":\"https:\/\/conexion23.com\/?s={search_term_string}\"},\"query-input\":{\"@type\":\"PropertyValueSpecification\",\"valueRequired\":true,\"valueName\":\"search_term_string\"}}],\"inLanguage\":\"es\"},{\"@type\":\"Organization\",\"@id\":\"https:\/\/conexion23.com\/#organization\",\"name\":\"Conexion 23\",\"url\":\"https:\/\/conexion23.com\/\",\"logo\":{\"@type\":\"ImageObject\",\"inLanguage\":\"es\",\"@id\":\"https:\/\/conexion23.com\/#\/schema\/logo\/image\/\",\"url\":\"https:\/\/conexion23.com\/wp-content\/uploads\/2021\/11\/Diseno-sin-titulo-2.png\",\"contentUrl\":\"https:\/\/conexion23.com\/wp-content\/uploads\/2021\/11\/Diseno-sin-titulo-2.png\",\"width\":541,\"height\":90,\"caption\":\"Conexion 23\"},\"image\":{\"@id\":\"https:\/\/conexion23.com\/#\/schema\/logo\/image\/\"},\"sameAs\":[\"https:\/\/www.facebook.com\/conexion23com\",\"https:\/\/www.instagram.com\/conexion23com\/\",\"https:\/\/www.youtube.com\/channel\/UCYc7vxxFZMYLIHNsHHxPZ3Q\"]},{\"@type\":\"Person\",\"@id\":\"https:\/\/conexion23.com\/#\/schema\/person\/c0b7ce1f0e7a915d08fa289072b8353a\",\"name\":\"Benjam\u00edn Rosario\",\"image\":{\"@type\":\"ImageObject\",\"inLanguage\":\"es\",\"@id\":\"https:\/\/conexion23.com\/#\/schema\/person\/image\/\",\"url\":\"https:\/\/secure.gravatar.com\/avatar\/62e1b2539b49cdeb50ee302e2a5f2bd31dc7fdba412bbac67e2a2a6e0c89bb2a?s=96&d=mm&r=g\",\"contentUrl\":\"https:\/\/secure.gravatar.com\/avatar\/62e1b2539b49cdeb50ee302e2a5f2bd31dc7fdba412bbac67e2a2a6e0c89bb2a?s=96&d=mm&r=g\",\"caption\":\"Benjam\u00edn Rosario\"},\"url\":\"https:\/\/conexion23.com\/?author=7\"}]}<\/script>\n<!-- \/ Yoast SEO plugin. -->","yoast_head_json":{"title":"NUESTRA RAZ\u00d3N DE SER - Conexi\u00f3n 23","robots":{"index":"index","follow":"follow","max-snippet":"max-snippet:-1","max-image-preview":"max-image-preview:large","max-video-preview":"max-video-preview:-1"},"canonical":"https:\/\/conexion23.com\/?p=186","og_locale":"es_ES","og_type":"article","og_title":"NUESTRA RAZ\u00d3N DE SER - Conexi\u00f3n 23","og_description":"Acaba de nacer un nuevo medio de comunicaci\u00f3n en la Rep\u00fablica Dominicana, que tendr\u00e1 como punto principal de anclaje, la provincia de San Pedro de Macor\u00eds. Conexi\u00f3n 23 no ser\u00e1 un medio m\u00e1s. Desde su anclaje local, har\u00e1 una amplia labor informativa, cubriendo con informaciones novedosas, de inter\u00e9s humano y reportajes de investigaci\u00f3n, todo el [&hellip;]","og_url":"https:\/\/conexion23.com\/?p=186","og_site_name":"Conexi\u00f3n 23","article_publisher":"https:\/\/www.facebook.com\/conexion23com","article_published_time":"2021-11-25T15:08:32+00:00","article_modified_time":"2021-11-25T15:39:48+00:00","og_image":[{"width":500,"height":500,"url":"https:\/\/conexion23.com\/wp-content\/uploads\/2021\/11\/Isotipo.png","type":"image\/png"}],"author":"Benjam\u00edn Rosario","twitter_card":"summary_large_image","twitter_misc":{"Escrito por":"Benjam\u00edn Rosario","Tiempo de lectura":"1 minuto"},"schema":{"@context":"https:\/\/schema.org","@graph":[{"@type":"Article","@id":"https:\/\/conexion23.com\/?p=186#article","isPartOf":{"@id":"https:\/\/conexion23.com\/?p=186"},"author":{"name":"Benjam\u00edn Rosario","@id":"https:\/\/conexion23.com\/#\/schema\/person\/c0b7ce1f0e7a915d08fa289072b8353a"},"headline":"NUESTRA RAZ\u00d3N DE SER","datePublished":"2021-11-25T15:08:32+00:00","dateModified":"2021-11-25T15:39:48+00:00","mainEntityOfPage":{"@id":"https:\/\/conexion23.com\/?p=186"},"wordCount":264,"commentCount":0,"publisher":{"@id":"https:\/\/conexion23.com\/#organization"},"image":{"@id":"https:\/\/conexion23.com\/?p=186#primaryimage"},"thumbnailUrl":"https:\/\/conexion23.com\/wp-content\/uploads\/2021\/11\/Isotipo.png","keywords":["conexion23","editorial","republica dominicana","san pedro de macoris"],"articleSection":["Uncategorized"],"inLanguage":"es","potentialAction":[{"@type":"CommentAction","name":"Comment","target":["https:\/\/conexion23.com\/?p=186#respond"]}]},{"@type":"WebPage","@id":"https:\/\/conexion23.com\/?p=186","url":"https:\/\/conexion23.com\/?p=186","name":"NUESTRA RAZ\u00d3N DE SER - Conexi\u00f3n 23","isPartOf":{"@id":"https:\/\/conexion23.com\/#website"},"primaryImageOfPage":{"@id":"https:\/\/conexion23.com\/?p=186#primaryimage"},"image":{"@id":"https:\/\/conexion23.com\/?p=186#primaryimage"},"thumbnailUrl":"https:\/\/conexion23.com\/wp-content\/uploads\/2021\/11\/Isotipo.png","datePublished":"2021-11-25T15:08:32+00:00","dateModified":"2021-11-25T15:39:48+00:00","breadcrumb":{"@id":"https:\/\/conexion23.com\/?p=186#breadcrumb"},"inLanguage":"es","potentialAction":[{"@type":"ReadAction","target":["https:\/\/conexion23.com\/?p=186"]}]},{"@type":"ImageObject","inLanguage":"es","@id":"https:\/\/conexion23.com\/?p=186#primaryimage","url":"https:\/\/conexion23.com\/wp-content\/uploads\/2021\/11\/Isotipo.png","contentUrl":"https:\/\/conexion23.com\/wp-content\/uploads\/2021\/11\/Isotipo.png","width":500,"height":500},{"@type":"BreadcrumbList","@id":"https:\/\/conexion23.com\/?p=186#breadcrumb","itemListElement":[{"@type":"ListItem","position":1,"name":"Portada","item":"https:\/\/conexion23.com\/"},{"@type":"ListItem","position":2,"name":"NUESTRA RAZ\u00d3N DE SER"}]},{"@type":"WebSite","@id":"https:\/\/conexion23.com\/#website","url":"https:\/\/conexion23.com\/","name":"Conexi\u00f3n 23","description":"Peri\u00f3dico 100% Petromacorisano","publisher":{"@id":"https:\/\/conexion23.com\/#organization"},"potentialAction":[{"@type":"SearchAction","target":{"@type":"EntryPoint","urlTemplate":"https:\/\/conexion23.com\/?s={search_term_string}"},"query-input":{"@type":"PropertyValueSpecification","valueRequired":true,"valueName":"search_term_string"}}],"inLanguage":"es"},{"@type":"Organization","@id":"https:\/\/conexion23.com\/#organization","name":"Conexion 23","url":"https:\/\/conexion23.com\/","logo":{"@type":"ImageObject","inLanguage":"es","@id":"https:\/\/conexion23.com\/#\/schema\/logo\/image\/","url":"https:\/\/conexion23.com\/wp-content\/uploads\/2021\/11\/Diseno-sin-titulo-2.png","contentUrl":"https:\/\/conexion23.com\/wp-content\/uploads\/2021\/11\/Diseno-sin-titulo-2.png","width":541,"height":90,"caption":"Conexion 23"},"image":{"@id":"https:\/\/conexion23.com\/#\/schema\/logo\/image\/"},"sameAs":["https:\/\/www.facebook.com\/conexion23com","https:\/\/www.instagram.com\/conexion23com\/","https:\/\/www.youtube.com\/channel\/UCYc7vxxFZMYLIHNsHHxPZ3Q"]},{"@type":"Person","@id":"https:\/\/conexion23.com\/#\/schema\/person\/c0b7ce1f0e7a915d08fa289072b8353a","name":"Benjam\u00edn Rosario","image":{"@type":"ImageObject","inLanguage":"es","@id":"https:\/\/conexion23.com\/#\/schema\/person\/image\/","url":"https:\/\/secure.gravatar.com\/avatar\/62e1b2539b49cdeb50ee302e2a5f2bd31dc7fdba412bbac67e2a2a6e0c89bb2a?s=96&d=mm&r=g","contentUrl":"https:\/\/secure.gravatar.com\/avatar\/62e1b2539b49cdeb50ee302e2a5f2bd31dc7fdba412bbac67e2a2a6e0c89bb2a?s=96&d=mm&r=g","caption":"Benjam\u00edn Rosario"},"url":"https:\/\/conexion23.com\/?author=7"}]}},"_links":{"self":[{"href":"https:\/\/conexion23.com\/index.php?rest_route=\/wp\/v2\/posts\/186","targetHints":{"allow":["GET"]}}],"collection":[{"href":"https:\/\/conexion23.com\/index.php?rest_route=\/wp\/v2\/posts"}],"about":[{"href":"https:\/\/conexion23.com\/index.php?rest_route=\/wp\/v2\/types\/post"}],"author":[{"embeddable":true,"href":"https:\/\/conexion23.com\/index.php?rest_route=\/wp\/v2\/users\/7"}],"replies":[{"embeddable":true,"href":"https:\/\/conexion23.com\/index.php?rest_route=%2Fwp%2Fv2%2Fcomments&post=186"}],"version-history":[{"count":1,"href":"https:\/\/conexion23.com\/index.php?rest_route=\/wp\/v2\/posts\/186\/revisions"}],"predecessor-version":[{"id":188,"href":"https:\/\/conexion23.com\/index.php?rest_route=\/wp\/v2\/posts\/186\/revisions\/188"}],"wp:featuredmedia":[{"embeddable":true,"href":"https:\/\/conexion23.com\/index.php?rest_route=\/wp\/v2\/media\/25"}],"wp:attachment":[{"href":"https:\/\/conexion23.com\/index.php?rest_route=%2Fwp%2Fv2%2Fmedia&parent=186"}],"wp:term":[{"taxonomy":"category","embeddable":true,"href":"https:\/\/conexion23.com\/index.php?rest_route=%2Fwp%2Fv2%2Fcategories&post=186"},{"taxonomy":"post_tag","embeddable":true,"href":"https:\/\/conexion23.com\/index.php?rest_route=%2Fwp%2Fv2%2Ftags&post=186"}],"curies":[{"name":"wp","href":"https:\/\/api.w.org\/{rel}","templated":true}]}}