{"id":18606,"date":"2023-07-03T07:34:48","date_gmt":"2023-07-03T11:34:48","guid":{"rendered":"https:\/\/conexion23.com\/?p=18606"},"modified":"2023-07-03T07:34:52","modified_gmt":"2023-07-03T11:34:52","slug":"fabrica-de-zona-franca-en-spm-deja-sin-sus-chelitos-a-cientos-de-empleados","status":"publish","type":"post","link":"https:\/\/conexion23.com\/?p=18606","title":{"rendered":"Fabrica de Zona Franca en SPM deja sin sus chelitos a cientos de empleados."},"content":{"rendered":"\n<p class=\"wp-block-paragraph\">Con impotencia y rabia al contar su historia cientos de empleados de la empresa Spartan Brand del parque industrial de San Pedro de Macor\u00eds manifestaron como se han quedado en las calles luego del cierre de la citada empresa sin que nadie le pueda ofrecer informaci\u00f3n sobre su situaci\u00f3n.<\/p>\n\n\n\n<p class=\"wp-block-paragraph\">Los denunciantes expresan que los ejecutivos de la empresa, encabezados por el se\u00f1or David Grace, decidieron cerrar la misma sin comunicarles y dej\u00e1ndolos a la intemperie sin importar el tiempo que muchos ten\u00edan mucho tiempo trabajando en la misma y que la mayor\u00eda son padres de familia que ahora no tienen que darle a sus hijos.<\/p>\n\n\n\n<p class=\"wp-block-paragraph\">La se\u00f1ora Damaris Sabino manifest\u00f3 que debido a esta situaci\u00f3n publicaron los nombres y fotos de los directivos de la f\u00e1brica en las redes lo que motiv\u00f3 que uno de ellos de nombre Cristopher Diaz se presentar\u00e1 a las instalaciones a amenazarlos raz\u00f3n por la cual temen por sus vidas y lo responsabilizan de cualquier cosa que pueda pasarles.<\/p>\n\n\n\n<p class=\"wp-block-paragraph\">De su lado Castro dice que la citada empresa nunca se declar\u00f3 en quiebra y que procedieron a cerrarla con los empleados pr\u00e1cticamente dentro las enviaron de medio tiempo para sus casas y que cuando regresaron no les dijeron nada y se marcharon dej\u00e1ndolos sin ning\u00fan tipo de informaci\u00f3n.<\/p>\n\n\n\n<p class=\"wp-block-paragraph\">Por su parte Irma Reyes quien lleva 23 a\u00f1os de servicios ininterrumpidos pidi\u00f3 a las autoridades intervenir en esta situaci\u00f3n para que se haga justicia debido a que no procede lo estos empresarios han hecho en su contra.<\/p>\n\n\n\n<p class=\"wp-block-paragraph\">Expresan que aparte de no recibir el pago correspondiente hace 4 semanas, no saben cu\u00e1ndo recibir\u00e1n sus prestaciones laborales ya que la mayor\u00eda lleva m\u00e1s de 10 a\u00f1os laborando en la citada factor\u00eda aparte de las amenazas que est\u00e1n recibiendo de ser sometidas a la justicia por subirlos a las redes sociales.<\/p>\n","protected":false},"excerpt":{"rendered":"<p>Con impotencia y rabia al contar su historia cientos de empleados de la empresa Spartan Brand del parque industrial de San Pedro de Macor\u00eds manifestaron como se han quedado en las calles luego del cierre de la citada empresa sin que nadie le pueda ofrecer informaci\u00f3n sobre su situaci\u00f3n. Los denunciantes expresan que los ejecutivos [&hellip;]<\/p>\n","protected":false},"author":15,"featured_media":18607,"comment_status":"open","ping_status":"open","sticky":false,"template":"","format":"standard","meta":{"footnotes":""},"categories":[35],"tags":[],"class_list":["post-18606","post","type-post","status-publish","format-standard","has-post-thumbnail","category-spm"],"yoast_head":"<!-- This site is optimized with the Yoast SEO plugin v27.6 - https:\/\/yoast.com\/product\/yoast-seo-wordpress\/ -->\n<title>Fabrica de Zona Franca en SPM deja sin sus chelitos a cientos de empleados. - Conexi\u00f3n 23<\/title>\n<meta name=\"robots\" content=\"index, follow, max-snippet:-1, max-image-preview:large, max-video-preview:-1\" \/>\n<link rel=\"canonical\" href=\"https:\/\/conexion23.com\/?p=18606\" \/>\n<meta property=\"og:locale\" content=\"es_ES\" \/>\n<meta property=\"og:type\" content=\"article\" \/>\n<meta property=\"og:title\" content=\"Fabrica de Zona Franca en SPM deja sin sus chelitos a cientos de empleados. - Conexi\u00f3n 23\" \/>\n<meta property=\"og:description\" content=\"Con impotencia y rabia al contar su historia cientos de empleados de la empresa Spartan Brand del parque industrial de San Pedro de Macor\u00eds manifestaron como se han quedado en las calles luego del cierre de la citada empresa sin que nadie le pueda ofrecer informaci\u00f3n sobre su situaci\u00f3n. Los denunciantes expresan que los ejecutivos [&hellip;]\" \/>\n<meta property=\"og:url\" content=\"https:\/\/conexion23.com\/?p=18606\" \/>\n<meta property=\"og:site_name\" content=\"Conexi\u00f3n 23\" \/>\n<meta property=\"article:publisher\" content=\"https:\/\/www.facebook.com\/conexion23com\" \/>\n<meta property=\"article:published_time\" content=\"2023-07-03T11:34:48+00:00\" \/>\n<meta property=\"article:modified_time\" content=\"2023-07-03T11:34:52+00:00\" \/>\n<meta property=\"og:image\" content=\"https:\/\/conexion23.com\/wp-content\/uploads\/2023\/07\/image.png\" \/>\n\t<meta property=\"og:image:width\" content=\"440\" \/>\n\t<meta property=\"og:image:height\" content=\"246\" \/>\n\t<meta property=\"og:image:type\" content=\"image\/png\" \/>\n<meta name=\"author\" content=\"Raffy Ben\u00edtez\" \/>\n<meta name=\"twitter:card\" content=\"summary_large_image\" \/>\n<meta name=\"twitter:label1\" content=\"Escrito por\" \/>\n\t<meta name=\"twitter:data1\" content=\"Raffy Ben\u00edtez\" \/>\n\t<meta name=\"twitter:label2\" content=\"Tiempo de lectura\" \/>\n\t<meta name=\"twitter:data2\" content=\"2 minutos\" \/>\n<script type=\"application\/ld+json\" class=\"yoast-schema-graph\">{\"@context\":\"https:\\\/\\\/schema.org\",\"@graph\":[{\"@type\":\"Article\",\"@id\":\"https:\\\/\\\/conexion23.com\\\/?p=18606#article\",\"isPartOf\":{\"@id\":\"https:\\\/\\\/conexion23.com\\\/?p=18606\"},\"author\":{\"name\":\"Raffy Ben\u00edtez\",\"@id\":\"https:\\\/\\\/conexion23.com\\\/#\\\/schema\\\/person\\\/03e36043331117e97a373299bbcd30a6\"},\"headline\":\"Fabrica de Zona Franca en SPM deja sin sus chelitos a cientos de empleados.\",\"datePublished\":\"2023-07-03T11:34:48+00:00\",\"dateModified\":\"2023-07-03T11:34:52+00:00\",\"mainEntityOfPage\":{\"@id\":\"https:\\\/\\\/conexion23.com\\\/?p=18606\"},\"wordCount\":338,\"commentCount\":0,\"publisher\":{\"@id\":\"https:\\\/\\\/conexion23.com\\\/#organization\"},\"image\":{\"@id\":\"https:\\\/\\\/conexion23.com\\\/?p=18606#primaryimage\"},\"thumbnailUrl\":\"https:\\\/\\\/conexion23.com\\\/wp-content\\\/uploads\\\/2023\\\/07\\\/image.png\",\"articleSection\":[\"SPM\"],\"inLanguage\":\"es\",\"potentialAction\":[{\"@type\":\"CommentAction\",\"name\":\"Comment\",\"target\":[\"https:\\\/\\\/conexion23.com\\\/?p=18606#respond\"]}]},{\"@type\":\"WebPage\",\"@id\":\"https:\\\/\\\/conexion23.com\\\/?p=18606\",\"url\":\"https:\\\/\\\/conexion23.com\\\/?p=18606\",\"name\":\"Fabrica de Zona Franca en SPM deja sin sus chelitos a cientos de empleados. - Conexi\u00f3n 23\",\"isPartOf\":{\"@id\":\"https:\\\/\\\/conexion23.com\\\/#website\"},\"primaryImageOfPage\":{\"@id\":\"https:\\\/\\\/conexion23.com\\\/?p=18606#primaryimage\"},\"image\":{\"@id\":\"https:\\\/\\\/conexion23.com\\\/?p=18606#primaryimage\"},\"thumbnailUrl\":\"https:\\\/\\\/conexion23.com\\\/wp-content\\\/uploads\\\/2023\\\/07\\\/image.png\",\"datePublished\":\"2023-07-03T11:34:48+00:00\",\"dateModified\":\"2023-07-03T11:34:52+00:00\",\"breadcrumb\":{\"@id\":\"https:\\\/\\\/conexion23.com\\\/?p=18606#breadcrumb\"},\"inLanguage\":\"es\",\"potentialAction\":[{\"@type\":\"ReadAction\",\"target\":[\"https:\\\/\\\/conexion23.com\\\/?p=18606\"]}]},{\"@type\":\"ImageObject\",\"inLanguage\":\"es\",\"@id\":\"https:\\\/\\\/conexion23.com\\\/?p=18606#primaryimage\",\"url\":\"https:\\\/\\\/conexion23.com\\\/wp-content\\\/uploads\\\/2023\\\/07\\\/image.png\",\"contentUrl\":\"https:\\\/\\\/conexion23.com\\\/wp-content\\\/uploads\\\/2023\\\/07\\\/image.png\",\"width\":440,\"height\":246},{\"@type\":\"BreadcrumbList\",\"@id\":\"https:\\\/\\\/conexion23.com\\\/?p=18606#breadcrumb\",\"itemListElement\":[{\"@type\":\"ListItem\",\"position\":1,\"name\":\"Portada\",\"item\":\"https:\\\/\\\/conexion23.com\\\/\"},{\"@type\":\"ListItem\",\"position\":2,\"name\":\"Fabrica de Zona Franca en SPM deja sin sus chelitos a cientos de empleados.\"}]},{\"@type\":\"WebSite\",\"@id\":\"https:\\\/\\\/conexion23.com\\\/#website\",\"url\":\"https:\\\/\\\/conexion23.com\\\/\",\"name\":\"Conexi\u00f3n 23\",\"description\":\"Peri\u00f3dico 100% Petromacorisano\",\"publisher\":{\"@id\":\"https:\\\/\\\/conexion23.com\\\/#organization\"},\"potentialAction\":[{\"@type\":\"SearchAction\",\"target\":{\"@type\":\"EntryPoint\",\"urlTemplate\":\"https:\\\/\\\/conexion23.com\\\/?s={search_term_string}\"},\"query-input\":{\"@type\":\"PropertyValueSpecification\",\"valueRequired\":true,\"valueName\":\"search_term_string\"}}],\"inLanguage\":\"es\"},{\"@type\":\"Organization\",\"@id\":\"https:\\\/\\\/conexion23.com\\\/#organization\",\"name\":\"Conexion 23\",\"url\":\"https:\\\/\\\/conexion23.com\\\/\",\"logo\":{\"@type\":\"ImageObject\",\"inLanguage\":\"es\",\"@id\":\"https:\\\/\\\/conexion23.com\\\/#\\\/schema\\\/logo\\\/image\\\/\",\"url\":\"https:\\\/\\\/conexion23.com\\\/wp-content\\\/uploads\\\/2021\\\/11\\\/Diseno-sin-titulo-2.png\",\"contentUrl\":\"https:\\\/\\\/conexion23.com\\\/wp-content\\\/uploads\\\/2021\\\/11\\\/Diseno-sin-titulo-2.png\",\"width\":541,\"height\":90,\"caption\":\"Conexion 23\"},\"image\":{\"@id\":\"https:\\\/\\\/conexion23.com\\\/#\\\/schema\\\/logo\\\/image\\\/\"},\"sameAs\":[\"https:\\\/\\\/www.facebook.com\\\/conexion23com\",\"https:\\\/\\\/www.instagram.com\\\/conexion23com\\\/\",\"https:\\\/\\\/www.youtube.com\\\/channel\\\/UCYc7vxxFZMYLIHNsHHxPZ3Q\"]},{\"@type\":\"Person\",\"@id\":\"https:\\\/\\\/conexion23.com\\\/#\\\/schema\\\/person\\\/03e36043331117e97a373299bbcd30a6\",\"name\":\"Raffy Ben\u00edtez\",\"image\":{\"@type\":\"ImageObject\",\"inLanguage\":\"es\",\"@id\":\"https:\\\/\\\/secure.gravatar.com\\\/avatar\\\/3190a6a6c5e1b0327500f7d6c56b6242472ee6cb974cf09b401ee6b3b0798f23?s=96&d=mm&r=g\",\"url\":\"https:\\\/\\\/secure.gravatar.com\\\/avatar\\\/3190a6a6c5e1b0327500f7d6c56b6242472ee6cb974cf09b401ee6b3b0798f23?s=96&d=mm&r=g\",\"contentUrl\":\"https:\\\/\\\/secure.gravatar.com\\\/avatar\\\/3190a6a6c5e1b0327500f7d6c56b6242472ee6cb974cf09b401ee6b3b0798f23?s=96&d=mm&r=g\",\"caption\":\"Raffy Ben\u00edtez\"},\"url\":\"https:\\\/\\\/conexion23.com\\\/?author=15\"}]}<\/script>\n<!-- \/ Yoast SEO plugin. -->","yoast_head_json":{"title":"Fabrica de Zona Franca en SPM deja sin sus chelitos a cientos de empleados. - Conexi\u00f3n 23","robots":{"index":"index","follow":"follow","max-snippet":"max-snippet:-1","max-image-preview":"max-image-preview:large","max-video-preview":"max-video-preview:-1"},"canonical":"https:\/\/conexion23.com\/?p=18606","og_locale":"es_ES","og_type":"article","og_title":"Fabrica de Zona Franca en SPM deja sin sus chelitos a cientos de empleados. - Conexi\u00f3n 23","og_description":"Con impotencia y rabia al contar su historia cientos de empleados de la empresa Spartan Brand del parque industrial de San Pedro de Macor\u00eds manifestaron como se han quedado en las calles luego del cierre de la citada empresa sin que nadie le pueda ofrecer informaci\u00f3n sobre su situaci\u00f3n. Los denunciantes expresan que los ejecutivos [&hellip;]","og_url":"https:\/\/conexion23.com\/?p=18606","og_site_name":"Conexi\u00f3n 23","article_publisher":"https:\/\/www.facebook.com\/conexion23com","article_published_time":"2023-07-03T11:34:48+00:00","article_modified_time":"2023-07-03T11:34:52+00:00","og_image":[{"width":440,"height":246,"url":"https:\/\/conexion23.com\/wp-content\/uploads\/2023\/07\/image.png","type":"image\/png"}],"author":"Raffy Ben\u00edtez","twitter_card":"summary_large_image","twitter_misc":{"Escrito por":"Raffy Ben\u00edtez","Tiempo de lectura":"2 minutos"},"schema":{"@context":"https:\/\/schema.org","@graph":[{"@type":"Article","@id":"https:\/\/conexion23.com\/?p=18606#article","isPartOf":{"@id":"https:\/\/conexion23.com\/?p=18606"},"author":{"name":"Raffy Ben\u00edtez","@id":"https:\/\/conexion23.com\/#\/schema\/person\/03e36043331117e97a373299bbcd30a6"},"headline":"Fabrica de Zona Franca en SPM deja sin sus chelitos a cientos de empleados.","datePublished":"2023-07-03T11:34:48+00:00","dateModified":"2023-07-03T11:34:52+00:00","mainEntityOfPage":{"@id":"https:\/\/conexion23.com\/?p=18606"},"wordCount":338,"commentCount":0,"publisher":{"@id":"https:\/\/conexion23.com\/#organization"},"image":{"@id":"https:\/\/conexion23.com\/?p=18606#primaryimage"},"thumbnailUrl":"https:\/\/conexion23.com\/wp-content\/uploads\/2023\/07\/image.png","articleSection":["SPM"],"inLanguage":"es","potentialAction":[{"@type":"CommentAction","name":"Comment","target":["https:\/\/conexion23.com\/?p=18606#respond"]}]},{"@type":"WebPage","@id":"https:\/\/conexion23.com\/?p=18606","url":"https:\/\/conexion23.com\/?p=18606","name":"Fabrica de Zona Franca en SPM deja sin sus chelitos a cientos de empleados. - Conexi\u00f3n 23","isPartOf":{"@id":"https:\/\/conexion23.com\/#website"},"primaryImageOfPage":{"@id":"https:\/\/conexion23.com\/?p=18606#primaryimage"},"image":{"@id":"https:\/\/conexion23.com\/?p=18606#primaryimage"},"thumbnailUrl":"https:\/\/conexion23.com\/wp-content\/uploads\/2023\/07\/image.png","datePublished":"2023-07-03T11:34:48+00:00","dateModified":"2023-07-03T11:34:52+00:00","breadcrumb":{"@id":"https:\/\/conexion23.com\/?p=18606#breadcrumb"},"inLanguage":"es","potentialAction":[{"@type":"ReadAction","target":["https:\/\/conexion23.com\/?p=18606"]}]},{"@type":"ImageObject","inLanguage":"es","@id":"https:\/\/conexion23.com\/?p=18606#primaryimage","url":"https:\/\/conexion23.com\/wp-content\/uploads\/2023\/07\/image.png","contentUrl":"https:\/\/conexion23.com\/wp-content\/uploads\/2023\/07\/image.png","width":440,"height":246},{"@type":"BreadcrumbList","@id":"https:\/\/conexion23.com\/?p=18606#breadcrumb","itemListElement":[{"@type":"ListItem","position":1,"name":"Portada","item":"https:\/\/conexion23.com\/"},{"@type":"ListItem","position":2,"name":"Fabrica de Zona Franca en SPM deja sin sus chelitos a cientos de empleados."}]},{"@type":"WebSite","@id":"https:\/\/conexion23.com\/#website","url":"https:\/\/conexion23.com\/","name":"Conexi\u00f3n 23","description":"Peri\u00f3dico 100% Petromacorisano","publisher":{"@id":"https:\/\/conexion23.com\/#organization"},"potentialAction":[{"@type":"SearchAction","target":{"@type":"EntryPoint","urlTemplate":"https:\/\/conexion23.com\/?s={search_term_string}"},"query-input":{"@type":"PropertyValueSpecification","valueRequired":true,"valueName":"search_term_string"}}],"inLanguage":"es"},{"@type":"Organization","@id":"https:\/\/conexion23.com\/#organization","name":"Conexion 23","url":"https:\/\/conexion23.com\/","logo":{"@type":"ImageObject","inLanguage":"es","@id":"https:\/\/conexion23.com\/#\/schema\/logo\/image\/","url":"https:\/\/conexion23.com\/wp-content\/uploads\/2021\/11\/Diseno-sin-titulo-2.png","contentUrl":"https:\/\/conexion23.com\/wp-content\/uploads\/2021\/11\/Diseno-sin-titulo-2.png","width":541,"height":90,"caption":"Conexion 23"},"image":{"@id":"https:\/\/conexion23.com\/#\/schema\/logo\/image\/"},"sameAs":["https:\/\/www.facebook.com\/conexion23com","https:\/\/www.instagram.com\/conexion23com\/","https:\/\/www.youtube.com\/channel\/UCYc7vxxFZMYLIHNsHHxPZ3Q"]},{"@type":"Person","@id":"https:\/\/conexion23.com\/#\/schema\/person\/03e36043331117e97a373299bbcd30a6","name":"Raffy Ben\u00edtez","image":{"@type":"ImageObject","inLanguage":"es","@id":"https:\/\/secure.gravatar.com\/avatar\/3190a6a6c5e1b0327500f7d6c56b6242472ee6cb974cf09b401ee6b3b0798f23?s=96&d=mm&r=g","url":"https:\/\/secure.gravatar.com\/avatar\/3190a6a6c5e1b0327500f7d6c56b6242472ee6cb974cf09b401ee6b3b0798f23?s=96&d=mm&r=g","contentUrl":"https:\/\/secure.gravatar.com\/avatar\/3190a6a6c5e1b0327500f7d6c56b6242472ee6cb974cf09b401ee6b3b0798f23?s=96&d=mm&r=g","caption":"Raffy Ben\u00edtez"},"url":"https:\/\/conexion23.com\/?author=15"}]}},"_links":{"self":[{"href":"https:\/\/conexion23.com\/index.php?rest_route=\/wp\/v2\/posts\/18606","targetHints":{"allow":["GET"]}}],"collection":[{"href":"https:\/\/conexion23.com\/index.php?rest_route=\/wp\/v2\/posts"}],"about":[{"href":"https:\/\/conexion23.com\/index.php?rest_route=\/wp\/v2\/types\/post"}],"author":[{"embeddable":true,"href":"https:\/\/conexion23.com\/index.php?rest_route=\/wp\/v2\/users\/15"}],"replies":[{"embeddable":true,"href":"https:\/\/conexion23.com\/index.php?rest_route=%2Fwp%2Fv2%2Fcomments&post=18606"}],"version-history":[{"count":1,"href":"https:\/\/conexion23.com\/index.php?rest_route=\/wp\/v2\/posts\/18606\/revisions"}],"predecessor-version":[{"id":18608,"href":"https:\/\/conexion23.com\/index.php?rest_route=\/wp\/v2\/posts\/18606\/revisions\/18608"}],"wp:featuredmedia":[{"embeddable":true,"href":"https:\/\/conexion23.com\/index.php?rest_route=\/wp\/v2\/media\/18607"}],"wp:attachment":[{"href":"https:\/\/conexion23.com\/index.php?rest_route=%2Fwp%2Fv2%2Fmedia&parent=18606"}],"wp:term":[{"taxonomy":"category","embeddable":true,"href":"https:\/\/conexion23.com\/index.php?rest_route=%2Fwp%2Fv2%2Fcategories&post=18606"},{"taxonomy":"post_tag","embeddable":true,"href":"https:\/\/conexion23.com\/index.php?rest_route=%2Fwp%2Fv2%2Ftags&post=18606"}],"curies":[{"name":"wp","href":"https:\/\/api.w.org\/{rel}","templated":true}]}}