{"id":18615,"date":"2023-07-03T08:22:00","date_gmt":"2023-07-03T12:22:00","guid":{"rendered":"https:\/\/conexion23.com\/?p=18615"},"modified":"2023-07-03T08:22:02","modified_gmt":"2023-07-03T12:22:02","slug":"cinco-noches-de-disturbios-en-territorio-frances","status":"publish","type":"post","link":"https:\/\/conexion23.com\/?p=18615","title":{"rendered":"Cinco noches de disturbios en territorio franc\u00e9s."},"content":{"rendered":"\n<p class=\"wp-block-paragraph\">El ataque contra el domicilio del alcalde de un suburbio parisino suscit\u00f3 la indignaci\u00f3n en Francia tras cinco noches consecutivas de disturbios, desencadenados por la muerte a manos de la polic\u00eda de un adolescente, cuya abuela llam\u00f3 ayer domingo a detener la violencia.<\/p>\n\n\n\n<p class=\"wp-block-paragraph\">Francia vive un estallido social desde la publicaci\u00f3n del v\u00eddeo de la muerte de Nahel, que falleci\u00f3 el martes por un disparo a quemarropa de un agente durante un control de tr\u00e1fico en Nanterre, cerca de Par\u00eds.<\/p>\n\n\n\n<p class=\"wp-block-paragraph\">Uno de los incidentes m\u00e1s graves de estos d\u00edas se produjo en una peque\u00f1a localidad de L&#8217;Ha\u00ff les Roses, en los suburbios de Par\u00eds, donde un coche en llamas se estrell\u00f3 el domingo de madrugada contra la vivienda de su alcalde, Vincent Jeanbrun, del partido conservador Los Republicanos.<\/p>\n\n\n\n<p class=\"wp-block-paragraph\">La conmoci\u00f3n provocada por el ataque ha relegado a un segundo plano el descenso de la violencia observado durante la noche del s\u00e1bado al domingo en muchas ciudades de Francia y que parec\u00eda seguir su trayectoria descendente el domingo al comienzo de la tarde.<\/p>\n\n\n\n<p class=\"wp-block-paragraph\">A las 23H30 horas, la polic\u00eda hab\u00eda realizado 49 detenciones en todo el territorio nacional, seg\u00fan el Ministerio del Interior.<\/p>\n\n\n\n<p class=\"wp-block-paragraph\">Para tratar de contener la crisis, el presidente Emmanuel Macron se reunir\u00e1 el lunes con los presidentes de la Asamblea Nacional y del Senado, anunci\u00f3 un participante del encuentro celebrado el domingo por el jefe de Estado con varios de sus ministros.<\/p>\n\n\n\n<p class=\"wp-block-paragraph\">Luego, el martes, Macron recibir\u00e1 a los alcaldes de \u00abm\u00e1s de 220 municipios\u00bb afectados por los disturbios y saqueos de los \u00faltimos d\u00edas, agreg\u00f3 la misma fuente.<\/p>\n\n\n\n<p class=\"wp-block-paragraph\">\u00abSe ha alcanzado un hito en el horror y la ignominia\u00bb, denunci\u00f3 el alcalde Vincent Jeanbrun. \u00abQuer\u00edan quemar la casa\u00bb y cuando \u00abse dieron cuenta de que hab\u00eda alguien dentro, lejos de detenerse, lanzaron una tanda de morteros pirot\u00e9cnicos\u00bb, dijo al canal de televisi\u00f3n TF1.<\/p>\n\n\n\n<p class=\"wp-block-paragraph\">La esposa y uno de los dos hijos peque\u00f1os del alcalde de L&#8217;Ha\u00ff les Roses resultaron levemente heridos al escapar de la vivienda.<\/p>\n\n\n\n<p class=\"wp-block-paragraph\">La fiscal\u00eda ha abierto una investigaci\u00f3n por \u00abintento de homicidio\u00bb.<\/p>\n","protected":false},"excerpt":{"rendered":"<p>El ataque contra el domicilio del alcalde de un suburbio parisino suscit\u00f3 la indignaci\u00f3n en Francia tras cinco noches consecutivas de disturbios, desencadenados por la muerte a manos de la polic\u00eda de un adolescente, cuya abuela llam\u00f3 ayer domingo a detener la violencia. Francia vive un estallido social desde la publicaci\u00f3n del v\u00eddeo de la [&hellip;]<\/p>\n","protected":false},"author":15,"featured_media":18616,"comment_status":"open","ping_status":"open","sticky":false,"template":"","format":"standard","meta":{"footnotes":""},"categories":[1],"tags":[],"class_list":["post-18615","post","type-post","status-publish","format-standard","has-post-thumbnail","category-uncategorized"],"yoast_head":"<!-- This site is optimized with the Yoast SEO plugin v27.6 - https:\/\/yoast.com\/product\/yoast-seo-wordpress\/ -->\n<title>Cinco noches de disturbios en territorio franc\u00e9s. - Conexi\u00f3n 23<\/title>\n<meta name=\"robots\" content=\"index, follow, max-snippet:-1, max-image-preview:large, max-video-preview:-1\" \/>\n<link rel=\"canonical\" href=\"https:\/\/conexion23.com\/?p=18615\" \/>\n<meta property=\"og:locale\" content=\"es_ES\" \/>\n<meta property=\"og:type\" content=\"article\" \/>\n<meta property=\"og:title\" content=\"Cinco noches de disturbios en territorio franc\u00e9s. - Conexi\u00f3n 23\" \/>\n<meta property=\"og:description\" content=\"El ataque contra el domicilio del alcalde de un suburbio parisino suscit\u00f3 la indignaci\u00f3n en Francia tras cinco noches consecutivas de disturbios, desencadenados por la muerte a manos de la polic\u00eda de un adolescente, cuya abuela llam\u00f3 ayer domingo a detener la violencia. Francia vive un estallido social desde la publicaci\u00f3n del v\u00eddeo de la [&hellip;]\" \/>\n<meta property=\"og:url\" content=\"https:\/\/conexion23.com\/?p=18615\" \/>\n<meta property=\"og:site_name\" content=\"Conexi\u00f3n 23\" \/>\n<meta property=\"article:publisher\" content=\"https:\/\/www.facebook.com\/conexion23com\" \/>\n<meta property=\"article:published_time\" content=\"2023-07-03T12:22:00+00:00\" \/>\n<meta property=\"article:modified_time\" content=\"2023-07-03T12:22:02+00:00\" \/>\n<meta property=\"og:image\" content=\"https:\/\/conexion23.com\/wp-content\/uploads\/2023\/07\/64a2320072510.jpeg\" \/>\n\t<meta property=\"og:image:width\" content=\"950\" \/>\n\t<meta property=\"og:image:height\" content=\"465\" \/>\n\t<meta property=\"og:image:type\" content=\"image\/jpeg\" \/>\n<meta name=\"author\" content=\"Raffy Ben\u00edtez\" \/>\n<meta name=\"twitter:card\" content=\"summary_large_image\" \/>\n<meta name=\"twitter:label1\" content=\"Escrito por\" \/>\n\t<meta name=\"twitter:data1\" content=\"Raffy Ben\u00edtez\" \/>\n\t<meta name=\"twitter:label2\" content=\"Tiempo de lectura\" \/>\n\t<meta name=\"twitter:data2\" content=\"2 minutos\" \/>\n<script type=\"application\/ld+json\" class=\"yoast-schema-graph\">{\"@context\":\"https:\\\/\\\/schema.org\",\"@graph\":[{\"@type\":\"Article\",\"@id\":\"https:\\\/\\\/conexion23.com\\\/?p=18615#article\",\"isPartOf\":{\"@id\":\"https:\\\/\\\/conexion23.com\\\/?p=18615\"},\"author\":{\"name\":\"Raffy Ben\u00edtez\",\"@id\":\"https:\\\/\\\/conexion23.com\\\/#\\\/schema\\\/person\\\/03e36043331117e97a373299bbcd30a6\"},\"headline\":\"Cinco noches de disturbios en territorio franc\u00e9s.\",\"datePublished\":\"2023-07-03T12:22:00+00:00\",\"dateModified\":\"2023-07-03T12:22:02+00:00\",\"mainEntityOfPage\":{\"@id\":\"https:\\\/\\\/conexion23.com\\\/?p=18615\"},\"wordCount\":372,\"commentCount\":0,\"publisher\":{\"@id\":\"https:\\\/\\\/conexion23.com\\\/#organization\"},\"image\":{\"@id\":\"https:\\\/\\\/conexion23.com\\\/?p=18615#primaryimage\"},\"thumbnailUrl\":\"https:\\\/\\\/conexion23.com\\\/wp-content\\\/uploads\\\/2023\\\/07\\\/64a2320072510.jpeg\",\"articleSection\":[\"Uncategorized\"],\"inLanguage\":\"es\",\"potentialAction\":[{\"@type\":\"CommentAction\",\"name\":\"Comment\",\"target\":[\"https:\\\/\\\/conexion23.com\\\/?p=18615#respond\"]}]},{\"@type\":\"WebPage\",\"@id\":\"https:\\\/\\\/conexion23.com\\\/?p=18615\",\"url\":\"https:\\\/\\\/conexion23.com\\\/?p=18615\",\"name\":\"Cinco noches de disturbios en territorio franc\u00e9s. - Conexi\u00f3n 23\",\"isPartOf\":{\"@id\":\"https:\\\/\\\/conexion23.com\\\/#website\"},\"primaryImageOfPage\":{\"@id\":\"https:\\\/\\\/conexion23.com\\\/?p=18615#primaryimage\"},\"image\":{\"@id\":\"https:\\\/\\\/conexion23.com\\\/?p=18615#primaryimage\"},\"thumbnailUrl\":\"https:\\\/\\\/conexion23.com\\\/wp-content\\\/uploads\\\/2023\\\/07\\\/64a2320072510.jpeg\",\"datePublished\":\"2023-07-03T12:22:00+00:00\",\"dateModified\":\"2023-07-03T12:22:02+00:00\",\"breadcrumb\":{\"@id\":\"https:\\\/\\\/conexion23.com\\\/?p=18615#breadcrumb\"},\"inLanguage\":\"es\",\"potentialAction\":[{\"@type\":\"ReadAction\",\"target\":[\"https:\\\/\\\/conexion23.com\\\/?p=18615\"]}]},{\"@type\":\"ImageObject\",\"inLanguage\":\"es\",\"@id\":\"https:\\\/\\\/conexion23.com\\\/?p=18615#primaryimage\",\"url\":\"https:\\\/\\\/conexion23.com\\\/wp-content\\\/uploads\\\/2023\\\/07\\\/64a2320072510.jpeg\",\"contentUrl\":\"https:\\\/\\\/conexion23.com\\\/wp-content\\\/uploads\\\/2023\\\/07\\\/64a2320072510.jpeg\",\"width\":950,\"height\":465},{\"@type\":\"BreadcrumbList\",\"@id\":\"https:\\\/\\\/conexion23.com\\\/?p=18615#breadcrumb\",\"itemListElement\":[{\"@type\":\"ListItem\",\"position\":1,\"name\":\"Portada\",\"item\":\"https:\\\/\\\/conexion23.com\\\/\"},{\"@type\":\"ListItem\",\"position\":2,\"name\":\"Cinco noches de disturbios en territorio franc\u00e9s.\"}]},{\"@type\":\"WebSite\",\"@id\":\"https:\\\/\\\/conexion23.com\\\/#website\",\"url\":\"https:\\\/\\\/conexion23.com\\\/\",\"name\":\"Conexi\u00f3n 23\",\"description\":\"Peri\u00f3dico 100% Petromacorisano\",\"publisher\":{\"@id\":\"https:\\\/\\\/conexion23.com\\\/#organization\"},\"potentialAction\":[{\"@type\":\"SearchAction\",\"target\":{\"@type\":\"EntryPoint\",\"urlTemplate\":\"https:\\\/\\\/conexion23.com\\\/?s={search_term_string}\"},\"query-input\":{\"@type\":\"PropertyValueSpecification\",\"valueRequired\":true,\"valueName\":\"search_term_string\"}}],\"inLanguage\":\"es\"},{\"@type\":\"Organization\",\"@id\":\"https:\\\/\\\/conexion23.com\\\/#organization\",\"name\":\"Conexion 23\",\"url\":\"https:\\\/\\\/conexion23.com\\\/\",\"logo\":{\"@type\":\"ImageObject\",\"inLanguage\":\"es\",\"@id\":\"https:\\\/\\\/conexion23.com\\\/#\\\/schema\\\/logo\\\/image\\\/\",\"url\":\"https:\\\/\\\/conexion23.com\\\/wp-content\\\/uploads\\\/2021\\\/11\\\/Diseno-sin-titulo-2.png\",\"contentUrl\":\"https:\\\/\\\/conexion23.com\\\/wp-content\\\/uploads\\\/2021\\\/11\\\/Diseno-sin-titulo-2.png\",\"width\":541,\"height\":90,\"caption\":\"Conexion 23\"},\"image\":{\"@id\":\"https:\\\/\\\/conexion23.com\\\/#\\\/schema\\\/logo\\\/image\\\/\"},\"sameAs\":[\"https:\\\/\\\/www.facebook.com\\\/conexion23com\",\"https:\\\/\\\/www.instagram.com\\\/conexion23com\\\/\",\"https:\\\/\\\/www.youtube.com\\\/channel\\\/UCYc7vxxFZMYLIHNsHHxPZ3Q\"]},{\"@type\":\"Person\",\"@id\":\"https:\\\/\\\/conexion23.com\\\/#\\\/schema\\\/person\\\/03e36043331117e97a373299bbcd30a6\",\"name\":\"Raffy Ben\u00edtez\",\"image\":{\"@type\":\"ImageObject\",\"inLanguage\":\"es\",\"@id\":\"https:\\\/\\\/secure.gravatar.com\\\/avatar\\\/3190a6a6c5e1b0327500f7d6c56b6242472ee6cb974cf09b401ee6b3b0798f23?s=96&d=mm&r=g\",\"url\":\"https:\\\/\\\/secure.gravatar.com\\\/avatar\\\/3190a6a6c5e1b0327500f7d6c56b6242472ee6cb974cf09b401ee6b3b0798f23?s=96&d=mm&r=g\",\"contentUrl\":\"https:\\\/\\\/secure.gravatar.com\\\/avatar\\\/3190a6a6c5e1b0327500f7d6c56b6242472ee6cb974cf09b401ee6b3b0798f23?s=96&d=mm&r=g\",\"caption\":\"Raffy Ben\u00edtez\"},\"url\":\"https:\\\/\\\/conexion23.com\\\/?author=15\"}]}<\/script>\n<!-- \/ Yoast SEO plugin. -->","yoast_head_json":{"title":"Cinco noches de disturbios en territorio franc\u00e9s. - Conexi\u00f3n 23","robots":{"index":"index","follow":"follow","max-snippet":"max-snippet:-1","max-image-preview":"max-image-preview:large","max-video-preview":"max-video-preview:-1"},"canonical":"https:\/\/conexion23.com\/?p=18615","og_locale":"es_ES","og_type":"article","og_title":"Cinco noches de disturbios en territorio franc\u00e9s. - Conexi\u00f3n 23","og_description":"El ataque contra el domicilio del alcalde de un suburbio parisino suscit\u00f3 la indignaci\u00f3n en Francia tras cinco noches consecutivas de disturbios, desencadenados por la muerte a manos de la polic\u00eda de un adolescente, cuya abuela llam\u00f3 ayer domingo a detener la violencia. Francia vive un estallido social desde la publicaci\u00f3n del v\u00eddeo de la [&hellip;]","og_url":"https:\/\/conexion23.com\/?p=18615","og_site_name":"Conexi\u00f3n 23","article_publisher":"https:\/\/www.facebook.com\/conexion23com","article_published_time":"2023-07-03T12:22:00+00:00","article_modified_time":"2023-07-03T12:22:02+00:00","og_image":[{"width":950,"height":465,"url":"https:\/\/conexion23.com\/wp-content\/uploads\/2023\/07\/64a2320072510.jpeg","type":"image\/jpeg"}],"author":"Raffy Ben\u00edtez","twitter_card":"summary_large_image","twitter_misc":{"Escrito por":"Raffy Ben\u00edtez","Tiempo de lectura":"2 minutos"},"schema":{"@context":"https:\/\/schema.org","@graph":[{"@type":"Article","@id":"https:\/\/conexion23.com\/?p=18615#article","isPartOf":{"@id":"https:\/\/conexion23.com\/?p=18615"},"author":{"name":"Raffy Ben\u00edtez","@id":"https:\/\/conexion23.com\/#\/schema\/person\/03e36043331117e97a373299bbcd30a6"},"headline":"Cinco noches de disturbios en territorio franc\u00e9s.","datePublished":"2023-07-03T12:22:00+00:00","dateModified":"2023-07-03T12:22:02+00:00","mainEntityOfPage":{"@id":"https:\/\/conexion23.com\/?p=18615"},"wordCount":372,"commentCount":0,"publisher":{"@id":"https:\/\/conexion23.com\/#organization"},"image":{"@id":"https:\/\/conexion23.com\/?p=18615#primaryimage"},"thumbnailUrl":"https:\/\/conexion23.com\/wp-content\/uploads\/2023\/07\/64a2320072510.jpeg","articleSection":["Uncategorized"],"inLanguage":"es","potentialAction":[{"@type":"CommentAction","name":"Comment","target":["https:\/\/conexion23.com\/?p=18615#respond"]}]},{"@type":"WebPage","@id":"https:\/\/conexion23.com\/?p=18615","url":"https:\/\/conexion23.com\/?p=18615","name":"Cinco noches de disturbios en territorio franc\u00e9s. - Conexi\u00f3n 23","isPartOf":{"@id":"https:\/\/conexion23.com\/#website"},"primaryImageOfPage":{"@id":"https:\/\/conexion23.com\/?p=18615#primaryimage"},"image":{"@id":"https:\/\/conexion23.com\/?p=18615#primaryimage"},"thumbnailUrl":"https:\/\/conexion23.com\/wp-content\/uploads\/2023\/07\/64a2320072510.jpeg","datePublished":"2023-07-03T12:22:00+00:00","dateModified":"2023-07-03T12:22:02+00:00","breadcrumb":{"@id":"https:\/\/conexion23.com\/?p=18615#breadcrumb"},"inLanguage":"es","potentialAction":[{"@type":"ReadAction","target":["https:\/\/conexion23.com\/?p=18615"]}]},{"@type":"ImageObject","inLanguage":"es","@id":"https:\/\/conexion23.com\/?p=18615#primaryimage","url":"https:\/\/conexion23.com\/wp-content\/uploads\/2023\/07\/64a2320072510.jpeg","contentUrl":"https:\/\/conexion23.com\/wp-content\/uploads\/2023\/07\/64a2320072510.jpeg","width":950,"height":465},{"@type":"BreadcrumbList","@id":"https:\/\/conexion23.com\/?p=18615#breadcrumb","itemListElement":[{"@type":"ListItem","position":1,"name":"Portada","item":"https:\/\/conexion23.com\/"},{"@type":"ListItem","position":2,"name":"Cinco noches de disturbios en territorio franc\u00e9s."}]},{"@type":"WebSite","@id":"https:\/\/conexion23.com\/#website","url":"https:\/\/conexion23.com\/","name":"Conexi\u00f3n 23","description":"Peri\u00f3dico 100% Petromacorisano","publisher":{"@id":"https:\/\/conexion23.com\/#organization"},"potentialAction":[{"@type":"SearchAction","target":{"@type":"EntryPoint","urlTemplate":"https:\/\/conexion23.com\/?s={search_term_string}"},"query-input":{"@type":"PropertyValueSpecification","valueRequired":true,"valueName":"search_term_string"}}],"inLanguage":"es"},{"@type":"Organization","@id":"https:\/\/conexion23.com\/#organization","name":"Conexion 23","url":"https:\/\/conexion23.com\/","logo":{"@type":"ImageObject","inLanguage":"es","@id":"https:\/\/conexion23.com\/#\/schema\/logo\/image\/","url":"https:\/\/conexion23.com\/wp-content\/uploads\/2021\/11\/Diseno-sin-titulo-2.png","contentUrl":"https:\/\/conexion23.com\/wp-content\/uploads\/2021\/11\/Diseno-sin-titulo-2.png","width":541,"height":90,"caption":"Conexion 23"},"image":{"@id":"https:\/\/conexion23.com\/#\/schema\/logo\/image\/"},"sameAs":["https:\/\/www.facebook.com\/conexion23com","https:\/\/www.instagram.com\/conexion23com\/","https:\/\/www.youtube.com\/channel\/UCYc7vxxFZMYLIHNsHHxPZ3Q"]},{"@type":"Person","@id":"https:\/\/conexion23.com\/#\/schema\/person\/03e36043331117e97a373299bbcd30a6","name":"Raffy Ben\u00edtez","image":{"@type":"ImageObject","inLanguage":"es","@id":"https:\/\/secure.gravatar.com\/avatar\/3190a6a6c5e1b0327500f7d6c56b6242472ee6cb974cf09b401ee6b3b0798f23?s=96&d=mm&r=g","url":"https:\/\/secure.gravatar.com\/avatar\/3190a6a6c5e1b0327500f7d6c56b6242472ee6cb974cf09b401ee6b3b0798f23?s=96&d=mm&r=g","contentUrl":"https:\/\/secure.gravatar.com\/avatar\/3190a6a6c5e1b0327500f7d6c56b6242472ee6cb974cf09b401ee6b3b0798f23?s=96&d=mm&r=g","caption":"Raffy Ben\u00edtez"},"url":"https:\/\/conexion23.com\/?author=15"}]}},"_links":{"self":[{"href":"https:\/\/conexion23.com\/index.php?rest_route=\/wp\/v2\/posts\/18615","targetHints":{"allow":["GET"]}}],"collection":[{"href":"https:\/\/conexion23.com\/index.php?rest_route=\/wp\/v2\/posts"}],"about":[{"href":"https:\/\/conexion23.com\/index.php?rest_route=\/wp\/v2\/types\/post"}],"author":[{"embeddable":true,"href":"https:\/\/conexion23.com\/index.php?rest_route=\/wp\/v2\/users\/15"}],"replies":[{"embeddable":true,"href":"https:\/\/conexion23.com\/index.php?rest_route=%2Fwp%2Fv2%2Fcomments&post=18615"}],"version-history":[{"count":1,"href":"https:\/\/conexion23.com\/index.php?rest_route=\/wp\/v2\/posts\/18615\/revisions"}],"predecessor-version":[{"id":18617,"href":"https:\/\/conexion23.com\/index.php?rest_route=\/wp\/v2\/posts\/18615\/revisions\/18617"}],"wp:featuredmedia":[{"embeddable":true,"href":"https:\/\/conexion23.com\/index.php?rest_route=\/wp\/v2\/media\/18616"}],"wp:attachment":[{"href":"https:\/\/conexion23.com\/index.php?rest_route=%2Fwp%2Fv2%2Fmedia&parent=18615"}],"wp:term":[{"taxonomy":"category","embeddable":true,"href":"https:\/\/conexion23.com\/index.php?rest_route=%2Fwp%2Fv2%2Fcategories&post=18615"},{"taxonomy":"post_tag","embeddable":true,"href":"https:\/\/conexion23.com\/index.php?rest_route=%2Fwp%2Fv2%2Ftags&post=18615"}],"curies":[{"name":"wp","href":"https:\/\/api.w.org\/{rel}","templated":true}]}}