{"id":18618,"date":"2023-07-03T08:24:48","date_gmt":"2023-07-03T12:24:48","guid":{"rendered":"https:\/\/conexion23.com\/?p=18618"},"modified":"2023-07-03T08:24:50","modified_gmt":"2023-07-03T12:24:50","slug":"la-oposicion-se-impone-en-la-provincia-argentina-de-san-juan-tras-20-anos-de-peronismo","status":"publish","type":"post","link":"https:\/\/conexion23.com\/?p=18618","title":{"rendered":"La oposici\u00f3n se impone en la provincia argentina de San Juan tras 20 a\u00f1os de peronismo."},"content":{"rendered":"\n<p class=\"wp-block-paragraph\">La&nbsp;<strong>oposici\u00f3n<\/strong>&nbsp;se impuso en las&nbsp;<strong>elecciones<\/strong>&nbsp;celebradas este domingo en la provincia&nbsp;<strong>argentina<\/strong>&nbsp;de San Juan (noroeste) y Marcelo Orrego, de la coalici\u00f3n Juntos por el Cambio (centroderecha), ser\u00e1 el nuevo gobernador despu\u00e9s de 20 a\u00f1os de mandatos peronistas.<\/p>\n\n\n\n<p class=\"wp-block-paragraph\">Con el 96.27 % de votos escrutados, el Frente Unidos por San Juan (marca local de Juntos por el Cambio) obtuvo un 50.97 % con la suma de todos sus candidatos (Orrego, Marcelo Arancibia, Sergio Vallejos y Eduardo C\u00e1ceres) por un 44.45 % para los aspirantes del Frente San Juan por Todos (del oficialista Frente de Todos).<\/p>\n\n\n\n<p class=\"wp-block-paragraph\">La participaci\u00f3n rond\u00f3 el 70 % de las 579.913 personas convocadas a votar, que representa apenas el 1.69 % del padr\u00f3n electoral de&nbsp;<strong>Argentina<\/strong>.<\/p>\n\n\n\n<p class=\"wp-block-paragraph\">La existencia de varios candidatos en cada formaci\u00f3n se explica por el Sistema de Participaci\u00f3n Democr\u00e1tica Abierta, determinado tras la reforma electoral llevada a cabo en septiembre de 2022 en esa provincia, que elimin\u00f3 las primarias.<\/p>\n\n\n\n<p class=\"wp-block-paragraph\">Por ello, el nuevo sistema, conocido como \u00abdoble voto simult\u00e1neo\u00bb, habilit\u00f3 a cada agrupaci\u00f3n pol\u00edtica a presentar varias listas de candidatos y las m\u00e1s votada dentro de cada partido recibe los votos que fueron a todas las otras listas de esa fuerza pol\u00edtica.<\/p>\n\n\n\n<p class=\"wp-block-paragraph\">De esta manera, Orrego, que obtuvo el 49.19 % de apoyos, acumula todos los de su lista.<\/p>\n","protected":false},"excerpt":{"rendered":"<p>La&nbsp;oposici\u00f3n&nbsp;se impuso en las&nbsp;elecciones&nbsp;celebradas este domingo en la provincia&nbsp;argentina&nbsp;de San Juan (noroeste) y Marcelo Orrego, de la coalici\u00f3n Juntos por el Cambio (centroderecha), ser\u00e1 el nuevo gobernador despu\u00e9s de 20 a\u00f1os de mandatos peronistas. Con el 96.27 % de votos escrutados, el Frente Unidos por San Juan (marca local de Juntos por el Cambio) obtuvo [&hellip;]<\/p>\n","protected":false},"author":15,"featured_media":18619,"comment_status":"open","ping_status":"open","sticky":false,"template":"","format":"standard","meta":{"footnotes":""},"categories":[1],"tags":[],"class_list":["post-18618","post","type-post","status-publish","format-standard","has-post-thumbnail","category-uncategorized"],"yoast_head":"<!-- This site is optimized with the Yoast SEO plugin v27.6 - https:\/\/yoast.com\/product\/yoast-seo-wordpress\/ -->\n<title>La oposici\u00f3n se impone en la provincia argentina de San Juan tras 20 a\u00f1os de peronismo. - Conexi\u00f3n 23<\/title>\n<meta name=\"robots\" content=\"index, follow, max-snippet:-1, max-image-preview:large, max-video-preview:-1\" \/>\n<link rel=\"canonical\" href=\"https:\/\/conexion23.com\/?p=18618\" \/>\n<meta property=\"og:locale\" content=\"es_ES\" \/>\n<meta property=\"og:type\" content=\"article\" \/>\n<meta property=\"og:title\" content=\"La oposici\u00f3n se impone en la provincia argentina de San Juan tras 20 a\u00f1os de peronismo. - Conexi\u00f3n 23\" \/>\n<meta property=\"og:description\" content=\"La&nbsp;oposici\u00f3n&nbsp;se impuso en las&nbsp;elecciones&nbsp;celebradas este domingo en la provincia&nbsp;argentina&nbsp;de San Juan (noroeste) y Marcelo Orrego, de la coalici\u00f3n Juntos por el Cambio (centroderecha), ser\u00e1 el nuevo gobernador despu\u00e9s de 20 a\u00f1os de mandatos peronistas. Con el 96.27 % de votos escrutados, el Frente Unidos por San Juan (marca local de Juntos por el Cambio) obtuvo [&hellip;]\" \/>\n<meta property=\"og:url\" content=\"https:\/\/conexion23.com\/?p=18618\" \/>\n<meta property=\"og:site_name\" content=\"Conexi\u00f3n 23\" \/>\n<meta property=\"article:publisher\" content=\"https:\/\/www.facebook.com\/conexion23com\" \/>\n<meta property=\"article:published_time\" content=\"2023-07-03T12:24:48+00:00\" \/>\n<meta property=\"article:modified_time\" content=\"2023-07-03T12:24:50+00:00\" \/>\n<meta property=\"og:image\" content=\"https:\/\/conexion23.com\/wp-content\/uploads\/2023\/07\/marcelo-orrego-san-juan-gobernadorjpg-c8b1c262-focus-min0.22-min0.03-896-504.jpg\" \/>\n\t<meta property=\"og:image:width\" content=\"896\" \/>\n\t<meta property=\"og:image:height\" content=\"504\" \/>\n\t<meta property=\"og:image:type\" content=\"image\/jpeg\" \/>\n<meta name=\"author\" content=\"Raffy Ben\u00edtez\" \/>\n<meta name=\"twitter:card\" content=\"summary_large_image\" \/>\n<meta name=\"twitter:label1\" content=\"Escrito por\" \/>\n\t<meta name=\"twitter:data1\" content=\"Raffy Ben\u00edtez\" \/>\n\t<meta name=\"twitter:label2\" content=\"Tiempo de lectura\" \/>\n\t<meta name=\"twitter:data2\" content=\"1 minuto\" \/>\n<script type=\"application\/ld+json\" class=\"yoast-schema-graph\">{\"@context\":\"https:\\\/\\\/schema.org\",\"@graph\":[{\"@type\":\"Article\",\"@id\":\"https:\\\/\\\/conexion23.com\\\/?p=18618#article\",\"isPartOf\":{\"@id\":\"https:\\\/\\\/conexion23.com\\\/?p=18618\"},\"author\":{\"name\":\"Raffy Ben\u00edtez\",\"@id\":\"https:\\\/\\\/conexion23.com\\\/#\\\/schema\\\/person\\\/03e36043331117e97a373299bbcd30a6\"},\"headline\":\"La oposici\u00f3n se impone en la provincia argentina de San Juan tras 20 a\u00f1os de peronismo.\",\"datePublished\":\"2023-07-03T12:24:48+00:00\",\"dateModified\":\"2023-07-03T12:24:50+00:00\",\"mainEntityOfPage\":{\"@id\":\"https:\\\/\\\/conexion23.com\\\/?p=18618\"},\"wordCount\":241,\"commentCount\":0,\"publisher\":{\"@id\":\"https:\\\/\\\/conexion23.com\\\/#organization\"},\"image\":{\"@id\":\"https:\\\/\\\/conexion23.com\\\/?p=18618#primaryimage\"},\"thumbnailUrl\":\"https:\\\/\\\/conexion23.com\\\/wp-content\\\/uploads\\\/2023\\\/07\\\/marcelo-orrego-san-juan-gobernadorjpg-c8b1c262-focus-min0.22-min0.03-896-504.jpg\",\"articleSection\":[\"Uncategorized\"],\"inLanguage\":\"es\",\"potentialAction\":[{\"@type\":\"CommentAction\",\"name\":\"Comment\",\"target\":[\"https:\\\/\\\/conexion23.com\\\/?p=18618#respond\"]}]},{\"@type\":\"WebPage\",\"@id\":\"https:\\\/\\\/conexion23.com\\\/?p=18618\",\"url\":\"https:\\\/\\\/conexion23.com\\\/?p=18618\",\"name\":\"La oposici\u00f3n se impone en la provincia argentina de San Juan tras 20 a\u00f1os de peronismo. - Conexi\u00f3n 23\",\"isPartOf\":{\"@id\":\"https:\\\/\\\/conexion23.com\\\/#website\"},\"primaryImageOfPage\":{\"@id\":\"https:\\\/\\\/conexion23.com\\\/?p=18618#primaryimage\"},\"image\":{\"@id\":\"https:\\\/\\\/conexion23.com\\\/?p=18618#primaryimage\"},\"thumbnailUrl\":\"https:\\\/\\\/conexion23.com\\\/wp-content\\\/uploads\\\/2023\\\/07\\\/marcelo-orrego-san-juan-gobernadorjpg-c8b1c262-focus-min0.22-min0.03-896-504.jpg\",\"datePublished\":\"2023-07-03T12:24:48+00:00\",\"dateModified\":\"2023-07-03T12:24:50+00:00\",\"breadcrumb\":{\"@id\":\"https:\\\/\\\/conexion23.com\\\/?p=18618#breadcrumb\"},\"inLanguage\":\"es\",\"potentialAction\":[{\"@type\":\"ReadAction\",\"target\":[\"https:\\\/\\\/conexion23.com\\\/?p=18618\"]}]},{\"@type\":\"ImageObject\",\"inLanguage\":\"es\",\"@id\":\"https:\\\/\\\/conexion23.com\\\/?p=18618#primaryimage\",\"url\":\"https:\\\/\\\/conexion23.com\\\/wp-content\\\/uploads\\\/2023\\\/07\\\/marcelo-orrego-san-juan-gobernadorjpg-c8b1c262-focus-min0.22-min0.03-896-504.jpg\",\"contentUrl\":\"https:\\\/\\\/conexion23.com\\\/wp-content\\\/uploads\\\/2023\\\/07\\\/marcelo-orrego-san-juan-gobernadorjpg-c8b1c262-focus-min0.22-min0.03-896-504.jpg\",\"width\":896,\"height\":504},{\"@type\":\"BreadcrumbList\",\"@id\":\"https:\\\/\\\/conexion23.com\\\/?p=18618#breadcrumb\",\"itemListElement\":[{\"@type\":\"ListItem\",\"position\":1,\"name\":\"Portada\",\"item\":\"https:\\\/\\\/conexion23.com\\\/\"},{\"@type\":\"ListItem\",\"position\":2,\"name\":\"La oposici\u00f3n se impone en la provincia argentina de San Juan tras 20 a\u00f1os de peronismo.\"}]},{\"@type\":\"WebSite\",\"@id\":\"https:\\\/\\\/conexion23.com\\\/#website\",\"url\":\"https:\\\/\\\/conexion23.com\\\/\",\"name\":\"Conexi\u00f3n 23\",\"description\":\"Peri\u00f3dico 100% Petromacorisano\",\"publisher\":{\"@id\":\"https:\\\/\\\/conexion23.com\\\/#organization\"},\"potentialAction\":[{\"@type\":\"SearchAction\",\"target\":{\"@type\":\"EntryPoint\",\"urlTemplate\":\"https:\\\/\\\/conexion23.com\\\/?s={search_term_string}\"},\"query-input\":{\"@type\":\"PropertyValueSpecification\",\"valueRequired\":true,\"valueName\":\"search_term_string\"}}],\"inLanguage\":\"es\"},{\"@type\":\"Organization\",\"@id\":\"https:\\\/\\\/conexion23.com\\\/#organization\",\"name\":\"Conexion 23\",\"url\":\"https:\\\/\\\/conexion23.com\\\/\",\"logo\":{\"@type\":\"ImageObject\",\"inLanguage\":\"es\",\"@id\":\"https:\\\/\\\/conexion23.com\\\/#\\\/schema\\\/logo\\\/image\\\/\",\"url\":\"https:\\\/\\\/conexion23.com\\\/wp-content\\\/uploads\\\/2021\\\/11\\\/Diseno-sin-titulo-2.png\",\"contentUrl\":\"https:\\\/\\\/conexion23.com\\\/wp-content\\\/uploads\\\/2021\\\/11\\\/Diseno-sin-titulo-2.png\",\"width\":541,\"height\":90,\"caption\":\"Conexion 23\"},\"image\":{\"@id\":\"https:\\\/\\\/conexion23.com\\\/#\\\/schema\\\/logo\\\/image\\\/\"},\"sameAs\":[\"https:\\\/\\\/www.facebook.com\\\/conexion23com\",\"https:\\\/\\\/www.instagram.com\\\/conexion23com\\\/\",\"https:\\\/\\\/www.youtube.com\\\/channel\\\/UCYc7vxxFZMYLIHNsHHxPZ3Q\"]},{\"@type\":\"Person\",\"@id\":\"https:\\\/\\\/conexion23.com\\\/#\\\/schema\\\/person\\\/03e36043331117e97a373299bbcd30a6\",\"name\":\"Raffy Ben\u00edtez\",\"image\":{\"@type\":\"ImageObject\",\"inLanguage\":\"es\",\"@id\":\"https:\\\/\\\/secure.gravatar.com\\\/avatar\\\/3190a6a6c5e1b0327500f7d6c56b6242472ee6cb974cf09b401ee6b3b0798f23?s=96&d=mm&r=g\",\"url\":\"https:\\\/\\\/secure.gravatar.com\\\/avatar\\\/3190a6a6c5e1b0327500f7d6c56b6242472ee6cb974cf09b401ee6b3b0798f23?s=96&d=mm&r=g\",\"contentUrl\":\"https:\\\/\\\/secure.gravatar.com\\\/avatar\\\/3190a6a6c5e1b0327500f7d6c56b6242472ee6cb974cf09b401ee6b3b0798f23?s=96&d=mm&r=g\",\"caption\":\"Raffy Ben\u00edtez\"},\"url\":\"https:\\\/\\\/conexion23.com\\\/?author=15\"}]}<\/script>\n<!-- \/ Yoast SEO plugin. -->","yoast_head_json":{"title":"La oposici\u00f3n se impone en la provincia argentina de San Juan tras 20 a\u00f1os de peronismo. - Conexi\u00f3n 23","robots":{"index":"index","follow":"follow","max-snippet":"max-snippet:-1","max-image-preview":"max-image-preview:large","max-video-preview":"max-video-preview:-1"},"canonical":"https:\/\/conexion23.com\/?p=18618","og_locale":"es_ES","og_type":"article","og_title":"La oposici\u00f3n se impone en la provincia argentina de San Juan tras 20 a\u00f1os de peronismo. - Conexi\u00f3n 23","og_description":"La&nbsp;oposici\u00f3n&nbsp;se impuso en las&nbsp;elecciones&nbsp;celebradas este domingo en la provincia&nbsp;argentina&nbsp;de San Juan (noroeste) y Marcelo Orrego, de la coalici\u00f3n Juntos por el Cambio (centroderecha), ser\u00e1 el nuevo gobernador despu\u00e9s de 20 a\u00f1os de mandatos peronistas. Con el 96.27 % de votos escrutados, el Frente Unidos por San Juan (marca local de Juntos por el Cambio) obtuvo [&hellip;]","og_url":"https:\/\/conexion23.com\/?p=18618","og_site_name":"Conexi\u00f3n 23","article_publisher":"https:\/\/www.facebook.com\/conexion23com","article_published_time":"2023-07-03T12:24:48+00:00","article_modified_time":"2023-07-03T12:24:50+00:00","og_image":[{"width":896,"height":504,"url":"https:\/\/conexion23.com\/wp-content\/uploads\/2023\/07\/marcelo-orrego-san-juan-gobernadorjpg-c8b1c262-focus-min0.22-min0.03-896-504.jpg","type":"image\/jpeg"}],"author":"Raffy Ben\u00edtez","twitter_card":"summary_large_image","twitter_misc":{"Escrito por":"Raffy Ben\u00edtez","Tiempo de lectura":"1 minuto"},"schema":{"@context":"https:\/\/schema.org","@graph":[{"@type":"Article","@id":"https:\/\/conexion23.com\/?p=18618#article","isPartOf":{"@id":"https:\/\/conexion23.com\/?p=18618"},"author":{"name":"Raffy Ben\u00edtez","@id":"https:\/\/conexion23.com\/#\/schema\/person\/03e36043331117e97a373299bbcd30a6"},"headline":"La oposici\u00f3n se impone en la provincia argentina de San Juan tras 20 a\u00f1os de peronismo.","datePublished":"2023-07-03T12:24:48+00:00","dateModified":"2023-07-03T12:24:50+00:00","mainEntityOfPage":{"@id":"https:\/\/conexion23.com\/?p=18618"},"wordCount":241,"commentCount":0,"publisher":{"@id":"https:\/\/conexion23.com\/#organization"},"image":{"@id":"https:\/\/conexion23.com\/?p=18618#primaryimage"},"thumbnailUrl":"https:\/\/conexion23.com\/wp-content\/uploads\/2023\/07\/marcelo-orrego-san-juan-gobernadorjpg-c8b1c262-focus-min0.22-min0.03-896-504.jpg","articleSection":["Uncategorized"],"inLanguage":"es","potentialAction":[{"@type":"CommentAction","name":"Comment","target":["https:\/\/conexion23.com\/?p=18618#respond"]}]},{"@type":"WebPage","@id":"https:\/\/conexion23.com\/?p=18618","url":"https:\/\/conexion23.com\/?p=18618","name":"La oposici\u00f3n se impone en la provincia argentina de San Juan tras 20 a\u00f1os de peronismo. - Conexi\u00f3n 23","isPartOf":{"@id":"https:\/\/conexion23.com\/#website"},"primaryImageOfPage":{"@id":"https:\/\/conexion23.com\/?p=18618#primaryimage"},"image":{"@id":"https:\/\/conexion23.com\/?p=18618#primaryimage"},"thumbnailUrl":"https:\/\/conexion23.com\/wp-content\/uploads\/2023\/07\/marcelo-orrego-san-juan-gobernadorjpg-c8b1c262-focus-min0.22-min0.03-896-504.jpg","datePublished":"2023-07-03T12:24:48+00:00","dateModified":"2023-07-03T12:24:50+00:00","breadcrumb":{"@id":"https:\/\/conexion23.com\/?p=18618#breadcrumb"},"inLanguage":"es","potentialAction":[{"@type":"ReadAction","target":["https:\/\/conexion23.com\/?p=18618"]}]},{"@type":"ImageObject","inLanguage":"es","@id":"https:\/\/conexion23.com\/?p=18618#primaryimage","url":"https:\/\/conexion23.com\/wp-content\/uploads\/2023\/07\/marcelo-orrego-san-juan-gobernadorjpg-c8b1c262-focus-min0.22-min0.03-896-504.jpg","contentUrl":"https:\/\/conexion23.com\/wp-content\/uploads\/2023\/07\/marcelo-orrego-san-juan-gobernadorjpg-c8b1c262-focus-min0.22-min0.03-896-504.jpg","width":896,"height":504},{"@type":"BreadcrumbList","@id":"https:\/\/conexion23.com\/?p=18618#breadcrumb","itemListElement":[{"@type":"ListItem","position":1,"name":"Portada","item":"https:\/\/conexion23.com\/"},{"@type":"ListItem","position":2,"name":"La oposici\u00f3n se impone en la provincia argentina de San Juan tras 20 a\u00f1os de peronismo."}]},{"@type":"WebSite","@id":"https:\/\/conexion23.com\/#website","url":"https:\/\/conexion23.com\/","name":"Conexi\u00f3n 23","description":"Peri\u00f3dico 100% Petromacorisano","publisher":{"@id":"https:\/\/conexion23.com\/#organization"},"potentialAction":[{"@type":"SearchAction","target":{"@type":"EntryPoint","urlTemplate":"https:\/\/conexion23.com\/?s={search_term_string}"},"query-input":{"@type":"PropertyValueSpecification","valueRequired":true,"valueName":"search_term_string"}}],"inLanguage":"es"},{"@type":"Organization","@id":"https:\/\/conexion23.com\/#organization","name":"Conexion 23","url":"https:\/\/conexion23.com\/","logo":{"@type":"ImageObject","inLanguage":"es","@id":"https:\/\/conexion23.com\/#\/schema\/logo\/image\/","url":"https:\/\/conexion23.com\/wp-content\/uploads\/2021\/11\/Diseno-sin-titulo-2.png","contentUrl":"https:\/\/conexion23.com\/wp-content\/uploads\/2021\/11\/Diseno-sin-titulo-2.png","width":541,"height":90,"caption":"Conexion 23"},"image":{"@id":"https:\/\/conexion23.com\/#\/schema\/logo\/image\/"},"sameAs":["https:\/\/www.facebook.com\/conexion23com","https:\/\/www.instagram.com\/conexion23com\/","https:\/\/www.youtube.com\/channel\/UCYc7vxxFZMYLIHNsHHxPZ3Q"]},{"@type":"Person","@id":"https:\/\/conexion23.com\/#\/schema\/person\/03e36043331117e97a373299bbcd30a6","name":"Raffy Ben\u00edtez","image":{"@type":"ImageObject","inLanguage":"es","@id":"https:\/\/secure.gravatar.com\/avatar\/3190a6a6c5e1b0327500f7d6c56b6242472ee6cb974cf09b401ee6b3b0798f23?s=96&d=mm&r=g","url":"https:\/\/secure.gravatar.com\/avatar\/3190a6a6c5e1b0327500f7d6c56b6242472ee6cb974cf09b401ee6b3b0798f23?s=96&d=mm&r=g","contentUrl":"https:\/\/secure.gravatar.com\/avatar\/3190a6a6c5e1b0327500f7d6c56b6242472ee6cb974cf09b401ee6b3b0798f23?s=96&d=mm&r=g","caption":"Raffy Ben\u00edtez"},"url":"https:\/\/conexion23.com\/?author=15"}]}},"_links":{"self":[{"href":"https:\/\/conexion23.com\/index.php?rest_route=\/wp\/v2\/posts\/18618","targetHints":{"allow":["GET"]}}],"collection":[{"href":"https:\/\/conexion23.com\/index.php?rest_route=\/wp\/v2\/posts"}],"about":[{"href":"https:\/\/conexion23.com\/index.php?rest_route=\/wp\/v2\/types\/post"}],"author":[{"embeddable":true,"href":"https:\/\/conexion23.com\/index.php?rest_route=\/wp\/v2\/users\/15"}],"replies":[{"embeddable":true,"href":"https:\/\/conexion23.com\/index.php?rest_route=%2Fwp%2Fv2%2Fcomments&post=18618"}],"version-history":[{"count":1,"href":"https:\/\/conexion23.com\/index.php?rest_route=\/wp\/v2\/posts\/18618\/revisions"}],"predecessor-version":[{"id":18620,"href":"https:\/\/conexion23.com\/index.php?rest_route=\/wp\/v2\/posts\/18618\/revisions\/18620"}],"wp:featuredmedia":[{"embeddable":true,"href":"https:\/\/conexion23.com\/index.php?rest_route=\/wp\/v2\/media\/18619"}],"wp:attachment":[{"href":"https:\/\/conexion23.com\/index.php?rest_route=%2Fwp%2Fv2%2Fmedia&parent=18618"}],"wp:term":[{"taxonomy":"category","embeddable":true,"href":"https:\/\/conexion23.com\/index.php?rest_route=%2Fwp%2Fv2%2Fcategories&post=18618"},{"taxonomy":"post_tag","embeddable":true,"href":"https:\/\/conexion23.com\/index.php?rest_route=%2Fwp%2Fv2%2Ftags&post=18618"}],"curies":[{"name":"wp","href":"https:\/\/api.w.org\/{rel}","templated":true}]}}