{"id":18708,"date":"2023-07-05T18:49:29","date_gmt":"2023-07-05T22:49:29","guid":{"rendered":"https:\/\/conexion23.com\/?p=18708"},"modified":"2023-07-05T18:49:31","modified_gmt":"2023-07-05T22:49:31","slug":"atrapan-a-ladron-en-tienda-zaglul-de-san-pedro-de-macoris","status":"publish","type":"post","link":"https:\/\/conexion23.com\/?p=18708","title":{"rendered":"Atrapan a ladr\u00f3n en tienda Zaglul de San Pedro de Macor\u00eds"},"content":{"rendered":"\n<p>Un hombre fue detenido la ma\u00f1ana de este mi\u00e9rcoles cuando intentaba robar varios art\u00edculos en la tienda Zaglul, ubicada en la calle Duarte de San Pedro de Macor\u00eds, centro de la ciudad.<\/p>\n\n\n\n<p>El sujeto, cuya identidad no fue revelada, fue sorprendido por el personal de seguridad del establecimiento y entregado a las autoridades.&nbsp;<\/p>\n\n\n\n<p>Se desconoce el valor de los objetos que pretend\u00eda sustraer.<\/p>\n\n\n\n<p>La tienda Zaglul es una de las m\u00e1s concurridas de la zona y ofrece una variedad de productos a sus clientes<\/p>\n","protected":false},"excerpt":{"rendered":"<p>Un hombre fue detenido la ma\u00f1ana de este mi\u00e9rcoles cuando intentaba robar varios art\u00edculos en la tienda Zaglul, ubicada en la calle Duarte de San Pedro de Macor\u00eds, centro de la ciudad. El sujeto, cuya identidad no fue revelada, fue sorprendido por el personal de seguridad del establecimiento y entregado a las autoridades.&nbsp; Se desconoce [&hellip;]<\/p>\n","protected":false},"author":15,"featured_media":18709,"comment_status":"open","ping_status":"open","sticky":false,"template":"","format":"standard","meta":{"footnotes":""},"categories":[35],"tags":[],"class_list":{"0":"post-18708","1":"post","2":"type-post","3":"status-publish","4":"format-standard","5":"has-post-thumbnail","7":"category-spm"},"yoast_head":"<!-- This site is optimized with the Yoast SEO plugin v27.1.1 - https:\/\/yoast.com\/product\/yoast-seo-wordpress\/ -->\n<title>Atrapan a ladr\u00f3n en tienda Zaglul de San Pedro de Macor\u00eds - Conexi\u00f3n 23<\/title>\n<meta name=\"robots\" content=\"index, follow, max-snippet:-1, max-image-preview:large, max-video-preview:-1\" \/>\n<link rel=\"canonical\" href=\"https:\/\/conexion23.com\/?p=18708\" \/>\n<meta property=\"og:locale\" content=\"es_ES\" \/>\n<meta property=\"og:type\" content=\"article\" \/>\n<meta property=\"og:title\" content=\"Atrapan a ladr\u00f3n en tienda Zaglul de San Pedro de Macor\u00eds - Conexi\u00f3n 23\" \/>\n<meta property=\"og:description\" content=\"Un hombre fue detenido la ma\u00f1ana de este mi\u00e9rcoles cuando intentaba robar varios art\u00edculos en la tienda Zaglul, ubicada en la calle Duarte de San Pedro de Macor\u00eds, centro de la ciudad. El sujeto, cuya identidad no fue revelada, fue sorprendido por el personal de seguridad del establecimiento y entregado a las autoridades.&nbsp; Se desconoce [&hellip;]\" \/>\n<meta property=\"og:url\" content=\"https:\/\/conexion23.com\/?p=18708\" \/>\n<meta property=\"og:site_name\" content=\"Conexi\u00f3n 23\" \/>\n<meta property=\"article:publisher\" content=\"https:\/\/www.facebook.com\/conexion23com\" \/>\n<meta property=\"article:published_time\" content=\"2023-07-05T22:49:29+00:00\" \/>\n<meta property=\"article:modified_time\" content=\"2023-07-05T22:49:31+00:00\" \/>\n<meta property=\"og:image\" content=\"https:\/\/conexion23.com\/wp-content\/uploads\/2023\/07\/c01949b9-7366-4f11-a384-e09fb7dc26c3.jpg\" \/>\n\t<meta property=\"og:image:width\" content=\"575\" \/>\n\t<meta property=\"og:image:height\" content=\"788\" \/>\n\t<meta property=\"og:image:type\" content=\"image\/jpeg\" \/>\n<meta name=\"author\" content=\"Raffy Ben\u00edtez\" \/>\n<meta name=\"twitter:card\" content=\"summary_large_image\" \/>\n<meta name=\"twitter:label1\" content=\"Escrito por\" \/>\n\t<meta name=\"twitter:data1\" content=\"Raffy Ben\u00edtez\" \/>\n\t<meta name=\"twitter:label2\" content=\"Tiempo de lectura\" \/>\n\t<meta name=\"twitter:data2\" content=\"1 minuto\" \/>\n<script type=\"application\/ld+json\" class=\"yoast-schema-graph\">{\"@context\":\"https:\/\/schema.org\",\"@graph\":[{\"@type\":\"Article\",\"@id\":\"https:\/\/conexion23.com\/?p=18708#article\",\"isPartOf\":{\"@id\":\"https:\/\/conexion23.com\/?p=18708\"},\"author\":{\"name\":\"Raffy Ben\u00edtez\",\"@id\":\"https:\/\/conexion23.com\/#\/schema\/person\/03e36043331117e97a373299bbcd30a6\"},\"headline\":\"Atrapan a ladr\u00f3n en tienda Zaglul de San Pedro de Macor\u00eds\",\"datePublished\":\"2023-07-05T22:49:29+00:00\",\"dateModified\":\"2023-07-05T22:49:31+00:00\",\"mainEntityOfPage\":{\"@id\":\"https:\/\/conexion23.com\/?p=18708\"},\"wordCount\":104,\"commentCount\":0,\"publisher\":{\"@id\":\"https:\/\/conexion23.com\/#organization\"},\"image\":{\"@id\":\"https:\/\/conexion23.com\/?p=18708#primaryimage\"},\"thumbnailUrl\":\"https:\/\/conexion23.com\/wp-content\/uploads\/2023\/07\/c01949b9-7366-4f11-a384-e09fb7dc26c3.jpg\",\"articleSection\":[\"SPM\"],\"inLanguage\":\"es\",\"potentialAction\":[{\"@type\":\"CommentAction\",\"name\":\"Comment\",\"target\":[\"https:\/\/conexion23.com\/?p=18708#respond\"]}]},{\"@type\":\"WebPage\",\"@id\":\"https:\/\/conexion23.com\/?p=18708\",\"url\":\"https:\/\/conexion23.com\/?p=18708\",\"name\":\"Atrapan a ladr\u00f3n en tienda Zaglul de San Pedro de Macor\u00eds - Conexi\u00f3n 23\",\"isPartOf\":{\"@id\":\"https:\/\/conexion23.com\/#website\"},\"primaryImageOfPage\":{\"@id\":\"https:\/\/conexion23.com\/?p=18708#primaryimage\"},\"image\":{\"@id\":\"https:\/\/conexion23.com\/?p=18708#primaryimage\"},\"thumbnailUrl\":\"https:\/\/conexion23.com\/wp-content\/uploads\/2023\/07\/c01949b9-7366-4f11-a384-e09fb7dc26c3.jpg\",\"datePublished\":\"2023-07-05T22:49:29+00:00\",\"dateModified\":\"2023-07-05T22:49:31+00:00\",\"breadcrumb\":{\"@id\":\"https:\/\/conexion23.com\/?p=18708#breadcrumb\"},\"inLanguage\":\"es\",\"potentialAction\":[{\"@type\":\"ReadAction\",\"target\":[\"https:\/\/conexion23.com\/?p=18708\"]}]},{\"@type\":\"ImageObject\",\"inLanguage\":\"es\",\"@id\":\"https:\/\/conexion23.com\/?p=18708#primaryimage\",\"url\":\"https:\/\/conexion23.com\/wp-content\/uploads\/2023\/07\/c01949b9-7366-4f11-a384-e09fb7dc26c3.jpg\",\"contentUrl\":\"https:\/\/conexion23.com\/wp-content\/uploads\/2023\/07\/c01949b9-7366-4f11-a384-e09fb7dc26c3.jpg\",\"width\":575,\"height\":788},{\"@type\":\"BreadcrumbList\",\"@id\":\"https:\/\/conexion23.com\/?p=18708#breadcrumb\",\"itemListElement\":[{\"@type\":\"ListItem\",\"position\":1,\"name\":\"Portada\",\"item\":\"https:\/\/conexion23.com\/\"},{\"@type\":\"ListItem\",\"position\":2,\"name\":\"Atrapan a ladr\u00f3n en tienda Zaglul de San Pedro de Macor\u00eds\"}]},{\"@type\":\"WebSite\",\"@id\":\"https:\/\/conexion23.com\/#website\",\"url\":\"https:\/\/conexion23.com\/\",\"name\":\"Conexi\u00f3n 23\",\"description\":\"Peri\u00f3dico 100% Petromacorisano\",\"publisher\":{\"@id\":\"https:\/\/conexion23.com\/#organization\"},\"potentialAction\":[{\"@type\":\"SearchAction\",\"target\":{\"@type\":\"EntryPoint\",\"urlTemplate\":\"https:\/\/conexion23.com\/?s={search_term_string}\"},\"query-input\":{\"@type\":\"PropertyValueSpecification\",\"valueRequired\":true,\"valueName\":\"search_term_string\"}}],\"inLanguage\":\"es\"},{\"@type\":\"Organization\",\"@id\":\"https:\/\/conexion23.com\/#organization\",\"name\":\"Conexion 23\",\"url\":\"https:\/\/conexion23.com\/\",\"logo\":{\"@type\":\"ImageObject\",\"inLanguage\":\"es\",\"@id\":\"https:\/\/conexion23.com\/#\/schema\/logo\/image\/\",\"url\":\"https:\/\/conexion23.com\/wp-content\/uploads\/2021\/11\/Diseno-sin-titulo-2.png\",\"contentUrl\":\"https:\/\/conexion23.com\/wp-content\/uploads\/2021\/11\/Diseno-sin-titulo-2.png\",\"width\":541,\"height\":90,\"caption\":\"Conexion 23\"},\"image\":{\"@id\":\"https:\/\/conexion23.com\/#\/schema\/logo\/image\/\"},\"sameAs\":[\"https:\/\/www.facebook.com\/conexion23com\",\"https:\/\/www.instagram.com\/conexion23com\/\",\"https:\/\/www.youtube.com\/channel\/UCYc7vxxFZMYLIHNsHHxPZ3Q\"]},{\"@type\":\"Person\",\"@id\":\"https:\/\/conexion23.com\/#\/schema\/person\/03e36043331117e97a373299bbcd30a6\",\"name\":\"Raffy Ben\u00edtez\",\"image\":{\"@type\":\"ImageObject\",\"inLanguage\":\"es\",\"@id\":\"https:\/\/conexion23.com\/#\/schema\/person\/image\/\",\"url\":\"https:\/\/secure.gravatar.com\/avatar\/3190a6a6c5e1b0327500f7d6c56b6242472ee6cb974cf09b401ee6b3b0798f23?s=96&d=mm&r=g\",\"contentUrl\":\"https:\/\/secure.gravatar.com\/avatar\/3190a6a6c5e1b0327500f7d6c56b6242472ee6cb974cf09b401ee6b3b0798f23?s=96&d=mm&r=g\",\"caption\":\"Raffy Ben\u00edtez\"},\"url\":\"https:\/\/conexion23.com\/?author=15\"}]}<\/script>\n<!-- \/ Yoast SEO plugin. -->","yoast_head_json":{"title":"Atrapan a ladr\u00f3n en tienda Zaglul de San Pedro de Macor\u00eds - Conexi\u00f3n 23","robots":{"index":"index","follow":"follow","max-snippet":"max-snippet:-1","max-image-preview":"max-image-preview:large","max-video-preview":"max-video-preview:-1"},"canonical":"https:\/\/conexion23.com\/?p=18708","og_locale":"es_ES","og_type":"article","og_title":"Atrapan a ladr\u00f3n en tienda Zaglul de San Pedro de Macor\u00eds - Conexi\u00f3n 23","og_description":"Un hombre fue detenido la ma\u00f1ana de este mi\u00e9rcoles cuando intentaba robar varios art\u00edculos en la tienda Zaglul, ubicada en la calle Duarte de San Pedro de Macor\u00eds, centro de la ciudad. El sujeto, cuya identidad no fue revelada, fue sorprendido por el personal de seguridad del establecimiento y entregado a las autoridades.&nbsp; Se desconoce [&hellip;]","og_url":"https:\/\/conexion23.com\/?p=18708","og_site_name":"Conexi\u00f3n 23","article_publisher":"https:\/\/www.facebook.com\/conexion23com","article_published_time":"2023-07-05T22:49:29+00:00","article_modified_time":"2023-07-05T22:49:31+00:00","og_image":[{"width":575,"height":788,"url":"https:\/\/conexion23.com\/wp-content\/uploads\/2023\/07\/c01949b9-7366-4f11-a384-e09fb7dc26c3.jpg","type":"image\/jpeg"}],"author":"Raffy Ben\u00edtez","twitter_card":"summary_large_image","twitter_misc":{"Escrito por":"Raffy Ben\u00edtez","Tiempo de lectura":"1 minuto"},"schema":{"@context":"https:\/\/schema.org","@graph":[{"@type":"Article","@id":"https:\/\/conexion23.com\/?p=18708#article","isPartOf":{"@id":"https:\/\/conexion23.com\/?p=18708"},"author":{"name":"Raffy Ben\u00edtez","@id":"https:\/\/conexion23.com\/#\/schema\/person\/03e36043331117e97a373299bbcd30a6"},"headline":"Atrapan a ladr\u00f3n en tienda Zaglul de San Pedro de Macor\u00eds","datePublished":"2023-07-05T22:49:29+00:00","dateModified":"2023-07-05T22:49:31+00:00","mainEntityOfPage":{"@id":"https:\/\/conexion23.com\/?p=18708"},"wordCount":104,"commentCount":0,"publisher":{"@id":"https:\/\/conexion23.com\/#organization"},"image":{"@id":"https:\/\/conexion23.com\/?p=18708#primaryimage"},"thumbnailUrl":"https:\/\/conexion23.com\/wp-content\/uploads\/2023\/07\/c01949b9-7366-4f11-a384-e09fb7dc26c3.jpg","articleSection":["SPM"],"inLanguage":"es","potentialAction":[{"@type":"CommentAction","name":"Comment","target":["https:\/\/conexion23.com\/?p=18708#respond"]}]},{"@type":"WebPage","@id":"https:\/\/conexion23.com\/?p=18708","url":"https:\/\/conexion23.com\/?p=18708","name":"Atrapan a ladr\u00f3n en tienda Zaglul de San Pedro de Macor\u00eds - Conexi\u00f3n 23","isPartOf":{"@id":"https:\/\/conexion23.com\/#website"},"primaryImageOfPage":{"@id":"https:\/\/conexion23.com\/?p=18708#primaryimage"},"image":{"@id":"https:\/\/conexion23.com\/?p=18708#primaryimage"},"thumbnailUrl":"https:\/\/conexion23.com\/wp-content\/uploads\/2023\/07\/c01949b9-7366-4f11-a384-e09fb7dc26c3.jpg","datePublished":"2023-07-05T22:49:29+00:00","dateModified":"2023-07-05T22:49:31+00:00","breadcrumb":{"@id":"https:\/\/conexion23.com\/?p=18708#breadcrumb"},"inLanguage":"es","potentialAction":[{"@type":"ReadAction","target":["https:\/\/conexion23.com\/?p=18708"]}]},{"@type":"ImageObject","inLanguage":"es","@id":"https:\/\/conexion23.com\/?p=18708#primaryimage","url":"https:\/\/conexion23.com\/wp-content\/uploads\/2023\/07\/c01949b9-7366-4f11-a384-e09fb7dc26c3.jpg","contentUrl":"https:\/\/conexion23.com\/wp-content\/uploads\/2023\/07\/c01949b9-7366-4f11-a384-e09fb7dc26c3.jpg","width":575,"height":788},{"@type":"BreadcrumbList","@id":"https:\/\/conexion23.com\/?p=18708#breadcrumb","itemListElement":[{"@type":"ListItem","position":1,"name":"Portada","item":"https:\/\/conexion23.com\/"},{"@type":"ListItem","position":2,"name":"Atrapan a ladr\u00f3n en tienda Zaglul de San Pedro de Macor\u00eds"}]},{"@type":"WebSite","@id":"https:\/\/conexion23.com\/#website","url":"https:\/\/conexion23.com\/","name":"Conexi\u00f3n 23","description":"Peri\u00f3dico 100% Petromacorisano","publisher":{"@id":"https:\/\/conexion23.com\/#organization"},"potentialAction":[{"@type":"SearchAction","target":{"@type":"EntryPoint","urlTemplate":"https:\/\/conexion23.com\/?s={search_term_string}"},"query-input":{"@type":"PropertyValueSpecification","valueRequired":true,"valueName":"search_term_string"}}],"inLanguage":"es"},{"@type":"Organization","@id":"https:\/\/conexion23.com\/#organization","name":"Conexion 23","url":"https:\/\/conexion23.com\/","logo":{"@type":"ImageObject","inLanguage":"es","@id":"https:\/\/conexion23.com\/#\/schema\/logo\/image\/","url":"https:\/\/conexion23.com\/wp-content\/uploads\/2021\/11\/Diseno-sin-titulo-2.png","contentUrl":"https:\/\/conexion23.com\/wp-content\/uploads\/2021\/11\/Diseno-sin-titulo-2.png","width":541,"height":90,"caption":"Conexion 23"},"image":{"@id":"https:\/\/conexion23.com\/#\/schema\/logo\/image\/"},"sameAs":["https:\/\/www.facebook.com\/conexion23com","https:\/\/www.instagram.com\/conexion23com\/","https:\/\/www.youtube.com\/channel\/UCYc7vxxFZMYLIHNsHHxPZ3Q"]},{"@type":"Person","@id":"https:\/\/conexion23.com\/#\/schema\/person\/03e36043331117e97a373299bbcd30a6","name":"Raffy Ben\u00edtez","image":{"@type":"ImageObject","inLanguage":"es","@id":"https:\/\/conexion23.com\/#\/schema\/person\/image\/","url":"https:\/\/secure.gravatar.com\/avatar\/3190a6a6c5e1b0327500f7d6c56b6242472ee6cb974cf09b401ee6b3b0798f23?s=96&d=mm&r=g","contentUrl":"https:\/\/secure.gravatar.com\/avatar\/3190a6a6c5e1b0327500f7d6c56b6242472ee6cb974cf09b401ee6b3b0798f23?s=96&d=mm&r=g","caption":"Raffy Ben\u00edtez"},"url":"https:\/\/conexion23.com\/?author=15"}]}},"_links":{"self":[{"href":"https:\/\/conexion23.com\/index.php?rest_route=\/wp\/v2\/posts\/18708","targetHints":{"allow":["GET"]}}],"collection":[{"href":"https:\/\/conexion23.com\/index.php?rest_route=\/wp\/v2\/posts"}],"about":[{"href":"https:\/\/conexion23.com\/index.php?rest_route=\/wp\/v2\/types\/post"}],"author":[{"embeddable":true,"href":"https:\/\/conexion23.com\/index.php?rest_route=\/wp\/v2\/users\/15"}],"replies":[{"embeddable":true,"href":"https:\/\/conexion23.com\/index.php?rest_route=%2Fwp%2Fv2%2Fcomments&post=18708"}],"version-history":[{"count":1,"href":"https:\/\/conexion23.com\/index.php?rest_route=\/wp\/v2\/posts\/18708\/revisions"}],"predecessor-version":[{"id":18710,"href":"https:\/\/conexion23.com\/index.php?rest_route=\/wp\/v2\/posts\/18708\/revisions\/18710"}],"wp:featuredmedia":[{"embeddable":true,"href":"https:\/\/conexion23.com\/index.php?rest_route=\/wp\/v2\/media\/18709"}],"wp:attachment":[{"href":"https:\/\/conexion23.com\/index.php?rest_route=%2Fwp%2Fv2%2Fmedia&parent=18708"}],"wp:term":[{"taxonomy":"category","embeddable":true,"href":"https:\/\/conexion23.com\/index.php?rest_route=%2Fwp%2Fv2%2Fcategories&post=18708"},{"taxonomy":"post_tag","embeddable":true,"href":"https:\/\/conexion23.com\/index.php?rest_route=%2Fwp%2Fv2%2Ftags&post=18708"}],"curies":[{"name":"wp","href":"https:\/\/api.w.org\/{rel}","templated":true}]}}