{"id":18711,"date":"2023-07-06T07:41:49","date_gmt":"2023-07-06T11:41:49","guid":{"rendered":"https:\/\/conexion23.com\/?p=18711"},"modified":"2023-07-06T07:41:52","modified_gmt":"2023-07-06T11:41:52","slug":"diputado-domingo-de-leon-renuncia-del-pld-y-pasa-a-la-fuerza-del-pueblo","status":"publish","type":"post","link":"https:\/\/conexion23.com\/?p=18711","title":{"rendered":"Diputado Domingo de Le\u00f3n Renuncia del \u00a0 PLD y pasa a la Fuerza del Pueblo."},"content":{"rendered":"\n<p>La decisi\u00f3n de renunciar del Partido de la Liberaci\u00f3n Dominicana (PLD), el <a href=\"https:\/\/elpregonerord.com\/otro-mas-que-se-va-diputado-domingo-de-leon-renunciara-del-pld-y-pasara-a-la-fuerza-del-pueblo\/\">diputado Domingo de Le\u00f3n<\/a>, es un duro golpe para esa organizaci\u00f3n pol\u00edtica en los municipios Los Alcarrizos y Pedro Brand y todas sus zonas aleda\u00f1as, quien pasa a fortalecer con su llegada a la Fuerza del Pueblo, organizaci\u00f3n que dirige Leonel Fern\u00e1ndez.<\/p>\n\n\n\n<p>La informaci\u00f3n fue confirmada a <a href=\"https:\/\/elpregonerord.com\/otro-mas-que-se-va-diputado-domingo-de-leon-renunciara-del-pld-y-pasara-a-la-fuerza-del-pueblo\/\">El Pregonero<\/a> por una fuente de entero cr\u00e9dito cercana al legislador y empresario tras un encuentro con Leonel Fern\u00e1ndez.<\/p>\n\n\n\n<p><a href=\"https:\/\/elpregonerord.com\/otro-mas-que-se-va-diputado-domingo-de-leon-renunciara-del-pld-y-pasara-a-la-fuerza-del-pueblo\/\">Domingo de Le\u00f3n<\/a> fue el diputado m\u00e1s votado en las elecciones del 2020 en esos municipios tras obtener 12 mil 16 sufragios en los comicios. A\u00fan no se conocen los motivos de su salida del PLD.<\/p>\n","protected":false},"excerpt":{"rendered":"<p>La decisi\u00f3n de renunciar del Partido de la Liberaci\u00f3n Dominicana (PLD), el diputado Domingo de Le\u00f3n, es un duro golpe para esa organizaci\u00f3n pol\u00edtica en los municipios Los Alcarrizos y Pedro Brand y todas sus zonas aleda\u00f1as, quien pasa a fortalecer con su llegada a la Fuerza del Pueblo, organizaci\u00f3n que dirige Leonel Fern\u00e1ndez. La [&hellip;]<\/p>\n","protected":false},"author":15,"featured_media":18712,"comment_status":"open","ping_status":"open","sticky":false,"template":"","format":"standard","meta":{"footnotes":""},"categories":[1],"tags":[],"class_list":{"0":"post-18711","1":"post","2":"type-post","3":"status-publish","4":"format-standard","5":"has-post-thumbnail","7":"category-uncategorized"},"yoast_head":"<!-- This site is optimized with the Yoast SEO plugin v27.1.1 - https:\/\/yoast.com\/product\/yoast-seo-wordpress\/ -->\n<title>Diputado Domingo de Le\u00f3n Renuncia del \u00a0 PLD y pasa a la Fuerza del Pueblo. - Conexi\u00f3n 23<\/title>\n<meta name=\"robots\" content=\"index, follow, max-snippet:-1, max-image-preview:large, max-video-preview:-1\" \/>\n<link rel=\"canonical\" href=\"https:\/\/conexion23.com\/?p=18711\" \/>\n<meta property=\"og:locale\" content=\"es_ES\" \/>\n<meta property=\"og:type\" content=\"article\" \/>\n<meta property=\"og:title\" content=\"Diputado Domingo de Le\u00f3n Renuncia del \u00a0 PLD y pasa a la Fuerza del Pueblo. - Conexi\u00f3n 23\" \/>\n<meta property=\"og:description\" content=\"La decisi\u00f3n de renunciar del Partido de la Liberaci\u00f3n Dominicana (PLD), el diputado Domingo de Le\u00f3n, es un duro golpe para esa organizaci\u00f3n pol\u00edtica en los municipios Los Alcarrizos y Pedro Brand y todas sus zonas aleda\u00f1as, quien pasa a fortalecer con su llegada a la Fuerza del Pueblo, organizaci\u00f3n que dirige Leonel Fern\u00e1ndez. La [&hellip;]\" \/>\n<meta property=\"og:url\" content=\"https:\/\/conexion23.com\/?p=18711\" \/>\n<meta property=\"og:site_name\" content=\"Conexi\u00f3n 23\" \/>\n<meta property=\"article:publisher\" content=\"https:\/\/www.facebook.com\/conexion23com\" \/>\n<meta property=\"article:published_time\" content=\"2023-07-06T11:41:49+00:00\" \/>\n<meta property=\"article:modified_time\" content=\"2023-07-06T11:41:52+00:00\" \/>\n<meta property=\"og:image\" content=\"https:\/\/conexion23.com\/wp-content\/uploads\/2023\/07\/B2DC1520-8908-4B8F-A699-D6F920AFAEB3.jpeg\" \/>\n\t<meta property=\"og:image:width\" content=\"862\" \/>\n\t<meta property=\"og:image:height\" content=\"575\" \/>\n\t<meta property=\"og:image:type\" content=\"image\/jpeg\" \/>\n<meta name=\"author\" content=\"Raffy Ben\u00edtez\" \/>\n<meta name=\"twitter:card\" content=\"summary_large_image\" \/>\n<meta name=\"twitter:label1\" content=\"Escrito por\" \/>\n\t<meta name=\"twitter:data1\" content=\"Raffy Ben\u00edtez\" \/>\n\t<meta name=\"twitter:label2\" content=\"Tiempo de lectura\" \/>\n\t<meta name=\"twitter:data2\" content=\"1 minuto\" \/>\n<script type=\"application\/ld+json\" class=\"yoast-schema-graph\">{\"@context\":\"https:\/\/schema.org\",\"@graph\":[{\"@type\":\"Article\",\"@id\":\"https:\/\/conexion23.com\/?p=18711#article\",\"isPartOf\":{\"@id\":\"https:\/\/conexion23.com\/?p=18711\"},\"author\":{\"name\":\"Raffy Ben\u00edtez\",\"@id\":\"https:\/\/conexion23.com\/#\/schema\/person\/03e36043331117e97a373299bbcd30a6\"},\"headline\":\"Diputado Domingo de Le\u00f3n Renuncia del \u00a0 PLD y pasa a la Fuerza del Pueblo.\",\"datePublished\":\"2023-07-06T11:41:49+00:00\",\"dateModified\":\"2023-07-06T11:41:52+00:00\",\"mainEntityOfPage\":{\"@id\":\"https:\/\/conexion23.com\/?p=18711\"},\"wordCount\":140,\"commentCount\":0,\"publisher\":{\"@id\":\"https:\/\/conexion23.com\/#organization\"},\"image\":{\"@id\":\"https:\/\/conexion23.com\/?p=18711#primaryimage\"},\"thumbnailUrl\":\"https:\/\/conexion23.com\/wp-content\/uploads\/2023\/07\/B2DC1520-8908-4B8F-A699-D6F920AFAEB3.jpeg\",\"articleSection\":[\"Uncategorized\"],\"inLanguage\":\"es\",\"potentialAction\":[{\"@type\":\"CommentAction\",\"name\":\"Comment\",\"target\":[\"https:\/\/conexion23.com\/?p=18711#respond\"]}]},{\"@type\":\"WebPage\",\"@id\":\"https:\/\/conexion23.com\/?p=18711\",\"url\":\"https:\/\/conexion23.com\/?p=18711\",\"name\":\"Diputado Domingo de Le\u00f3n Renuncia del \u00a0 PLD y pasa a la Fuerza del Pueblo. - Conexi\u00f3n 23\",\"isPartOf\":{\"@id\":\"https:\/\/conexion23.com\/#website\"},\"primaryImageOfPage\":{\"@id\":\"https:\/\/conexion23.com\/?p=18711#primaryimage\"},\"image\":{\"@id\":\"https:\/\/conexion23.com\/?p=18711#primaryimage\"},\"thumbnailUrl\":\"https:\/\/conexion23.com\/wp-content\/uploads\/2023\/07\/B2DC1520-8908-4B8F-A699-D6F920AFAEB3.jpeg\",\"datePublished\":\"2023-07-06T11:41:49+00:00\",\"dateModified\":\"2023-07-06T11:41:52+00:00\",\"breadcrumb\":{\"@id\":\"https:\/\/conexion23.com\/?p=18711#breadcrumb\"},\"inLanguage\":\"es\",\"potentialAction\":[{\"@type\":\"ReadAction\",\"target\":[\"https:\/\/conexion23.com\/?p=18711\"]}]},{\"@type\":\"ImageObject\",\"inLanguage\":\"es\",\"@id\":\"https:\/\/conexion23.com\/?p=18711#primaryimage\",\"url\":\"https:\/\/conexion23.com\/wp-content\/uploads\/2023\/07\/B2DC1520-8908-4B8F-A699-D6F920AFAEB3.jpeg\",\"contentUrl\":\"https:\/\/conexion23.com\/wp-content\/uploads\/2023\/07\/B2DC1520-8908-4B8F-A699-D6F920AFAEB3.jpeg\",\"width\":862,\"height\":575},{\"@type\":\"BreadcrumbList\",\"@id\":\"https:\/\/conexion23.com\/?p=18711#breadcrumb\",\"itemListElement\":[{\"@type\":\"ListItem\",\"position\":1,\"name\":\"Portada\",\"item\":\"https:\/\/conexion23.com\/\"},{\"@type\":\"ListItem\",\"position\":2,\"name\":\"Diputado Domingo de Le\u00f3n Renuncia del \u00a0 PLD y pasa a la Fuerza del Pueblo.\"}]},{\"@type\":\"WebSite\",\"@id\":\"https:\/\/conexion23.com\/#website\",\"url\":\"https:\/\/conexion23.com\/\",\"name\":\"Conexi\u00f3n 23\",\"description\":\"Peri\u00f3dico 100% Petromacorisano\",\"publisher\":{\"@id\":\"https:\/\/conexion23.com\/#organization\"},\"potentialAction\":[{\"@type\":\"SearchAction\",\"target\":{\"@type\":\"EntryPoint\",\"urlTemplate\":\"https:\/\/conexion23.com\/?s={search_term_string}\"},\"query-input\":{\"@type\":\"PropertyValueSpecification\",\"valueRequired\":true,\"valueName\":\"search_term_string\"}}],\"inLanguage\":\"es\"},{\"@type\":\"Organization\",\"@id\":\"https:\/\/conexion23.com\/#organization\",\"name\":\"Conexion 23\",\"url\":\"https:\/\/conexion23.com\/\",\"logo\":{\"@type\":\"ImageObject\",\"inLanguage\":\"es\",\"@id\":\"https:\/\/conexion23.com\/#\/schema\/logo\/image\/\",\"url\":\"https:\/\/conexion23.com\/wp-content\/uploads\/2021\/11\/Diseno-sin-titulo-2.png\",\"contentUrl\":\"https:\/\/conexion23.com\/wp-content\/uploads\/2021\/11\/Diseno-sin-titulo-2.png\",\"width\":541,\"height\":90,\"caption\":\"Conexion 23\"},\"image\":{\"@id\":\"https:\/\/conexion23.com\/#\/schema\/logo\/image\/\"},\"sameAs\":[\"https:\/\/www.facebook.com\/conexion23com\",\"https:\/\/www.instagram.com\/conexion23com\/\",\"https:\/\/www.youtube.com\/channel\/UCYc7vxxFZMYLIHNsHHxPZ3Q\"]},{\"@type\":\"Person\",\"@id\":\"https:\/\/conexion23.com\/#\/schema\/person\/03e36043331117e97a373299bbcd30a6\",\"name\":\"Raffy Ben\u00edtez\",\"image\":{\"@type\":\"ImageObject\",\"inLanguage\":\"es\",\"@id\":\"https:\/\/conexion23.com\/#\/schema\/person\/image\/\",\"url\":\"https:\/\/secure.gravatar.com\/avatar\/3190a6a6c5e1b0327500f7d6c56b6242472ee6cb974cf09b401ee6b3b0798f23?s=96&d=mm&r=g\",\"contentUrl\":\"https:\/\/secure.gravatar.com\/avatar\/3190a6a6c5e1b0327500f7d6c56b6242472ee6cb974cf09b401ee6b3b0798f23?s=96&d=mm&r=g\",\"caption\":\"Raffy Ben\u00edtez\"},\"url\":\"https:\/\/conexion23.com\/?author=15\"}]}<\/script>\n<!-- \/ Yoast SEO plugin. -->","yoast_head_json":{"title":"Diputado Domingo de Le\u00f3n Renuncia del \u00a0 PLD y pasa a la Fuerza del Pueblo. - Conexi\u00f3n 23","robots":{"index":"index","follow":"follow","max-snippet":"max-snippet:-1","max-image-preview":"max-image-preview:large","max-video-preview":"max-video-preview:-1"},"canonical":"https:\/\/conexion23.com\/?p=18711","og_locale":"es_ES","og_type":"article","og_title":"Diputado Domingo de Le\u00f3n Renuncia del \u00a0 PLD y pasa a la Fuerza del Pueblo. - Conexi\u00f3n 23","og_description":"La decisi\u00f3n de renunciar del Partido de la Liberaci\u00f3n Dominicana (PLD), el diputado Domingo de Le\u00f3n, es un duro golpe para esa organizaci\u00f3n pol\u00edtica en los municipios Los Alcarrizos y Pedro Brand y todas sus zonas aleda\u00f1as, quien pasa a fortalecer con su llegada a la Fuerza del Pueblo, organizaci\u00f3n que dirige Leonel Fern\u00e1ndez. La [&hellip;]","og_url":"https:\/\/conexion23.com\/?p=18711","og_site_name":"Conexi\u00f3n 23","article_publisher":"https:\/\/www.facebook.com\/conexion23com","article_published_time":"2023-07-06T11:41:49+00:00","article_modified_time":"2023-07-06T11:41:52+00:00","og_image":[{"width":862,"height":575,"url":"https:\/\/conexion23.com\/wp-content\/uploads\/2023\/07\/B2DC1520-8908-4B8F-A699-D6F920AFAEB3.jpeg","type":"image\/jpeg"}],"author":"Raffy Ben\u00edtez","twitter_card":"summary_large_image","twitter_misc":{"Escrito por":"Raffy Ben\u00edtez","Tiempo de lectura":"1 minuto"},"schema":{"@context":"https:\/\/schema.org","@graph":[{"@type":"Article","@id":"https:\/\/conexion23.com\/?p=18711#article","isPartOf":{"@id":"https:\/\/conexion23.com\/?p=18711"},"author":{"name":"Raffy Ben\u00edtez","@id":"https:\/\/conexion23.com\/#\/schema\/person\/03e36043331117e97a373299bbcd30a6"},"headline":"Diputado Domingo de Le\u00f3n Renuncia del \u00a0 PLD y pasa a la Fuerza del Pueblo.","datePublished":"2023-07-06T11:41:49+00:00","dateModified":"2023-07-06T11:41:52+00:00","mainEntityOfPage":{"@id":"https:\/\/conexion23.com\/?p=18711"},"wordCount":140,"commentCount":0,"publisher":{"@id":"https:\/\/conexion23.com\/#organization"},"image":{"@id":"https:\/\/conexion23.com\/?p=18711#primaryimage"},"thumbnailUrl":"https:\/\/conexion23.com\/wp-content\/uploads\/2023\/07\/B2DC1520-8908-4B8F-A699-D6F920AFAEB3.jpeg","articleSection":["Uncategorized"],"inLanguage":"es","potentialAction":[{"@type":"CommentAction","name":"Comment","target":["https:\/\/conexion23.com\/?p=18711#respond"]}]},{"@type":"WebPage","@id":"https:\/\/conexion23.com\/?p=18711","url":"https:\/\/conexion23.com\/?p=18711","name":"Diputado Domingo de Le\u00f3n Renuncia del \u00a0 PLD y pasa a la Fuerza del Pueblo. - Conexi\u00f3n 23","isPartOf":{"@id":"https:\/\/conexion23.com\/#website"},"primaryImageOfPage":{"@id":"https:\/\/conexion23.com\/?p=18711#primaryimage"},"image":{"@id":"https:\/\/conexion23.com\/?p=18711#primaryimage"},"thumbnailUrl":"https:\/\/conexion23.com\/wp-content\/uploads\/2023\/07\/B2DC1520-8908-4B8F-A699-D6F920AFAEB3.jpeg","datePublished":"2023-07-06T11:41:49+00:00","dateModified":"2023-07-06T11:41:52+00:00","breadcrumb":{"@id":"https:\/\/conexion23.com\/?p=18711#breadcrumb"},"inLanguage":"es","potentialAction":[{"@type":"ReadAction","target":["https:\/\/conexion23.com\/?p=18711"]}]},{"@type":"ImageObject","inLanguage":"es","@id":"https:\/\/conexion23.com\/?p=18711#primaryimage","url":"https:\/\/conexion23.com\/wp-content\/uploads\/2023\/07\/B2DC1520-8908-4B8F-A699-D6F920AFAEB3.jpeg","contentUrl":"https:\/\/conexion23.com\/wp-content\/uploads\/2023\/07\/B2DC1520-8908-4B8F-A699-D6F920AFAEB3.jpeg","width":862,"height":575},{"@type":"BreadcrumbList","@id":"https:\/\/conexion23.com\/?p=18711#breadcrumb","itemListElement":[{"@type":"ListItem","position":1,"name":"Portada","item":"https:\/\/conexion23.com\/"},{"@type":"ListItem","position":2,"name":"Diputado Domingo de Le\u00f3n Renuncia del \u00a0 PLD y pasa a la Fuerza del Pueblo."}]},{"@type":"WebSite","@id":"https:\/\/conexion23.com\/#website","url":"https:\/\/conexion23.com\/","name":"Conexi\u00f3n 23","description":"Peri\u00f3dico 100% Petromacorisano","publisher":{"@id":"https:\/\/conexion23.com\/#organization"},"potentialAction":[{"@type":"SearchAction","target":{"@type":"EntryPoint","urlTemplate":"https:\/\/conexion23.com\/?s={search_term_string}"},"query-input":{"@type":"PropertyValueSpecification","valueRequired":true,"valueName":"search_term_string"}}],"inLanguage":"es"},{"@type":"Organization","@id":"https:\/\/conexion23.com\/#organization","name":"Conexion 23","url":"https:\/\/conexion23.com\/","logo":{"@type":"ImageObject","inLanguage":"es","@id":"https:\/\/conexion23.com\/#\/schema\/logo\/image\/","url":"https:\/\/conexion23.com\/wp-content\/uploads\/2021\/11\/Diseno-sin-titulo-2.png","contentUrl":"https:\/\/conexion23.com\/wp-content\/uploads\/2021\/11\/Diseno-sin-titulo-2.png","width":541,"height":90,"caption":"Conexion 23"},"image":{"@id":"https:\/\/conexion23.com\/#\/schema\/logo\/image\/"},"sameAs":["https:\/\/www.facebook.com\/conexion23com","https:\/\/www.instagram.com\/conexion23com\/","https:\/\/www.youtube.com\/channel\/UCYc7vxxFZMYLIHNsHHxPZ3Q"]},{"@type":"Person","@id":"https:\/\/conexion23.com\/#\/schema\/person\/03e36043331117e97a373299bbcd30a6","name":"Raffy Ben\u00edtez","image":{"@type":"ImageObject","inLanguage":"es","@id":"https:\/\/conexion23.com\/#\/schema\/person\/image\/","url":"https:\/\/secure.gravatar.com\/avatar\/3190a6a6c5e1b0327500f7d6c56b6242472ee6cb974cf09b401ee6b3b0798f23?s=96&d=mm&r=g","contentUrl":"https:\/\/secure.gravatar.com\/avatar\/3190a6a6c5e1b0327500f7d6c56b6242472ee6cb974cf09b401ee6b3b0798f23?s=96&d=mm&r=g","caption":"Raffy Ben\u00edtez"},"url":"https:\/\/conexion23.com\/?author=15"}]}},"_links":{"self":[{"href":"https:\/\/conexion23.com\/index.php?rest_route=\/wp\/v2\/posts\/18711","targetHints":{"allow":["GET"]}}],"collection":[{"href":"https:\/\/conexion23.com\/index.php?rest_route=\/wp\/v2\/posts"}],"about":[{"href":"https:\/\/conexion23.com\/index.php?rest_route=\/wp\/v2\/types\/post"}],"author":[{"embeddable":true,"href":"https:\/\/conexion23.com\/index.php?rest_route=\/wp\/v2\/users\/15"}],"replies":[{"embeddable":true,"href":"https:\/\/conexion23.com\/index.php?rest_route=%2Fwp%2Fv2%2Fcomments&post=18711"}],"version-history":[{"count":1,"href":"https:\/\/conexion23.com\/index.php?rest_route=\/wp\/v2\/posts\/18711\/revisions"}],"predecessor-version":[{"id":18713,"href":"https:\/\/conexion23.com\/index.php?rest_route=\/wp\/v2\/posts\/18711\/revisions\/18713"}],"wp:featuredmedia":[{"embeddable":true,"href":"https:\/\/conexion23.com\/index.php?rest_route=\/wp\/v2\/media\/18712"}],"wp:attachment":[{"href":"https:\/\/conexion23.com\/index.php?rest_route=%2Fwp%2Fv2%2Fmedia&parent=18711"}],"wp:term":[{"taxonomy":"category","embeddable":true,"href":"https:\/\/conexion23.com\/index.php?rest_route=%2Fwp%2Fv2%2Fcategories&post=18711"},{"taxonomy":"post_tag","embeddable":true,"href":"https:\/\/conexion23.com\/index.php?rest_route=%2Fwp%2Fv2%2Ftags&post=18711"}],"curies":[{"name":"wp","href":"https:\/\/api.w.org\/{rel}","templated":true}]}}