{"id":18794,"date":"2023-07-08T21:03:43","date_gmt":"2023-07-09T01:03:43","guid":{"rendered":"https:\/\/conexion23.com\/?p=18794"},"modified":"2023-07-08T21:03:46","modified_gmt":"2023-07-09T01:03:46","slug":"la-fuerza-del-pueblo-inicia-proceso-de-inscripcion-de-precandidaturas-en-san-pedro-de-macoris","status":"publish","type":"post","link":"https:\/\/conexion23.com\/?p=18794","title":{"rendered":"La Fuerza Del Pueblo inicia proceso de inscripci\u00f3n de precandidaturas en San Pedro de Macor\u00eds."},"content":{"rendered":"\n<p>Con la presencia de simpatizantes, amigos y miembros de la prensa, El Partido La Fuerza del Pueblo (FP), dio inicio al proceso de inscripciones de las precandidaturas tanto en el nivel legislativo como municipal en San Pedro de Macor\u00eds.<\/p>\n\n\n\n<p>Desde tempranas horas de la ma\u00f1ana cientos de personas hab\u00edan acudido al local de la Fuerza del Pueblo para acompa\u00f1ar a los precandidatos de su preferencia en apoyo a su inscripci\u00f3n, tanto del municipio cabecera como de los dem\u00e1s municipios.<\/p>\n\n\n\n<figure class=\"wp-block-image size-large\"><img loading=\"lazy\" decoding=\"async\" width=\"1024\" height=\"460\" src=\"https:\/\/conexion23.com\/wp-content\/uploads\/2023\/07\/6c1fc9c6-572a-47b2-918c-7a563eab1886-1024x460.jpg\" alt=\"\" class=\"wp-image-18796\" srcset=\"https:\/\/conexion23.com\/wp-content\/uploads\/2023\/07\/6c1fc9c6-572a-47b2-918c-7a563eab1886-1024x460.jpg 1024w, https:\/\/conexion23.com\/wp-content\/uploads\/2023\/07\/6c1fc9c6-572a-47b2-918c-7a563eab1886-300x135.jpg 300w, https:\/\/conexion23.com\/wp-content\/uploads\/2023\/07\/6c1fc9c6-572a-47b2-918c-7a563eab1886-768x345.jpg 768w, https:\/\/conexion23.com\/wp-content\/uploads\/2023\/07\/6c1fc9c6-572a-47b2-918c-7a563eab1886-1080x485.jpg 1080w, https:\/\/conexion23.com\/wp-content\/uploads\/2023\/07\/6c1fc9c6-572a-47b2-918c-7a563eab1886-980x440.jpg 980w, https:\/\/conexion23.com\/wp-content\/uploads\/2023\/07\/6c1fc9c6-572a-47b2-918c-7a563eab1886-480x216.jpg 480w, https:\/\/conexion23.com\/wp-content\/uploads\/2023\/07\/6c1fc9c6-572a-47b2-918c-7a563eab1886.jpg 1280w\" sizes=\"auto, (max-width: 1024px) 100vw, 1024px\" \/><\/figure>\n\n\n\n<p>El senador Franklin Pe\u00f1a quien inscribir\u00e1 su candidatura de manera oficial este domingo 9 de julio estuvo presente en el inicio del proceso junto a la comisi\u00f3n organizadora que estaba compuesta por Felipe El Jey Payano, La Dra. Vicenta Santana, Mariano Morla Lluberes, Carlos Lopez, Catalina Paredes, entre otras figuras importantes del partido.<\/p>\n\n\n\n<p>La convocatoria inici\u00f3 este s\u00e1bado 8 y los dirigentes pol\u00edticos podr\u00e1n continuar realizando su inscripci\u00f3n.<\/p>\n","protected":false},"excerpt":{"rendered":"<p>Con la presencia de simpatizantes, amigos y miembros de la prensa, El Partido La Fuerza del Pueblo (FP), dio inicio al proceso de inscripciones de las precandidaturas tanto en el nivel legislativo como municipal en San Pedro de Macor\u00eds. Desde tempranas horas de la ma\u00f1ana cientos de personas hab\u00edan acudido al local de la Fuerza [&hellip;]<\/p>\n","protected":false},"author":15,"featured_media":18795,"comment_status":"open","ping_status":"open","sticky":false,"template":"","format":"standard","meta":{"footnotes":""},"categories":[35],"tags":[],"class_list":{"0":"post-18794","1":"post","2":"type-post","3":"status-publish","4":"format-standard","5":"has-post-thumbnail","7":"category-spm"},"yoast_head":"<!-- This site is optimized with the Yoast SEO plugin v27.1.1 - https:\/\/yoast.com\/product\/yoast-seo-wordpress\/ -->\n<title>La Fuerza Del Pueblo inicia proceso de inscripci\u00f3n de precandidaturas en San Pedro de Macor\u00eds. - Conexi\u00f3n 23<\/title>\n<meta name=\"robots\" content=\"index, follow, max-snippet:-1, max-image-preview:large, max-video-preview:-1\" \/>\n<link rel=\"canonical\" href=\"https:\/\/conexion23.com\/?p=18794\" \/>\n<meta property=\"og:locale\" content=\"es_ES\" \/>\n<meta property=\"og:type\" content=\"article\" \/>\n<meta property=\"og:title\" content=\"La Fuerza Del Pueblo inicia proceso de inscripci\u00f3n de precandidaturas en San Pedro de Macor\u00eds. - Conexi\u00f3n 23\" \/>\n<meta property=\"og:description\" content=\"Con la presencia de simpatizantes, amigos y miembros de la prensa, El Partido La Fuerza del Pueblo (FP), dio inicio al proceso de inscripciones de las precandidaturas tanto en el nivel legislativo como municipal en San Pedro de Macor\u00eds. Desde tempranas horas de la ma\u00f1ana cientos de personas hab\u00edan acudido al local de la Fuerza [&hellip;]\" \/>\n<meta property=\"og:url\" content=\"https:\/\/conexion23.com\/?p=18794\" \/>\n<meta property=\"og:site_name\" content=\"Conexi\u00f3n 23\" \/>\n<meta property=\"article:publisher\" content=\"https:\/\/www.facebook.com\/conexion23com\" \/>\n<meta property=\"article:published_time\" content=\"2023-07-09T01:03:43+00:00\" \/>\n<meta property=\"article:modified_time\" content=\"2023-07-09T01:03:46+00:00\" \/>\n<meta property=\"og:image\" content=\"https:\/\/conexion23.com\/wp-content\/uploads\/2023\/07\/15207317-2300-49a9-be11-27e9162b5e9e.jpg\" \/>\n\t<meta property=\"og:image:width\" content=\"1280\" \/>\n\t<meta property=\"og:image:height\" content=\"746\" \/>\n\t<meta property=\"og:image:type\" content=\"image\/jpeg\" \/>\n<meta name=\"author\" content=\"Raffy Ben\u00edtez\" \/>\n<meta name=\"twitter:card\" content=\"summary_large_image\" \/>\n<meta name=\"twitter:label1\" content=\"Escrito por\" \/>\n\t<meta name=\"twitter:data1\" content=\"Raffy Ben\u00edtez\" \/>\n\t<meta name=\"twitter:label2\" content=\"Tiempo de lectura\" \/>\n\t<meta name=\"twitter:data2\" content=\"1 minuto\" \/>\n<script type=\"application\/ld+json\" class=\"yoast-schema-graph\">{\"@context\":\"https:\/\/schema.org\",\"@graph\":[{\"@type\":\"Article\",\"@id\":\"https:\/\/conexion23.com\/?p=18794#article\",\"isPartOf\":{\"@id\":\"https:\/\/conexion23.com\/?p=18794\"},\"author\":{\"name\":\"Raffy Ben\u00edtez\",\"@id\":\"https:\/\/conexion23.com\/#\/schema\/person\/03e36043331117e97a373299bbcd30a6\"},\"headline\":\"La Fuerza Del Pueblo inicia proceso de inscripci\u00f3n de precandidaturas en San Pedro de Macor\u00eds.\",\"datePublished\":\"2023-07-09T01:03:43+00:00\",\"dateModified\":\"2023-07-09T01:03:46+00:00\",\"mainEntityOfPage\":{\"@id\":\"https:\/\/conexion23.com\/?p=18794\"},\"wordCount\":174,\"commentCount\":0,\"publisher\":{\"@id\":\"https:\/\/conexion23.com\/#organization\"},\"image\":{\"@id\":\"https:\/\/conexion23.com\/?p=18794#primaryimage\"},\"thumbnailUrl\":\"https:\/\/conexion23.com\/wp-content\/uploads\/2023\/07\/15207317-2300-49a9-be11-27e9162b5e9e.jpg\",\"articleSection\":[\"SPM\"],\"inLanguage\":\"es\",\"potentialAction\":[{\"@type\":\"CommentAction\",\"name\":\"Comment\",\"target\":[\"https:\/\/conexion23.com\/?p=18794#respond\"]}]},{\"@type\":\"WebPage\",\"@id\":\"https:\/\/conexion23.com\/?p=18794\",\"url\":\"https:\/\/conexion23.com\/?p=18794\",\"name\":\"La Fuerza Del Pueblo inicia proceso de inscripci\u00f3n de precandidaturas en San Pedro de Macor\u00eds. - Conexi\u00f3n 23\",\"isPartOf\":{\"@id\":\"https:\/\/conexion23.com\/#website\"},\"primaryImageOfPage\":{\"@id\":\"https:\/\/conexion23.com\/?p=18794#primaryimage\"},\"image\":{\"@id\":\"https:\/\/conexion23.com\/?p=18794#primaryimage\"},\"thumbnailUrl\":\"https:\/\/conexion23.com\/wp-content\/uploads\/2023\/07\/15207317-2300-49a9-be11-27e9162b5e9e.jpg\",\"datePublished\":\"2023-07-09T01:03:43+00:00\",\"dateModified\":\"2023-07-09T01:03:46+00:00\",\"breadcrumb\":{\"@id\":\"https:\/\/conexion23.com\/?p=18794#breadcrumb\"},\"inLanguage\":\"es\",\"potentialAction\":[{\"@type\":\"ReadAction\",\"target\":[\"https:\/\/conexion23.com\/?p=18794\"]}]},{\"@type\":\"ImageObject\",\"inLanguage\":\"es\",\"@id\":\"https:\/\/conexion23.com\/?p=18794#primaryimage\",\"url\":\"https:\/\/conexion23.com\/wp-content\/uploads\/2023\/07\/15207317-2300-49a9-be11-27e9162b5e9e.jpg\",\"contentUrl\":\"https:\/\/conexion23.com\/wp-content\/uploads\/2023\/07\/15207317-2300-49a9-be11-27e9162b5e9e.jpg\",\"width\":1280,\"height\":746},{\"@type\":\"BreadcrumbList\",\"@id\":\"https:\/\/conexion23.com\/?p=18794#breadcrumb\",\"itemListElement\":[{\"@type\":\"ListItem\",\"position\":1,\"name\":\"Portada\",\"item\":\"https:\/\/conexion23.com\/\"},{\"@type\":\"ListItem\",\"position\":2,\"name\":\"La Fuerza Del Pueblo inicia proceso de inscripci\u00f3n de precandidaturas en San Pedro de Macor\u00eds.\"}]},{\"@type\":\"WebSite\",\"@id\":\"https:\/\/conexion23.com\/#website\",\"url\":\"https:\/\/conexion23.com\/\",\"name\":\"Conexi\u00f3n 23\",\"description\":\"Peri\u00f3dico 100% Petromacorisano\",\"publisher\":{\"@id\":\"https:\/\/conexion23.com\/#organization\"},\"potentialAction\":[{\"@type\":\"SearchAction\",\"target\":{\"@type\":\"EntryPoint\",\"urlTemplate\":\"https:\/\/conexion23.com\/?s={search_term_string}\"},\"query-input\":{\"@type\":\"PropertyValueSpecification\",\"valueRequired\":true,\"valueName\":\"search_term_string\"}}],\"inLanguage\":\"es\"},{\"@type\":\"Organization\",\"@id\":\"https:\/\/conexion23.com\/#organization\",\"name\":\"Conexion 23\",\"url\":\"https:\/\/conexion23.com\/\",\"logo\":{\"@type\":\"ImageObject\",\"inLanguage\":\"es\",\"@id\":\"https:\/\/conexion23.com\/#\/schema\/logo\/image\/\",\"url\":\"https:\/\/conexion23.com\/wp-content\/uploads\/2021\/11\/Diseno-sin-titulo-2.png\",\"contentUrl\":\"https:\/\/conexion23.com\/wp-content\/uploads\/2021\/11\/Diseno-sin-titulo-2.png\",\"width\":541,\"height\":90,\"caption\":\"Conexion 23\"},\"image\":{\"@id\":\"https:\/\/conexion23.com\/#\/schema\/logo\/image\/\"},\"sameAs\":[\"https:\/\/www.facebook.com\/conexion23com\",\"https:\/\/www.instagram.com\/conexion23com\/\",\"https:\/\/www.youtube.com\/channel\/UCYc7vxxFZMYLIHNsHHxPZ3Q\"]},{\"@type\":\"Person\",\"@id\":\"https:\/\/conexion23.com\/#\/schema\/person\/03e36043331117e97a373299bbcd30a6\",\"name\":\"Raffy Ben\u00edtez\",\"image\":{\"@type\":\"ImageObject\",\"inLanguage\":\"es\",\"@id\":\"https:\/\/conexion23.com\/#\/schema\/person\/image\/\",\"url\":\"https:\/\/secure.gravatar.com\/avatar\/3190a6a6c5e1b0327500f7d6c56b6242472ee6cb974cf09b401ee6b3b0798f23?s=96&d=mm&r=g\",\"contentUrl\":\"https:\/\/secure.gravatar.com\/avatar\/3190a6a6c5e1b0327500f7d6c56b6242472ee6cb974cf09b401ee6b3b0798f23?s=96&d=mm&r=g\",\"caption\":\"Raffy Ben\u00edtez\"},\"url\":\"https:\/\/conexion23.com\/?author=15\"}]}<\/script>\n<!-- \/ Yoast SEO plugin. -->","yoast_head_json":{"title":"La Fuerza Del Pueblo inicia proceso de inscripci\u00f3n de precandidaturas en San Pedro de Macor\u00eds. - Conexi\u00f3n 23","robots":{"index":"index","follow":"follow","max-snippet":"max-snippet:-1","max-image-preview":"max-image-preview:large","max-video-preview":"max-video-preview:-1"},"canonical":"https:\/\/conexion23.com\/?p=18794","og_locale":"es_ES","og_type":"article","og_title":"La Fuerza Del Pueblo inicia proceso de inscripci\u00f3n de precandidaturas en San Pedro de Macor\u00eds. - Conexi\u00f3n 23","og_description":"Con la presencia de simpatizantes, amigos y miembros de la prensa, El Partido La Fuerza del Pueblo (FP), dio inicio al proceso de inscripciones de las precandidaturas tanto en el nivel legislativo como municipal en San Pedro de Macor\u00eds. Desde tempranas horas de la ma\u00f1ana cientos de personas hab\u00edan acudido al local de la Fuerza [&hellip;]","og_url":"https:\/\/conexion23.com\/?p=18794","og_site_name":"Conexi\u00f3n 23","article_publisher":"https:\/\/www.facebook.com\/conexion23com","article_published_time":"2023-07-09T01:03:43+00:00","article_modified_time":"2023-07-09T01:03:46+00:00","og_image":[{"width":1280,"height":746,"url":"https:\/\/conexion23.com\/wp-content\/uploads\/2023\/07\/15207317-2300-49a9-be11-27e9162b5e9e.jpg","type":"image\/jpeg"}],"author":"Raffy Ben\u00edtez","twitter_card":"summary_large_image","twitter_misc":{"Escrito por":"Raffy Ben\u00edtez","Tiempo de lectura":"1 minuto"},"schema":{"@context":"https:\/\/schema.org","@graph":[{"@type":"Article","@id":"https:\/\/conexion23.com\/?p=18794#article","isPartOf":{"@id":"https:\/\/conexion23.com\/?p=18794"},"author":{"name":"Raffy Ben\u00edtez","@id":"https:\/\/conexion23.com\/#\/schema\/person\/03e36043331117e97a373299bbcd30a6"},"headline":"La Fuerza Del Pueblo inicia proceso de inscripci\u00f3n de precandidaturas en San Pedro de Macor\u00eds.","datePublished":"2023-07-09T01:03:43+00:00","dateModified":"2023-07-09T01:03:46+00:00","mainEntityOfPage":{"@id":"https:\/\/conexion23.com\/?p=18794"},"wordCount":174,"commentCount":0,"publisher":{"@id":"https:\/\/conexion23.com\/#organization"},"image":{"@id":"https:\/\/conexion23.com\/?p=18794#primaryimage"},"thumbnailUrl":"https:\/\/conexion23.com\/wp-content\/uploads\/2023\/07\/15207317-2300-49a9-be11-27e9162b5e9e.jpg","articleSection":["SPM"],"inLanguage":"es","potentialAction":[{"@type":"CommentAction","name":"Comment","target":["https:\/\/conexion23.com\/?p=18794#respond"]}]},{"@type":"WebPage","@id":"https:\/\/conexion23.com\/?p=18794","url":"https:\/\/conexion23.com\/?p=18794","name":"La Fuerza Del Pueblo inicia proceso de inscripci\u00f3n de precandidaturas en San Pedro de Macor\u00eds. - Conexi\u00f3n 23","isPartOf":{"@id":"https:\/\/conexion23.com\/#website"},"primaryImageOfPage":{"@id":"https:\/\/conexion23.com\/?p=18794#primaryimage"},"image":{"@id":"https:\/\/conexion23.com\/?p=18794#primaryimage"},"thumbnailUrl":"https:\/\/conexion23.com\/wp-content\/uploads\/2023\/07\/15207317-2300-49a9-be11-27e9162b5e9e.jpg","datePublished":"2023-07-09T01:03:43+00:00","dateModified":"2023-07-09T01:03:46+00:00","breadcrumb":{"@id":"https:\/\/conexion23.com\/?p=18794#breadcrumb"},"inLanguage":"es","potentialAction":[{"@type":"ReadAction","target":["https:\/\/conexion23.com\/?p=18794"]}]},{"@type":"ImageObject","inLanguage":"es","@id":"https:\/\/conexion23.com\/?p=18794#primaryimage","url":"https:\/\/conexion23.com\/wp-content\/uploads\/2023\/07\/15207317-2300-49a9-be11-27e9162b5e9e.jpg","contentUrl":"https:\/\/conexion23.com\/wp-content\/uploads\/2023\/07\/15207317-2300-49a9-be11-27e9162b5e9e.jpg","width":1280,"height":746},{"@type":"BreadcrumbList","@id":"https:\/\/conexion23.com\/?p=18794#breadcrumb","itemListElement":[{"@type":"ListItem","position":1,"name":"Portada","item":"https:\/\/conexion23.com\/"},{"@type":"ListItem","position":2,"name":"La Fuerza Del Pueblo inicia proceso de inscripci\u00f3n de precandidaturas en San Pedro de Macor\u00eds."}]},{"@type":"WebSite","@id":"https:\/\/conexion23.com\/#website","url":"https:\/\/conexion23.com\/","name":"Conexi\u00f3n 23","description":"Peri\u00f3dico 100% Petromacorisano","publisher":{"@id":"https:\/\/conexion23.com\/#organization"},"potentialAction":[{"@type":"SearchAction","target":{"@type":"EntryPoint","urlTemplate":"https:\/\/conexion23.com\/?s={search_term_string}"},"query-input":{"@type":"PropertyValueSpecification","valueRequired":true,"valueName":"search_term_string"}}],"inLanguage":"es"},{"@type":"Organization","@id":"https:\/\/conexion23.com\/#organization","name":"Conexion 23","url":"https:\/\/conexion23.com\/","logo":{"@type":"ImageObject","inLanguage":"es","@id":"https:\/\/conexion23.com\/#\/schema\/logo\/image\/","url":"https:\/\/conexion23.com\/wp-content\/uploads\/2021\/11\/Diseno-sin-titulo-2.png","contentUrl":"https:\/\/conexion23.com\/wp-content\/uploads\/2021\/11\/Diseno-sin-titulo-2.png","width":541,"height":90,"caption":"Conexion 23"},"image":{"@id":"https:\/\/conexion23.com\/#\/schema\/logo\/image\/"},"sameAs":["https:\/\/www.facebook.com\/conexion23com","https:\/\/www.instagram.com\/conexion23com\/","https:\/\/www.youtube.com\/channel\/UCYc7vxxFZMYLIHNsHHxPZ3Q"]},{"@type":"Person","@id":"https:\/\/conexion23.com\/#\/schema\/person\/03e36043331117e97a373299bbcd30a6","name":"Raffy Ben\u00edtez","image":{"@type":"ImageObject","inLanguage":"es","@id":"https:\/\/conexion23.com\/#\/schema\/person\/image\/","url":"https:\/\/secure.gravatar.com\/avatar\/3190a6a6c5e1b0327500f7d6c56b6242472ee6cb974cf09b401ee6b3b0798f23?s=96&d=mm&r=g","contentUrl":"https:\/\/secure.gravatar.com\/avatar\/3190a6a6c5e1b0327500f7d6c56b6242472ee6cb974cf09b401ee6b3b0798f23?s=96&d=mm&r=g","caption":"Raffy Ben\u00edtez"},"url":"https:\/\/conexion23.com\/?author=15"}]}},"_links":{"self":[{"href":"https:\/\/conexion23.com\/index.php?rest_route=\/wp\/v2\/posts\/18794","targetHints":{"allow":["GET"]}}],"collection":[{"href":"https:\/\/conexion23.com\/index.php?rest_route=\/wp\/v2\/posts"}],"about":[{"href":"https:\/\/conexion23.com\/index.php?rest_route=\/wp\/v2\/types\/post"}],"author":[{"embeddable":true,"href":"https:\/\/conexion23.com\/index.php?rest_route=\/wp\/v2\/users\/15"}],"replies":[{"embeddable":true,"href":"https:\/\/conexion23.com\/index.php?rest_route=%2Fwp%2Fv2%2Fcomments&post=18794"}],"version-history":[{"count":1,"href":"https:\/\/conexion23.com\/index.php?rest_route=\/wp\/v2\/posts\/18794\/revisions"}],"predecessor-version":[{"id":18797,"href":"https:\/\/conexion23.com\/index.php?rest_route=\/wp\/v2\/posts\/18794\/revisions\/18797"}],"wp:featuredmedia":[{"embeddable":true,"href":"https:\/\/conexion23.com\/index.php?rest_route=\/wp\/v2\/media\/18795"}],"wp:attachment":[{"href":"https:\/\/conexion23.com\/index.php?rest_route=%2Fwp%2Fv2%2Fmedia&parent=18794"}],"wp:term":[{"taxonomy":"category","embeddable":true,"href":"https:\/\/conexion23.com\/index.php?rest_route=%2Fwp%2Fv2%2Fcategories&post=18794"},{"taxonomy":"post_tag","embeddable":true,"href":"https:\/\/conexion23.com\/index.php?rest_route=%2Fwp%2Fv2%2Ftags&post=18794"}],"curies":[{"name":"wp","href":"https:\/\/api.w.org\/{rel}","templated":true}]}}