{"id":18798,"date":"2023-07-09T15:22:08","date_gmt":"2023-07-09T19:22:08","guid":{"rendered":"https:\/\/conexion23.com\/?p=18798"},"modified":"2023-07-09T15:22:11","modified_gmt":"2023-07-09T19:22:11","slug":"franklin-pena-inscribe-de-manera-formal-su-candidatura-a-senador-por-spm","status":"publish","type":"post","link":"https:\/\/conexion23.com\/?p=18798","title":{"rendered":"Franklin Pe\u00f1a inscribe de manera formal su candidatura a senador por SPM."},"content":{"rendered":"\n<p>En la ma\u00f1ana de este domingo 9 de julio el Dr. Franklin Pe\u00f1a, actual senador de La Fuerza del Pueblo y aspirante a esa misma posici\u00f3n en San Pedro de Macor\u00eds&nbsp; inscribi\u00f3 su candidatura en el local de esa organizaci\u00f3n pol\u00edtica ubicado en la Avenida Independencia.<\/p>\n\n\n\n<p>Franklin Pe\u00f1a estuvo acompa\u00f1ado de un equipo de hombres y mujeres que est\u00e1n convencidos de que la provincia San Pedro de Macor\u00eds necesita que el congresista siga ocupando esa posici\u00f3n legislativa para que siga trabajando por la Sultana del Este, ya que en estos 3 a\u00f1os de ocupar ese cargo es mucho lo que ha legislado y logrado para el desarrollo del pueblo petromacorisano, pero entienden que a\u00fan falta mucho por hacer.<\/p>\n\n\n\n<p>Al hacer uso de la palabra el senador fue breve pero preciso al decir que la fuerza en San Pedro la tiene Leonel Fernandez, la Fuerza del Pueblo y Franklin Pe\u00f1a.<\/p>\n\n\n\n<figure class=\"wp-block-gallery has-nested-images columns-default is-cropped wp-block-gallery-1 is-layout-flex wp-block-gallery-is-layout-flex\">\n<figure class=\"wp-block-image size-large\"><img loading=\"lazy\" decoding=\"async\" width=\"1024\" height=\"682\" data-id=\"18802\" src=\"https:\/\/conexion23.com\/wp-content\/uploads\/2023\/07\/830edcc9-16be-4999-a1bf-2b0d3530dedd-1024x682.jpg\" alt=\"\" class=\"wp-image-18802\" srcset=\"https:\/\/conexion23.com\/wp-content\/uploads\/2023\/07\/830edcc9-16be-4999-a1bf-2b0d3530dedd-1024x682.jpg 1024w, https:\/\/conexion23.com\/wp-content\/uploads\/2023\/07\/830edcc9-16be-4999-a1bf-2b0d3530dedd-300x200.jpg 300w, https:\/\/conexion23.com\/wp-content\/uploads\/2023\/07\/830edcc9-16be-4999-a1bf-2b0d3530dedd-768x512.jpg 768w, https:\/\/conexion23.com\/wp-content\/uploads\/2023\/07\/830edcc9-16be-4999-a1bf-2b0d3530dedd-1080x720.jpg 1080w, https:\/\/conexion23.com\/wp-content\/uploads\/2023\/07\/830edcc9-16be-4999-a1bf-2b0d3530dedd-980x653.jpg 980w, https:\/\/conexion23.com\/wp-content\/uploads\/2023\/07\/830edcc9-16be-4999-a1bf-2b0d3530dedd-480x320.jpg 480w, https:\/\/conexion23.com\/wp-content\/uploads\/2023\/07\/830edcc9-16be-4999-a1bf-2b0d3530dedd.jpg 1280w\" sizes=\"auto, (max-width: 1024px) 100vw, 1024px\" \/><\/figure>\n<\/figure>\n\n\n\n<p>Expres\u00f3 que van a hacer un lanzamiento como jam\u00e1s se ha hecho en la provincia, abarrotando no \u00fanicamente un lugar, sino llenando todas las calles para demostrar que la Fuerza del Pueblo va a salir victoriosa en esta contienda electoral.&nbsp;&nbsp;<\/p>\n\n\n\n<p>Franklin Pe\u00f1a tiene una amplia y destacada trayectoria como profesional de la medicina, empresario de la salud&nbsp; y pol\u00edtico fruct\u00edfero en favor de la ciudadan\u00eda.<\/p>\n\n\n\n<p>A eso del mediod\u00eda el senador lleg\u00f3 acompa\u00f1ado de Radhames Jim\u00e9nez, miembro del Direcci\u00f3n Pol\u00edtico de la Fuerza del Pueblo y aspirantes a Diputados, S\u00edndicos y Regidores de la&nbsp; ciudad por la FP.<\/p>\n\n\n\n<p>Felipe el Jey Payano quien es el enlace de la Fuerza del Pueblo en San Pedro de Macor\u00eds, y presidente de La Comisi\u00f3n Electoral junto a la Dra. Vicenta Santana y al se\u00f1or Pablo Gil, dijo que desde el d\u00eda de ayer y hoy se han inscripto una considerable cantidad de compa\u00f1eros y compa\u00f1eras para aspirar a los diferentes cargos pol\u00edticos, argumentando que este proceso ha sido todo un \u00e9xito.<\/p>\n\n\n\n<p>Finalmente se rese\u00f1a que el senador Franklin Pe\u00f1a, destacado m\u00e9dico y pol\u00edtico reafirma su compromiso de seguir teniendo una participaci\u00f3n estelar y decisiva en el Senado de la Rep\u00fablica, abriendo las puertas&nbsp; de la oficina senatorial a la poblaci\u00f3n petromacorisana de la mano de los representantes de la comunidad, as\u00ed como de l\u00edderes religiosos y j\u00f3venes comprometidos con los mejores intereses de la naci\u00f3n.<\/p>\n","protected":false},"excerpt":{"rendered":"<p>En la ma\u00f1ana de este domingo 9 de julio el Dr. Franklin Pe\u00f1a, actual senador de La Fuerza del Pueblo y aspirante a esa misma posici\u00f3n en San Pedro de Macor\u00eds&nbsp; inscribi\u00f3 su candidatura en el local de esa organizaci\u00f3n pol\u00edtica ubicado en la Avenida Independencia. Franklin Pe\u00f1a estuvo acompa\u00f1ado de un equipo de hombres [&hellip;]<\/p>\n","protected":false},"author":15,"featured_media":18801,"comment_status":"open","ping_status":"open","sticky":false,"template":"","format":"standard","meta":{"footnotes":""},"categories":[35],"tags":[],"class_list":{"0":"post-18798","1":"post","2":"type-post","3":"status-publish","4":"format-standard","5":"has-post-thumbnail","7":"category-spm"},"yoast_head":"<!-- This site is optimized with the Yoast SEO plugin v27.1.1 - https:\/\/yoast.com\/product\/yoast-seo-wordpress\/ -->\n<title>Franklin Pe\u00f1a inscribe de manera formal su candidatura a senador por SPM. - Conexi\u00f3n 23<\/title>\n<meta name=\"robots\" content=\"index, follow, max-snippet:-1, max-image-preview:large, max-video-preview:-1\" \/>\n<link rel=\"canonical\" href=\"https:\/\/conexion23.com\/?p=18798\" \/>\n<meta property=\"og:locale\" content=\"es_ES\" \/>\n<meta property=\"og:type\" content=\"article\" \/>\n<meta property=\"og:title\" content=\"Franklin Pe\u00f1a inscribe de manera formal su candidatura a senador por SPM. - Conexi\u00f3n 23\" \/>\n<meta property=\"og:description\" content=\"En la ma\u00f1ana de este domingo 9 de julio el Dr. Franklin Pe\u00f1a, actual senador de La Fuerza del Pueblo y aspirante a esa misma posici\u00f3n en San Pedro de Macor\u00eds&nbsp; inscribi\u00f3 su candidatura en el local de esa organizaci\u00f3n pol\u00edtica ubicado en la Avenida Independencia. Franklin Pe\u00f1a estuvo acompa\u00f1ado de un equipo de hombres [&hellip;]\" \/>\n<meta property=\"og:url\" content=\"https:\/\/conexion23.com\/?p=18798\" \/>\n<meta property=\"og:site_name\" content=\"Conexi\u00f3n 23\" \/>\n<meta property=\"article:publisher\" content=\"https:\/\/www.facebook.com\/conexion23com\" \/>\n<meta property=\"article:published_time\" content=\"2023-07-09T19:22:08+00:00\" \/>\n<meta property=\"article:modified_time\" content=\"2023-07-09T19:22:11+00:00\" \/>\n<meta property=\"og:image\" content=\"https:\/\/conexion23.com\/wp-content\/uploads\/2023\/07\/f6f440d1-145e-47aa-a1dc-42f6845fab6c.jpg\" \/>\n\t<meta property=\"og:image:width\" content=\"1280\" \/>\n\t<meta property=\"og:image:height\" content=\"575\" \/>\n\t<meta property=\"og:image:type\" content=\"image\/jpeg\" \/>\n<meta name=\"author\" content=\"Raffy Ben\u00edtez\" \/>\n<meta name=\"twitter:card\" content=\"summary_large_image\" \/>\n<meta name=\"twitter:label1\" content=\"Escrito por\" \/>\n\t<meta name=\"twitter:data1\" content=\"Raffy Ben\u00edtez\" \/>\n\t<meta name=\"twitter:label2\" content=\"Tiempo de lectura\" \/>\n\t<meta name=\"twitter:data2\" content=\"2 minutos\" \/>\n<script type=\"application\/ld+json\" class=\"yoast-schema-graph\">{\"@context\":\"https:\/\/schema.org\",\"@graph\":[{\"@type\":\"Article\",\"@id\":\"https:\/\/conexion23.com\/?p=18798#article\",\"isPartOf\":{\"@id\":\"https:\/\/conexion23.com\/?p=18798\"},\"author\":{\"name\":\"Raffy Ben\u00edtez\",\"@id\":\"https:\/\/conexion23.com\/#\/schema\/person\/03e36043331117e97a373299bbcd30a6\"},\"headline\":\"Franklin Pe\u00f1a inscribe de manera formal su candidatura a senador por SPM.\",\"datePublished\":\"2023-07-09T19:22:08+00:00\",\"dateModified\":\"2023-07-09T19:22:11+00:00\",\"mainEntityOfPage\":{\"@id\":\"https:\/\/conexion23.com\/?p=18798\"},\"wordCount\":440,\"commentCount\":0,\"publisher\":{\"@id\":\"https:\/\/conexion23.com\/#organization\"},\"image\":{\"@id\":\"https:\/\/conexion23.com\/?p=18798#primaryimage\"},\"thumbnailUrl\":\"https:\/\/conexion23.com\/wp-content\/uploads\/2023\/07\/f6f440d1-145e-47aa-a1dc-42f6845fab6c.jpg\",\"articleSection\":[\"SPM\"],\"inLanguage\":\"es\",\"potentialAction\":[{\"@type\":\"CommentAction\",\"name\":\"Comment\",\"target\":[\"https:\/\/conexion23.com\/?p=18798#respond\"]}]},{\"@type\":\"WebPage\",\"@id\":\"https:\/\/conexion23.com\/?p=18798\",\"url\":\"https:\/\/conexion23.com\/?p=18798\",\"name\":\"Franklin Pe\u00f1a inscribe de manera formal su candidatura a senador por SPM. - Conexi\u00f3n 23\",\"isPartOf\":{\"@id\":\"https:\/\/conexion23.com\/#website\"},\"primaryImageOfPage\":{\"@id\":\"https:\/\/conexion23.com\/?p=18798#primaryimage\"},\"image\":{\"@id\":\"https:\/\/conexion23.com\/?p=18798#primaryimage\"},\"thumbnailUrl\":\"https:\/\/conexion23.com\/wp-content\/uploads\/2023\/07\/f6f440d1-145e-47aa-a1dc-42f6845fab6c.jpg\",\"datePublished\":\"2023-07-09T19:22:08+00:00\",\"dateModified\":\"2023-07-09T19:22:11+00:00\",\"breadcrumb\":{\"@id\":\"https:\/\/conexion23.com\/?p=18798#breadcrumb\"},\"inLanguage\":\"es\",\"potentialAction\":[{\"@type\":\"ReadAction\",\"target\":[\"https:\/\/conexion23.com\/?p=18798\"]}]},{\"@type\":\"ImageObject\",\"inLanguage\":\"es\",\"@id\":\"https:\/\/conexion23.com\/?p=18798#primaryimage\",\"url\":\"https:\/\/conexion23.com\/wp-content\/uploads\/2023\/07\/f6f440d1-145e-47aa-a1dc-42f6845fab6c.jpg\",\"contentUrl\":\"https:\/\/conexion23.com\/wp-content\/uploads\/2023\/07\/f6f440d1-145e-47aa-a1dc-42f6845fab6c.jpg\",\"width\":1280,\"height\":575},{\"@type\":\"BreadcrumbList\",\"@id\":\"https:\/\/conexion23.com\/?p=18798#breadcrumb\",\"itemListElement\":[{\"@type\":\"ListItem\",\"position\":1,\"name\":\"Portada\",\"item\":\"https:\/\/conexion23.com\/\"},{\"@type\":\"ListItem\",\"position\":2,\"name\":\"Franklin Pe\u00f1a inscribe de manera formal su candidatura a senador por SPM.\"}]},{\"@type\":\"WebSite\",\"@id\":\"https:\/\/conexion23.com\/#website\",\"url\":\"https:\/\/conexion23.com\/\",\"name\":\"Conexi\u00f3n 23\",\"description\":\"Peri\u00f3dico 100% Petromacorisano\",\"publisher\":{\"@id\":\"https:\/\/conexion23.com\/#organization\"},\"potentialAction\":[{\"@type\":\"SearchAction\",\"target\":{\"@type\":\"EntryPoint\",\"urlTemplate\":\"https:\/\/conexion23.com\/?s={search_term_string}\"},\"query-input\":{\"@type\":\"PropertyValueSpecification\",\"valueRequired\":true,\"valueName\":\"search_term_string\"}}],\"inLanguage\":\"es\"},{\"@type\":\"Organization\",\"@id\":\"https:\/\/conexion23.com\/#organization\",\"name\":\"Conexion 23\",\"url\":\"https:\/\/conexion23.com\/\",\"logo\":{\"@type\":\"ImageObject\",\"inLanguage\":\"es\",\"@id\":\"https:\/\/conexion23.com\/#\/schema\/logo\/image\/\",\"url\":\"https:\/\/conexion23.com\/wp-content\/uploads\/2021\/11\/Diseno-sin-titulo-2.png\",\"contentUrl\":\"https:\/\/conexion23.com\/wp-content\/uploads\/2021\/11\/Diseno-sin-titulo-2.png\",\"width\":541,\"height\":90,\"caption\":\"Conexion 23\"},\"image\":{\"@id\":\"https:\/\/conexion23.com\/#\/schema\/logo\/image\/\"},\"sameAs\":[\"https:\/\/www.facebook.com\/conexion23com\",\"https:\/\/www.instagram.com\/conexion23com\/\",\"https:\/\/www.youtube.com\/channel\/UCYc7vxxFZMYLIHNsHHxPZ3Q\"]},{\"@type\":\"Person\",\"@id\":\"https:\/\/conexion23.com\/#\/schema\/person\/03e36043331117e97a373299bbcd30a6\",\"name\":\"Raffy Ben\u00edtez\",\"image\":{\"@type\":\"ImageObject\",\"inLanguage\":\"es\",\"@id\":\"https:\/\/conexion23.com\/#\/schema\/person\/image\/\",\"url\":\"https:\/\/secure.gravatar.com\/avatar\/3190a6a6c5e1b0327500f7d6c56b6242472ee6cb974cf09b401ee6b3b0798f23?s=96&d=mm&r=g\",\"contentUrl\":\"https:\/\/secure.gravatar.com\/avatar\/3190a6a6c5e1b0327500f7d6c56b6242472ee6cb974cf09b401ee6b3b0798f23?s=96&d=mm&r=g\",\"caption\":\"Raffy Ben\u00edtez\"},\"url\":\"https:\/\/conexion23.com\/?author=15\"}]}<\/script>\n<!-- \/ Yoast SEO plugin. -->","yoast_head_json":{"title":"Franklin Pe\u00f1a inscribe de manera formal su candidatura a senador por SPM. - Conexi\u00f3n 23","robots":{"index":"index","follow":"follow","max-snippet":"max-snippet:-1","max-image-preview":"max-image-preview:large","max-video-preview":"max-video-preview:-1"},"canonical":"https:\/\/conexion23.com\/?p=18798","og_locale":"es_ES","og_type":"article","og_title":"Franklin Pe\u00f1a inscribe de manera formal su candidatura a senador por SPM. - Conexi\u00f3n 23","og_description":"En la ma\u00f1ana de este domingo 9 de julio el Dr. Franklin Pe\u00f1a, actual senador de La Fuerza del Pueblo y aspirante a esa misma posici\u00f3n en San Pedro de Macor\u00eds&nbsp; inscribi\u00f3 su candidatura en el local de esa organizaci\u00f3n pol\u00edtica ubicado en la Avenida Independencia. Franklin Pe\u00f1a estuvo acompa\u00f1ado de un equipo de hombres [&hellip;]","og_url":"https:\/\/conexion23.com\/?p=18798","og_site_name":"Conexi\u00f3n 23","article_publisher":"https:\/\/www.facebook.com\/conexion23com","article_published_time":"2023-07-09T19:22:08+00:00","article_modified_time":"2023-07-09T19:22:11+00:00","og_image":[{"width":1280,"height":575,"url":"https:\/\/conexion23.com\/wp-content\/uploads\/2023\/07\/f6f440d1-145e-47aa-a1dc-42f6845fab6c.jpg","type":"image\/jpeg"}],"author":"Raffy Ben\u00edtez","twitter_card":"summary_large_image","twitter_misc":{"Escrito por":"Raffy Ben\u00edtez","Tiempo de lectura":"2 minutos"},"schema":{"@context":"https:\/\/schema.org","@graph":[{"@type":"Article","@id":"https:\/\/conexion23.com\/?p=18798#article","isPartOf":{"@id":"https:\/\/conexion23.com\/?p=18798"},"author":{"name":"Raffy Ben\u00edtez","@id":"https:\/\/conexion23.com\/#\/schema\/person\/03e36043331117e97a373299bbcd30a6"},"headline":"Franklin Pe\u00f1a inscribe de manera formal su candidatura a senador por SPM.","datePublished":"2023-07-09T19:22:08+00:00","dateModified":"2023-07-09T19:22:11+00:00","mainEntityOfPage":{"@id":"https:\/\/conexion23.com\/?p=18798"},"wordCount":440,"commentCount":0,"publisher":{"@id":"https:\/\/conexion23.com\/#organization"},"image":{"@id":"https:\/\/conexion23.com\/?p=18798#primaryimage"},"thumbnailUrl":"https:\/\/conexion23.com\/wp-content\/uploads\/2023\/07\/f6f440d1-145e-47aa-a1dc-42f6845fab6c.jpg","articleSection":["SPM"],"inLanguage":"es","potentialAction":[{"@type":"CommentAction","name":"Comment","target":["https:\/\/conexion23.com\/?p=18798#respond"]}]},{"@type":"WebPage","@id":"https:\/\/conexion23.com\/?p=18798","url":"https:\/\/conexion23.com\/?p=18798","name":"Franklin Pe\u00f1a inscribe de manera formal su candidatura a senador por SPM. - Conexi\u00f3n 23","isPartOf":{"@id":"https:\/\/conexion23.com\/#website"},"primaryImageOfPage":{"@id":"https:\/\/conexion23.com\/?p=18798#primaryimage"},"image":{"@id":"https:\/\/conexion23.com\/?p=18798#primaryimage"},"thumbnailUrl":"https:\/\/conexion23.com\/wp-content\/uploads\/2023\/07\/f6f440d1-145e-47aa-a1dc-42f6845fab6c.jpg","datePublished":"2023-07-09T19:22:08+00:00","dateModified":"2023-07-09T19:22:11+00:00","breadcrumb":{"@id":"https:\/\/conexion23.com\/?p=18798#breadcrumb"},"inLanguage":"es","potentialAction":[{"@type":"ReadAction","target":["https:\/\/conexion23.com\/?p=18798"]}]},{"@type":"ImageObject","inLanguage":"es","@id":"https:\/\/conexion23.com\/?p=18798#primaryimage","url":"https:\/\/conexion23.com\/wp-content\/uploads\/2023\/07\/f6f440d1-145e-47aa-a1dc-42f6845fab6c.jpg","contentUrl":"https:\/\/conexion23.com\/wp-content\/uploads\/2023\/07\/f6f440d1-145e-47aa-a1dc-42f6845fab6c.jpg","width":1280,"height":575},{"@type":"BreadcrumbList","@id":"https:\/\/conexion23.com\/?p=18798#breadcrumb","itemListElement":[{"@type":"ListItem","position":1,"name":"Portada","item":"https:\/\/conexion23.com\/"},{"@type":"ListItem","position":2,"name":"Franklin Pe\u00f1a inscribe de manera formal su candidatura a senador por SPM."}]},{"@type":"WebSite","@id":"https:\/\/conexion23.com\/#website","url":"https:\/\/conexion23.com\/","name":"Conexi\u00f3n 23","description":"Peri\u00f3dico 100% Petromacorisano","publisher":{"@id":"https:\/\/conexion23.com\/#organization"},"potentialAction":[{"@type":"SearchAction","target":{"@type":"EntryPoint","urlTemplate":"https:\/\/conexion23.com\/?s={search_term_string}"},"query-input":{"@type":"PropertyValueSpecification","valueRequired":true,"valueName":"search_term_string"}}],"inLanguage":"es"},{"@type":"Organization","@id":"https:\/\/conexion23.com\/#organization","name":"Conexion 23","url":"https:\/\/conexion23.com\/","logo":{"@type":"ImageObject","inLanguage":"es","@id":"https:\/\/conexion23.com\/#\/schema\/logo\/image\/","url":"https:\/\/conexion23.com\/wp-content\/uploads\/2021\/11\/Diseno-sin-titulo-2.png","contentUrl":"https:\/\/conexion23.com\/wp-content\/uploads\/2021\/11\/Diseno-sin-titulo-2.png","width":541,"height":90,"caption":"Conexion 23"},"image":{"@id":"https:\/\/conexion23.com\/#\/schema\/logo\/image\/"},"sameAs":["https:\/\/www.facebook.com\/conexion23com","https:\/\/www.instagram.com\/conexion23com\/","https:\/\/www.youtube.com\/channel\/UCYc7vxxFZMYLIHNsHHxPZ3Q"]},{"@type":"Person","@id":"https:\/\/conexion23.com\/#\/schema\/person\/03e36043331117e97a373299bbcd30a6","name":"Raffy Ben\u00edtez","image":{"@type":"ImageObject","inLanguage":"es","@id":"https:\/\/conexion23.com\/#\/schema\/person\/image\/","url":"https:\/\/secure.gravatar.com\/avatar\/3190a6a6c5e1b0327500f7d6c56b6242472ee6cb974cf09b401ee6b3b0798f23?s=96&d=mm&r=g","contentUrl":"https:\/\/secure.gravatar.com\/avatar\/3190a6a6c5e1b0327500f7d6c56b6242472ee6cb974cf09b401ee6b3b0798f23?s=96&d=mm&r=g","caption":"Raffy Ben\u00edtez"},"url":"https:\/\/conexion23.com\/?author=15"}]}},"_links":{"self":[{"href":"https:\/\/conexion23.com\/index.php?rest_route=\/wp\/v2\/posts\/18798","targetHints":{"allow":["GET"]}}],"collection":[{"href":"https:\/\/conexion23.com\/index.php?rest_route=\/wp\/v2\/posts"}],"about":[{"href":"https:\/\/conexion23.com\/index.php?rest_route=\/wp\/v2\/types\/post"}],"author":[{"embeddable":true,"href":"https:\/\/conexion23.com\/index.php?rest_route=\/wp\/v2\/users\/15"}],"replies":[{"embeddable":true,"href":"https:\/\/conexion23.com\/index.php?rest_route=%2Fwp%2Fv2%2Fcomments&post=18798"}],"version-history":[{"count":1,"href":"https:\/\/conexion23.com\/index.php?rest_route=\/wp\/v2\/posts\/18798\/revisions"}],"predecessor-version":[{"id":18803,"href":"https:\/\/conexion23.com\/index.php?rest_route=\/wp\/v2\/posts\/18798\/revisions\/18803"}],"wp:featuredmedia":[{"embeddable":true,"href":"https:\/\/conexion23.com\/index.php?rest_route=\/wp\/v2\/media\/18801"}],"wp:attachment":[{"href":"https:\/\/conexion23.com\/index.php?rest_route=%2Fwp%2Fv2%2Fmedia&parent=18798"}],"wp:term":[{"taxonomy":"category","embeddable":true,"href":"https:\/\/conexion23.com\/index.php?rest_route=%2Fwp%2Fv2%2Fcategories&post=18798"},{"taxonomy":"post_tag","embeddable":true,"href":"https:\/\/conexion23.com\/index.php?rest_route=%2Fwp%2Fv2%2Ftags&post=18798"}],"curies":[{"name":"wp","href":"https:\/\/api.w.org\/{rel}","templated":true}]}}