{"id":18800,"date":"2023-07-09T15:27:34","date_gmt":"2023-07-09T19:27:34","guid":{"rendered":"https:\/\/conexion23.com\/?p=18800"},"modified":"2023-07-09T15:27:36","modified_gmt":"2023-07-09T19:27:36","slug":"el-senador-franklin-pena-inscribe-su-candidatura-con-un-apoyo-abrumador-en-un-acto-celebrado-en-san-pedro-de-macoris","status":"publish","type":"post","link":"https:\/\/conexion23.com\/?p=18800","title":{"rendered":"El Senador Franklin Pe\u00f1a inscribe su candidatura con un apoyo abrumador en un acto celebrado en San Pedro de Macor\u00eds"},"content":{"rendered":"\n<p>San Pedro de Macor\u00eds, [Fecha] &#8211; El reconocido l\u00edder pol\u00edtico y actual Senador Franklin Pe\u00f1a, en medio de un entusiasmo desbordante, formaliz\u00f3 su candidatura en un emocionante acto llevado a cabo en el local del Partido de la Fuerza del Pueblo en San Pedro de Macor\u00eds, ubicado en la calle Independencia del centro de la ciudad. El evento cont\u00f3 con la presencia de cientos de simpatizantes que respaldaron fervientemente su postulaci\u00f3n.<\/p>\n\n\n\n<p>El acto de inscripci\u00f3n de la candidatura del Senador Franklin Pe\u00f1a fue un verdadero encuentro de unidad y compromiso por parte de los miembros y seguidores del Partido de la Fuerza del Pueblo en la regi\u00f3n. La presencia masiva de simpatizantes refleja el respaldo y la confianza depositada en el Senador Pe\u00f1a, quien ha demostrado un firme compromiso con el desarrollo y el bienestar de San Pedro de Macor\u00eds.<\/p>\n\n\n\n<figure class=\"wp-block-image size-large\"><img loading=\"lazy\" decoding=\"async\" width=\"1024\" height=\"682\" src=\"https:\/\/conexion23.com\/wp-content\/uploads\/2023\/07\/WhatsApp-Image-2023-07-09-at-9.14.49-PM-1024x682.jpeg\" alt=\"\" class=\"wp-image-18804\" srcset=\"https:\/\/conexion23.com\/wp-content\/uploads\/2023\/07\/WhatsApp-Image-2023-07-09-at-9.14.49-PM-1024x682.jpeg 1024w, https:\/\/conexion23.com\/wp-content\/uploads\/2023\/07\/WhatsApp-Image-2023-07-09-at-9.14.49-PM-300x200.jpeg 300w, https:\/\/conexion23.com\/wp-content\/uploads\/2023\/07\/WhatsApp-Image-2023-07-09-at-9.14.49-PM-768x512.jpeg 768w, https:\/\/conexion23.com\/wp-content\/uploads\/2023\/07\/WhatsApp-Image-2023-07-09-at-9.14.49-PM-1080x720.jpeg 1080w, https:\/\/conexion23.com\/wp-content\/uploads\/2023\/07\/WhatsApp-Image-2023-07-09-at-9.14.49-PM-980x653.jpeg 980w, https:\/\/conexion23.com\/wp-content\/uploads\/2023\/07\/WhatsApp-Image-2023-07-09-at-9.14.49-PM-480x320.jpeg 480w, https:\/\/conexion23.com\/wp-content\/uploads\/2023\/07\/WhatsApp-Image-2023-07-09-at-9.14.49-PM.jpeg 1280w\" sizes=\"auto, (max-width: 1024px) 100vw, 1024px\" \/><\/figure>\n\n\n\n<p>El evento cont\u00f3 con la destacada participaci\u00f3n de varios pre-candidatos a diputados, alcaldes y regidores, quienes tambi\u00e9n se suman al proyecto liderado por el Senador Franklin Pe\u00f1a. La presencia de esta amplia representaci\u00f3n de l\u00edderes pol\u00edticos muestra la consolidaci\u00f3n de un frente unido, dispuesto a trabajar por el avance y la prosperidad de la ciudad y la provincia en su conjunto.<\/p>\n\n\n\n<p>Asimismo, la delegaci\u00f3n de la direcci\u00f3n pol\u00edtica, encabezada por Radhames Jim\u00e9nez y otros destacados miembros, se hizo presente para brindar su respaldo al Senador Pe\u00f1a y manifestar su confianza en su liderazgo y capacidad para llevar a cabo una gesti\u00f3n exitosa.<\/p>\n\n\n\n<figure class=\"wp-block-image size-large\"><img loading=\"lazy\" decoding=\"async\" width=\"1024\" height=\"682\" src=\"https:\/\/conexion23.com\/wp-content\/uploads\/2023\/07\/WhatsApp-Image-2023-07-09-at-9.14.52-PM-1024x682.jpeg\" alt=\"\" class=\"wp-image-18805\" srcset=\"https:\/\/conexion23.com\/wp-content\/uploads\/2023\/07\/WhatsApp-Image-2023-07-09-at-9.14.52-PM-1024x682.jpeg 1024w, https:\/\/conexion23.com\/wp-content\/uploads\/2023\/07\/WhatsApp-Image-2023-07-09-at-9.14.52-PM-300x200.jpeg 300w, https:\/\/conexion23.com\/wp-content\/uploads\/2023\/07\/WhatsApp-Image-2023-07-09-at-9.14.52-PM-768x512.jpeg 768w, https:\/\/conexion23.com\/wp-content\/uploads\/2023\/07\/WhatsApp-Image-2023-07-09-at-9.14.52-PM-1080x720.jpeg 1080w, https:\/\/conexion23.com\/wp-content\/uploads\/2023\/07\/WhatsApp-Image-2023-07-09-at-9.14.52-PM-980x653.jpeg 980w, https:\/\/conexion23.com\/wp-content\/uploads\/2023\/07\/WhatsApp-Image-2023-07-09-at-9.14.52-PM-480x320.jpeg 480w, https:\/\/conexion23.com\/wp-content\/uploads\/2023\/07\/WhatsApp-Image-2023-07-09-at-9.14.52-PM.jpeg 1280w\" sizes=\"auto, (max-width: 1024px) 100vw, 1024px\" \/><\/figure>\n\n\n\n<p>Entre los pre-candidatos que estuvieron presentes, cabe mencionar a Melvin Matos, Loraine Crispin, la doctora Ruth Margaret Rivera y Gregori Castro, quienes se suman al proyecto del Senador Franklin Pe\u00f1a con el objetivo de trabajar en equipo y lograr un cambio positivo en beneficio de la comunidad.<\/p>\n\n\n\n<p>El Senador Franklin Pe\u00f1a agradece sinceramente el apoyo recibido y reafirma su compromiso de trabajar incansablemente en la defensa de los intereses y necesidades de San Pedro de Macor\u00eds. Su trayectoria y experiencia en el \u00e1mbito pol\u00edtico respaldan su capacidad para impulsar iniciativas que promuevan el desarrollo econ\u00f3mico, la educaci\u00f3n, la salud y el bienestar general de la poblaci\u00f3n.<\/p>\n\n\n\n<h3 class=\"wp-block-heading\">El Senador Franklin Pe\u00f1a ha sido un destacado l\u00edder pol\u00edtico en San Pedro de Macor\u00eds. Con una trayectoria marcada por su compromiso con la comunidad y su incansable labor en busca de soluciones efectivas para los desaf\u00edos que enfrenta la regi\u00f3n, se ha ganado el respeto y el apoyo de sus conciudadanos. Su candidatura representa la continuidad de su trabajo en pro del desarrollo y la prosperidad de San Pedro de Macor\u00eds.<\/h3>\n\n\n\n<figure class=\"wp-block-image size-large\"><img loading=\"lazy\" decoding=\"async\" width=\"1024\" height=\"682\" src=\"https:\/\/conexion23.com\/wp-content\/uploads\/2023\/07\/WhatsApp-Image-2023-07-09-at-9.14.51-PM-1024x682.jpeg\" alt=\"\" class=\"wp-image-18806\" srcset=\"https:\/\/conexion23.com\/wp-content\/uploads\/2023\/07\/WhatsApp-Image-2023-07-09-at-9.14.51-PM-1024x682.jpeg 1024w, https:\/\/conexion23.com\/wp-content\/uploads\/2023\/07\/WhatsApp-Image-2023-07-09-at-9.14.51-PM-300x200.jpeg 300w, https:\/\/conexion23.com\/wp-content\/uploads\/2023\/07\/WhatsApp-Image-2023-07-09-at-9.14.51-PM-768x512.jpeg 768w, https:\/\/conexion23.com\/wp-content\/uploads\/2023\/07\/WhatsApp-Image-2023-07-09-at-9.14.51-PM-1080x720.jpeg 1080w, https:\/\/conexion23.com\/wp-content\/uploads\/2023\/07\/WhatsApp-Image-2023-07-09-at-9.14.51-PM-980x653.jpeg 980w, https:\/\/conexion23.com\/wp-content\/uploads\/2023\/07\/WhatsApp-Image-2023-07-09-at-9.14.51-PM-480x320.jpeg 480w, https:\/\/conexion23.com\/wp-content\/uploads\/2023\/07\/WhatsApp-Image-2023-07-09-at-9.14.51-PM.jpeg 1280w\" sizes=\"auto, (max-width: 1024px) 100vw, 1024px\" \/><\/figure>\n\n\n\n<p><\/p>\n","protected":false},"excerpt":{"rendered":"<p>San Pedro de Macor\u00eds, [Fecha] &#8211; El reconocido l\u00edder pol\u00edtico y actual Senador Franklin Pe\u00f1a, en medio de un entusiasmo desbordante, formaliz\u00f3 su candidatura en un emocionante acto llevado a cabo en el local del Partido de la Fuerza del Pueblo en San Pedro de Macor\u00eds, ubicado en la calle Independencia del centro de la [&hellip;]<\/p>\n","protected":false},"author":7,"featured_media":18807,"comment_status":"open","ping_status":"open","sticky":false,"template":"","format":"standard","meta":{"footnotes":""},"categories":[35],"tags":[],"class_list":{"0":"post-18800","1":"post","2":"type-post","3":"status-publish","4":"format-standard","5":"has-post-thumbnail","7":"category-spm"},"yoast_head":"<!-- This site is optimized with the Yoast SEO plugin v27.1.1 - https:\/\/yoast.com\/product\/yoast-seo-wordpress\/ -->\n<title>El Senador Franklin Pe\u00f1a inscribe su candidatura con un apoyo abrumador en un acto celebrado en San Pedro de Macor\u00eds - Conexi\u00f3n 23<\/title>\n<meta name=\"description\" content=\"San Pedro de Macor\u00eds, [Fecha] - El reconocido l\u00edder pol\u00edtico y actual Senador Franklin Pe\u00f1a, en medio de un entusiasmo desbordante, formaliz\u00f3 su candidatura en un emocionante acto llevado a cabo en el local del Partido de la Fuerza del Pueblo en San Pedro de Macor\u00eds, ubicado en la calle Independencia del centro de la ciudad. El evento cont\u00f3 con la presencia de cientos de simpatizantes que respaldaron fervientemente su postulaci\u00f3n.\" \/>\n<meta name=\"robots\" content=\"index, follow, max-snippet:-1, max-image-preview:large, max-video-preview:-1\" \/>\n<link rel=\"canonical\" href=\"https:\/\/conexion23.com\/?p=18800\" \/>\n<meta property=\"og:locale\" content=\"es_ES\" \/>\n<meta property=\"og:type\" content=\"article\" \/>\n<meta property=\"og:title\" content=\"El Senador Franklin Pe\u00f1a inscribe su candidatura con un apoyo abrumador en un acto celebrado en San Pedro de Macor\u00eds - Conexi\u00f3n 23\" \/>\n<meta property=\"og:description\" content=\"San Pedro de Macor\u00eds, [Fecha] - El reconocido l\u00edder pol\u00edtico y actual Senador Franklin Pe\u00f1a, en medio de un entusiasmo desbordante, formaliz\u00f3 su candidatura en un emocionante acto llevado a cabo en el local del Partido de la Fuerza del Pueblo en San Pedro de Macor\u00eds, ubicado en la calle Independencia del centro de la ciudad. El evento cont\u00f3 con la presencia de cientos de simpatizantes que respaldaron fervientemente su postulaci\u00f3n.\" \/>\n<meta property=\"og:url\" content=\"https:\/\/conexion23.com\/?p=18800\" \/>\n<meta property=\"og:site_name\" content=\"Conexi\u00f3n 23\" \/>\n<meta property=\"article:publisher\" content=\"https:\/\/www.facebook.com\/conexion23com\" \/>\n<meta property=\"article:published_time\" content=\"2023-07-09T19:27:34+00:00\" \/>\n<meta property=\"article:modified_time\" content=\"2023-07-09T19:27:36+00:00\" \/>\n<meta property=\"og:image\" content=\"https:\/\/conexion23.com\/wp-content\/uploads\/2023\/07\/WhatsApp-Image-2023-07-09-at-9.14.52-PM-1.jpeg\" \/>\n\t<meta property=\"og:image:width\" content=\"1280\" \/>\n\t<meta property=\"og:image:height\" content=\"853\" \/>\n\t<meta property=\"og:image:type\" content=\"image\/jpeg\" \/>\n<meta name=\"author\" content=\"Benjam\u00edn Rosario\" \/>\n<meta name=\"twitter:card\" content=\"summary_large_image\" \/>\n<meta name=\"twitter:label1\" content=\"Escrito por\" \/>\n\t<meta name=\"twitter:data1\" content=\"Benjam\u00edn Rosario\" \/>\n\t<meta name=\"twitter:label2\" content=\"Tiempo de lectura\" \/>\n\t<meta name=\"twitter:data2\" content=\"3 minutos\" \/>\n<script type=\"application\/ld+json\" class=\"yoast-schema-graph\">{\"@context\":\"https:\/\/schema.org\",\"@graph\":[{\"@type\":\"Article\",\"@id\":\"https:\/\/conexion23.com\/?p=18800#article\",\"isPartOf\":{\"@id\":\"https:\/\/conexion23.com\/?p=18800\"},\"author\":{\"name\":\"Benjam\u00edn Rosario\",\"@id\":\"https:\/\/conexion23.com\/#\/schema\/person\/c0b7ce1f0e7a915d08fa289072b8353a\"},\"headline\":\"El Senador Franklin Pe\u00f1a inscribe su candidatura con un apoyo abrumador en un acto celebrado en San Pedro de Macor\u00eds\",\"datePublished\":\"2023-07-09T19:27:34+00:00\",\"dateModified\":\"2023-07-09T19:27:36+00:00\",\"mainEntityOfPage\":{\"@id\":\"https:\/\/conexion23.com\/?p=18800\"},\"wordCount\":480,\"commentCount\":0,\"publisher\":{\"@id\":\"https:\/\/conexion23.com\/#organization\"},\"image\":{\"@id\":\"https:\/\/conexion23.com\/?p=18800#primaryimage\"},\"thumbnailUrl\":\"https:\/\/conexion23.com\/wp-content\/uploads\/2023\/07\/WhatsApp-Image-2023-07-09-at-9.14.52-PM-1.jpeg\",\"articleSection\":[\"SPM\"],\"inLanguage\":\"es\",\"potentialAction\":[{\"@type\":\"CommentAction\",\"name\":\"Comment\",\"target\":[\"https:\/\/conexion23.com\/?p=18800#respond\"]}]},{\"@type\":\"WebPage\",\"@id\":\"https:\/\/conexion23.com\/?p=18800\",\"url\":\"https:\/\/conexion23.com\/?p=18800\",\"name\":\"El Senador Franklin Pe\u00f1a inscribe su candidatura con un apoyo abrumador en un acto celebrado en San Pedro de Macor\u00eds - Conexi\u00f3n 23\",\"isPartOf\":{\"@id\":\"https:\/\/conexion23.com\/#website\"},\"primaryImageOfPage\":{\"@id\":\"https:\/\/conexion23.com\/?p=18800#primaryimage\"},\"image\":{\"@id\":\"https:\/\/conexion23.com\/?p=18800#primaryimage\"},\"thumbnailUrl\":\"https:\/\/conexion23.com\/wp-content\/uploads\/2023\/07\/WhatsApp-Image-2023-07-09-at-9.14.52-PM-1.jpeg\",\"datePublished\":\"2023-07-09T19:27:34+00:00\",\"dateModified\":\"2023-07-09T19:27:36+00:00\",\"description\":\"San Pedro de Macor\u00eds, [Fecha] - El reconocido l\u00edder pol\u00edtico y actual Senador Franklin Pe\u00f1a, en medio de un entusiasmo desbordante, formaliz\u00f3 su candidatura en un emocionante acto llevado a cabo en el local del Partido de la Fuerza del Pueblo en San Pedro de Macor\u00eds, ubicado en la calle Independencia del centro de la ciudad. El evento cont\u00f3 con la presencia de cientos de simpatizantes que respaldaron fervientemente su postulaci\u00f3n.\",\"breadcrumb\":{\"@id\":\"https:\/\/conexion23.com\/?p=18800#breadcrumb\"},\"inLanguage\":\"es\",\"potentialAction\":[{\"@type\":\"ReadAction\",\"target\":[\"https:\/\/conexion23.com\/?p=18800\"]}]},{\"@type\":\"ImageObject\",\"inLanguage\":\"es\",\"@id\":\"https:\/\/conexion23.com\/?p=18800#primaryimage\",\"url\":\"https:\/\/conexion23.com\/wp-content\/uploads\/2023\/07\/WhatsApp-Image-2023-07-09-at-9.14.52-PM-1.jpeg\",\"contentUrl\":\"https:\/\/conexion23.com\/wp-content\/uploads\/2023\/07\/WhatsApp-Image-2023-07-09-at-9.14.52-PM-1.jpeg\",\"width\":1280,\"height\":853},{\"@type\":\"BreadcrumbList\",\"@id\":\"https:\/\/conexion23.com\/?p=18800#breadcrumb\",\"itemListElement\":[{\"@type\":\"ListItem\",\"position\":1,\"name\":\"Portada\",\"item\":\"https:\/\/conexion23.com\/\"},{\"@type\":\"ListItem\",\"position\":2,\"name\":\"El Senador Franklin Pe\u00f1a inscribe su candidatura con un apoyo abrumador en un acto celebrado en San Pedro de Macor\u00eds\"}]},{\"@type\":\"WebSite\",\"@id\":\"https:\/\/conexion23.com\/#website\",\"url\":\"https:\/\/conexion23.com\/\",\"name\":\"Conexi\u00f3n 23\",\"description\":\"Peri\u00f3dico 100% Petromacorisano\",\"publisher\":{\"@id\":\"https:\/\/conexion23.com\/#organization\"},\"potentialAction\":[{\"@type\":\"SearchAction\",\"target\":{\"@type\":\"EntryPoint\",\"urlTemplate\":\"https:\/\/conexion23.com\/?s={search_term_string}\"},\"query-input\":{\"@type\":\"PropertyValueSpecification\",\"valueRequired\":true,\"valueName\":\"search_term_string\"}}],\"inLanguage\":\"es\"},{\"@type\":\"Organization\",\"@id\":\"https:\/\/conexion23.com\/#organization\",\"name\":\"Conexion 23\",\"url\":\"https:\/\/conexion23.com\/\",\"logo\":{\"@type\":\"ImageObject\",\"inLanguage\":\"es\",\"@id\":\"https:\/\/conexion23.com\/#\/schema\/logo\/image\/\",\"url\":\"https:\/\/conexion23.com\/wp-content\/uploads\/2021\/11\/Diseno-sin-titulo-2.png\",\"contentUrl\":\"https:\/\/conexion23.com\/wp-content\/uploads\/2021\/11\/Diseno-sin-titulo-2.png\",\"width\":541,\"height\":90,\"caption\":\"Conexion 23\"},\"image\":{\"@id\":\"https:\/\/conexion23.com\/#\/schema\/logo\/image\/\"},\"sameAs\":[\"https:\/\/www.facebook.com\/conexion23com\",\"https:\/\/www.instagram.com\/conexion23com\/\",\"https:\/\/www.youtube.com\/channel\/UCYc7vxxFZMYLIHNsHHxPZ3Q\"]},{\"@type\":\"Person\",\"@id\":\"https:\/\/conexion23.com\/#\/schema\/person\/c0b7ce1f0e7a915d08fa289072b8353a\",\"name\":\"Benjam\u00edn Rosario\",\"image\":{\"@type\":\"ImageObject\",\"inLanguage\":\"es\",\"@id\":\"https:\/\/conexion23.com\/#\/schema\/person\/image\/\",\"url\":\"https:\/\/secure.gravatar.com\/avatar\/62e1b2539b49cdeb50ee302e2a5f2bd31dc7fdba412bbac67e2a2a6e0c89bb2a?s=96&d=mm&r=g\",\"contentUrl\":\"https:\/\/secure.gravatar.com\/avatar\/62e1b2539b49cdeb50ee302e2a5f2bd31dc7fdba412bbac67e2a2a6e0c89bb2a?s=96&d=mm&r=g\",\"caption\":\"Benjam\u00edn Rosario\"},\"url\":\"https:\/\/conexion23.com\/?author=7\"}]}<\/script>\n<!-- \/ Yoast SEO plugin. -->","yoast_head_json":{"title":"El Senador Franklin Pe\u00f1a inscribe su candidatura con un apoyo abrumador en un acto celebrado en San Pedro de Macor\u00eds - Conexi\u00f3n 23","description":"San Pedro de Macor\u00eds, [Fecha] - El reconocido l\u00edder pol\u00edtico y actual Senador Franklin Pe\u00f1a, en medio de un entusiasmo desbordante, formaliz\u00f3 su candidatura en un emocionante acto llevado a cabo en el local del Partido de la Fuerza del Pueblo en San Pedro de Macor\u00eds, ubicado en la calle Independencia del centro de la ciudad. El evento cont\u00f3 con la presencia de cientos de simpatizantes que respaldaron fervientemente su postulaci\u00f3n.","robots":{"index":"index","follow":"follow","max-snippet":"max-snippet:-1","max-image-preview":"max-image-preview:large","max-video-preview":"max-video-preview:-1"},"canonical":"https:\/\/conexion23.com\/?p=18800","og_locale":"es_ES","og_type":"article","og_title":"El Senador Franklin Pe\u00f1a inscribe su candidatura con un apoyo abrumador en un acto celebrado en San Pedro de Macor\u00eds - Conexi\u00f3n 23","og_description":"San Pedro de Macor\u00eds, [Fecha] - El reconocido l\u00edder pol\u00edtico y actual Senador Franklin Pe\u00f1a, en medio de un entusiasmo desbordante, formaliz\u00f3 su candidatura en un emocionante acto llevado a cabo en el local del Partido de la Fuerza del Pueblo en San Pedro de Macor\u00eds, ubicado en la calle Independencia del centro de la ciudad. El evento cont\u00f3 con la presencia de cientos de simpatizantes que respaldaron fervientemente su postulaci\u00f3n.","og_url":"https:\/\/conexion23.com\/?p=18800","og_site_name":"Conexi\u00f3n 23","article_publisher":"https:\/\/www.facebook.com\/conexion23com","article_published_time":"2023-07-09T19:27:34+00:00","article_modified_time":"2023-07-09T19:27:36+00:00","og_image":[{"width":1280,"height":853,"url":"https:\/\/conexion23.com\/wp-content\/uploads\/2023\/07\/WhatsApp-Image-2023-07-09-at-9.14.52-PM-1.jpeg","type":"image\/jpeg"}],"author":"Benjam\u00edn Rosario","twitter_card":"summary_large_image","twitter_misc":{"Escrito por":"Benjam\u00edn Rosario","Tiempo de lectura":"3 minutos"},"schema":{"@context":"https:\/\/schema.org","@graph":[{"@type":"Article","@id":"https:\/\/conexion23.com\/?p=18800#article","isPartOf":{"@id":"https:\/\/conexion23.com\/?p=18800"},"author":{"name":"Benjam\u00edn Rosario","@id":"https:\/\/conexion23.com\/#\/schema\/person\/c0b7ce1f0e7a915d08fa289072b8353a"},"headline":"El Senador Franklin Pe\u00f1a inscribe su candidatura con un apoyo abrumador en un acto celebrado en San Pedro de Macor\u00eds","datePublished":"2023-07-09T19:27:34+00:00","dateModified":"2023-07-09T19:27:36+00:00","mainEntityOfPage":{"@id":"https:\/\/conexion23.com\/?p=18800"},"wordCount":480,"commentCount":0,"publisher":{"@id":"https:\/\/conexion23.com\/#organization"},"image":{"@id":"https:\/\/conexion23.com\/?p=18800#primaryimage"},"thumbnailUrl":"https:\/\/conexion23.com\/wp-content\/uploads\/2023\/07\/WhatsApp-Image-2023-07-09-at-9.14.52-PM-1.jpeg","articleSection":["SPM"],"inLanguage":"es","potentialAction":[{"@type":"CommentAction","name":"Comment","target":["https:\/\/conexion23.com\/?p=18800#respond"]}]},{"@type":"WebPage","@id":"https:\/\/conexion23.com\/?p=18800","url":"https:\/\/conexion23.com\/?p=18800","name":"El Senador Franklin Pe\u00f1a inscribe su candidatura con un apoyo abrumador en un acto celebrado en San Pedro de Macor\u00eds - Conexi\u00f3n 23","isPartOf":{"@id":"https:\/\/conexion23.com\/#website"},"primaryImageOfPage":{"@id":"https:\/\/conexion23.com\/?p=18800#primaryimage"},"image":{"@id":"https:\/\/conexion23.com\/?p=18800#primaryimage"},"thumbnailUrl":"https:\/\/conexion23.com\/wp-content\/uploads\/2023\/07\/WhatsApp-Image-2023-07-09-at-9.14.52-PM-1.jpeg","datePublished":"2023-07-09T19:27:34+00:00","dateModified":"2023-07-09T19:27:36+00:00","description":"San Pedro de Macor\u00eds, [Fecha] - El reconocido l\u00edder pol\u00edtico y actual Senador Franklin Pe\u00f1a, en medio de un entusiasmo desbordante, formaliz\u00f3 su candidatura en un emocionante acto llevado a cabo en el local del Partido de la Fuerza del Pueblo en San Pedro de Macor\u00eds, ubicado en la calle Independencia del centro de la ciudad. El evento cont\u00f3 con la presencia de cientos de simpatizantes que respaldaron fervientemente su postulaci\u00f3n.","breadcrumb":{"@id":"https:\/\/conexion23.com\/?p=18800#breadcrumb"},"inLanguage":"es","potentialAction":[{"@type":"ReadAction","target":["https:\/\/conexion23.com\/?p=18800"]}]},{"@type":"ImageObject","inLanguage":"es","@id":"https:\/\/conexion23.com\/?p=18800#primaryimage","url":"https:\/\/conexion23.com\/wp-content\/uploads\/2023\/07\/WhatsApp-Image-2023-07-09-at-9.14.52-PM-1.jpeg","contentUrl":"https:\/\/conexion23.com\/wp-content\/uploads\/2023\/07\/WhatsApp-Image-2023-07-09-at-9.14.52-PM-1.jpeg","width":1280,"height":853},{"@type":"BreadcrumbList","@id":"https:\/\/conexion23.com\/?p=18800#breadcrumb","itemListElement":[{"@type":"ListItem","position":1,"name":"Portada","item":"https:\/\/conexion23.com\/"},{"@type":"ListItem","position":2,"name":"El Senador Franklin Pe\u00f1a inscribe su candidatura con un apoyo abrumador en un acto celebrado en San Pedro de Macor\u00eds"}]},{"@type":"WebSite","@id":"https:\/\/conexion23.com\/#website","url":"https:\/\/conexion23.com\/","name":"Conexi\u00f3n 23","description":"Peri\u00f3dico 100% Petromacorisano","publisher":{"@id":"https:\/\/conexion23.com\/#organization"},"potentialAction":[{"@type":"SearchAction","target":{"@type":"EntryPoint","urlTemplate":"https:\/\/conexion23.com\/?s={search_term_string}"},"query-input":{"@type":"PropertyValueSpecification","valueRequired":true,"valueName":"search_term_string"}}],"inLanguage":"es"},{"@type":"Organization","@id":"https:\/\/conexion23.com\/#organization","name":"Conexion 23","url":"https:\/\/conexion23.com\/","logo":{"@type":"ImageObject","inLanguage":"es","@id":"https:\/\/conexion23.com\/#\/schema\/logo\/image\/","url":"https:\/\/conexion23.com\/wp-content\/uploads\/2021\/11\/Diseno-sin-titulo-2.png","contentUrl":"https:\/\/conexion23.com\/wp-content\/uploads\/2021\/11\/Diseno-sin-titulo-2.png","width":541,"height":90,"caption":"Conexion 23"},"image":{"@id":"https:\/\/conexion23.com\/#\/schema\/logo\/image\/"},"sameAs":["https:\/\/www.facebook.com\/conexion23com","https:\/\/www.instagram.com\/conexion23com\/","https:\/\/www.youtube.com\/channel\/UCYc7vxxFZMYLIHNsHHxPZ3Q"]},{"@type":"Person","@id":"https:\/\/conexion23.com\/#\/schema\/person\/c0b7ce1f0e7a915d08fa289072b8353a","name":"Benjam\u00edn Rosario","image":{"@type":"ImageObject","inLanguage":"es","@id":"https:\/\/conexion23.com\/#\/schema\/person\/image\/","url":"https:\/\/secure.gravatar.com\/avatar\/62e1b2539b49cdeb50ee302e2a5f2bd31dc7fdba412bbac67e2a2a6e0c89bb2a?s=96&d=mm&r=g","contentUrl":"https:\/\/secure.gravatar.com\/avatar\/62e1b2539b49cdeb50ee302e2a5f2bd31dc7fdba412bbac67e2a2a6e0c89bb2a?s=96&d=mm&r=g","caption":"Benjam\u00edn Rosario"},"url":"https:\/\/conexion23.com\/?author=7"}]}},"_links":{"self":[{"href":"https:\/\/conexion23.com\/index.php?rest_route=\/wp\/v2\/posts\/18800","targetHints":{"allow":["GET"]}}],"collection":[{"href":"https:\/\/conexion23.com\/index.php?rest_route=\/wp\/v2\/posts"}],"about":[{"href":"https:\/\/conexion23.com\/index.php?rest_route=\/wp\/v2\/types\/post"}],"author":[{"embeddable":true,"href":"https:\/\/conexion23.com\/index.php?rest_route=\/wp\/v2\/users\/7"}],"replies":[{"embeddable":true,"href":"https:\/\/conexion23.com\/index.php?rest_route=%2Fwp%2Fv2%2Fcomments&post=18800"}],"version-history":[{"count":1,"href":"https:\/\/conexion23.com\/index.php?rest_route=\/wp\/v2\/posts\/18800\/revisions"}],"predecessor-version":[{"id":18808,"href":"https:\/\/conexion23.com\/index.php?rest_route=\/wp\/v2\/posts\/18800\/revisions\/18808"}],"wp:featuredmedia":[{"embeddable":true,"href":"https:\/\/conexion23.com\/index.php?rest_route=\/wp\/v2\/media\/18807"}],"wp:attachment":[{"href":"https:\/\/conexion23.com\/index.php?rest_route=%2Fwp%2Fv2%2Fmedia&parent=18800"}],"wp:term":[{"taxonomy":"category","embeddable":true,"href":"https:\/\/conexion23.com\/index.php?rest_route=%2Fwp%2Fv2%2Fcategories&post=18800"},{"taxonomy":"post_tag","embeddable":true,"href":"https:\/\/conexion23.com\/index.php?rest_route=%2Fwp%2Fv2%2Ftags&post=18800"}],"curies":[{"name":"wp","href":"https:\/\/api.w.org\/{rel}","templated":true}]}}