{"id":18828,"date":"2023-07-10T07:47:52","date_gmt":"2023-07-10T11:47:52","guid":{"rendered":"https:\/\/conexion23.com\/?p=18828"},"modified":"2023-07-10T07:47:54","modified_gmt":"2023-07-10T11:47:54","slug":"oficializan-candidatura-de-bukele-para-buscar-la-reeleccion-en-2024","status":"publish","type":"post","link":"https:\/\/conexion23.com\/?p=18828","title":{"rendered":"Oficializan candidatura de Bukele para buscar la reelecci\u00f3n en 2024."},"content":{"rendered":"\n<p class=\"wp-block-paragraph\">El Partido Nuevas Ideas oficializ\u00f3 el domingo la candidatura del presidente Nayib Bukele para los comicios de febrero de 2024, en donde buscar\u00eda su reelecci\u00f3n por otros cinco a\u00f1os a pesar de que abogados constitucionalistas y pol\u00edticos opositores aseguran que la carta magna proh\u00edbe la reelecci\u00f3n en El Salvador<\/p>\n\n\n\n<p class=\"wp-block-paragraph\">\u201cAnuncio al pa\u00eds que oficialmente nuestro presidente Nayib Bukele ha sido elegido como el candidato a la presidencia del partido Nuevas Ideas para participar en las elecciones del 2024. Presidente Nayib Bukele, bienvenido a casa\u201d, dijo el presidente del partido, Xavi Zablah al concluir las elecciones internas del partido oficialista, en las que tambi\u00e9n se hizo oficial la candidatura del vicepresidente F\u00e9lix Ulloa.<\/p>\n\n\n\n<p class=\"wp-block-paragraph\">Bukele recurri\u00f3 a Twitter la noche del domingo para ratificar el anuncio y convocar a sus partidarios a las urnas.<\/p>\n\n\n\n<p class=\"wp-block-paragraph\">\u201cDicen los medios de (George) Soros que los salvadore\u00f1os no pueden decidir por s\u00ed mismos. Pero hoy habl\u00f3 el partido m\u00e1s grande en la historia de nuestro pa\u00eds y el 4 de febrero de 2024 el pueblo salvadore\u00f1o tendr\u00e1 la \u00faltima palabra. La democracia se escribe de abajo hacia arriba\u201d, manifest\u00f3 el presidente Bukele en su cuenta oficial de Twitter.<\/p>\n\n\n\n<p class=\"wp-block-paragraph\">Ulloa declar\u00f3 recientemente que una vez que se oficialice la candidatura de Bukele, el mandatario tendr\u00eda la obligaci\u00f3n de pedir permiso al Congreso para ausentarse del cargo antes del 1 de diciembre, seis meses antes del inicio del periodo presidencial en El Salvador.<\/p>\n\n\n\n<p class=\"wp-block-paragraph\">A su vez, el Congreso tambi\u00e9n se ver\u00eda en la necesidad de elegir a la persona que ocupar\u00eda el cargo durante la licencia de Bukele.<\/p>\n\n\n\n<p class=\"wp-block-paragraph\">Bukele anunci\u00f3 que buscar\u00eda la reelecci\u00f3n en septiembre de 2022, un a\u00f1o despu\u00e9s de la decisi\u00f3n de la Sala de lo Constitucional de la Corte Suprema de Justicia, designada por sus aliados en el Congreso.<\/p>\n\n\n\n<p class=\"wp-block-paragraph\">La constituci\u00f3n proh\u00edbe la reelecci\u00f3n presidencial, pero en su resoluci\u00f3n, la Sala interpret\u00f3 que un art\u00edculo de la carta magna permite que la participaci\u00f3n del presidente en la contienda electoral por una segunda ocasi\u00f3n y que ser\u00e1 el pueblo quien tome la decisi\u00f3n en las urnas.<\/p>\n\n\n\n<p class=\"wp-block-paragraph\">La Sala tambi\u00e9n orden\u00f3 al Tribunal Supremo Electoral dar cumplimiento a la resoluci\u00f3n. Casi de inmediato, el tribunal afirm\u00f3 que acatar\u00eda esa disposici\u00f3n.<\/p>\n","protected":false},"excerpt":{"rendered":"<p>El Partido Nuevas Ideas oficializ\u00f3 el domingo la candidatura del presidente Nayib Bukele para los comicios de febrero de 2024, en donde buscar\u00eda su reelecci\u00f3n por otros cinco a\u00f1os a pesar de que abogados constitucionalistas y pol\u00edticos opositores aseguran que la carta magna proh\u00edbe la reelecci\u00f3n en El Salvador \u201cAnuncio al pa\u00eds que oficialmente nuestro [&hellip;]<\/p>\n","protected":false},"author":15,"featured_media":18829,"comment_status":"open","ping_status":"open","sticky":false,"template":"","format":"standard","meta":{"footnotes":""},"categories":[1],"tags":[],"class_list":["post-18828","post","type-post","status-publish","format-standard","has-post-thumbnail","category-uncategorized"],"yoast_head":"<!-- This site is optimized with the Yoast SEO plugin v28.4 - https:\/\/yoast.com\/product\/yoast-seo-wordpress\/ -->\n<title>Oficializan candidatura de Bukele para buscar la reelecci\u00f3n en 2024. - Conexi\u00f3n 23<\/title>\n<meta name=\"robots\" content=\"index, follow, max-snippet:-1, max-image-preview:large, max-video-preview:-1\" \/>\n<link rel=\"canonical\" href=\"https:\/\/conexion23.com\/?p=18828\" \/>\n<meta property=\"og:locale\" content=\"es_ES\" \/>\n<meta property=\"og:type\" content=\"article\" \/>\n<meta property=\"og:title\" content=\"Oficializan candidatura de Bukele para buscar la reelecci\u00f3n en 2024. - Conexi\u00f3n 23\" \/>\n<meta property=\"og:description\" content=\"El Partido Nuevas Ideas oficializ\u00f3 el domingo la candidatura del presidente Nayib Bukele para los comicios de febrero de 2024, en donde buscar\u00eda su reelecci\u00f3n por otros cinco a\u00f1os a pesar de que abogados constitucionalistas y pol\u00edticos opositores aseguran que la carta magna proh\u00edbe la reelecci\u00f3n en El Salvador \u201cAnuncio al pa\u00eds que oficialmente nuestro [&hellip;]\" \/>\n<meta property=\"og:url\" content=\"https:\/\/conexion23.com\/?p=18828\" \/>\n<meta property=\"og:site_name\" content=\"Conexi\u00f3n 23\" \/>\n<meta property=\"article:publisher\" content=\"https:\/\/www.facebook.com\/conexion23com\" \/>\n<meta property=\"article:published_time\" content=\"2023-07-10T11:47:52+00:00\" \/>\n<meta property=\"article:modified_time\" content=\"2023-07-10T11:47:54+00:00\" \/>\n<meta property=\"og:image\" content=\"https:\/\/conexion23.com\/wp-content\/uploads\/2023\/07\/649a16f2cfd20.jpeg\" \/>\n\t<meta property=\"og:image:width\" content=\"800\" \/>\n\t<meta property=\"og:image:height\" content=\"533\" \/>\n\t<meta property=\"og:image:type\" content=\"image\/jpeg\" \/>\n<meta name=\"author\" content=\"Raffy Ben\u00edtez\" \/>\n<meta name=\"twitter:card\" content=\"summary_large_image\" \/>\n<meta name=\"twitter:label1\" content=\"Escrito por\" \/>\n\t<meta name=\"twitter:data1\" content=\"Raffy Ben\u00edtez\" \/>\n\t<meta name=\"twitter:label2\" content=\"Tiempo de lectura\" \/>\n\t<meta name=\"twitter:data2\" content=\"2 minutos\" \/>\n<script type=\"application\/ld+json\" class=\"yoast-schema-graph\">{\"@context\":\"https:\\\/\\\/schema.org\",\"@graph\":[{\"@type\":\"Article\",\"@id\":\"https:\\\/\\\/conexion23.com\\\/?p=18828#article\",\"isPartOf\":{\"@id\":\"https:\\\/\\\/conexion23.com\\\/?p=18828\"},\"author\":{\"name\":\"Raffy Ben\u00edtez\",\"@id\":\"https:\\\/\\\/conexion23.com\\\/#\\\/schema\\\/person\\\/5d6d767819503a4603e9fd070ecf3ac6\"},\"headline\":\"Oficializan candidatura de Bukele para buscar la reelecci\u00f3n en 2024.\",\"datePublished\":\"2023-07-10T11:47:52+00:00\",\"dateModified\":\"2023-07-10T11:47:54+00:00\",\"mainEntityOfPage\":{\"@id\":\"https:\\\/\\\/conexion23.com\\\/?p=18828\"},\"wordCount\":403,\"commentCount\":0,\"publisher\":{\"@id\":\"https:\\\/\\\/conexion23.com\\\/#organization\"},\"image\":{\"@id\":\"https:\\\/\\\/conexion23.com\\\/?p=18828#primaryimage\"},\"thumbnailUrl\":\"https:\\\/\\\/conexion23.com\\\/wp-content\\\/uploads\\\/2023\\\/07\\\/649a16f2cfd20.jpeg\",\"articleSection\":[\"Uncategorized\"],\"inLanguage\":\"es\",\"potentialAction\":[{\"@type\":\"CommentAction\",\"name\":\"Comment\",\"target\":[\"https:\\\/\\\/conexion23.com\\\/?p=18828#respond\"]}]},{\"@type\":\"WebPage\",\"@id\":\"https:\\\/\\\/conexion23.com\\\/?p=18828\",\"url\":\"https:\\\/\\\/conexion23.com\\\/?p=18828\",\"name\":\"Oficializan candidatura de Bukele para buscar la reelecci\u00f3n en 2024. - Conexi\u00f3n 23\",\"isPartOf\":{\"@id\":\"https:\\\/\\\/conexion23.com\\\/#website\"},\"primaryImageOfPage\":{\"@id\":\"https:\\\/\\\/conexion23.com\\\/?p=18828#primaryimage\"},\"image\":{\"@id\":\"https:\\\/\\\/conexion23.com\\\/?p=18828#primaryimage\"},\"thumbnailUrl\":\"https:\\\/\\\/conexion23.com\\\/wp-content\\\/uploads\\\/2023\\\/07\\\/649a16f2cfd20.jpeg\",\"datePublished\":\"2023-07-10T11:47:52+00:00\",\"dateModified\":\"2023-07-10T11:47:54+00:00\",\"breadcrumb\":{\"@id\":\"https:\\\/\\\/conexion23.com\\\/?p=18828#breadcrumb\"},\"inLanguage\":\"es\",\"potentialAction\":[{\"@type\":\"ReadAction\",\"target\":[\"https:\\\/\\\/conexion23.com\\\/?p=18828\"]}]},{\"@type\":\"ImageObject\",\"inLanguage\":\"es\",\"@id\":\"https:\\\/\\\/conexion23.com\\\/?p=18828#primaryimage\",\"url\":\"https:\\\/\\\/conexion23.com\\\/wp-content\\\/uploads\\\/2023\\\/07\\\/649a16f2cfd20.jpeg\",\"contentUrl\":\"https:\\\/\\\/conexion23.com\\\/wp-content\\\/uploads\\\/2023\\\/07\\\/649a16f2cfd20.jpeg\",\"width\":800,\"height\":533},{\"@type\":\"BreadcrumbList\",\"@id\":\"https:\\\/\\\/conexion23.com\\\/?p=18828#breadcrumb\",\"itemListElement\":[{\"@type\":\"ListItem\",\"position\":1,\"name\":\"Portada\",\"item\":\"https:\\\/\\\/conexion23.com\\\/\"},{\"@type\":\"ListItem\",\"position\":2,\"name\":\"Oficializan candidatura de Bukele para buscar la reelecci\u00f3n en 2024.\"}]},{\"@type\":\"WebSite\",\"@id\":\"https:\\\/\\\/conexion23.com\\\/#website\",\"url\":\"https:\\\/\\\/conexion23.com\\\/\",\"name\":\"Conexi\u00f3n 23\",\"description\":\"Peri\u00f3dico 100% Petromacorisano\",\"publisher\":{\"@id\":\"https:\\\/\\\/conexion23.com\\\/#organization\"},\"potentialAction\":[{\"@type\":\"SearchAction\",\"target\":{\"@type\":\"EntryPoint\",\"urlTemplate\":\"https:\\\/\\\/conexion23.com\\\/?s={search_term_string}\"},\"query-input\":{\"@type\":\"PropertyValueSpecification\",\"valueRequired\":true,\"valueName\":\"search_term_string\"}}],\"inLanguage\":\"es\"},{\"@type\":\"Organization\",\"@id\":\"https:\\\/\\\/conexion23.com\\\/#organization\",\"name\":\"Conexion 23\",\"url\":\"https:\\\/\\\/conexion23.com\\\/\",\"logo\":{\"@type\":\"ImageObject\",\"inLanguage\":\"es\",\"@id\":\"https:\\\/\\\/conexion23.com\\\/#\\\/schema\\\/logo\\\/image\\\/\",\"url\":\"https:\\\/\\\/conexion23.com\\\/wp-content\\\/uploads\\\/2021\\\/11\\\/Diseno-sin-titulo-2.png\",\"contentUrl\":\"https:\\\/\\\/conexion23.com\\\/wp-content\\\/uploads\\\/2021\\\/11\\\/Diseno-sin-titulo-2.png\",\"width\":541,\"height\":90,\"caption\":\"Conexion 23\"},\"image\":{\"@id\":\"https:\\\/\\\/conexion23.com\\\/#\\\/schema\\\/logo\\\/image\\\/\"},\"sameAs\":[\"https:\\\/\\\/www.facebook.com\\\/conexion23com\",\"https:\\\/\\\/www.instagram.com\\\/conexion23com\\\/\",\"https:\\\/\\\/www.youtube.com\\\/channel\\\/UCYc7vxxFZMYLIHNsHHxPZ3Q\"]},{\"@type\":\"Person\",\"@id\":\"https:\\\/\\\/conexion23.com\\\/#\\\/schema\\\/person\\\/5d6d767819503a4603e9fd070ecf3ac6\",\"name\":\"Raffy Ben\u00edtez\",\"image\":{\"@type\":\"ImageObject\",\"inLanguage\":\"es\",\"@id\":\"https:\\\/\\\/secure.gravatar.com\\\/avatar\\\/3190a6a6c5e1b0327500f7d6c56b6242472ee6cb974cf09b401ee6b3b0798f23?s=96&d=mm&r=g\",\"url\":\"https:\\\/\\\/secure.gravatar.com\\\/avatar\\\/3190a6a6c5e1b0327500f7d6c56b6242472ee6cb974cf09b401ee6b3b0798f23?s=96&d=mm&r=g\",\"contentUrl\":\"https:\\\/\\\/secure.gravatar.com\\\/avatar\\\/3190a6a6c5e1b0327500f7d6c56b6242472ee6cb974cf09b401ee6b3b0798f23?s=96&d=mm&r=g\",\"caption\":\"Raffy Ben\u00edtez\"},\"url\":\"https:\\\/\\\/conexion23.com\\\/?author=15\"}]}<\/script>\n<!-- \/ Yoast SEO plugin. -->","yoast_head_json":{"title":"Oficializan candidatura de Bukele para buscar la reelecci\u00f3n en 2024. - Conexi\u00f3n 23","robots":{"index":"index","follow":"follow","max-snippet":"max-snippet:-1","max-image-preview":"max-image-preview:large","max-video-preview":"max-video-preview:-1"},"canonical":"https:\/\/conexion23.com\/?p=18828","og_locale":"es_ES","og_type":"article","og_title":"Oficializan candidatura de Bukele para buscar la reelecci\u00f3n en 2024. - Conexi\u00f3n 23","og_description":"El Partido Nuevas Ideas oficializ\u00f3 el domingo la candidatura del presidente Nayib Bukele para los comicios de febrero de 2024, en donde buscar\u00eda su reelecci\u00f3n por otros cinco a\u00f1os a pesar de que abogados constitucionalistas y pol\u00edticos opositores aseguran que la carta magna proh\u00edbe la reelecci\u00f3n en El Salvador \u201cAnuncio al pa\u00eds que oficialmente nuestro [&hellip;]","og_url":"https:\/\/conexion23.com\/?p=18828","og_site_name":"Conexi\u00f3n 23","article_publisher":"https:\/\/www.facebook.com\/conexion23com","article_published_time":"2023-07-10T11:47:52+00:00","article_modified_time":"2023-07-10T11:47:54+00:00","og_image":[{"width":800,"height":533,"url":"https:\/\/conexion23.com\/wp-content\/uploads\/2023\/07\/649a16f2cfd20.jpeg","type":"image\/jpeg"}],"author":"Raffy Ben\u00edtez","twitter_card":"summary_large_image","twitter_misc":{"Escrito por":"Raffy Ben\u00edtez","Tiempo de lectura":"2 minutos"},"schema":{"@context":"https:\/\/schema.org","@graph":[{"@type":"Article","@id":"https:\/\/conexion23.com\/?p=18828#article","isPartOf":{"@id":"https:\/\/conexion23.com\/?p=18828"},"author":{"name":"Raffy Ben\u00edtez","@id":"https:\/\/conexion23.com\/#\/schema\/person\/5d6d767819503a4603e9fd070ecf3ac6"},"headline":"Oficializan candidatura de Bukele para buscar la reelecci\u00f3n en 2024.","datePublished":"2023-07-10T11:47:52+00:00","dateModified":"2023-07-10T11:47:54+00:00","mainEntityOfPage":{"@id":"https:\/\/conexion23.com\/?p=18828"},"wordCount":403,"commentCount":0,"publisher":{"@id":"https:\/\/conexion23.com\/#organization"},"image":{"@id":"https:\/\/conexion23.com\/?p=18828#primaryimage"},"thumbnailUrl":"https:\/\/conexion23.com\/wp-content\/uploads\/2023\/07\/649a16f2cfd20.jpeg","articleSection":["Uncategorized"],"inLanguage":"es","potentialAction":[{"@type":"CommentAction","name":"Comment","target":["https:\/\/conexion23.com\/?p=18828#respond"]}]},{"@type":"WebPage","@id":"https:\/\/conexion23.com\/?p=18828","url":"https:\/\/conexion23.com\/?p=18828","name":"Oficializan candidatura de Bukele para buscar la reelecci\u00f3n en 2024. - Conexi\u00f3n 23","isPartOf":{"@id":"https:\/\/conexion23.com\/#website"},"primaryImageOfPage":{"@id":"https:\/\/conexion23.com\/?p=18828#primaryimage"},"image":{"@id":"https:\/\/conexion23.com\/?p=18828#primaryimage"},"thumbnailUrl":"https:\/\/conexion23.com\/wp-content\/uploads\/2023\/07\/649a16f2cfd20.jpeg","datePublished":"2023-07-10T11:47:52+00:00","dateModified":"2023-07-10T11:47:54+00:00","breadcrumb":{"@id":"https:\/\/conexion23.com\/?p=18828#breadcrumb"},"inLanguage":"es","potentialAction":[{"@type":"ReadAction","target":["https:\/\/conexion23.com\/?p=18828"]}]},{"@type":"ImageObject","inLanguage":"es","@id":"https:\/\/conexion23.com\/?p=18828#primaryimage","url":"https:\/\/conexion23.com\/wp-content\/uploads\/2023\/07\/649a16f2cfd20.jpeg","contentUrl":"https:\/\/conexion23.com\/wp-content\/uploads\/2023\/07\/649a16f2cfd20.jpeg","width":800,"height":533},{"@type":"BreadcrumbList","@id":"https:\/\/conexion23.com\/?p=18828#breadcrumb","itemListElement":[{"@type":"ListItem","position":1,"name":"Portada","item":"https:\/\/conexion23.com\/"},{"@type":"ListItem","position":2,"name":"Oficializan candidatura de Bukele para buscar la reelecci\u00f3n en 2024."}]},{"@type":"WebSite","@id":"https:\/\/conexion23.com\/#website","url":"https:\/\/conexion23.com\/","name":"Conexi\u00f3n 23","description":"Peri\u00f3dico 100% Petromacorisano","publisher":{"@id":"https:\/\/conexion23.com\/#organization"},"potentialAction":[{"@type":"SearchAction","target":{"@type":"EntryPoint","urlTemplate":"https:\/\/conexion23.com\/?s={search_term_string}"},"query-input":{"@type":"PropertyValueSpecification","valueRequired":true,"valueName":"search_term_string"}}],"inLanguage":"es"},{"@type":"Organization","@id":"https:\/\/conexion23.com\/#organization","name":"Conexion 23","url":"https:\/\/conexion23.com\/","logo":{"@type":"ImageObject","inLanguage":"es","@id":"https:\/\/conexion23.com\/#\/schema\/logo\/image\/","url":"https:\/\/conexion23.com\/wp-content\/uploads\/2021\/11\/Diseno-sin-titulo-2.png","contentUrl":"https:\/\/conexion23.com\/wp-content\/uploads\/2021\/11\/Diseno-sin-titulo-2.png","width":541,"height":90,"caption":"Conexion 23"},"image":{"@id":"https:\/\/conexion23.com\/#\/schema\/logo\/image\/"},"sameAs":["https:\/\/www.facebook.com\/conexion23com","https:\/\/www.instagram.com\/conexion23com\/","https:\/\/www.youtube.com\/channel\/UCYc7vxxFZMYLIHNsHHxPZ3Q"]},{"@type":"Person","@id":"https:\/\/conexion23.com\/#\/schema\/person\/5d6d767819503a4603e9fd070ecf3ac6","name":"Raffy Ben\u00edtez","image":{"@type":"ImageObject","inLanguage":"es","@id":"https:\/\/secure.gravatar.com\/avatar\/3190a6a6c5e1b0327500f7d6c56b6242472ee6cb974cf09b401ee6b3b0798f23?s=96&d=mm&r=g","url":"https:\/\/secure.gravatar.com\/avatar\/3190a6a6c5e1b0327500f7d6c56b6242472ee6cb974cf09b401ee6b3b0798f23?s=96&d=mm&r=g","contentUrl":"https:\/\/secure.gravatar.com\/avatar\/3190a6a6c5e1b0327500f7d6c56b6242472ee6cb974cf09b401ee6b3b0798f23?s=96&d=mm&r=g","caption":"Raffy Ben\u00edtez"},"url":"https:\/\/conexion23.com\/?author=15"}]}},"_links":{"self":[{"href":"https:\/\/conexion23.com\/index.php?rest_route=\/wp\/v2\/posts\/18828","targetHints":{"allow":["GET"]}}],"collection":[{"href":"https:\/\/conexion23.com\/index.php?rest_route=\/wp\/v2\/posts"}],"about":[{"href":"https:\/\/conexion23.com\/index.php?rest_route=\/wp\/v2\/types\/post"}],"author":[{"embeddable":true,"href":"https:\/\/conexion23.com\/index.php?rest_route=\/wp\/v2\/users\/15"}],"replies":[{"embeddable":true,"href":"https:\/\/conexion23.com\/index.php?rest_route=%2Fwp%2Fv2%2Fcomments&post=18828"}],"version-history":[{"count":1,"href":"https:\/\/conexion23.com\/index.php?rest_route=\/wp\/v2\/posts\/18828\/revisions"}],"predecessor-version":[{"id":18830,"href":"https:\/\/conexion23.com\/index.php?rest_route=\/wp\/v2\/posts\/18828\/revisions\/18830"}],"wp:featuredmedia":[{"embeddable":true,"href":"https:\/\/conexion23.com\/index.php?rest_route=\/wp\/v2\/media\/18829"}],"wp:attachment":[{"href":"https:\/\/conexion23.com\/index.php?rest_route=%2Fwp%2Fv2%2Fmedia&parent=18828"}],"wp:term":[{"taxonomy":"category","embeddable":true,"href":"https:\/\/conexion23.com\/index.php?rest_route=%2Fwp%2Fv2%2Fcategories&post=18828"},{"taxonomy":"post_tag","embeddable":true,"href":"https:\/\/conexion23.com\/index.php?rest_route=%2Fwp%2Fv2%2Ftags&post=18828"}],"curies":[{"name":"wp","href":"https:\/\/api.w.org\/{rel}","templated":true}]}}