{"id":18837,"date":"2023-07-10T07:55:56","date_gmt":"2023-07-10T11:55:56","guid":{"rendered":"https:\/\/conexion23.com\/?p=18837"},"modified":"2023-07-10T07:55:59","modified_gmt":"2023-07-10T11:55:59","slug":"fp-registra-inscripcion-de-4244-aspirantes","status":"publish","type":"post","link":"https:\/\/conexion23.com\/?p=18837","title":{"rendered":"FP registra inscripci\u00f3n de 4,244 aspirantes."},"content":{"rendered":"\n<p class=\"wp-block-paragraph\">El partido Fuerza del Pueblo (FP) inform\u00f3 ayer que 4,244 aspirantes a puestos de elecci\u00f3n popular acudieron s\u00e1bado y domingo a los locales de la entidad para formalizar el proceso de inscripci\u00f3n que hab\u00edan iniciado v\u00eda digital.<\/p>\n\n\n\n<p class=\"wp-block-paragraph\">Los militantes y dirigentes de la entidad pol\u00edtica opositora de las circunscripciones electorales del Distrito Nacional y la provincia Santo Domingo se dirigieron, desde tempranas horas del pasado s\u00e1bado y domingo, a la sede principal de la FP, ubicada en la avenida Sim\u00f3n Bol\u00edvar esquina Doctor B\u00e1ez del sector Gazcue, para depositar los documentos requeridos en el proceso de formalizaci\u00f3n de las aspiraciones electivas.<\/p>\n\n\n\n<p class=\"wp-block-paragraph\">En las provincias y circunscripciones del exterior, la recepci\u00f3n de documentos se realiz\u00f3 en centros habilitados al respecto, donde quienes aspiran a puestos congresuales, municipales y distritos municipales, juntos a sus seguidores y simpatizantes formalizaron sus aspiraciones.<\/p>\n\n\n\n<p class=\"wp-block-paragraph\">La jornada de inscripci\u00f3n de la organizaci\u00f3n opositora termin\u00f3 siendo una fiesta de la democracia, con gran algarab\u00eda y el entusiasmo rein\u00f3 entre los aspirantes y seguidores.<\/p>\n","protected":false},"excerpt":{"rendered":"<p>El partido Fuerza del Pueblo (FP) inform\u00f3 ayer que 4,244 aspirantes a puestos de elecci\u00f3n popular acudieron s\u00e1bado y domingo a los locales de la entidad para formalizar el proceso de inscripci\u00f3n que hab\u00edan iniciado v\u00eda digital. Los militantes y dirigentes de la entidad pol\u00edtica opositora de las circunscripciones electorales del Distrito Nacional y la [&hellip;]<\/p>\n","protected":false},"author":15,"featured_media":18838,"comment_status":"open","ping_status":"open","sticky":false,"template":"","format":"standard","meta":{"footnotes":""},"categories":[1],"tags":[],"class_list":["post-18837","post","type-post","status-publish","format-standard","has-post-thumbnail","category-uncategorized"],"yoast_head":"<!-- This site is optimized with the Yoast SEO plugin v27.6 - https:\/\/yoast.com\/product\/yoast-seo-wordpress\/ -->\n<title>FP registra inscripci\u00f3n de 4,244 aspirantes. - Conexi\u00f3n 23<\/title>\n<meta name=\"robots\" content=\"index, follow, max-snippet:-1, max-image-preview:large, max-video-preview:-1\" \/>\n<link rel=\"canonical\" href=\"https:\/\/conexion23.com\/?p=18837\" \/>\n<meta property=\"og:locale\" content=\"es_ES\" \/>\n<meta property=\"og:type\" content=\"article\" \/>\n<meta property=\"og:title\" content=\"FP registra inscripci\u00f3n de 4,244 aspirantes. - Conexi\u00f3n 23\" \/>\n<meta property=\"og:description\" content=\"El partido Fuerza del Pueblo (FP) inform\u00f3 ayer que 4,244 aspirantes a puestos de elecci\u00f3n popular acudieron s\u00e1bado y domingo a los locales de la entidad para formalizar el proceso de inscripci\u00f3n que hab\u00edan iniciado v\u00eda digital. Los militantes y dirigentes de la entidad pol\u00edtica opositora de las circunscripciones electorales del Distrito Nacional y la [&hellip;]\" \/>\n<meta property=\"og:url\" content=\"https:\/\/conexion23.com\/?p=18837\" \/>\n<meta property=\"og:site_name\" content=\"Conexi\u00f3n 23\" \/>\n<meta property=\"article:publisher\" content=\"https:\/\/www.facebook.com\/conexion23com\" \/>\n<meta property=\"article:published_time\" content=\"2023-07-10T11:55:56+00:00\" \/>\n<meta property=\"article:modified_time\" content=\"2023-07-10T11:55:59+00:00\" \/>\n<meta property=\"og:image\" content=\"https:\/\/conexion23.com\/wp-content\/uploads\/2023\/07\/64ab71dc7fe85.jpeg\" \/>\n\t<meta property=\"og:image:width\" content=\"800\" \/>\n\t<meta property=\"og:image:height\" content=\"508\" \/>\n\t<meta property=\"og:image:type\" content=\"image\/jpeg\" \/>\n<meta name=\"author\" content=\"Raffy Ben\u00edtez\" \/>\n<meta name=\"twitter:card\" content=\"summary_large_image\" \/>\n<meta name=\"twitter:label1\" content=\"Escrito por\" \/>\n\t<meta name=\"twitter:data1\" content=\"Raffy Ben\u00edtez\" \/>\n\t<meta name=\"twitter:label2\" content=\"Tiempo de lectura\" \/>\n\t<meta name=\"twitter:data2\" content=\"1 minuto\" \/>\n<script type=\"application\/ld+json\" class=\"yoast-schema-graph\">{\"@context\":\"https:\\\/\\\/schema.org\",\"@graph\":[{\"@type\":\"Article\",\"@id\":\"https:\\\/\\\/conexion23.com\\\/?p=18837#article\",\"isPartOf\":{\"@id\":\"https:\\\/\\\/conexion23.com\\\/?p=18837\"},\"author\":{\"name\":\"Raffy Ben\u00edtez\",\"@id\":\"https:\\\/\\\/conexion23.com\\\/#\\\/schema\\\/person\\\/5d6d767819503a4603e9fd070ecf3ac6\"},\"headline\":\"FP registra inscripci\u00f3n de 4,244 aspirantes.\",\"datePublished\":\"2023-07-10T11:55:56+00:00\",\"dateModified\":\"2023-07-10T11:55:59+00:00\",\"mainEntityOfPage\":{\"@id\":\"https:\\\/\\\/conexion23.com\\\/?p=18837\"},\"wordCount\":185,\"commentCount\":0,\"publisher\":{\"@id\":\"https:\\\/\\\/conexion23.com\\\/#organization\"},\"image\":{\"@id\":\"https:\\\/\\\/conexion23.com\\\/?p=18837#primaryimage\"},\"thumbnailUrl\":\"https:\\\/\\\/conexion23.com\\\/wp-content\\\/uploads\\\/2023\\\/07\\\/64ab71dc7fe85.jpeg\",\"articleSection\":[\"Uncategorized\"],\"inLanguage\":\"es\",\"potentialAction\":[{\"@type\":\"CommentAction\",\"name\":\"Comment\",\"target\":[\"https:\\\/\\\/conexion23.com\\\/?p=18837#respond\"]}]},{\"@type\":\"WebPage\",\"@id\":\"https:\\\/\\\/conexion23.com\\\/?p=18837\",\"url\":\"https:\\\/\\\/conexion23.com\\\/?p=18837\",\"name\":\"FP registra inscripci\u00f3n de 4,244 aspirantes. - Conexi\u00f3n 23\",\"isPartOf\":{\"@id\":\"https:\\\/\\\/conexion23.com\\\/#website\"},\"primaryImageOfPage\":{\"@id\":\"https:\\\/\\\/conexion23.com\\\/?p=18837#primaryimage\"},\"image\":{\"@id\":\"https:\\\/\\\/conexion23.com\\\/?p=18837#primaryimage\"},\"thumbnailUrl\":\"https:\\\/\\\/conexion23.com\\\/wp-content\\\/uploads\\\/2023\\\/07\\\/64ab71dc7fe85.jpeg\",\"datePublished\":\"2023-07-10T11:55:56+00:00\",\"dateModified\":\"2023-07-10T11:55:59+00:00\",\"breadcrumb\":{\"@id\":\"https:\\\/\\\/conexion23.com\\\/?p=18837#breadcrumb\"},\"inLanguage\":\"es\",\"potentialAction\":[{\"@type\":\"ReadAction\",\"target\":[\"https:\\\/\\\/conexion23.com\\\/?p=18837\"]}]},{\"@type\":\"ImageObject\",\"inLanguage\":\"es\",\"@id\":\"https:\\\/\\\/conexion23.com\\\/?p=18837#primaryimage\",\"url\":\"https:\\\/\\\/conexion23.com\\\/wp-content\\\/uploads\\\/2023\\\/07\\\/64ab71dc7fe85.jpeg\",\"contentUrl\":\"https:\\\/\\\/conexion23.com\\\/wp-content\\\/uploads\\\/2023\\\/07\\\/64ab71dc7fe85.jpeg\",\"width\":800,\"height\":508},{\"@type\":\"BreadcrumbList\",\"@id\":\"https:\\\/\\\/conexion23.com\\\/?p=18837#breadcrumb\",\"itemListElement\":[{\"@type\":\"ListItem\",\"position\":1,\"name\":\"Portada\",\"item\":\"https:\\\/\\\/conexion23.com\\\/\"},{\"@type\":\"ListItem\",\"position\":2,\"name\":\"FP registra inscripci\u00f3n de 4,244 aspirantes.\"}]},{\"@type\":\"WebSite\",\"@id\":\"https:\\\/\\\/conexion23.com\\\/#website\",\"url\":\"https:\\\/\\\/conexion23.com\\\/\",\"name\":\"Conexi\u00f3n 23\",\"description\":\"Peri\u00f3dico 100% Petromacorisano\",\"publisher\":{\"@id\":\"https:\\\/\\\/conexion23.com\\\/#organization\"},\"potentialAction\":[{\"@type\":\"SearchAction\",\"target\":{\"@type\":\"EntryPoint\",\"urlTemplate\":\"https:\\\/\\\/conexion23.com\\\/?s={search_term_string}\"},\"query-input\":{\"@type\":\"PropertyValueSpecification\",\"valueRequired\":true,\"valueName\":\"search_term_string\"}}],\"inLanguage\":\"es\"},{\"@type\":\"Organization\",\"@id\":\"https:\\\/\\\/conexion23.com\\\/#organization\",\"name\":\"Conexion 23\",\"url\":\"https:\\\/\\\/conexion23.com\\\/\",\"logo\":{\"@type\":\"ImageObject\",\"inLanguage\":\"es\",\"@id\":\"https:\\\/\\\/conexion23.com\\\/#\\\/schema\\\/logo\\\/image\\\/\",\"url\":\"https:\\\/\\\/conexion23.com\\\/wp-content\\\/uploads\\\/2021\\\/11\\\/Diseno-sin-titulo-2.png\",\"contentUrl\":\"https:\\\/\\\/conexion23.com\\\/wp-content\\\/uploads\\\/2021\\\/11\\\/Diseno-sin-titulo-2.png\",\"width\":541,\"height\":90,\"caption\":\"Conexion 23\"},\"image\":{\"@id\":\"https:\\\/\\\/conexion23.com\\\/#\\\/schema\\\/logo\\\/image\\\/\"},\"sameAs\":[\"https:\\\/\\\/www.facebook.com\\\/conexion23com\",\"https:\\\/\\\/www.instagram.com\\\/conexion23com\\\/\",\"https:\\\/\\\/www.youtube.com\\\/channel\\\/UCYc7vxxFZMYLIHNsHHxPZ3Q\"]},{\"@type\":\"Person\",\"@id\":\"https:\\\/\\\/conexion23.com\\\/#\\\/schema\\\/person\\\/5d6d767819503a4603e9fd070ecf3ac6\",\"name\":\"Raffy Ben\u00edtez\",\"image\":{\"@type\":\"ImageObject\",\"inLanguage\":\"es\",\"@id\":\"https:\\\/\\\/secure.gravatar.com\\\/avatar\\\/3190a6a6c5e1b0327500f7d6c56b6242472ee6cb974cf09b401ee6b3b0798f23?s=96&d=mm&r=g\",\"url\":\"https:\\\/\\\/secure.gravatar.com\\\/avatar\\\/3190a6a6c5e1b0327500f7d6c56b6242472ee6cb974cf09b401ee6b3b0798f23?s=96&d=mm&r=g\",\"contentUrl\":\"https:\\\/\\\/secure.gravatar.com\\\/avatar\\\/3190a6a6c5e1b0327500f7d6c56b6242472ee6cb974cf09b401ee6b3b0798f23?s=96&d=mm&r=g\",\"caption\":\"Raffy Ben\u00edtez\"},\"url\":\"https:\\\/\\\/conexion23.com\\\/?author=15\"}]}<\/script>\n<!-- \/ Yoast SEO plugin. -->","yoast_head_json":{"title":"FP registra inscripci\u00f3n de 4,244 aspirantes. - Conexi\u00f3n 23","robots":{"index":"index","follow":"follow","max-snippet":"max-snippet:-1","max-image-preview":"max-image-preview:large","max-video-preview":"max-video-preview:-1"},"canonical":"https:\/\/conexion23.com\/?p=18837","og_locale":"es_ES","og_type":"article","og_title":"FP registra inscripci\u00f3n de 4,244 aspirantes. - Conexi\u00f3n 23","og_description":"El partido Fuerza del Pueblo (FP) inform\u00f3 ayer que 4,244 aspirantes a puestos de elecci\u00f3n popular acudieron s\u00e1bado y domingo a los locales de la entidad para formalizar el proceso de inscripci\u00f3n que hab\u00edan iniciado v\u00eda digital. Los militantes y dirigentes de la entidad pol\u00edtica opositora de las circunscripciones electorales del Distrito Nacional y la [&hellip;]","og_url":"https:\/\/conexion23.com\/?p=18837","og_site_name":"Conexi\u00f3n 23","article_publisher":"https:\/\/www.facebook.com\/conexion23com","article_published_time":"2023-07-10T11:55:56+00:00","article_modified_time":"2023-07-10T11:55:59+00:00","og_image":[{"width":800,"height":508,"url":"https:\/\/conexion23.com\/wp-content\/uploads\/2023\/07\/64ab71dc7fe85.jpeg","type":"image\/jpeg"}],"author":"Raffy Ben\u00edtez","twitter_card":"summary_large_image","twitter_misc":{"Escrito por":"Raffy Ben\u00edtez","Tiempo de lectura":"1 minuto"},"schema":{"@context":"https:\/\/schema.org","@graph":[{"@type":"Article","@id":"https:\/\/conexion23.com\/?p=18837#article","isPartOf":{"@id":"https:\/\/conexion23.com\/?p=18837"},"author":{"name":"Raffy Ben\u00edtez","@id":"https:\/\/conexion23.com\/#\/schema\/person\/5d6d767819503a4603e9fd070ecf3ac6"},"headline":"FP registra inscripci\u00f3n de 4,244 aspirantes.","datePublished":"2023-07-10T11:55:56+00:00","dateModified":"2023-07-10T11:55:59+00:00","mainEntityOfPage":{"@id":"https:\/\/conexion23.com\/?p=18837"},"wordCount":185,"commentCount":0,"publisher":{"@id":"https:\/\/conexion23.com\/#organization"},"image":{"@id":"https:\/\/conexion23.com\/?p=18837#primaryimage"},"thumbnailUrl":"https:\/\/conexion23.com\/wp-content\/uploads\/2023\/07\/64ab71dc7fe85.jpeg","articleSection":["Uncategorized"],"inLanguage":"es","potentialAction":[{"@type":"CommentAction","name":"Comment","target":["https:\/\/conexion23.com\/?p=18837#respond"]}]},{"@type":"WebPage","@id":"https:\/\/conexion23.com\/?p=18837","url":"https:\/\/conexion23.com\/?p=18837","name":"FP registra inscripci\u00f3n de 4,244 aspirantes. - Conexi\u00f3n 23","isPartOf":{"@id":"https:\/\/conexion23.com\/#website"},"primaryImageOfPage":{"@id":"https:\/\/conexion23.com\/?p=18837#primaryimage"},"image":{"@id":"https:\/\/conexion23.com\/?p=18837#primaryimage"},"thumbnailUrl":"https:\/\/conexion23.com\/wp-content\/uploads\/2023\/07\/64ab71dc7fe85.jpeg","datePublished":"2023-07-10T11:55:56+00:00","dateModified":"2023-07-10T11:55:59+00:00","breadcrumb":{"@id":"https:\/\/conexion23.com\/?p=18837#breadcrumb"},"inLanguage":"es","potentialAction":[{"@type":"ReadAction","target":["https:\/\/conexion23.com\/?p=18837"]}]},{"@type":"ImageObject","inLanguage":"es","@id":"https:\/\/conexion23.com\/?p=18837#primaryimage","url":"https:\/\/conexion23.com\/wp-content\/uploads\/2023\/07\/64ab71dc7fe85.jpeg","contentUrl":"https:\/\/conexion23.com\/wp-content\/uploads\/2023\/07\/64ab71dc7fe85.jpeg","width":800,"height":508},{"@type":"BreadcrumbList","@id":"https:\/\/conexion23.com\/?p=18837#breadcrumb","itemListElement":[{"@type":"ListItem","position":1,"name":"Portada","item":"https:\/\/conexion23.com\/"},{"@type":"ListItem","position":2,"name":"FP registra inscripci\u00f3n de 4,244 aspirantes."}]},{"@type":"WebSite","@id":"https:\/\/conexion23.com\/#website","url":"https:\/\/conexion23.com\/","name":"Conexi\u00f3n 23","description":"Peri\u00f3dico 100% Petromacorisano","publisher":{"@id":"https:\/\/conexion23.com\/#organization"},"potentialAction":[{"@type":"SearchAction","target":{"@type":"EntryPoint","urlTemplate":"https:\/\/conexion23.com\/?s={search_term_string}"},"query-input":{"@type":"PropertyValueSpecification","valueRequired":true,"valueName":"search_term_string"}}],"inLanguage":"es"},{"@type":"Organization","@id":"https:\/\/conexion23.com\/#organization","name":"Conexion 23","url":"https:\/\/conexion23.com\/","logo":{"@type":"ImageObject","inLanguage":"es","@id":"https:\/\/conexion23.com\/#\/schema\/logo\/image\/","url":"https:\/\/conexion23.com\/wp-content\/uploads\/2021\/11\/Diseno-sin-titulo-2.png","contentUrl":"https:\/\/conexion23.com\/wp-content\/uploads\/2021\/11\/Diseno-sin-titulo-2.png","width":541,"height":90,"caption":"Conexion 23"},"image":{"@id":"https:\/\/conexion23.com\/#\/schema\/logo\/image\/"},"sameAs":["https:\/\/www.facebook.com\/conexion23com","https:\/\/www.instagram.com\/conexion23com\/","https:\/\/www.youtube.com\/channel\/UCYc7vxxFZMYLIHNsHHxPZ3Q"]},{"@type":"Person","@id":"https:\/\/conexion23.com\/#\/schema\/person\/5d6d767819503a4603e9fd070ecf3ac6","name":"Raffy Ben\u00edtez","image":{"@type":"ImageObject","inLanguage":"es","@id":"https:\/\/secure.gravatar.com\/avatar\/3190a6a6c5e1b0327500f7d6c56b6242472ee6cb974cf09b401ee6b3b0798f23?s=96&d=mm&r=g","url":"https:\/\/secure.gravatar.com\/avatar\/3190a6a6c5e1b0327500f7d6c56b6242472ee6cb974cf09b401ee6b3b0798f23?s=96&d=mm&r=g","contentUrl":"https:\/\/secure.gravatar.com\/avatar\/3190a6a6c5e1b0327500f7d6c56b6242472ee6cb974cf09b401ee6b3b0798f23?s=96&d=mm&r=g","caption":"Raffy Ben\u00edtez"},"url":"https:\/\/conexion23.com\/?author=15"}]}},"_links":{"self":[{"href":"https:\/\/conexion23.com\/index.php?rest_route=\/wp\/v2\/posts\/18837","targetHints":{"allow":["GET"]}}],"collection":[{"href":"https:\/\/conexion23.com\/index.php?rest_route=\/wp\/v2\/posts"}],"about":[{"href":"https:\/\/conexion23.com\/index.php?rest_route=\/wp\/v2\/types\/post"}],"author":[{"embeddable":true,"href":"https:\/\/conexion23.com\/index.php?rest_route=\/wp\/v2\/users\/15"}],"replies":[{"embeddable":true,"href":"https:\/\/conexion23.com\/index.php?rest_route=%2Fwp%2Fv2%2Fcomments&post=18837"}],"version-history":[{"count":1,"href":"https:\/\/conexion23.com\/index.php?rest_route=\/wp\/v2\/posts\/18837\/revisions"}],"predecessor-version":[{"id":18839,"href":"https:\/\/conexion23.com\/index.php?rest_route=\/wp\/v2\/posts\/18837\/revisions\/18839"}],"wp:featuredmedia":[{"embeddable":true,"href":"https:\/\/conexion23.com\/index.php?rest_route=\/wp\/v2\/media\/18838"}],"wp:attachment":[{"href":"https:\/\/conexion23.com\/index.php?rest_route=%2Fwp%2Fv2%2Fmedia&parent=18837"}],"wp:term":[{"taxonomy":"category","embeddable":true,"href":"https:\/\/conexion23.com\/index.php?rest_route=%2Fwp%2Fv2%2Fcategories&post=18837"},{"taxonomy":"post_tag","embeddable":true,"href":"https:\/\/conexion23.com\/index.php?rest_route=%2Fwp%2Fv2%2Ftags&post=18837"}],"curies":[{"name":"wp","href":"https:\/\/api.w.org\/{rel}","templated":true}]}}