{"id":18901,"date":"2023-07-12T08:05:46","date_gmt":"2023-07-12T12:05:46","guid":{"rendered":"https:\/\/conexion23.com\/?p=18901"},"modified":"2023-07-12T08:05:49","modified_gmt":"2023-07-12T12:05:49","slug":"matan-a-alberto-baleado-en-confuso-incidente-en-spm","status":"publish","type":"post","link":"https:\/\/conexion23.com\/?p=18901","title":{"rendered":"Matan a Alberto, baleado en confuso incidente en SPM."},"content":{"rendered":"\n<p>Un hombre identificado como Alberto Pineda, de 51 a\u00f1os, muri\u00f3 tras recibir varios disparos en medio de un confuso incidente ocurrido en el sector Villa Maranatha, tambi\u00e9n conocido como Los Solares, en San Pedro de Macor\u00eds.<\/p>\n\n\n\n<p>Seg\u00fan versiones no confirmadas, el hecho se habr\u00eda originado por una disputa entre vecinos por unos alambres robados o por unos solares. Pineda fue trasladado a la Cl\u00ednica Familiar Doctor Franklin Pe\u00f1a, donde falleci\u00f3 a causa de las heridas.<\/p>\n\n\n\n<p>Las autoridades investigan las circunstancias del suceso y buscan a los responsables del crimen.<\/p>\n","protected":false},"excerpt":{"rendered":"<p>Un hombre identificado como Alberto Pineda, de 51 a\u00f1os, muri\u00f3 tras recibir varios disparos en medio de un confuso incidente ocurrido en el sector Villa Maranatha, tambi\u00e9n conocido como Los Solares, en San Pedro de Macor\u00eds. Seg\u00fan versiones no confirmadas, el hecho se habr\u00eda originado por una disputa entre vecinos por unos alambres robados o [&hellip;]<\/p>\n","protected":false},"author":15,"featured_media":18902,"comment_status":"open","ping_status":"open","sticky":false,"template":"","format":"standard","meta":{"footnotes":""},"categories":[35],"tags":[],"class_list":{"0":"post-18901","1":"post","2":"type-post","3":"status-publish","4":"format-standard","5":"has-post-thumbnail","7":"category-spm"},"yoast_head":"<!-- This site is optimized with the Yoast SEO plugin v27.1.1 - https:\/\/yoast.com\/product\/yoast-seo-wordpress\/ -->\n<title>Matan a Alberto, baleado en confuso incidente en SPM. - Conexi\u00f3n 23<\/title>\n<meta name=\"robots\" content=\"index, follow, max-snippet:-1, max-image-preview:large, max-video-preview:-1\" \/>\n<link rel=\"canonical\" href=\"https:\/\/conexion23.com\/?p=18901\" \/>\n<meta property=\"og:locale\" content=\"es_ES\" \/>\n<meta property=\"og:type\" content=\"article\" \/>\n<meta property=\"og:title\" content=\"Matan a Alberto, baleado en confuso incidente en SPM. - Conexi\u00f3n 23\" \/>\n<meta property=\"og:description\" content=\"Un hombre identificado como Alberto Pineda, de 51 a\u00f1os, muri\u00f3 tras recibir varios disparos en medio de un confuso incidente ocurrido en el sector Villa Maranatha, tambi\u00e9n conocido como Los Solares, en San Pedro de Macor\u00eds. Seg\u00fan versiones no confirmadas, el hecho se habr\u00eda originado por una disputa entre vecinos por unos alambres robados o [&hellip;]\" \/>\n<meta property=\"og:url\" content=\"https:\/\/conexion23.com\/?p=18901\" \/>\n<meta property=\"og:site_name\" content=\"Conexi\u00f3n 23\" \/>\n<meta property=\"article:publisher\" content=\"https:\/\/www.facebook.com\/conexion23com\" \/>\n<meta property=\"article:published_time\" content=\"2023-07-12T12:05:46+00:00\" \/>\n<meta property=\"article:modified_time\" content=\"2023-07-12T12:05:49+00:00\" \/>\n<meta property=\"og:image\" content=\"https:\/\/conexion23.com\/wp-content\/uploads\/2023\/07\/6cae046f-da0e-4d8a-9114-aae5fb8ab325.jpg\" \/>\n\t<meta property=\"og:image:width\" content=\"1059\" \/>\n\t<meta property=\"og:image:height\" content=\"1271\" \/>\n\t<meta property=\"og:image:type\" content=\"image\/jpeg\" \/>\n<meta name=\"author\" content=\"Raffy Ben\u00edtez\" \/>\n<meta name=\"twitter:card\" content=\"summary_large_image\" \/>\n<meta name=\"twitter:label1\" content=\"Escrito por\" \/>\n\t<meta name=\"twitter:data1\" content=\"Raffy Ben\u00edtez\" \/>\n\t<meta name=\"twitter:label2\" content=\"Tiempo de lectura\" \/>\n\t<meta name=\"twitter:data2\" content=\"1 minuto\" \/>\n<script type=\"application\/ld+json\" class=\"yoast-schema-graph\">{\"@context\":\"https:\/\/schema.org\",\"@graph\":[{\"@type\":\"Article\",\"@id\":\"https:\/\/conexion23.com\/?p=18901#article\",\"isPartOf\":{\"@id\":\"https:\/\/conexion23.com\/?p=18901\"},\"author\":{\"name\":\"Raffy Ben\u00edtez\",\"@id\":\"https:\/\/conexion23.com\/#\/schema\/person\/03e36043331117e97a373299bbcd30a6\"},\"headline\":\"Matan a Alberto, baleado en confuso incidente en SPM.\",\"datePublished\":\"2023-07-12T12:05:46+00:00\",\"dateModified\":\"2023-07-12T12:05:49+00:00\",\"mainEntityOfPage\":{\"@id\":\"https:\/\/conexion23.com\/?p=18901\"},\"wordCount\":104,\"commentCount\":0,\"publisher\":{\"@id\":\"https:\/\/conexion23.com\/#organization\"},\"image\":{\"@id\":\"https:\/\/conexion23.com\/?p=18901#primaryimage\"},\"thumbnailUrl\":\"https:\/\/conexion23.com\/wp-content\/uploads\/2023\/07\/6cae046f-da0e-4d8a-9114-aae5fb8ab325.jpg\",\"articleSection\":[\"SPM\"],\"inLanguage\":\"es\",\"potentialAction\":[{\"@type\":\"CommentAction\",\"name\":\"Comment\",\"target\":[\"https:\/\/conexion23.com\/?p=18901#respond\"]}]},{\"@type\":\"WebPage\",\"@id\":\"https:\/\/conexion23.com\/?p=18901\",\"url\":\"https:\/\/conexion23.com\/?p=18901\",\"name\":\"Matan a Alberto, baleado en confuso incidente en SPM. - Conexi\u00f3n 23\",\"isPartOf\":{\"@id\":\"https:\/\/conexion23.com\/#website\"},\"primaryImageOfPage\":{\"@id\":\"https:\/\/conexion23.com\/?p=18901#primaryimage\"},\"image\":{\"@id\":\"https:\/\/conexion23.com\/?p=18901#primaryimage\"},\"thumbnailUrl\":\"https:\/\/conexion23.com\/wp-content\/uploads\/2023\/07\/6cae046f-da0e-4d8a-9114-aae5fb8ab325.jpg\",\"datePublished\":\"2023-07-12T12:05:46+00:00\",\"dateModified\":\"2023-07-12T12:05:49+00:00\",\"breadcrumb\":{\"@id\":\"https:\/\/conexion23.com\/?p=18901#breadcrumb\"},\"inLanguage\":\"es\",\"potentialAction\":[{\"@type\":\"ReadAction\",\"target\":[\"https:\/\/conexion23.com\/?p=18901\"]}]},{\"@type\":\"ImageObject\",\"inLanguage\":\"es\",\"@id\":\"https:\/\/conexion23.com\/?p=18901#primaryimage\",\"url\":\"https:\/\/conexion23.com\/wp-content\/uploads\/2023\/07\/6cae046f-da0e-4d8a-9114-aae5fb8ab325.jpg\",\"contentUrl\":\"https:\/\/conexion23.com\/wp-content\/uploads\/2023\/07\/6cae046f-da0e-4d8a-9114-aae5fb8ab325.jpg\",\"width\":1059,\"height\":1271},{\"@type\":\"BreadcrumbList\",\"@id\":\"https:\/\/conexion23.com\/?p=18901#breadcrumb\",\"itemListElement\":[{\"@type\":\"ListItem\",\"position\":1,\"name\":\"Portada\",\"item\":\"https:\/\/conexion23.com\/\"},{\"@type\":\"ListItem\",\"position\":2,\"name\":\"Matan a Alberto, baleado en confuso incidente en SPM.\"}]},{\"@type\":\"WebSite\",\"@id\":\"https:\/\/conexion23.com\/#website\",\"url\":\"https:\/\/conexion23.com\/\",\"name\":\"Conexi\u00f3n 23\",\"description\":\"Peri\u00f3dico 100% Petromacorisano\",\"publisher\":{\"@id\":\"https:\/\/conexion23.com\/#organization\"},\"potentialAction\":[{\"@type\":\"SearchAction\",\"target\":{\"@type\":\"EntryPoint\",\"urlTemplate\":\"https:\/\/conexion23.com\/?s={search_term_string}\"},\"query-input\":{\"@type\":\"PropertyValueSpecification\",\"valueRequired\":true,\"valueName\":\"search_term_string\"}}],\"inLanguage\":\"es\"},{\"@type\":\"Organization\",\"@id\":\"https:\/\/conexion23.com\/#organization\",\"name\":\"Conexion 23\",\"url\":\"https:\/\/conexion23.com\/\",\"logo\":{\"@type\":\"ImageObject\",\"inLanguage\":\"es\",\"@id\":\"https:\/\/conexion23.com\/#\/schema\/logo\/image\/\",\"url\":\"https:\/\/conexion23.com\/wp-content\/uploads\/2021\/11\/Diseno-sin-titulo-2.png\",\"contentUrl\":\"https:\/\/conexion23.com\/wp-content\/uploads\/2021\/11\/Diseno-sin-titulo-2.png\",\"width\":541,\"height\":90,\"caption\":\"Conexion 23\"},\"image\":{\"@id\":\"https:\/\/conexion23.com\/#\/schema\/logo\/image\/\"},\"sameAs\":[\"https:\/\/www.facebook.com\/conexion23com\",\"https:\/\/www.instagram.com\/conexion23com\/\",\"https:\/\/www.youtube.com\/channel\/UCYc7vxxFZMYLIHNsHHxPZ3Q\"]},{\"@type\":\"Person\",\"@id\":\"https:\/\/conexion23.com\/#\/schema\/person\/03e36043331117e97a373299bbcd30a6\",\"name\":\"Raffy Ben\u00edtez\",\"image\":{\"@type\":\"ImageObject\",\"inLanguage\":\"es\",\"@id\":\"https:\/\/conexion23.com\/#\/schema\/person\/image\/\",\"url\":\"https:\/\/secure.gravatar.com\/avatar\/3190a6a6c5e1b0327500f7d6c56b6242472ee6cb974cf09b401ee6b3b0798f23?s=96&d=mm&r=g\",\"contentUrl\":\"https:\/\/secure.gravatar.com\/avatar\/3190a6a6c5e1b0327500f7d6c56b6242472ee6cb974cf09b401ee6b3b0798f23?s=96&d=mm&r=g\",\"caption\":\"Raffy Ben\u00edtez\"},\"url\":\"https:\/\/conexion23.com\/?author=15\"}]}<\/script>\n<!-- \/ Yoast SEO plugin. -->","yoast_head_json":{"title":"Matan a Alberto, baleado en confuso incidente en SPM. - Conexi\u00f3n 23","robots":{"index":"index","follow":"follow","max-snippet":"max-snippet:-1","max-image-preview":"max-image-preview:large","max-video-preview":"max-video-preview:-1"},"canonical":"https:\/\/conexion23.com\/?p=18901","og_locale":"es_ES","og_type":"article","og_title":"Matan a Alberto, baleado en confuso incidente en SPM. - Conexi\u00f3n 23","og_description":"Un hombre identificado como Alberto Pineda, de 51 a\u00f1os, muri\u00f3 tras recibir varios disparos en medio de un confuso incidente ocurrido en el sector Villa Maranatha, tambi\u00e9n conocido como Los Solares, en San Pedro de Macor\u00eds. Seg\u00fan versiones no confirmadas, el hecho se habr\u00eda originado por una disputa entre vecinos por unos alambres robados o [&hellip;]","og_url":"https:\/\/conexion23.com\/?p=18901","og_site_name":"Conexi\u00f3n 23","article_publisher":"https:\/\/www.facebook.com\/conexion23com","article_published_time":"2023-07-12T12:05:46+00:00","article_modified_time":"2023-07-12T12:05:49+00:00","og_image":[{"width":1059,"height":1271,"url":"https:\/\/conexion23.com\/wp-content\/uploads\/2023\/07\/6cae046f-da0e-4d8a-9114-aae5fb8ab325.jpg","type":"image\/jpeg"}],"author":"Raffy Ben\u00edtez","twitter_card":"summary_large_image","twitter_misc":{"Escrito por":"Raffy Ben\u00edtez","Tiempo de lectura":"1 minuto"},"schema":{"@context":"https:\/\/schema.org","@graph":[{"@type":"Article","@id":"https:\/\/conexion23.com\/?p=18901#article","isPartOf":{"@id":"https:\/\/conexion23.com\/?p=18901"},"author":{"name":"Raffy Ben\u00edtez","@id":"https:\/\/conexion23.com\/#\/schema\/person\/03e36043331117e97a373299bbcd30a6"},"headline":"Matan a Alberto, baleado en confuso incidente en SPM.","datePublished":"2023-07-12T12:05:46+00:00","dateModified":"2023-07-12T12:05:49+00:00","mainEntityOfPage":{"@id":"https:\/\/conexion23.com\/?p=18901"},"wordCount":104,"commentCount":0,"publisher":{"@id":"https:\/\/conexion23.com\/#organization"},"image":{"@id":"https:\/\/conexion23.com\/?p=18901#primaryimage"},"thumbnailUrl":"https:\/\/conexion23.com\/wp-content\/uploads\/2023\/07\/6cae046f-da0e-4d8a-9114-aae5fb8ab325.jpg","articleSection":["SPM"],"inLanguage":"es","potentialAction":[{"@type":"CommentAction","name":"Comment","target":["https:\/\/conexion23.com\/?p=18901#respond"]}]},{"@type":"WebPage","@id":"https:\/\/conexion23.com\/?p=18901","url":"https:\/\/conexion23.com\/?p=18901","name":"Matan a Alberto, baleado en confuso incidente en SPM. - Conexi\u00f3n 23","isPartOf":{"@id":"https:\/\/conexion23.com\/#website"},"primaryImageOfPage":{"@id":"https:\/\/conexion23.com\/?p=18901#primaryimage"},"image":{"@id":"https:\/\/conexion23.com\/?p=18901#primaryimage"},"thumbnailUrl":"https:\/\/conexion23.com\/wp-content\/uploads\/2023\/07\/6cae046f-da0e-4d8a-9114-aae5fb8ab325.jpg","datePublished":"2023-07-12T12:05:46+00:00","dateModified":"2023-07-12T12:05:49+00:00","breadcrumb":{"@id":"https:\/\/conexion23.com\/?p=18901#breadcrumb"},"inLanguage":"es","potentialAction":[{"@type":"ReadAction","target":["https:\/\/conexion23.com\/?p=18901"]}]},{"@type":"ImageObject","inLanguage":"es","@id":"https:\/\/conexion23.com\/?p=18901#primaryimage","url":"https:\/\/conexion23.com\/wp-content\/uploads\/2023\/07\/6cae046f-da0e-4d8a-9114-aae5fb8ab325.jpg","contentUrl":"https:\/\/conexion23.com\/wp-content\/uploads\/2023\/07\/6cae046f-da0e-4d8a-9114-aae5fb8ab325.jpg","width":1059,"height":1271},{"@type":"BreadcrumbList","@id":"https:\/\/conexion23.com\/?p=18901#breadcrumb","itemListElement":[{"@type":"ListItem","position":1,"name":"Portada","item":"https:\/\/conexion23.com\/"},{"@type":"ListItem","position":2,"name":"Matan a Alberto, baleado en confuso incidente en SPM."}]},{"@type":"WebSite","@id":"https:\/\/conexion23.com\/#website","url":"https:\/\/conexion23.com\/","name":"Conexi\u00f3n 23","description":"Peri\u00f3dico 100% Petromacorisano","publisher":{"@id":"https:\/\/conexion23.com\/#organization"},"potentialAction":[{"@type":"SearchAction","target":{"@type":"EntryPoint","urlTemplate":"https:\/\/conexion23.com\/?s={search_term_string}"},"query-input":{"@type":"PropertyValueSpecification","valueRequired":true,"valueName":"search_term_string"}}],"inLanguage":"es"},{"@type":"Organization","@id":"https:\/\/conexion23.com\/#organization","name":"Conexion 23","url":"https:\/\/conexion23.com\/","logo":{"@type":"ImageObject","inLanguage":"es","@id":"https:\/\/conexion23.com\/#\/schema\/logo\/image\/","url":"https:\/\/conexion23.com\/wp-content\/uploads\/2021\/11\/Diseno-sin-titulo-2.png","contentUrl":"https:\/\/conexion23.com\/wp-content\/uploads\/2021\/11\/Diseno-sin-titulo-2.png","width":541,"height":90,"caption":"Conexion 23"},"image":{"@id":"https:\/\/conexion23.com\/#\/schema\/logo\/image\/"},"sameAs":["https:\/\/www.facebook.com\/conexion23com","https:\/\/www.instagram.com\/conexion23com\/","https:\/\/www.youtube.com\/channel\/UCYc7vxxFZMYLIHNsHHxPZ3Q"]},{"@type":"Person","@id":"https:\/\/conexion23.com\/#\/schema\/person\/03e36043331117e97a373299bbcd30a6","name":"Raffy Ben\u00edtez","image":{"@type":"ImageObject","inLanguage":"es","@id":"https:\/\/conexion23.com\/#\/schema\/person\/image\/","url":"https:\/\/secure.gravatar.com\/avatar\/3190a6a6c5e1b0327500f7d6c56b6242472ee6cb974cf09b401ee6b3b0798f23?s=96&d=mm&r=g","contentUrl":"https:\/\/secure.gravatar.com\/avatar\/3190a6a6c5e1b0327500f7d6c56b6242472ee6cb974cf09b401ee6b3b0798f23?s=96&d=mm&r=g","caption":"Raffy Ben\u00edtez"},"url":"https:\/\/conexion23.com\/?author=15"}]}},"_links":{"self":[{"href":"https:\/\/conexion23.com\/index.php?rest_route=\/wp\/v2\/posts\/18901","targetHints":{"allow":["GET"]}}],"collection":[{"href":"https:\/\/conexion23.com\/index.php?rest_route=\/wp\/v2\/posts"}],"about":[{"href":"https:\/\/conexion23.com\/index.php?rest_route=\/wp\/v2\/types\/post"}],"author":[{"embeddable":true,"href":"https:\/\/conexion23.com\/index.php?rest_route=\/wp\/v2\/users\/15"}],"replies":[{"embeddable":true,"href":"https:\/\/conexion23.com\/index.php?rest_route=%2Fwp%2Fv2%2Fcomments&post=18901"}],"version-history":[{"count":1,"href":"https:\/\/conexion23.com\/index.php?rest_route=\/wp\/v2\/posts\/18901\/revisions"}],"predecessor-version":[{"id":18903,"href":"https:\/\/conexion23.com\/index.php?rest_route=\/wp\/v2\/posts\/18901\/revisions\/18903"}],"wp:featuredmedia":[{"embeddable":true,"href":"https:\/\/conexion23.com\/index.php?rest_route=\/wp\/v2\/media\/18902"}],"wp:attachment":[{"href":"https:\/\/conexion23.com\/index.php?rest_route=%2Fwp%2Fv2%2Fmedia&parent=18901"}],"wp:term":[{"taxonomy":"category","embeddable":true,"href":"https:\/\/conexion23.com\/index.php?rest_route=%2Fwp%2Fv2%2Fcategories&post=18901"},{"taxonomy":"post_tag","embeddable":true,"href":"https:\/\/conexion23.com\/index.php?rest_route=%2Fwp%2Fv2%2Ftags&post=18901"}],"curies":[{"name":"wp","href":"https:\/\/api.w.org\/{rel}","templated":true}]}}