{"id":18907,"date":"2023-07-12T08:13:25","date_gmt":"2023-07-12T12:13:25","guid":{"rendered":"https:\/\/conexion23.com\/?p=18907"},"modified":"2023-07-12T08:13:28","modified_gmt":"2023-07-12T12:13:28","slug":"guardia-costera-ee-uu-repatria-a-24-dominicanos-y-3-haitianos-a-republica-dominicana","status":"publish","type":"post","link":"https:\/\/conexion23.com\/?p=18907","title":{"rendered":"Guardia Costera EE.UU. repatria a 24 dominicanos y 3 haitianos a Rep\u00fablica Dominicana."},"content":{"rendered":"\n<p>La&nbsp;<strong>Guardia Costera estadounidense inform\u00f3 este martes que repatri\u00f3 a 27 migrantes, 24 dominicanos y 3 haitianos,<\/strong>&nbsp;en la costa noroeste de Aguadilla (noroeste), al intentar llegar ilegalmente a Puerto Rico.<\/p>\n\n\n\n<p>Los indocumentados, que viajaban en una yola de 25 pies (8 metros) de largo, fueron avistados el pasado viernes por un grupo de guardacostas que volaba en un avi\u00f3n HC-144 Ocean Sentry a unas 30 millas n\u00e1uticas (56 kil\u00f3metros) al noroeste de Aguadilla.<\/p>\n\n\n\n<p><strong>Tras su detenci\u00f3n, la flota de la embarcaci\u00f3n de los guardacostas Richard Dixon transport\u00f3 a los indocumentados hasta Punta Juanillo, en Rep\u00fablica Dominicana, donde las autoridades navales dominicanas los recibieron.<\/strong><\/p>\n\n\n\n<p>Desde el 1 de octubre de 2022 al 30 de junio de 2023, la Guardia Costera ha llevado a cabo 54 operativos ilegales de indocumentados en el Canal de la Mona y aguas cerca de Puerto Rico.<\/p>\n\n\n\n<p>Durante ese tiempo, las autoridades han detenido a 1.353 dominicanos, 245 haitianos, 15 venezolanos, 7 kazakos, un albano, 2 colombianos y otro de nacionalidad desconocida.<\/p>\n","protected":false},"excerpt":{"rendered":"<p>La&nbsp;Guardia Costera estadounidense inform\u00f3 este martes que repatri\u00f3 a 27 migrantes, 24 dominicanos y 3 haitianos,&nbsp;en la costa noroeste de Aguadilla (noroeste), al intentar llegar ilegalmente a Puerto Rico. Los indocumentados, que viajaban en una yola de 25 pies (8 metros) de largo, fueron avistados el pasado viernes por un grupo de guardacostas que volaba [&hellip;]<\/p>\n","protected":false},"author":15,"featured_media":18908,"comment_status":"open","ping_status":"open","sticky":false,"template":"","format":"standard","meta":{"footnotes":""},"categories":[1],"tags":[],"class_list":{"0":"post-18907","1":"post","2":"type-post","3":"status-publish","4":"format-standard","5":"has-post-thumbnail","7":"category-uncategorized"},"yoast_head":"<!-- This site is optimized with the Yoast SEO plugin v27.1.1 - https:\/\/yoast.com\/product\/yoast-seo-wordpress\/ -->\n<title>Guardia Costera EE.UU. repatria a 24 dominicanos y 3 haitianos a Rep\u00fablica Dominicana. - Conexi\u00f3n 23<\/title>\n<meta name=\"robots\" content=\"index, follow, max-snippet:-1, max-image-preview:large, max-video-preview:-1\" \/>\n<link rel=\"canonical\" href=\"https:\/\/conexion23.com\/?p=18907\" \/>\n<meta property=\"og:locale\" content=\"es_ES\" \/>\n<meta property=\"og:type\" content=\"article\" \/>\n<meta property=\"og:title\" content=\"Guardia Costera EE.UU. repatria a 24 dominicanos y 3 haitianos a Rep\u00fablica Dominicana. - Conexi\u00f3n 23\" \/>\n<meta property=\"og:description\" content=\"La&nbsp;Guardia Costera estadounidense inform\u00f3 este martes que repatri\u00f3 a 27 migrantes, 24 dominicanos y 3 haitianos,&nbsp;en la costa noroeste de Aguadilla (noroeste), al intentar llegar ilegalmente a Puerto Rico. Los indocumentados, que viajaban en una yola de 25 pies (8 metros) de largo, fueron avistados el pasado viernes por un grupo de guardacostas que volaba [&hellip;]\" \/>\n<meta property=\"og:url\" content=\"https:\/\/conexion23.com\/?p=18907\" \/>\n<meta property=\"og:site_name\" content=\"Conexi\u00f3n 23\" \/>\n<meta property=\"article:publisher\" content=\"https:\/\/www.facebook.com\/conexion23com\" \/>\n<meta property=\"article:published_time\" content=\"2023-07-12T12:13:25+00:00\" \/>\n<meta property=\"article:modified_time\" content=\"2023-07-12T12:13:28+00:00\" \/>\n<meta property=\"og:image\" content=\"https:\/\/conexion23.com\/wp-content\/uploads\/2023\/07\/4-10-750x446-1.webp\" \/>\n\t<meta property=\"og:image:width\" content=\"750\" \/>\n\t<meta property=\"og:image:height\" content=\"446\" \/>\n\t<meta property=\"og:image:type\" content=\"image\/webp\" \/>\n<meta name=\"author\" content=\"Raffy Ben\u00edtez\" \/>\n<meta name=\"twitter:card\" content=\"summary_large_image\" \/>\n<meta name=\"twitter:label1\" content=\"Escrito por\" \/>\n\t<meta name=\"twitter:data1\" content=\"Raffy Ben\u00edtez\" \/>\n\t<meta name=\"twitter:label2\" content=\"Tiempo de lectura\" \/>\n\t<meta name=\"twitter:data2\" content=\"1 minuto\" \/>\n<script type=\"application\/ld+json\" class=\"yoast-schema-graph\">{\"@context\":\"https:\/\/schema.org\",\"@graph\":[{\"@type\":\"Article\",\"@id\":\"https:\/\/conexion23.com\/?p=18907#article\",\"isPartOf\":{\"@id\":\"https:\/\/conexion23.com\/?p=18907\"},\"author\":{\"name\":\"Raffy Ben\u00edtez\",\"@id\":\"https:\/\/conexion23.com\/#\/schema\/person\/03e36043331117e97a373299bbcd30a6\"},\"headline\":\"Guardia Costera EE.UU. repatria a 24 dominicanos y 3 haitianos a Rep\u00fablica Dominicana.\",\"datePublished\":\"2023-07-12T12:13:25+00:00\",\"dateModified\":\"2023-07-12T12:13:28+00:00\",\"mainEntityOfPage\":{\"@id\":\"https:\/\/conexion23.com\/?p=18907\"},\"wordCount\":170,\"commentCount\":0,\"publisher\":{\"@id\":\"https:\/\/conexion23.com\/#organization\"},\"image\":{\"@id\":\"https:\/\/conexion23.com\/?p=18907#primaryimage\"},\"thumbnailUrl\":\"https:\/\/conexion23.com\/wp-content\/uploads\/2023\/07\/4-10-750x446-1.webp\",\"articleSection\":[\"Uncategorized\"],\"inLanguage\":\"es\",\"potentialAction\":[{\"@type\":\"CommentAction\",\"name\":\"Comment\",\"target\":[\"https:\/\/conexion23.com\/?p=18907#respond\"]}]},{\"@type\":\"WebPage\",\"@id\":\"https:\/\/conexion23.com\/?p=18907\",\"url\":\"https:\/\/conexion23.com\/?p=18907\",\"name\":\"Guardia Costera EE.UU. repatria a 24 dominicanos y 3 haitianos a Rep\u00fablica Dominicana. - Conexi\u00f3n 23\",\"isPartOf\":{\"@id\":\"https:\/\/conexion23.com\/#website\"},\"primaryImageOfPage\":{\"@id\":\"https:\/\/conexion23.com\/?p=18907#primaryimage\"},\"image\":{\"@id\":\"https:\/\/conexion23.com\/?p=18907#primaryimage\"},\"thumbnailUrl\":\"https:\/\/conexion23.com\/wp-content\/uploads\/2023\/07\/4-10-750x446-1.webp\",\"datePublished\":\"2023-07-12T12:13:25+00:00\",\"dateModified\":\"2023-07-12T12:13:28+00:00\",\"breadcrumb\":{\"@id\":\"https:\/\/conexion23.com\/?p=18907#breadcrumb\"},\"inLanguage\":\"es\",\"potentialAction\":[{\"@type\":\"ReadAction\",\"target\":[\"https:\/\/conexion23.com\/?p=18907\"]}]},{\"@type\":\"ImageObject\",\"inLanguage\":\"es\",\"@id\":\"https:\/\/conexion23.com\/?p=18907#primaryimage\",\"url\":\"https:\/\/conexion23.com\/wp-content\/uploads\/2023\/07\/4-10-750x446-1.webp\",\"contentUrl\":\"https:\/\/conexion23.com\/wp-content\/uploads\/2023\/07\/4-10-750x446-1.webp\",\"width\":750,\"height\":446},{\"@type\":\"BreadcrumbList\",\"@id\":\"https:\/\/conexion23.com\/?p=18907#breadcrumb\",\"itemListElement\":[{\"@type\":\"ListItem\",\"position\":1,\"name\":\"Portada\",\"item\":\"https:\/\/conexion23.com\/\"},{\"@type\":\"ListItem\",\"position\":2,\"name\":\"Guardia Costera EE.UU. repatria a 24 dominicanos y 3 haitianos a Rep\u00fablica Dominicana.\"}]},{\"@type\":\"WebSite\",\"@id\":\"https:\/\/conexion23.com\/#website\",\"url\":\"https:\/\/conexion23.com\/\",\"name\":\"Conexi\u00f3n 23\",\"description\":\"Peri\u00f3dico 100% Petromacorisano\",\"publisher\":{\"@id\":\"https:\/\/conexion23.com\/#organization\"},\"potentialAction\":[{\"@type\":\"SearchAction\",\"target\":{\"@type\":\"EntryPoint\",\"urlTemplate\":\"https:\/\/conexion23.com\/?s={search_term_string}\"},\"query-input\":{\"@type\":\"PropertyValueSpecification\",\"valueRequired\":true,\"valueName\":\"search_term_string\"}}],\"inLanguage\":\"es\"},{\"@type\":\"Organization\",\"@id\":\"https:\/\/conexion23.com\/#organization\",\"name\":\"Conexion 23\",\"url\":\"https:\/\/conexion23.com\/\",\"logo\":{\"@type\":\"ImageObject\",\"inLanguage\":\"es\",\"@id\":\"https:\/\/conexion23.com\/#\/schema\/logo\/image\/\",\"url\":\"https:\/\/conexion23.com\/wp-content\/uploads\/2021\/11\/Diseno-sin-titulo-2.png\",\"contentUrl\":\"https:\/\/conexion23.com\/wp-content\/uploads\/2021\/11\/Diseno-sin-titulo-2.png\",\"width\":541,\"height\":90,\"caption\":\"Conexion 23\"},\"image\":{\"@id\":\"https:\/\/conexion23.com\/#\/schema\/logo\/image\/\"},\"sameAs\":[\"https:\/\/www.facebook.com\/conexion23com\",\"https:\/\/www.instagram.com\/conexion23com\/\",\"https:\/\/www.youtube.com\/channel\/UCYc7vxxFZMYLIHNsHHxPZ3Q\"]},{\"@type\":\"Person\",\"@id\":\"https:\/\/conexion23.com\/#\/schema\/person\/03e36043331117e97a373299bbcd30a6\",\"name\":\"Raffy Ben\u00edtez\",\"image\":{\"@type\":\"ImageObject\",\"inLanguage\":\"es\",\"@id\":\"https:\/\/conexion23.com\/#\/schema\/person\/image\/\",\"url\":\"https:\/\/secure.gravatar.com\/avatar\/3190a6a6c5e1b0327500f7d6c56b6242472ee6cb974cf09b401ee6b3b0798f23?s=96&d=mm&r=g\",\"contentUrl\":\"https:\/\/secure.gravatar.com\/avatar\/3190a6a6c5e1b0327500f7d6c56b6242472ee6cb974cf09b401ee6b3b0798f23?s=96&d=mm&r=g\",\"caption\":\"Raffy Ben\u00edtez\"},\"url\":\"https:\/\/conexion23.com\/?author=15\"}]}<\/script>\n<!-- \/ Yoast SEO plugin. -->","yoast_head_json":{"title":"Guardia Costera EE.UU. repatria a 24 dominicanos y 3 haitianos a Rep\u00fablica Dominicana. - Conexi\u00f3n 23","robots":{"index":"index","follow":"follow","max-snippet":"max-snippet:-1","max-image-preview":"max-image-preview:large","max-video-preview":"max-video-preview:-1"},"canonical":"https:\/\/conexion23.com\/?p=18907","og_locale":"es_ES","og_type":"article","og_title":"Guardia Costera EE.UU. repatria a 24 dominicanos y 3 haitianos a Rep\u00fablica Dominicana. - Conexi\u00f3n 23","og_description":"La&nbsp;Guardia Costera estadounidense inform\u00f3 este martes que repatri\u00f3 a 27 migrantes, 24 dominicanos y 3 haitianos,&nbsp;en la costa noroeste de Aguadilla (noroeste), al intentar llegar ilegalmente a Puerto Rico. Los indocumentados, que viajaban en una yola de 25 pies (8 metros) de largo, fueron avistados el pasado viernes por un grupo de guardacostas que volaba [&hellip;]","og_url":"https:\/\/conexion23.com\/?p=18907","og_site_name":"Conexi\u00f3n 23","article_publisher":"https:\/\/www.facebook.com\/conexion23com","article_published_time":"2023-07-12T12:13:25+00:00","article_modified_time":"2023-07-12T12:13:28+00:00","og_image":[{"width":750,"height":446,"url":"https:\/\/conexion23.com\/wp-content\/uploads\/2023\/07\/4-10-750x446-1.webp","type":"image\/webp"}],"author":"Raffy Ben\u00edtez","twitter_card":"summary_large_image","twitter_misc":{"Escrito por":"Raffy Ben\u00edtez","Tiempo de lectura":"1 minuto"},"schema":{"@context":"https:\/\/schema.org","@graph":[{"@type":"Article","@id":"https:\/\/conexion23.com\/?p=18907#article","isPartOf":{"@id":"https:\/\/conexion23.com\/?p=18907"},"author":{"name":"Raffy Ben\u00edtez","@id":"https:\/\/conexion23.com\/#\/schema\/person\/03e36043331117e97a373299bbcd30a6"},"headline":"Guardia Costera EE.UU. repatria a 24 dominicanos y 3 haitianos a Rep\u00fablica Dominicana.","datePublished":"2023-07-12T12:13:25+00:00","dateModified":"2023-07-12T12:13:28+00:00","mainEntityOfPage":{"@id":"https:\/\/conexion23.com\/?p=18907"},"wordCount":170,"commentCount":0,"publisher":{"@id":"https:\/\/conexion23.com\/#organization"},"image":{"@id":"https:\/\/conexion23.com\/?p=18907#primaryimage"},"thumbnailUrl":"https:\/\/conexion23.com\/wp-content\/uploads\/2023\/07\/4-10-750x446-1.webp","articleSection":["Uncategorized"],"inLanguage":"es","potentialAction":[{"@type":"CommentAction","name":"Comment","target":["https:\/\/conexion23.com\/?p=18907#respond"]}]},{"@type":"WebPage","@id":"https:\/\/conexion23.com\/?p=18907","url":"https:\/\/conexion23.com\/?p=18907","name":"Guardia Costera EE.UU. repatria a 24 dominicanos y 3 haitianos a Rep\u00fablica Dominicana. - Conexi\u00f3n 23","isPartOf":{"@id":"https:\/\/conexion23.com\/#website"},"primaryImageOfPage":{"@id":"https:\/\/conexion23.com\/?p=18907#primaryimage"},"image":{"@id":"https:\/\/conexion23.com\/?p=18907#primaryimage"},"thumbnailUrl":"https:\/\/conexion23.com\/wp-content\/uploads\/2023\/07\/4-10-750x446-1.webp","datePublished":"2023-07-12T12:13:25+00:00","dateModified":"2023-07-12T12:13:28+00:00","breadcrumb":{"@id":"https:\/\/conexion23.com\/?p=18907#breadcrumb"},"inLanguage":"es","potentialAction":[{"@type":"ReadAction","target":["https:\/\/conexion23.com\/?p=18907"]}]},{"@type":"ImageObject","inLanguage":"es","@id":"https:\/\/conexion23.com\/?p=18907#primaryimage","url":"https:\/\/conexion23.com\/wp-content\/uploads\/2023\/07\/4-10-750x446-1.webp","contentUrl":"https:\/\/conexion23.com\/wp-content\/uploads\/2023\/07\/4-10-750x446-1.webp","width":750,"height":446},{"@type":"BreadcrumbList","@id":"https:\/\/conexion23.com\/?p=18907#breadcrumb","itemListElement":[{"@type":"ListItem","position":1,"name":"Portada","item":"https:\/\/conexion23.com\/"},{"@type":"ListItem","position":2,"name":"Guardia Costera EE.UU. repatria a 24 dominicanos y 3 haitianos a Rep\u00fablica Dominicana."}]},{"@type":"WebSite","@id":"https:\/\/conexion23.com\/#website","url":"https:\/\/conexion23.com\/","name":"Conexi\u00f3n 23","description":"Peri\u00f3dico 100% Petromacorisano","publisher":{"@id":"https:\/\/conexion23.com\/#organization"},"potentialAction":[{"@type":"SearchAction","target":{"@type":"EntryPoint","urlTemplate":"https:\/\/conexion23.com\/?s={search_term_string}"},"query-input":{"@type":"PropertyValueSpecification","valueRequired":true,"valueName":"search_term_string"}}],"inLanguage":"es"},{"@type":"Organization","@id":"https:\/\/conexion23.com\/#organization","name":"Conexion 23","url":"https:\/\/conexion23.com\/","logo":{"@type":"ImageObject","inLanguage":"es","@id":"https:\/\/conexion23.com\/#\/schema\/logo\/image\/","url":"https:\/\/conexion23.com\/wp-content\/uploads\/2021\/11\/Diseno-sin-titulo-2.png","contentUrl":"https:\/\/conexion23.com\/wp-content\/uploads\/2021\/11\/Diseno-sin-titulo-2.png","width":541,"height":90,"caption":"Conexion 23"},"image":{"@id":"https:\/\/conexion23.com\/#\/schema\/logo\/image\/"},"sameAs":["https:\/\/www.facebook.com\/conexion23com","https:\/\/www.instagram.com\/conexion23com\/","https:\/\/www.youtube.com\/channel\/UCYc7vxxFZMYLIHNsHHxPZ3Q"]},{"@type":"Person","@id":"https:\/\/conexion23.com\/#\/schema\/person\/03e36043331117e97a373299bbcd30a6","name":"Raffy Ben\u00edtez","image":{"@type":"ImageObject","inLanguage":"es","@id":"https:\/\/conexion23.com\/#\/schema\/person\/image\/","url":"https:\/\/secure.gravatar.com\/avatar\/3190a6a6c5e1b0327500f7d6c56b6242472ee6cb974cf09b401ee6b3b0798f23?s=96&d=mm&r=g","contentUrl":"https:\/\/secure.gravatar.com\/avatar\/3190a6a6c5e1b0327500f7d6c56b6242472ee6cb974cf09b401ee6b3b0798f23?s=96&d=mm&r=g","caption":"Raffy Ben\u00edtez"},"url":"https:\/\/conexion23.com\/?author=15"}]}},"_links":{"self":[{"href":"https:\/\/conexion23.com\/index.php?rest_route=\/wp\/v2\/posts\/18907","targetHints":{"allow":["GET"]}}],"collection":[{"href":"https:\/\/conexion23.com\/index.php?rest_route=\/wp\/v2\/posts"}],"about":[{"href":"https:\/\/conexion23.com\/index.php?rest_route=\/wp\/v2\/types\/post"}],"author":[{"embeddable":true,"href":"https:\/\/conexion23.com\/index.php?rest_route=\/wp\/v2\/users\/15"}],"replies":[{"embeddable":true,"href":"https:\/\/conexion23.com\/index.php?rest_route=%2Fwp%2Fv2%2Fcomments&post=18907"}],"version-history":[{"count":1,"href":"https:\/\/conexion23.com\/index.php?rest_route=\/wp\/v2\/posts\/18907\/revisions"}],"predecessor-version":[{"id":18909,"href":"https:\/\/conexion23.com\/index.php?rest_route=\/wp\/v2\/posts\/18907\/revisions\/18909"}],"wp:featuredmedia":[{"embeddable":true,"href":"https:\/\/conexion23.com\/index.php?rest_route=\/wp\/v2\/media\/18908"}],"wp:attachment":[{"href":"https:\/\/conexion23.com\/index.php?rest_route=%2Fwp%2Fv2%2Fmedia&parent=18907"}],"wp:term":[{"taxonomy":"category","embeddable":true,"href":"https:\/\/conexion23.com\/index.php?rest_route=%2Fwp%2Fv2%2Fcategories&post=18907"},{"taxonomy":"post_tag","embeddable":true,"href":"https:\/\/conexion23.com\/index.php?rest_route=%2Fwp%2Fv2%2Ftags&post=18907"}],"curies":[{"name":"wp","href":"https:\/\/api.w.org\/{rel}","templated":true}]}}