{"id":18950,"date":"2023-07-14T10:11:54","date_gmt":"2023-07-14T14:11:54","guid":{"rendered":"https:\/\/conexion23.com\/?p=18950"},"modified":"2023-07-14T10:11:58","modified_gmt":"2023-07-14T14:11:58","slug":"una-agente-de-la-policia-hiere-de-una-punalada-a-una-mujer-en-el-sector-de-santa-fe","status":"publish","type":"post","link":"https:\/\/conexion23.com\/?p=18950","title":{"rendered":"Una agente de la polic\u00eda hiere de una pu\u00f1alada a una mujer en el sector de Santa Fe."},"content":{"rendered":"\n<p class=\"wp-block-paragraph\">San Pedro de Macor\u00eds: &#8211; Mujer es herida con arma blanca en la comunidad de Santa Fe por una miembro de la Polic\u00eda Nacional.<\/p>\n\n\n\n<p class=\"wp-block-paragraph\">Una mujer de nombre Estela Berroa de 53 a\u00f1os, presenta herida cortopunzante en el costado izquierdo, producto de una ri\u00f1a que sostuvo con la nombrada Mirlanda Confiden Yan, pertenece a la Polic\u00eda Nacional.<\/p>\n\n\n\n<p class=\"wp-block-paragraph\"><a><\/a>Seg\u00fan informaciones dadas por la hermana de la v\u00edctima Josefina de Morla Berroa, el problema viene por asuntos de tierra. Fue esto lo que provoc\u00f3 que la miembro del cuerpo castrense se violentara agresivamente contra Estela Berroa.<\/p>\n\n\n\n<p class=\"wp-block-paragraph\">La herida no fue profunda, por lo que fue despachada desde el Hospital Dr. Antonio Musa para su casa con un reposo de 20 d\u00edas.<\/p>\n\n\n\n<p class=\"wp-block-paragraph\">Lo que ha llamado la atenci\u00f3n es que, con la denuncia puesta contra la agente policial, a\u00fan se encuentra en libertad y sin consecuencias por sus actos.<\/p>\n\n\n\n<p class=\"wp-block-paragraph\">Fuente. Soy Serie 23 <\/p>\n","protected":false},"excerpt":{"rendered":"<p>San Pedro de Macor\u00eds: &#8211; Mujer es herida con arma blanca en la comunidad de Santa Fe por una miembro de la Polic\u00eda Nacional. Una mujer de nombre Estela Berroa de 53 a\u00f1os, presenta herida cortopunzante en el costado izquierdo, producto de una ri\u00f1a que sostuvo con la nombrada Mirlanda Confiden Yan, pertenece a la [&hellip;]<\/p>\n","protected":false},"author":7,"featured_media":18951,"comment_status":"open","ping_status":"open","sticky":false,"template":"","format":"standard","meta":{"footnotes":""},"categories":[35],"tags":[1718,608,709],"class_list":["post-18950","post","type-post","status-publish","format-standard","has-post-thumbnail","category-spm","tag-herida","tag-mujer","tag-sanpedrodemacoris"],"yoast_head":"<!-- This site is optimized with the Yoast SEO plugin v27.6 - https:\/\/yoast.com\/product\/yoast-seo-wordpress\/ -->\n<title>Una agente de la polic\u00eda hiere de una pu\u00f1alada a una mujer en el sector de Santa Fe. - Conexi\u00f3n 23<\/title>\n<meta name=\"description\" content=\"San Pedro de Macor\u00eds: - Mujer es herida con arma blanca en la comunidad de Santa Fe por una miembro de la Polic\u00eda Nacional.\" \/>\n<meta name=\"robots\" content=\"index, follow, max-snippet:-1, max-image-preview:large, max-video-preview:-1\" \/>\n<link rel=\"canonical\" href=\"https:\/\/conexion23.com\/?p=18950\" \/>\n<meta property=\"og:locale\" content=\"es_ES\" \/>\n<meta property=\"og:type\" content=\"article\" \/>\n<meta property=\"og:title\" content=\"Una agente de la polic\u00eda hiere de una pu\u00f1alada a una mujer en el sector de Santa Fe. - Conexi\u00f3n 23\" \/>\n<meta property=\"og:description\" content=\"San Pedro de Macor\u00eds: - Mujer es herida con arma blanca en la comunidad de Santa Fe por una miembro de la Polic\u00eda Nacional.\" \/>\n<meta property=\"og:url\" content=\"https:\/\/conexion23.com\/?p=18950\" \/>\n<meta property=\"og:site_name\" content=\"Conexi\u00f3n 23\" \/>\n<meta property=\"article:publisher\" content=\"https:\/\/www.facebook.com\/conexion23com\" \/>\n<meta property=\"article:published_time\" content=\"2023-07-14T14:11:54+00:00\" \/>\n<meta property=\"article:modified_time\" content=\"2023-07-14T14:11:58+00:00\" \/>\n<meta property=\"og:image\" content=\"https:\/\/conexion23.com\/wp-content\/uploads\/2023\/07\/359840400_812143203802191_906553421931694917_n.jpg\" \/>\n\t<meta property=\"og:image:width\" content=\"640\" \/>\n\t<meta property=\"og:image:height\" content=\"640\" \/>\n\t<meta property=\"og:image:type\" content=\"image\/jpeg\" \/>\n<meta name=\"author\" content=\"Benjam\u00edn Rosario\" \/>\n<meta name=\"twitter:card\" content=\"summary_large_image\" \/>\n<meta name=\"twitter:label1\" content=\"Escrito por\" \/>\n\t<meta name=\"twitter:data1\" content=\"Benjam\u00edn Rosario\" \/>\n\t<meta name=\"twitter:label2\" content=\"Tiempo de lectura\" \/>\n\t<meta name=\"twitter:data2\" content=\"1 minuto\" \/>\n<script type=\"application\/ld+json\" class=\"yoast-schema-graph\">{\"@context\":\"https:\\\/\\\/schema.org\",\"@graph\":[{\"@type\":\"Article\",\"@id\":\"https:\\\/\\\/conexion23.com\\\/?p=18950#article\",\"isPartOf\":{\"@id\":\"https:\\\/\\\/conexion23.com\\\/?p=18950\"},\"author\":{\"name\":\"Benjam\u00edn Rosario\",\"@id\":\"https:\\\/\\\/conexion23.com\\\/#\\\/schema\\\/person\\\/2070d2523f97ee6839f0dbebe17c6f1e\"},\"headline\":\"Una agente de la polic\u00eda hiere de una pu\u00f1alada a una mujer en el sector de Santa Fe.\",\"datePublished\":\"2023-07-14T14:11:54+00:00\",\"dateModified\":\"2023-07-14T14:11:58+00:00\",\"mainEntityOfPage\":{\"@id\":\"https:\\\/\\\/conexion23.com\\\/?p=18950\"},\"wordCount\":177,\"commentCount\":0,\"publisher\":{\"@id\":\"https:\\\/\\\/conexion23.com\\\/#organization\"},\"image\":{\"@id\":\"https:\\\/\\\/conexion23.com\\\/?p=18950#primaryimage\"},\"thumbnailUrl\":\"https:\\\/\\\/conexion23.com\\\/wp-content\\\/uploads\\\/2023\\\/07\\\/359840400_812143203802191_906553421931694917_n.jpg\",\"keywords\":[\"herida\",\"MUjer\",\"Sanpedrodemacoris\"],\"articleSection\":[\"SPM\"],\"inLanguage\":\"es\",\"potentialAction\":[{\"@type\":\"CommentAction\",\"name\":\"Comment\",\"target\":[\"https:\\\/\\\/conexion23.com\\\/?p=18950#respond\"]}]},{\"@type\":\"WebPage\",\"@id\":\"https:\\\/\\\/conexion23.com\\\/?p=18950\",\"url\":\"https:\\\/\\\/conexion23.com\\\/?p=18950\",\"name\":\"Una agente de la polic\u00eda hiere de una pu\u00f1alada a una mujer en el sector de Santa Fe. - Conexi\u00f3n 23\",\"isPartOf\":{\"@id\":\"https:\\\/\\\/conexion23.com\\\/#website\"},\"primaryImageOfPage\":{\"@id\":\"https:\\\/\\\/conexion23.com\\\/?p=18950#primaryimage\"},\"image\":{\"@id\":\"https:\\\/\\\/conexion23.com\\\/?p=18950#primaryimage\"},\"thumbnailUrl\":\"https:\\\/\\\/conexion23.com\\\/wp-content\\\/uploads\\\/2023\\\/07\\\/359840400_812143203802191_906553421931694917_n.jpg\",\"datePublished\":\"2023-07-14T14:11:54+00:00\",\"dateModified\":\"2023-07-14T14:11:58+00:00\",\"description\":\"San Pedro de Macor\u00eds: - Mujer es herida con arma blanca en la comunidad de Santa Fe por una miembro de la Polic\u00eda Nacional.\",\"breadcrumb\":{\"@id\":\"https:\\\/\\\/conexion23.com\\\/?p=18950#breadcrumb\"},\"inLanguage\":\"es\",\"potentialAction\":[{\"@type\":\"ReadAction\",\"target\":[\"https:\\\/\\\/conexion23.com\\\/?p=18950\"]}]},{\"@type\":\"ImageObject\",\"inLanguage\":\"es\",\"@id\":\"https:\\\/\\\/conexion23.com\\\/?p=18950#primaryimage\",\"url\":\"https:\\\/\\\/conexion23.com\\\/wp-content\\\/uploads\\\/2023\\\/07\\\/359840400_812143203802191_906553421931694917_n.jpg\",\"contentUrl\":\"https:\\\/\\\/conexion23.com\\\/wp-content\\\/uploads\\\/2023\\\/07\\\/359840400_812143203802191_906553421931694917_n.jpg\",\"width\":640,\"height\":640},{\"@type\":\"BreadcrumbList\",\"@id\":\"https:\\\/\\\/conexion23.com\\\/?p=18950#breadcrumb\",\"itemListElement\":[{\"@type\":\"ListItem\",\"position\":1,\"name\":\"Portada\",\"item\":\"https:\\\/\\\/conexion23.com\\\/\"},{\"@type\":\"ListItem\",\"position\":2,\"name\":\"Una agente de la polic\u00eda hiere de una pu\u00f1alada a una mujer en el sector de Santa Fe.\"}]},{\"@type\":\"WebSite\",\"@id\":\"https:\\\/\\\/conexion23.com\\\/#website\",\"url\":\"https:\\\/\\\/conexion23.com\\\/\",\"name\":\"Conexi\u00f3n 23\",\"description\":\"Peri\u00f3dico 100% Petromacorisano\",\"publisher\":{\"@id\":\"https:\\\/\\\/conexion23.com\\\/#organization\"},\"potentialAction\":[{\"@type\":\"SearchAction\",\"target\":{\"@type\":\"EntryPoint\",\"urlTemplate\":\"https:\\\/\\\/conexion23.com\\\/?s={search_term_string}\"},\"query-input\":{\"@type\":\"PropertyValueSpecification\",\"valueRequired\":true,\"valueName\":\"search_term_string\"}}],\"inLanguage\":\"es\"},{\"@type\":\"Organization\",\"@id\":\"https:\\\/\\\/conexion23.com\\\/#organization\",\"name\":\"Conexion 23\",\"url\":\"https:\\\/\\\/conexion23.com\\\/\",\"logo\":{\"@type\":\"ImageObject\",\"inLanguage\":\"es\",\"@id\":\"https:\\\/\\\/conexion23.com\\\/#\\\/schema\\\/logo\\\/image\\\/\",\"url\":\"https:\\\/\\\/conexion23.com\\\/wp-content\\\/uploads\\\/2021\\\/11\\\/Diseno-sin-titulo-2.png\",\"contentUrl\":\"https:\\\/\\\/conexion23.com\\\/wp-content\\\/uploads\\\/2021\\\/11\\\/Diseno-sin-titulo-2.png\",\"width\":541,\"height\":90,\"caption\":\"Conexion 23\"},\"image\":{\"@id\":\"https:\\\/\\\/conexion23.com\\\/#\\\/schema\\\/logo\\\/image\\\/\"},\"sameAs\":[\"https:\\\/\\\/www.facebook.com\\\/conexion23com\",\"https:\\\/\\\/www.instagram.com\\\/conexion23com\\\/\",\"https:\\\/\\\/www.youtube.com\\\/channel\\\/UCYc7vxxFZMYLIHNsHHxPZ3Q\"]},{\"@type\":\"Person\",\"@id\":\"https:\\\/\\\/conexion23.com\\\/#\\\/schema\\\/person\\\/2070d2523f97ee6839f0dbebe17c6f1e\",\"name\":\"Benjam\u00edn Rosario\",\"image\":{\"@type\":\"ImageObject\",\"inLanguage\":\"es\",\"@id\":\"https:\\\/\\\/secure.gravatar.com\\\/avatar\\\/62e1b2539b49cdeb50ee302e2a5f2bd31dc7fdba412bbac67e2a2a6e0c89bb2a?s=96&d=mm&r=g\",\"url\":\"https:\\\/\\\/secure.gravatar.com\\\/avatar\\\/62e1b2539b49cdeb50ee302e2a5f2bd31dc7fdba412bbac67e2a2a6e0c89bb2a?s=96&d=mm&r=g\",\"contentUrl\":\"https:\\\/\\\/secure.gravatar.com\\\/avatar\\\/62e1b2539b49cdeb50ee302e2a5f2bd31dc7fdba412bbac67e2a2a6e0c89bb2a?s=96&d=mm&r=g\",\"caption\":\"Benjam\u00edn Rosario\"},\"url\":\"https:\\\/\\\/conexion23.com\\\/?author=7\"}]}<\/script>\n<!-- \/ Yoast SEO plugin. -->","yoast_head_json":{"title":"Una agente de la polic\u00eda hiere de una pu\u00f1alada a una mujer en el sector de Santa Fe. - Conexi\u00f3n 23","description":"San Pedro de Macor\u00eds: - Mujer es herida con arma blanca en la comunidad de Santa Fe por una miembro de la Polic\u00eda Nacional.","robots":{"index":"index","follow":"follow","max-snippet":"max-snippet:-1","max-image-preview":"max-image-preview:large","max-video-preview":"max-video-preview:-1"},"canonical":"https:\/\/conexion23.com\/?p=18950","og_locale":"es_ES","og_type":"article","og_title":"Una agente de la polic\u00eda hiere de una pu\u00f1alada a una mujer en el sector de Santa Fe. - Conexi\u00f3n 23","og_description":"San Pedro de Macor\u00eds: - Mujer es herida con arma blanca en la comunidad de Santa Fe por una miembro de la Polic\u00eda Nacional.","og_url":"https:\/\/conexion23.com\/?p=18950","og_site_name":"Conexi\u00f3n 23","article_publisher":"https:\/\/www.facebook.com\/conexion23com","article_published_time":"2023-07-14T14:11:54+00:00","article_modified_time":"2023-07-14T14:11:58+00:00","og_image":[{"width":640,"height":640,"url":"https:\/\/conexion23.com\/wp-content\/uploads\/2023\/07\/359840400_812143203802191_906553421931694917_n.jpg","type":"image\/jpeg"}],"author":"Benjam\u00edn Rosario","twitter_card":"summary_large_image","twitter_misc":{"Escrito por":"Benjam\u00edn Rosario","Tiempo de lectura":"1 minuto"},"schema":{"@context":"https:\/\/schema.org","@graph":[{"@type":"Article","@id":"https:\/\/conexion23.com\/?p=18950#article","isPartOf":{"@id":"https:\/\/conexion23.com\/?p=18950"},"author":{"name":"Benjam\u00edn Rosario","@id":"https:\/\/conexion23.com\/#\/schema\/person\/2070d2523f97ee6839f0dbebe17c6f1e"},"headline":"Una agente de la polic\u00eda hiere de una pu\u00f1alada a una mujer en el sector de Santa Fe.","datePublished":"2023-07-14T14:11:54+00:00","dateModified":"2023-07-14T14:11:58+00:00","mainEntityOfPage":{"@id":"https:\/\/conexion23.com\/?p=18950"},"wordCount":177,"commentCount":0,"publisher":{"@id":"https:\/\/conexion23.com\/#organization"},"image":{"@id":"https:\/\/conexion23.com\/?p=18950#primaryimage"},"thumbnailUrl":"https:\/\/conexion23.com\/wp-content\/uploads\/2023\/07\/359840400_812143203802191_906553421931694917_n.jpg","keywords":["herida","MUjer","Sanpedrodemacoris"],"articleSection":["SPM"],"inLanguage":"es","potentialAction":[{"@type":"CommentAction","name":"Comment","target":["https:\/\/conexion23.com\/?p=18950#respond"]}]},{"@type":"WebPage","@id":"https:\/\/conexion23.com\/?p=18950","url":"https:\/\/conexion23.com\/?p=18950","name":"Una agente de la polic\u00eda hiere de una pu\u00f1alada a una mujer en el sector de Santa Fe. - Conexi\u00f3n 23","isPartOf":{"@id":"https:\/\/conexion23.com\/#website"},"primaryImageOfPage":{"@id":"https:\/\/conexion23.com\/?p=18950#primaryimage"},"image":{"@id":"https:\/\/conexion23.com\/?p=18950#primaryimage"},"thumbnailUrl":"https:\/\/conexion23.com\/wp-content\/uploads\/2023\/07\/359840400_812143203802191_906553421931694917_n.jpg","datePublished":"2023-07-14T14:11:54+00:00","dateModified":"2023-07-14T14:11:58+00:00","description":"San Pedro de Macor\u00eds: - Mujer es herida con arma blanca en la comunidad de Santa Fe por una miembro de la Polic\u00eda Nacional.","breadcrumb":{"@id":"https:\/\/conexion23.com\/?p=18950#breadcrumb"},"inLanguage":"es","potentialAction":[{"@type":"ReadAction","target":["https:\/\/conexion23.com\/?p=18950"]}]},{"@type":"ImageObject","inLanguage":"es","@id":"https:\/\/conexion23.com\/?p=18950#primaryimage","url":"https:\/\/conexion23.com\/wp-content\/uploads\/2023\/07\/359840400_812143203802191_906553421931694917_n.jpg","contentUrl":"https:\/\/conexion23.com\/wp-content\/uploads\/2023\/07\/359840400_812143203802191_906553421931694917_n.jpg","width":640,"height":640},{"@type":"BreadcrumbList","@id":"https:\/\/conexion23.com\/?p=18950#breadcrumb","itemListElement":[{"@type":"ListItem","position":1,"name":"Portada","item":"https:\/\/conexion23.com\/"},{"@type":"ListItem","position":2,"name":"Una agente de la polic\u00eda hiere de una pu\u00f1alada a una mujer en el sector de Santa Fe."}]},{"@type":"WebSite","@id":"https:\/\/conexion23.com\/#website","url":"https:\/\/conexion23.com\/","name":"Conexi\u00f3n 23","description":"Peri\u00f3dico 100% Petromacorisano","publisher":{"@id":"https:\/\/conexion23.com\/#organization"},"potentialAction":[{"@type":"SearchAction","target":{"@type":"EntryPoint","urlTemplate":"https:\/\/conexion23.com\/?s={search_term_string}"},"query-input":{"@type":"PropertyValueSpecification","valueRequired":true,"valueName":"search_term_string"}}],"inLanguage":"es"},{"@type":"Organization","@id":"https:\/\/conexion23.com\/#organization","name":"Conexion 23","url":"https:\/\/conexion23.com\/","logo":{"@type":"ImageObject","inLanguage":"es","@id":"https:\/\/conexion23.com\/#\/schema\/logo\/image\/","url":"https:\/\/conexion23.com\/wp-content\/uploads\/2021\/11\/Diseno-sin-titulo-2.png","contentUrl":"https:\/\/conexion23.com\/wp-content\/uploads\/2021\/11\/Diseno-sin-titulo-2.png","width":541,"height":90,"caption":"Conexion 23"},"image":{"@id":"https:\/\/conexion23.com\/#\/schema\/logo\/image\/"},"sameAs":["https:\/\/www.facebook.com\/conexion23com","https:\/\/www.instagram.com\/conexion23com\/","https:\/\/www.youtube.com\/channel\/UCYc7vxxFZMYLIHNsHHxPZ3Q"]},{"@type":"Person","@id":"https:\/\/conexion23.com\/#\/schema\/person\/2070d2523f97ee6839f0dbebe17c6f1e","name":"Benjam\u00edn Rosario","image":{"@type":"ImageObject","inLanguage":"es","@id":"https:\/\/secure.gravatar.com\/avatar\/62e1b2539b49cdeb50ee302e2a5f2bd31dc7fdba412bbac67e2a2a6e0c89bb2a?s=96&d=mm&r=g","url":"https:\/\/secure.gravatar.com\/avatar\/62e1b2539b49cdeb50ee302e2a5f2bd31dc7fdba412bbac67e2a2a6e0c89bb2a?s=96&d=mm&r=g","contentUrl":"https:\/\/secure.gravatar.com\/avatar\/62e1b2539b49cdeb50ee302e2a5f2bd31dc7fdba412bbac67e2a2a6e0c89bb2a?s=96&d=mm&r=g","caption":"Benjam\u00edn Rosario"},"url":"https:\/\/conexion23.com\/?author=7"}]}},"_links":{"self":[{"href":"https:\/\/conexion23.com\/index.php?rest_route=\/wp\/v2\/posts\/18950","targetHints":{"allow":["GET"]}}],"collection":[{"href":"https:\/\/conexion23.com\/index.php?rest_route=\/wp\/v2\/posts"}],"about":[{"href":"https:\/\/conexion23.com\/index.php?rest_route=\/wp\/v2\/types\/post"}],"author":[{"embeddable":true,"href":"https:\/\/conexion23.com\/index.php?rest_route=\/wp\/v2\/users\/7"}],"replies":[{"embeddable":true,"href":"https:\/\/conexion23.com\/index.php?rest_route=%2Fwp%2Fv2%2Fcomments&post=18950"}],"version-history":[{"count":1,"href":"https:\/\/conexion23.com\/index.php?rest_route=\/wp\/v2\/posts\/18950\/revisions"}],"predecessor-version":[{"id":18952,"href":"https:\/\/conexion23.com\/index.php?rest_route=\/wp\/v2\/posts\/18950\/revisions\/18952"}],"wp:featuredmedia":[{"embeddable":true,"href":"https:\/\/conexion23.com\/index.php?rest_route=\/wp\/v2\/media\/18951"}],"wp:attachment":[{"href":"https:\/\/conexion23.com\/index.php?rest_route=%2Fwp%2Fv2%2Fmedia&parent=18950"}],"wp:term":[{"taxonomy":"category","embeddable":true,"href":"https:\/\/conexion23.com\/index.php?rest_route=%2Fwp%2Fv2%2Fcategories&post=18950"},{"taxonomy":"post_tag","embeddable":true,"href":"https:\/\/conexion23.com\/index.php?rest_route=%2Fwp%2Fv2%2Ftags&post=18950"}],"curies":[{"name":"wp","href":"https:\/\/api.w.org\/{rel}","templated":true}]}}