{"id":18977,"date":"2023-07-15T08:36:44","date_gmt":"2023-07-15T12:36:44","guid":{"rendered":"https:\/\/conexion23.com\/?p=18977"},"modified":"2023-07-15T08:36:46","modified_gmt":"2023-07-15T12:36:46","slug":"fuerza-del-pueblo-escoge-este-sabado-sus-precandidaturas-a-la-presidencia-de-la-republica","status":"publish","type":"post","link":"https:\/\/conexion23.com\/?p=18977","title":{"rendered":"Fuerza del Pueblo escoge este s\u00e1bado sus precandidaturas a la Presidencia de la Rep\u00fablica."},"content":{"rendered":"\n<p>Leonel va a El Seibo este s\u00e1bado y el domingo estar\u00e1 en San Crist\u00f3bal.<\/p>\n\n\n\n<p>La Direcci\u00f3n Central del partido Fuerza del Pueblo (FP) escoger\u00e1 este s\u00e1bado aspirantes a la Presidencia de la Rep\u00fablica por esa organizaci\u00f3n, para los comicios nacionales de mayo del 2024.<\/p>\n\n\n\n<p>La convocatoria de la Asamblea Extraordinaria est\u00e1 firmada por el secretario general de la FP, Antonio Flori\u00e1n. En la misma se establece como punto de agenda proponer los nombres de las personas precandidatas a la Presidencia de la Rep\u00fablica.<\/p>\n\n\n\n<p>Los precandidatos y precandidatas presidenciales de la FP deber\u00e1n ser escogidos con el voto de la mayor\u00eda simple de los votos v\u00e1lidos emitidos y, con no menos del 33% de la membres\u00eda de la Direcci\u00f3n Central presente en la asamblea.<\/p>\n\n\n\n<p>El alto organismo de la Fuerza del Pueblo ha sido convocado para las 10:00 de la ma\u00f1ana de este s\u00e1bado, en el Pabell\u00f3n de la Fama del Deporte Dominicano, en el Centro Ol\u00edmpico, Distrito Nacional. Se realizar\u00e1 de manera presencial y virtual, para que puedan participar quienes integran el alto organismo en el exterior.<\/p>\n\n\n\n<p>Luego de la reuni\u00f3n de la DC, en la tarde, Leonel Fern\u00e1ndez ir\u00e1 a la provincia de El Seibo, donde juramentar\u00e1 a nuevos miembros de la organizaci\u00f3n.<\/p>\n\n\n\n<p>El domingo, el l\u00edder de la oposici\u00f3n pol\u00edtica dominicana estar\u00e1 en San Crist\u00f3bal desde horas de la ma\u00f1ana, para encabezar diversas actividades, mientras que, en la tarde cerrar\u00e1 con un recorrido por los barrios de la cuna de la Construcci\u00f3n, que iniciar\u00e1 desde el polideportivo provincial.<\/p>\n\n\n\n<p>Otras actividades de la Fuerza del Pueblo<\/p>\n\n\n\n<p>El domingo, igualmente, en horas de la ma\u00f1ana, el vicepresidente de la FP, Radham\u00e9s Jim\u00e9nez Pe\u00f1a, estar\u00e1 en el distrito municipal de Belloso, en Puerto Plata, juramentando a dirigentes del PRM y del PLD que han llegado a la Fuerza del Pueblo.<\/p>\n","protected":false},"excerpt":{"rendered":"<p>Leonel va a El Seibo este s\u00e1bado y el domingo estar\u00e1 en San Crist\u00f3bal. La Direcci\u00f3n Central del partido Fuerza del Pueblo (FP) escoger\u00e1 este s\u00e1bado aspirantes a la Presidencia de la Rep\u00fablica por esa organizaci\u00f3n, para los comicios nacionales de mayo del 2024. La convocatoria de la Asamblea Extraordinaria est\u00e1 firmada por el secretario [&hellip;]<\/p>\n","protected":false},"author":15,"featured_media":18978,"comment_status":"open","ping_status":"open","sticky":false,"template":"","format":"standard","meta":{"footnotes":""},"categories":[1],"tags":[],"class_list":{"0":"post-18977","1":"post","2":"type-post","3":"status-publish","4":"format-standard","5":"has-post-thumbnail","7":"category-uncategorized"},"yoast_head":"<!-- This site is optimized with the Yoast SEO plugin v27.1.1 - https:\/\/yoast.com\/product\/yoast-seo-wordpress\/ -->\n<title>Fuerza del Pueblo escoge este s\u00e1bado sus precandidaturas a la Presidencia de la Rep\u00fablica. - Conexi\u00f3n 23<\/title>\n<meta name=\"robots\" content=\"index, follow, max-snippet:-1, max-image-preview:large, max-video-preview:-1\" \/>\n<link rel=\"canonical\" href=\"https:\/\/conexion23.com\/?p=18977\" \/>\n<meta property=\"og:locale\" content=\"es_ES\" \/>\n<meta property=\"og:type\" content=\"article\" \/>\n<meta property=\"og:title\" content=\"Fuerza del Pueblo escoge este s\u00e1bado sus precandidaturas a la Presidencia de la Rep\u00fablica. - Conexi\u00f3n 23\" \/>\n<meta property=\"og:description\" content=\"Leonel va a El Seibo este s\u00e1bado y el domingo estar\u00e1 en San Crist\u00f3bal. La Direcci\u00f3n Central del partido Fuerza del Pueblo (FP) escoger\u00e1 este s\u00e1bado aspirantes a la Presidencia de la Rep\u00fablica por esa organizaci\u00f3n, para los comicios nacionales de mayo del 2024. La convocatoria de la Asamblea Extraordinaria est\u00e1 firmada por el secretario [&hellip;]\" \/>\n<meta property=\"og:url\" content=\"https:\/\/conexion23.com\/?p=18977\" \/>\n<meta property=\"og:site_name\" content=\"Conexi\u00f3n 23\" \/>\n<meta property=\"article:publisher\" content=\"https:\/\/www.facebook.com\/conexion23com\" \/>\n<meta property=\"article:published_time\" content=\"2023-07-15T12:36:44+00:00\" \/>\n<meta property=\"article:modified_time\" content=\"2023-07-15T12:36:46+00:00\" \/>\n<meta property=\"og:image\" content=\"https:\/\/conexion23.com\/wp-content\/uploads\/2023\/07\/e496a630-7dea-470d-8f22-d5aa2e33bb62.jpg\" \/>\n\t<meta property=\"og:image:width\" content=\"740\" \/>\n\t<meta property=\"og:image:height\" content=\"417\" \/>\n\t<meta property=\"og:image:type\" content=\"image\/jpeg\" \/>\n<meta name=\"author\" content=\"Raffy Ben\u00edtez\" \/>\n<meta name=\"twitter:card\" content=\"summary_large_image\" \/>\n<meta name=\"twitter:label1\" content=\"Escrito por\" \/>\n\t<meta name=\"twitter:data1\" content=\"Raffy Ben\u00edtez\" \/>\n\t<meta name=\"twitter:label2\" content=\"Tiempo de lectura\" \/>\n\t<meta name=\"twitter:data2\" content=\"2 minutos\" \/>\n<script type=\"application\/ld+json\" class=\"yoast-schema-graph\">{\"@context\":\"https:\/\/schema.org\",\"@graph\":[{\"@type\":\"Article\",\"@id\":\"https:\/\/conexion23.com\/?p=18977#article\",\"isPartOf\":{\"@id\":\"https:\/\/conexion23.com\/?p=18977\"},\"author\":{\"name\":\"Raffy Ben\u00edtez\",\"@id\":\"https:\/\/conexion23.com\/#\/schema\/person\/03e36043331117e97a373299bbcd30a6\"},\"headline\":\"Fuerza del Pueblo escoge este s\u00e1bado sus precandidaturas a la Presidencia de la Rep\u00fablica.\",\"datePublished\":\"2023-07-15T12:36:44+00:00\",\"dateModified\":\"2023-07-15T12:36:46+00:00\",\"mainEntityOfPage\":{\"@id\":\"https:\/\/conexion23.com\/?p=18977\"},\"wordCount\":342,\"commentCount\":0,\"publisher\":{\"@id\":\"https:\/\/conexion23.com\/#organization\"},\"image\":{\"@id\":\"https:\/\/conexion23.com\/?p=18977#primaryimage\"},\"thumbnailUrl\":\"https:\/\/conexion23.com\/wp-content\/uploads\/2023\/07\/e496a630-7dea-470d-8f22-d5aa2e33bb62.jpg\",\"articleSection\":[\"Uncategorized\"],\"inLanguage\":\"es\",\"potentialAction\":[{\"@type\":\"CommentAction\",\"name\":\"Comment\",\"target\":[\"https:\/\/conexion23.com\/?p=18977#respond\"]}]},{\"@type\":\"WebPage\",\"@id\":\"https:\/\/conexion23.com\/?p=18977\",\"url\":\"https:\/\/conexion23.com\/?p=18977\",\"name\":\"Fuerza del Pueblo escoge este s\u00e1bado sus precandidaturas a la Presidencia de la Rep\u00fablica. - Conexi\u00f3n 23\",\"isPartOf\":{\"@id\":\"https:\/\/conexion23.com\/#website\"},\"primaryImageOfPage\":{\"@id\":\"https:\/\/conexion23.com\/?p=18977#primaryimage\"},\"image\":{\"@id\":\"https:\/\/conexion23.com\/?p=18977#primaryimage\"},\"thumbnailUrl\":\"https:\/\/conexion23.com\/wp-content\/uploads\/2023\/07\/e496a630-7dea-470d-8f22-d5aa2e33bb62.jpg\",\"datePublished\":\"2023-07-15T12:36:44+00:00\",\"dateModified\":\"2023-07-15T12:36:46+00:00\",\"breadcrumb\":{\"@id\":\"https:\/\/conexion23.com\/?p=18977#breadcrumb\"},\"inLanguage\":\"es\",\"potentialAction\":[{\"@type\":\"ReadAction\",\"target\":[\"https:\/\/conexion23.com\/?p=18977\"]}]},{\"@type\":\"ImageObject\",\"inLanguage\":\"es\",\"@id\":\"https:\/\/conexion23.com\/?p=18977#primaryimage\",\"url\":\"https:\/\/conexion23.com\/wp-content\/uploads\/2023\/07\/e496a630-7dea-470d-8f22-d5aa2e33bb62.jpg\",\"contentUrl\":\"https:\/\/conexion23.com\/wp-content\/uploads\/2023\/07\/e496a630-7dea-470d-8f22-d5aa2e33bb62.jpg\",\"width\":740,\"height\":417},{\"@type\":\"BreadcrumbList\",\"@id\":\"https:\/\/conexion23.com\/?p=18977#breadcrumb\",\"itemListElement\":[{\"@type\":\"ListItem\",\"position\":1,\"name\":\"Portada\",\"item\":\"https:\/\/conexion23.com\/\"},{\"@type\":\"ListItem\",\"position\":2,\"name\":\"Fuerza del Pueblo escoge este s\u00e1bado sus precandidaturas a la Presidencia de la Rep\u00fablica.\"}]},{\"@type\":\"WebSite\",\"@id\":\"https:\/\/conexion23.com\/#website\",\"url\":\"https:\/\/conexion23.com\/\",\"name\":\"Conexi\u00f3n 23\",\"description\":\"Peri\u00f3dico 100% Petromacorisano\",\"publisher\":{\"@id\":\"https:\/\/conexion23.com\/#organization\"},\"potentialAction\":[{\"@type\":\"SearchAction\",\"target\":{\"@type\":\"EntryPoint\",\"urlTemplate\":\"https:\/\/conexion23.com\/?s={search_term_string}\"},\"query-input\":{\"@type\":\"PropertyValueSpecification\",\"valueRequired\":true,\"valueName\":\"search_term_string\"}}],\"inLanguage\":\"es\"},{\"@type\":\"Organization\",\"@id\":\"https:\/\/conexion23.com\/#organization\",\"name\":\"Conexion 23\",\"url\":\"https:\/\/conexion23.com\/\",\"logo\":{\"@type\":\"ImageObject\",\"inLanguage\":\"es\",\"@id\":\"https:\/\/conexion23.com\/#\/schema\/logo\/image\/\",\"url\":\"https:\/\/conexion23.com\/wp-content\/uploads\/2021\/11\/Diseno-sin-titulo-2.png\",\"contentUrl\":\"https:\/\/conexion23.com\/wp-content\/uploads\/2021\/11\/Diseno-sin-titulo-2.png\",\"width\":541,\"height\":90,\"caption\":\"Conexion 23\"},\"image\":{\"@id\":\"https:\/\/conexion23.com\/#\/schema\/logo\/image\/\"},\"sameAs\":[\"https:\/\/www.facebook.com\/conexion23com\",\"https:\/\/www.instagram.com\/conexion23com\/\",\"https:\/\/www.youtube.com\/channel\/UCYc7vxxFZMYLIHNsHHxPZ3Q\"]},{\"@type\":\"Person\",\"@id\":\"https:\/\/conexion23.com\/#\/schema\/person\/03e36043331117e97a373299bbcd30a6\",\"name\":\"Raffy Ben\u00edtez\",\"image\":{\"@type\":\"ImageObject\",\"inLanguage\":\"es\",\"@id\":\"https:\/\/conexion23.com\/#\/schema\/person\/image\/\",\"url\":\"https:\/\/secure.gravatar.com\/avatar\/3190a6a6c5e1b0327500f7d6c56b6242472ee6cb974cf09b401ee6b3b0798f23?s=96&d=mm&r=g\",\"contentUrl\":\"https:\/\/secure.gravatar.com\/avatar\/3190a6a6c5e1b0327500f7d6c56b6242472ee6cb974cf09b401ee6b3b0798f23?s=96&d=mm&r=g\",\"caption\":\"Raffy Ben\u00edtez\"},\"url\":\"https:\/\/conexion23.com\/?author=15\"}]}<\/script>\n<!-- \/ Yoast SEO plugin. -->","yoast_head_json":{"title":"Fuerza del Pueblo escoge este s\u00e1bado sus precandidaturas a la Presidencia de la Rep\u00fablica. - Conexi\u00f3n 23","robots":{"index":"index","follow":"follow","max-snippet":"max-snippet:-1","max-image-preview":"max-image-preview:large","max-video-preview":"max-video-preview:-1"},"canonical":"https:\/\/conexion23.com\/?p=18977","og_locale":"es_ES","og_type":"article","og_title":"Fuerza del Pueblo escoge este s\u00e1bado sus precandidaturas a la Presidencia de la Rep\u00fablica. - Conexi\u00f3n 23","og_description":"Leonel va a El Seibo este s\u00e1bado y el domingo estar\u00e1 en San Crist\u00f3bal. La Direcci\u00f3n Central del partido Fuerza del Pueblo (FP) escoger\u00e1 este s\u00e1bado aspirantes a la Presidencia de la Rep\u00fablica por esa organizaci\u00f3n, para los comicios nacionales de mayo del 2024. La convocatoria de la Asamblea Extraordinaria est\u00e1 firmada por el secretario [&hellip;]","og_url":"https:\/\/conexion23.com\/?p=18977","og_site_name":"Conexi\u00f3n 23","article_publisher":"https:\/\/www.facebook.com\/conexion23com","article_published_time":"2023-07-15T12:36:44+00:00","article_modified_time":"2023-07-15T12:36:46+00:00","og_image":[{"width":740,"height":417,"url":"https:\/\/conexion23.com\/wp-content\/uploads\/2023\/07\/e496a630-7dea-470d-8f22-d5aa2e33bb62.jpg","type":"image\/jpeg"}],"author":"Raffy Ben\u00edtez","twitter_card":"summary_large_image","twitter_misc":{"Escrito por":"Raffy Ben\u00edtez","Tiempo de lectura":"2 minutos"},"schema":{"@context":"https:\/\/schema.org","@graph":[{"@type":"Article","@id":"https:\/\/conexion23.com\/?p=18977#article","isPartOf":{"@id":"https:\/\/conexion23.com\/?p=18977"},"author":{"name":"Raffy Ben\u00edtez","@id":"https:\/\/conexion23.com\/#\/schema\/person\/03e36043331117e97a373299bbcd30a6"},"headline":"Fuerza del Pueblo escoge este s\u00e1bado sus precandidaturas a la Presidencia de la Rep\u00fablica.","datePublished":"2023-07-15T12:36:44+00:00","dateModified":"2023-07-15T12:36:46+00:00","mainEntityOfPage":{"@id":"https:\/\/conexion23.com\/?p=18977"},"wordCount":342,"commentCount":0,"publisher":{"@id":"https:\/\/conexion23.com\/#organization"},"image":{"@id":"https:\/\/conexion23.com\/?p=18977#primaryimage"},"thumbnailUrl":"https:\/\/conexion23.com\/wp-content\/uploads\/2023\/07\/e496a630-7dea-470d-8f22-d5aa2e33bb62.jpg","articleSection":["Uncategorized"],"inLanguage":"es","potentialAction":[{"@type":"CommentAction","name":"Comment","target":["https:\/\/conexion23.com\/?p=18977#respond"]}]},{"@type":"WebPage","@id":"https:\/\/conexion23.com\/?p=18977","url":"https:\/\/conexion23.com\/?p=18977","name":"Fuerza del Pueblo escoge este s\u00e1bado sus precandidaturas a la Presidencia de la Rep\u00fablica. - Conexi\u00f3n 23","isPartOf":{"@id":"https:\/\/conexion23.com\/#website"},"primaryImageOfPage":{"@id":"https:\/\/conexion23.com\/?p=18977#primaryimage"},"image":{"@id":"https:\/\/conexion23.com\/?p=18977#primaryimage"},"thumbnailUrl":"https:\/\/conexion23.com\/wp-content\/uploads\/2023\/07\/e496a630-7dea-470d-8f22-d5aa2e33bb62.jpg","datePublished":"2023-07-15T12:36:44+00:00","dateModified":"2023-07-15T12:36:46+00:00","breadcrumb":{"@id":"https:\/\/conexion23.com\/?p=18977#breadcrumb"},"inLanguage":"es","potentialAction":[{"@type":"ReadAction","target":["https:\/\/conexion23.com\/?p=18977"]}]},{"@type":"ImageObject","inLanguage":"es","@id":"https:\/\/conexion23.com\/?p=18977#primaryimage","url":"https:\/\/conexion23.com\/wp-content\/uploads\/2023\/07\/e496a630-7dea-470d-8f22-d5aa2e33bb62.jpg","contentUrl":"https:\/\/conexion23.com\/wp-content\/uploads\/2023\/07\/e496a630-7dea-470d-8f22-d5aa2e33bb62.jpg","width":740,"height":417},{"@type":"BreadcrumbList","@id":"https:\/\/conexion23.com\/?p=18977#breadcrumb","itemListElement":[{"@type":"ListItem","position":1,"name":"Portada","item":"https:\/\/conexion23.com\/"},{"@type":"ListItem","position":2,"name":"Fuerza del Pueblo escoge este s\u00e1bado sus precandidaturas a la Presidencia de la Rep\u00fablica."}]},{"@type":"WebSite","@id":"https:\/\/conexion23.com\/#website","url":"https:\/\/conexion23.com\/","name":"Conexi\u00f3n 23","description":"Peri\u00f3dico 100% Petromacorisano","publisher":{"@id":"https:\/\/conexion23.com\/#organization"},"potentialAction":[{"@type":"SearchAction","target":{"@type":"EntryPoint","urlTemplate":"https:\/\/conexion23.com\/?s={search_term_string}"},"query-input":{"@type":"PropertyValueSpecification","valueRequired":true,"valueName":"search_term_string"}}],"inLanguage":"es"},{"@type":"Organization","@id":"https:\/\/conexion23.com\/#organization","name":"Conexion 23","url":"https:\/\/conexion23.com\/","logo":{"@type":"ImageObject","inLanguage":"es","@id":"https:\/\/conexion23.com\/#\/schema\/logo\/image\/","url":"https:\/\/conexion23.com\/wp-content\/uploads\/2021\/11\/Diseno-sin-titulo-2.png","contentUrl":"https:\/\/conexion23.com\/wp-content\/uploads\/2021\/11\/Diseno-sin-titulo-2.png","width":541,"height":90,"caption":"Conexion 23"},"image":{"@id":"https:\/\/conexion23.com\/#\/schema\/logo\/image\/"},"sameAs":["https:\/\/www.facebook.com\/conexion23com","https:\/\/www.instagram.com\/conexion23com\/","https:\/\/www.youtube.com\/channel\/UCYc7vxxFZMYLIHNsHHxPZ3Q"]},{"@type":"Person","@id":"https:\/\/conexion23.com\/#\/schema\/person\/03e36043331117e97a373299bbcd30a6","name":"Raffy Ben\u00edtez","image":{"@type":"ImageObject","inLanguage":"es","@id":"https:\/\/conexion23.com\/#\/schema\/person\/image\/","url":"https:\/\/secure.gravatar.com\/avatar\/3190a6a6c5e1b0327500f7d6c56b6242472ee6cb974cf09b401ee6b3b0798f23?s=96&d=mm&r=g","contentUrl":"https:\/\/secure.gravatar.com\/avatar\/3190a6a6c5e1b0327500f7d6c56b6242472ee6cb974cf09b401ee6b3b0798f23?s=96&d=mm&r=g","caption":"Raffy Ben\u00edtez"},"url":"https:\/\/conexion23.com\/?author=15"}]}},"_links":{"self":[{"href":"https:\/\/conexion23.com\/index.php?rest_route=\/wp\/v2\/posts\/18977","targetHints":{"allow":["GET"]}}],"collection":[{"href":"https:\/\/conexion23.com\/index.php?rest_route=\/wp\/v2\/posts"}],"about":[{"href":"https:\/\/conexion23.com\/index.php?rest_route=\/wp\/v2\/types\/post"}],"author":[{"embeddable":true,"href":"https:\/\/conexion23.com\/index.php?rest_route=\/wp\/v2\/users\/15"}],"replies":[{"embeddable":true,"href":"https:\/\/conexion23.com\/index.php?rest_route=%2Fwp%2Fv2%2Fcomments&post=18977"}],"version-history":[{"count":1,"href":"https:\/\/conexion23.com\/index.php?rest_route=\/wp\/v2\/posts\/18977\/revisions"}],"predecessor-version":[{"id":18979,"href":"https:\/\/conexion23.com\/index.php?rest_route=\/wp\/v2\/posts\/18977\/revisions\/18979"}],"wp:featuredmedia":[{"embeddable":true,"href":"https:\/\/conexion23.com\/index.php?rest_route=\/wp\/v2\/media\/18978"}],"wp:attachment":[{"href":"https:\/\/conexion23.com\/index.php?rest_route=%2Fwp%2Fv2%2Fmedia&parent=18977"}],"wp:term":[{"taxonomy":"category","embeddable":true,"href":"https:\/\/conexion23.com\/index.php?rest_route=%2Fwp%2Fv2%2Fcategories&post=18977"},{"taxonomy":"post_tag","embeddable":true,"href":"https:\/\/conexion23.com\/index.php?rest_route=%2Fwp%2Fv2%2Ftags&post=18977"}],"curies":[{"name":"wp","href":"https:\/\/api.w.org\/{rel}","templated":true}]}}